{"id":189883,"date":"2022-08-16T16:40:58","date_gmt":"2022-08-16T19:40:58","guid":{"rendered":"https:\/\/aconteceunovale.com.br\/portal\/?p=189883"},"modified":"2022-08-16T16:41:57","modified_gmt":"2022-08-16T19:41:57","slug":"confira-a-lista-de-candidatos-a-governador-de-mato-grosso-do-sul","status":"publish","type":"post","link":"https:\/\/aconteceunovale.com.br\/portal\/?p=189883","title":{"rendered":"Confira a lista de candidatos a governador de Mato Grosso do Sul"},"content":{"rendered":"\n<p class=\"wp-block-paragraph\">A Justi\u00e7a Eleitoral recebeu pelo menos 28 mil registros de candidaturas para as elei\u00e7\u00f5es de outubro deste ano. A campanha come\u00e7a oficialmente nesta ter\u00e7a-feira (16).<\/p>\n\n\n\n<p class=\"wp-block-paragraph\">Foram recebidos 12 registros de candidaturas \u00e0 Presid\u00eancia e 12 a vice-presidente; 223 para governador e vice-governador, 231 para senador, 10.238 para deputado federal, 16.161 para deputado estadual e 591 para deputado distrital.<\/p>\n\n\n\n<figure class=\"wp-block-gallery has-nested-images columns-default is-cropped wp-block-gallery-1 is-layout-flex wp-block-gallery-is-layout-flex\">\n<figure class=\"wp-block-image size-large\"><img loading=\"lazy\" decoding=\"async\" width=\"678\" height=\"353\" data-id=\"189884\" src=\"https:\/\/aconteceunovale.com.br\/portal\/wp-content\/uploads\/2022\/08\/candidatos_gov_ms.jpg\" alt=\"\" class=\"wp-image-189884\" srcset=\"https:\/\/aconteceunovale.com.br\/portal\/wp-content\/uploads\/2022\/08\/candidatos_gov_ms.jpg 678w, https:\/\/aconteceunovale.com.br\/portal\/wp-content\/uploads\/2022\/08\/candidatos_gov_ms-300x156.jpg 300w\" sizes=\"auto, (max-width: 678px) 100vw, 678px\" \/><figcaption><em><sub>Candidatos a governador do Mato Grosso do Sul &#8211; Arte: Aconteceu no Vale<\/sub><\/em><\/figcaption><\/figure>\n<\/figure>\n\n\n\n<p class=\"wp-block-paragraph\">Em Mato Grosso do Sul, oito candidatos concorrem ao cargo de governador. Confira lista completa:<\/p>\n\n\n\n<p class=\"wp-block-paragraph\"><strong>Adonis Marcos (PSOL):<\/strong>\u00a0nascido em Cascavel (PR), tem 38 anos,\u00a0formado em direito \u00e9 o candidato da federa\u00e7\u00e3o Psol\/Rede ao governo do estado. J\u00e1 foi candidato a vereador de Campo Grande por tr\u00eas vezes e a deputado estadual por duas vezes. Ilmo Candido de Oliveira , 50 anos, empres\u00e1rio nascido em S\u00e3o Paulo,\u00a0da Rede Sustentabilidade,\u00a0\u00e9 o candidato a vice.\u00a0<a href=\"https:\/\/divulgacandcontas.tse.jus.br\/divulga\/#\/candidato\/2022\/2040602022\/MS\/120001596872\" target=\"_blank\" rel=\"noreferrer noopener\">Saiba mais<\/a>.<\/p>\n\n\n\n<p class=\"wp-block-paragraph\"><strong>Andr\u00e9 Puccinelli (MDB):<\/strong>\u00a074 anos, nascido na It\u00e1lia, \u00e9 m\u00e9dico e produtor rural. \u00c9 o\u00a0candidato do MDB em coliga\u00e7\u00e3o com o DC e o Solidariedade. J\u00e1 foi governador do estado por dois mandatos consecutivos (de 2007 a 2014) e prefeito de Campo Grande por dois mandatos (de 1997 a 2005). Tamb\u00e9m foi deputado estadual e federal. A dentista Tania Garib, 67 anos, nascida em Regente Feij\u00f3 (SP), do MDB, \u00e9 a candidata a vice.\u00a0<a href=\"https:\/\/divulgacandcontas.tse.jus.br\/divulga\/#\/candidato\/2022\/2040602022\/MS\/120001646278\" target=\"_blank\" rel=\"noreferrer noopener\">Saiba mais<\/a>.<\/p>\n\n\n\n<p class=\"wp-block-paragraph\"><strong>Capit\u00e3o Contar (PRTB):<\/strong>\u00a0formado pela Academia Militar das Agulhas Negras, o capit\u00e3o do Ex\u00e9rcito Renan Contar, de 38 anos, nascido em Campinas (SP),\u00a0\u00e9 candidato pelo PRTB ao governo do estado. Eleito em 2018, atualmente \u00e9 deputado estadual e presidente da Comiss\u00e3o de Turismo, Ind\u00fastria e Com\u00e9rcio da Assembleia Legislativa. O advogado Beto Figueiro, 54 anos, de Campo Grande, do mesmo partido, \u00e9 o candidato a vice.\u00a0<a href=\"https:\/\/divulgacandcontas.tse.jus.br\/divulga\/#\/candidato\/2022\/2040602022\/MS\/120001714229\" target=\"_blank\" rel=\"noreferrer noopener\">Saiba mais<\/a>.<\/p>\n\n\n\n<p class=\"wp-block-paragraph\"><strong>Eduardo Riedel (PSDB):<\/strong>\u00a0o empres\u00e1rio de 53 anos, nascido no Rio de Janeiro, \u00e9 candidato da federa\u00e7\u00e3o PSDB\/Cidadania em coliga\u00e7\u00e3o com Republicanos, PP, PSB, PL e PDT. J\u00e1 foi presidente do Conselho Deliberativo do Sebrae e diretor da Confedera\u00e7\u00e3o da Agricultura e Pecu\u00e1ria do Brasil (CNA), al\u00e9m de ter sido secret\u00e1rio estadual de Governo e de Infraestrutura. O deputado estadual Barbosinha, nascido em S\u00e3o Sim\u00e3o em 1964, do PP, \u00e9 o candidato a vice. <a href=\"https:\/\/divulgacandcontas.tse.jus.br\/divulga\/#\/candidato\/2022\/2040602022\/MS\/120001635628\" target=\"_blank\" rel=\"noreferrer noopener\">Saiba mais<\/a>.<\/p>\n\n\n\n<p class=\"wp-block-paragraph\"><strong>Giselle (PT):<\/strong>\u00a0candidata do PT ao governo, tem 54 anos, \u00e9 advogada, doutora em direito e professora universit\u00e1ria. Foi vice-presidente da Comiss\u00e3o de Direitos Sociais e secret\u00e1ria-geral da seccional da Ordem dos Advogados do Brasil no Mato Grosso do Sul (OAB-MS).O candidato a vice-governador \u00e9 o vereador de Coxim e advogado Abilio Vaneli, de 40 anos, do mesmo partido.\u00a0<a href=\"https:\/\/divulgacandcontas.tse.jus.br\/divulga\/#\/candidato\/2022\/2040602022\/MS\/120001652149\" target=\"_blank\" rel=\"noreferrer noopener\">Saiba mais<\/a>.<\/p>\n\n\n\n<p class=\"wp-block-paragraph\"><strong>Magno Souza (PCO):<\/strong>\u00a0o ind\u00edgena Magno Souza, de 38 anos, \u00e9 candidato do PCO ao governo do estado. Pertencente \u00e0 etnia guarani-kaiow\u00e1, ele disputa sua primeira elei\u00e7\u00e3o. O servidor p\u00fablico aposentado Carlos Martins, 65 anos, do mesmo partido, \u00e9 o candidato a vice.\u00a0<a href=\"https:\/\/divulgacandcontas.tse.jus.br\/divulga\/#\/candidato\/2022\/2040602022\/MS\/120001674596\" target=\"_blank\" rel=\"noreferrer noopener\">Saiba mais<\/a>.<\/p>\n\n\n\n<p class=\"wp-block-paragraph\"><strong>Marquinhos Trad (PSD):<\/strong>\u00a0advogado de\u00a058 anos, \u00e9 candidato do PSD, em coliga\u00e7\u00e3o com Patriota, PTB e PSC. Foi prefeito de Campo Grande de 2017 a 2022, e deixou o cargo em abril deste ano. Trad tamb\u00e9m foi vereador da capital do Mato Grosso do Sul e deputado estadual. A candidata a vice \u00e9 a m\u00e9dica Viviane Orro, 45 anos, do mesmo partido.\u00a0<a href=\"https:\/\/divulgacandcontas.tse.jus.br\/divulga\/#\/candidato\/2022\/2040602022\/MS\/120001649554\" target=\"_blank\" rel=\"noreferrer noopener\">Saiba mais<\/a>.<\/p>\n\n\n\n<p class=\"wp-block-paragraph\"><strong>Rose Modesto (Uni\u00e3o Brasil)<\/strong>: a deputada federal de 44 anos\u00a0\u00e9 candidata da Uni\u00e3o Brasil em coliga\u00e7\u00e3o com PROS e Podemos. Foi vereadora de Campo Grande de 2009 a 2014 e vice-governadora do estado, al\u00e9m de ter sido secret\u00e1ria estadual de Direitos Humanos. O produtor agropecu\u00e1rio Alberto Schlatter, 89 anos, do Podemos, \u00e9 o candidato a vice. <a href=\"https:\/\/divulgacandcontas.tse.jus.br\/divulga\/#\/candidato\/2022\/2040602022\/MS\/120001618900\" target=\"_blank\" rel=\"noreferrer noopener\">Saiba mais<\/a>.<\/p>\n\n\n\n<p class=\"wp-block-paragraph\">&#8212;&#8212;&#8212;&#8212;&#8212;&#8212;<br><br><strong>Sabia que o Aconteceu no Vale est\u00e1 tamb\u00e9m no Telegram? <a rel=\"noreferrer noopener\" href=\"https:\/\/t.me\/aconteceunovaleoficial\" target=\"_blank\">Inscreva-se no canal<\/a>.<\/strong><br><br><strong>J\u00e1 curtiu ou seguiu nossas p\u00e1ginas nas redes sociais?\u00a0Receba as not\u00edcias em primeira m\u00e3o:<\/strong><br>\u2022 <a rel=\"noreferrer noopener\" href=\"https:\/\/news.google.com\/publications\/CAAqBwgKMNjklQswi4etAw?hl=pt-BR&amp;gl=BR&amp;ceid=BR%3Apt-419\" target=\"_blank\">Google News<\/a><br>\u2022 <a rel=\"noreferrer noopener\" href=\"https:\/\/www.facebook.com\/aconteceunovale\/\" target=\"_blank\">Facebook<\/a><br>\u2022 <a rel=\"noreferrer noopener\" href=\"https:\/\/twitter.com\/noticiadosvales\" target=\"_blank\">Twitter<\/a><br>\u2022 <a rel=\"noreferrer noopener\" href=\"https:\/\/www.instagram.com\/aconteceunovale\" target=\"_blank\">Instagram<\/a><br>\u2022 <a rel=\"noreferrer noopener\" href=\"https:\/\/www.youtube.com\/AconteceunoValeOficial\" target=\"_blank\">Youtube<\/a><br>\u2022 <a rel=\"noreferrer noopener\" href=\"https:\/\/www.tiktok.com\/@aconteceunovale\" target=\"_blank\">TikTok<\/a><\/p>\n","protected":false},"excerpt":{"rendered":"<p>A Justi\u00e7a Eleitoral recebeu pelo menos 28 mil registros de candidaturas para as elei\u00e7\u00f5es de outubro deste ano. A campanha come\u00e7a oficialmente nesta ter\u00e7a-feira (16). Foram recebidos 12 registros de candidaturas \u00e0 Presid\u00eancia e 12 a vice-presidente; 223 para governador e vice-governador, 231 para senador, 10.238 para deputado federal, 16.161 para deputado estadual e 591 [&hellip;]<\/p>\n","protected":false},"author":4,"featured_media":189884,"comment_status":"open","ping_status":"closed","sticky":false,"template":"","format":"standard","meta":{"amp_status":"","footnotes":""},"categories":[6,249933],"tags":[262257,262258,262266,262269,262259,262265,262260,252238,262275,262261,262274,262273,262270,262262,262263,101954,262268,262272,262267,262271,262264],"class_list":["post-189883","post","type-post","status-publish","format-standard","has-post-thumbnail","hentry","category-br","category-eleicoes-2022","tag-adonis-marcos","tag-andre-puccinelli","tag-candidatos-a-governador-do-mato-grosso-do-sul","tag-candidatos-a-governador-do-ms","tag-capitao-contar","tag-confira-a-lista-de-candidatos-a-governador-do-mato-grosso-do-sul","tag-eduardo-riedel","tag-eleicoes-2022","tag-eleicoes-2022-no-mato-grosso-do-sul","tag-giselle","tag-informacoes-sobre-os-candidatos-a-governador-do-mato-grosso-do-sul","tag-informacoes-sobre-os-candidatos-a-governador-do-ms","tag-lista-dos-candidatos-a-governador-do-ms","tag-magno-souza","tag-marquinhos-trad","tag-mato-grosso-do-sul","tag-nomes-dos-candidatos-a-governador-do-mato-grosso-do-sul","tag-nomes-dos-candidatos-a-governador-do-ms","tag-relacao-de-candidatos-a-governador-do-mato-grosso-do-sul","tag-relacao-dos-candidatos-a-governador-do-ms","tag-rose-modesto"],"yoast_head":"<!-- This site is optimized with the Yoast SEO plugin v28.3 - https:\/\/yoast.com\/product\/yoast-seo-wordpress\/ -->\n<title>Confira a lista de candidatos a governador de Mato Grosso do Sul - Aconteceu no Vale<\/title>\n<meta name=\"robots\" content=\"index, follow, max-snippet:-1, max-image-preview:large, max-video-preview:-1\" \/>\n<link rel=\"canonical\" href=\"https:\/\/aconteceunovale.com.br\/portal\/?p=189883\" \/>\n<meta property=\"og:locale\" content=\"pt_BR\" \/>\n<meta property=\"og:type\" content=\"article\" \/>\n<meta property=\"og:title\" content=\"Confira a lista de candidatos a governador de Mato Grosso do Sul - Aconteceu no Vale\" \/>\n<meta property=\"og:description\" content=\"A Justi\u00e7a Eleitoral recebeu pelo menos 28 mil registros de candidaturas para as elei\u00e7\u00f5es de outubro deste ano. A campanha come\u00e7a oficialmente nesta ter\u00e7a-feira (16). Foram recebidos 12 registros de candidaturas \u00e0 Presid\u00eancia e 12 a vice-presidente; 223 para governador e vice-governador, 231 para senador, 10.238 para deputado federal, 16.161 para deputado estadual e 591 [&hellip;]\" \/>\n<meta property=\"og:url\" content=\"https:\/\/aconteceunovale.com.br\/portal\/?p=189883\" \/>\n<meta property=\"og:site_name\" content=\"Aconteceu no Vale\" \/>\n<meta property=\"article:publisher\" content=\"https:\/\/www.facebook.com\/aconteceunovale\/\" \/>\n<meta property=\"article:published_time\" content=\"2022-08-16T19:40:58+00:00\" \/>\n<meta property=\"article:modified_time\" content=\"2022-08-16T19:41:57+00:00\" \/>\n<meta property=\"og:image\" content=\"https:\/\/aconteceunovale.com.br\/portal\/wp-content\/uploads\/2022\/08\/candidatos_gov_ms.jpg\" \/>\n\t<meta property=\"og:image:width\" content=\"678\" \/>\n\t<meta property=\"og:image:height\" content=\"353\" \/>\n\t<meta property=\"og:image:type\" content=\"image\/jpeg\" \/>\n<meta name=\"author\" content=\"Reda\u00e7\u00e3o Aconteceu no Vale\" \/>\n<meta name=\"twitter:card\" content=\"summary_large_image\" \/>\n<meta name=\"twitter:creator\" content=\"@noticiadosvales\" \/>\n<meta name=\"twitter:site\" content=\"@noticiadosvales\" \/>\n<meta name=\"twitter:label1\" content=\"Escrito por\" \/>\n\t<meta name=\"twitter:data1\" content=\"Reda\u00e7\u00e3o Aconteceu no Vale\" \/>\n\t<meta name=\"twitter:label2\" content=\"Est. tempo de leitura\" \/>\n\t<meta name=\"twitter:data2\" content=\"3 minutos\" \/>\n<script type=\"application\/ld+json\" class=\"yoast-schema-graph\">{\"@context\":\"https:\\\/\\\/schema.org\",\"@graph\":[{\"@type\":\"Article\",\"@id\":\"https:\\\/\\\/aconteceunovale.com.br\\\/portal\\\/?p=189883#article\",\"isPartOf\":{\"@id\":\"https:\\\/\\\/aconteceunovale.com.br\\\/portal\\\/?p=189883\"},\"author\":{\"name\":\"Reda\u00e7\u00e3o Aconteceu no Vale\",\"@id\":\"https:\\\/\\\/aconteceunovale.com.br\\\/portal\\\/#\\\/schema\\\/person\\\/7d2f26d1483f8a63de73da1ee0754d35\"},\"headline\":\"Confira a lista de candidatos a governador de Mato Grosso do Sul\",\"datePublished\":\"2022-08-16T19:40:58+00:00\",\"dateModified\":\"2022-08-16T19:41:57+00:00\",\"mainEntityOfPage\":{\"@id\":\"https:\\\/\\\/aconteceunovale.com.br\\\/portal\\\/?p=189883\"},\"wordCount\":644,\"commentCount\":0,\"image\":{\"@id\":\"https:\\\/\\\/aconteceunovale.com.br\\\/portal\\\/?p=189883#primaryimage\"},\"thumbnailUrl\":\"https:\\\/\\\/aconteceunovale.com.br\\\/portal\\\/wp-content\\\/uploads\\\/2022\\\/08\\\/candidatos_gov_ms.jpg\",\"keywords\":[\"Adonis Marcos\",\"Andr\u00e9 Puccinelli\",\"Candidatos a governador do Mato Grosso do Sul\",\"Candidatos a governador do MS\",\"Capit\u00e3o Contar\",\"Confira a lista de candidatos a governador do Mato Grosso do Sul\",\"Eduardo Riedel\",\"Elei\u00e7\u00f5es 2022\",\"Elei\u00e7\u00f5es 2022 no Mato Grosso do Sul\",\"Giselle\",\"Informa\u00e7\u00f5es sobre os Candidatos a governador do Mato Grosso do Sul\",\"Informa\u00e7\u00f5es sobre os Candidatos a governador do MS\",\"Lista dos Candidatos a governador do MS\",\"Magno Souza\",\"Marquinhos Trad\",\"Mato Grosso do Sul\",\"Nomes dos Candidatos a governador do Mato Grosso do Sul\",\"Nomes dos Candidatos a governador do MS\",\"Rela\u00e7\u00e3o de candidatos a governador do Mato Grosso do Sul\",\"Rela\u00e7\u00e3o dos Candidatos a governador do MS\",\"Rose Modesto\"],\"articleSection\":[\"Brasil\",\"Elei\u00e7\u00f5es 2022\"],\"inLanguage\":\"pt-BR\",\"potentialAction\":[{\"@type\":\"CommentAction\",\"name\":\"Comment\",\"target\":[\"https:\\\/\\\/aconteceunovale.com.br\\\/portal\\\/?p=189883#respond\"]}]},{\"@type\":\"WebPage\",\"@id\":\"https:\\\/\\\/aconteceunovale.com.br\\\/portal\\\/?p=189883\",\"url\":\"https:\\\/\\\/aconteceunovale.com.br\\\/portal\\\/?p=189883\",\"name\":\"Confira a lista de candidatos a governador de Mato Grosso do Sul - Aconteceu no Vale\",\"isPartOf\":{\"@id\":\"https:\\\/\\\/aconteceunovale.com.br\\\/portal\\\/#website\"},\"primaryImageOfPage\":{\"@id\":\"https:\\\/\\\/aconteceunovale.com.br\\\/portal\\\/?p=189883#primaryimage\"},\"image\":{\"@id\":\"https:\\\/\\\/aconteceunovale.com.br\\\/portal\\\/?p=189883#primaryimage\"},\"thumbnailUrl\":\"https:\\\/\\\/aconteceunovale.com.br\\\/portal\\\/wp-content\\\/uploads\\\/2022\\\/08\\\/candidatos_gov_ms.jpg\",\"datePublished\":\"2022-08-16T19:40:58+00:00\",\"dateModified\":\"2022-08-16T19:41:57+00:00\",\"author\":{\"@id\":\"https:\\\/\\\/aconteceunovale.com.br\\\/portal\\\/#\\\/schema\\\/person\\\/7d2f26d1483f8a63de73da1ee0754d35\"},\"breadcrumb\":{\"@id\":\"https:\\\/\\\/aconteceunovale.com.br\\\/portal\\\/?p=189883#breadcrumb\"},\"inLanguage\":\"pt-BR\",\"potentialAction\":[{\"@type\":\"ReadAction\",\"target\":[\"https:\\\/\\\/aconteceunovale.com.br\\\/portal\\\/?p=189883\"]}]},{\"@type\":\"ImageObject\",\"inLanguage\":\"pt-BR\",\"@id\":\"https:\\\/\\\/aconteceunovale.com.br\\\/portal\\\/?p=189883#primaryimage\",\"url\":\"https:\\\/\\\/aconteceunovale.com.br\\\/portal\\\/wp-content\\\/uploads\\\/2022\\\/08\\\/candidatos_gov_ms.jpg\",\"contentUrl\":\"https:\\\/\\\/aconteceunovale.com.br\\\/portal\\\/wp-content\\\/uploads\\\/2022\\\/08\\\/candidatos_gov_ms.jpg\",\"width\":678,\"height\":353},{\"@type\":\"BreadcrumbList\",\"@id\":\"https:\\\/\\\/aconteceunovale.com.br\\\/portal\\\/?p=189883#breadcrumb\",\"itemListElement\":[{\"@type\":\"ListItem\",\"position\":1,\"name\":\"In\u00edcio\",\"item\":\"https:\\\/\\\/aconteceunovale.com.br\\\/portal\\\/\"},{\"@type\":\"ListItem\",\"position\":2,\"name\":\"Confira a lista de candidatos a governador de Mato Grosso do Sul\"}]},{\"@type\":\"WebSite\",\"@id\":\"https:\\\/\\\/aconteceunovale.com.br\\\/portal\\\/#website\",\"url\":\"https:\\\/\\\/aconteceunovale.com.br\\\/portal\\\/\",\"name\":\"Aconteceu no Vale\",\"description\":\"Portal de Not\u00edcias\",\"potentialAction\":[{\"@type\":\"SearchAction\",\"target\":{\"@type\":\"EntryPoint\",\"urlTemplate\":\"https:\\\/\\\/aconteceunovale.com.br\\\/portal\\\/?s={search_term_string}\"},\"query-input\":{\"@type\":\"PropertyValueSpecification\",\"valueRequired\":true,\"valueName\":\"search_term_string\"}}],\"inLanguage\":\"pt-BR\"},{\"@type\":\"Person\",\"@id\":\"https:\\\/\\\/aconteceunovale.com.br\\\/portal\\\/#\\\/schema\\\/person\\\/7d2f26d1483f8a63de73da1ee0754d35\",\"name\":\"Reda\u00e7\u00e3o Aconteceu no Vale\",\"description\":\"Equipe de reportagem do Aconteceu no Vale, portal de not\u00edcias do Vale do Jequitinhonha, em Minas Gerais. Cobrimos as 51 cidades do Vale desde 2013. Sugest\u00f5es de pauta e pedidos de corre\u00e7\u00e3o: contato@aconteceunovale.com.br\",\"url\":\"https:\\\/\\\/aconteceunovale.com.br\\\/portal\\\/?author=4\"}]}<\/script>\n<!-- \/ Yoast SEO plugin. -->","yoast_head_json":{"title":"Confira a lista de candidatos a governador de Mato Grosso do Sul - Aconteceu no Vale","robots":{"index":"index","follow":"follow","max-snippet":"max-snippet:-1","max-image-preview":"max-image-preview:large","max-video-preview":"max-video-preview:-1"},"canonical":"https:\/\/aconteceunovale.com.br\/portal\/?p=189883","og_locale":"pt_BR","og_type":"article","og_title":"Confira a lista de candidatos a governador de Mato Grosso do Sul - Aconteceu no Vale","og_description":"A Justi\u00e7a Eleitoral recebeu pelo menos 28 mil registros de candidaturas para as elei\u00e7\u00f5es de outubro deste ano. A campanha come\u00e7a oficialmente nesta ter\u00e7a-feira (16). Foram recebidos 12 registros de candidaturas \u00e0 Presid\u00eancia e 12 a vice-presidente; 223 para governador e vice-governador, 231 para senador, 10.238 para deputado federal, 16.161 para deputado estadual e 591 [&hellip;]","og_url":"https:\/\/aconteceunovale.com.br\/portal\/?p=189883","og_site_name":"Aconteceu no Vale","article_publisher":"https:\/\/www.facebook.com\/aconteceunovale\/","article_published_time":"2022-08-16T19:40:58+00:00","article_modified_time":"2022-08-16T19:41:57+00:00","og_image":[{"width":678,"height":353,"url":"https:\/\/aconteceunovale.com.br\/portal\/wp-content\/uploads\/2022\/08\/candidatos_gov_ms.jpg","type":"image\/jpeg"}],"author":"Reda\u00e7\u00e3o Aconteceu no Vale","twitter_card":"summary_large_image","twitter_creator":"@noticiadosvales","twitter_site":"@noticiadosvales","twitter_misc":{"Escrito por":"Reda\u00e7\u00e3o Aconteceu no Vale","Est. tempo de leitura":"3 minutos"},"schema":{"@context":"https:\/\/schema.org","@graph":[{"@type":"Article","@id":"https:\/\/aconteceunovale.com.br\/portal\/?p=189883#article","isPartOf":{"@id":"https:\/\/aconteceunovale.com.br\/portal\/?p=189883"},"author":{"name":"Reda\u00e7\u00e3o Aconteceu no Vale","@id":"https:\/\/aconteceunovale.com.br\/portal\/#\/schema\/person\/7d2f26d1483f8a63de73da1ee0754d35"},"headline":"Confira a lista de candidatos a governador de Mato Grosso do Sul","datePublished":"2022-08-16T19:40:58+00:00","dateModified":"2022-08-16T19:41:57+00:00","mainEntityOfPage":{"@id":"https:\/\/aconteceunovale.com.br\/portal\/?p=189883"},"wordCount":644,"commentCount":0,"image":{"@id":"https:\/\/aconteceunovale.com.br\/portal\/?p=189883#primaryimage"},"thumbnailUrl":"https:\/\/aconteceunovale.com.br\/portal\/wp-content\/uploads\/2022\/08\/candidatos_gov_ms.jpg","keywords":["Adonis Marcos","Andr\u00e9 Puccinelli","Candidatos a governador do Mato Grosso do Sul","Candidatos a governador do MS","Capit\u00e3o Contar","Confira a lista de candidatos a governador do Mato Grosso do Sul","Eduardo Riedel","Elei\u00e7\u00f5es 2022","Elei\u00e7\u00f5es 2022 no Mato Grosso do Sul","Giselle","Informa\u00e7\u00f5es sobre os Candidatos a governador do Mato Grosso do Sul","Informa\u00e7\u00f5es sobre os Candidatos a governador do MS","Lista dos Candidatos a governador do MS","Magno Souza","Marquinhos Trad","Mato Grosso do Sul","Nomes dos Candidatos a governador do Mato Grosso do Sul","Nomes dos Candidatos a governador do MS","Rela\u00e7\u00e3o de candidatos a governador do Mato Grosso do Sul","Rela\u00e7\u00e3o dos Candidatos a governador do MS","Rose Modesto"],"articleSection":["Brasil","Elei\u00e7\u00f5es 2022"],"inLanguage":"pt-BR","potentialAction":[{"@type":"CommentAction","name":"Comment","target":["https:\/\/aconteceunovale.com.br\/portal\/?p=189883#respond"]}]},{"@type":"WebPage","@id":"https:\/\/aconteceunovale.com.br\/portal\/?p=189883","url":"https:\/\/aconteceunovale.com.br\/portal\/?p=189883","name":"Confira a lista de candidatos a governador de Mato Grosso do Sul - Aconteceu no Vale","isPartOf":{"@id":"https:\/\/aconteceunovale.com.br\/portal\/#website"},"primaryImageOfPage":{"@id":"https:\/\/aconteceunovale.com.br\/portal\/?p=189883#primaryimage"},"image":{"@id":"https:\/\/aconteceunovale.com.br\/portal\/?p=189883#primaryimage"},"thumbnailUrl":"https:\/\/aconteceunovale.com.br\/portal\/wp-content\/uploads\/2022\/08\/candidatos_gov_ms.jpg","datePublished":"2022-08-16T19:40:58+00:00","dateModified":"2022-08-16T19:41:57+00:00","author":{"@id":"https:\/\/aconteceunovale.com.br\/portal\/#\/schema\/person\/7d2f26d1483f8a63de73da1ee0754d35"},"breadcrumb":{"@id":"https:\/\/aconteceunovale.com.br\/portal\/?p=189883#breadcrumb"},"inLanguage":"pt-BR","potentialAction":[{"@type":"ReadAction","target":["https:\/\/aconteceunovale.com.br\/portal\/?p=189883"]}]},{"@type":"ImageObject","inLanguage":"pt-BR","@id":"https:\/\/aconteceunovale.com.br\/portal\/?p=189883#primaryimage","url":"https:\/\/aconteceunovale.com.br\/portal\/wp-content\/uploads\/2022\/08\/candidatos_gov_ms.jpg","contentUrl":"https:\/\/aconteceunovale.com.br\/portal\/wp-content\/uploads\/2022\/08\/candidatos_gov_ms.jpg","width":678,"height":353},{"@type":"BreadcrumbList","@id":"https:\/\/aconteceunovale.com.br\/portal\/?p=189883#breadcrumb","itemListElement":[{"@type":"ListItem","position":1,"name":"In\u00edcio","item":"https:\/\/aconteceunovale.com.br\/portal\/"},{"@type":"ListItem","position":2,"name":"Confira a lista de candidatos a governador de Mato Grosso do Sul"}]},{"@type":"WebSite","@id":"https:\/\/aconteceunovale.com.br\/portal\/#website","url":"https:\/\/aconteceunovale.com.br\/portal\/","name":"Aconteceu no Vale","description":"Portal de Not\u00edcias","potentialAction":[{"@type":"SearchAction","target":{"@type":"EntryPoint","urlTemplate":"https:\/\/aconteceunovale.com.br\/portal\/?s={search_term_string}"},"query-input":{"@type":"PropertyValueSpecification","valueRequired":true,"valueName":"search_term_string"}}],"inLanguage":"pt-BR"},{"@type":"Person","@id":"https:\/\/aconteceunovale.com.br\/portal\/#\/schema\/person\/7d2f26d1483f8a63de73da1ee0754d35","name":"Reda\u00e7\u00e3o Aconteceu no Vale","description":"Equipe de reportagem do Aconteceu no Vale, portal de not\u00edcias do Vale do Jequitinhonha, em Minas Gerais. Cobrimos as 51 cidades do Vale desde 2013. Sugest\u00f5es de pauta e pedidos de corre\u00e7\u00e3o: contato@aconteceunovale.com.br","url":"https:\/\/aconteceunovale.com.br\/portal\/?author=4"}]}},"_links":{"self":[{"href":"https:\/\/aconteceunovale.com.br\/portal\/index.php?rest_route=\/wp\/v2\/posts\/189883","targetHints":{"allow":["GET"]}}],"collection":[{"href":"https:\/\/aconteceunovale.com.br\/portal\/index.php?rest_route=\/wp\/v2\/posts"}],"about":[{"href":"https:\/\/aconteceunovale.com.br\/portal\/index.php?rest_route=\/wp\/v2\/types\/post"}],"author":[{"embeddable":true,"href":"https:\/\/aconteceunovale.com.br\/portal\/index.php?rest_route=\/wp\/v2\/users\/4"}],"replies":[{"embeddable":true,"href":"https:\/\/aconteceunovale.com.br\/portal\/index.php?rest_route=%2Fwp%2Fv2%2Fcomments&post=189883"}],"version-history":[{"count":1,"href":"https:\/\/aconteceunovale.com.br\/portal\/index.php?rest_route=\/wp\/v2\/posts\/189883\/revisions"}],"predecessor-version":[{"id":189885,"href":"https:\/\/aconteceunovale.com.br\/portal\/index.php?rest_route=\/wp\/v2\/posts\/189883\/revisions\/189885"}],"wp:featuredmedia":[{"embeddable":true,"href":"https:\/\/aconteceunovale.com.br\/portal\/index.php?rest_route=\/wp\/v2\/media\/189884"}],"wp:attachment":[{"href":"https:\/\/aconteceunovale.com.br\/portal\/index.php?rest_route=%2Fwp%2Fv2%2Fmedia&parent=189883"}],"wp:term":[{"taxonomy":"category","embeddable":true,"href":"https:\/\/aconteceunovale.com.br\/portal\/index.php?rest_route=%2Fwp%2Fv2%2Fcategories&post=189883"},{"taxonomy":"post_tag","embeddable":true,"href":"https:\/\/aconteceunovale.com.br\/portal\/index.php?rest_route=%2Fwp%2Fv2%2Ftags&post=189883"}],"curies":[{"name":"wp","href":"https:\/\/api.w.org\/{rel}","templated":true}]}}