{"id":189877,"date":"2022-08-16T16:17:52","date_gmt":"2022-08-16T19:17:52","guid":{"rendered":"https:\/\/aconteceunovale.com.br\/portal\/?p=189877"},"modified":"2022-08-16T16:20:57","modified_gmt":"2022-08-16T19:20:57","slug":"confira-a-lista-de-candidatos-a-governador-de-goias","status":"publish","type":"post","link":"https:\/\/aconteceunovale.com.br\/portal\/?p=189877","title":{"rendered":"Confira a lista de candidatos a governador de Goi\u00e1s"},"content":{"rendered":"\n<p class=\"wp-block-paragraph\">A Justi\u00e7a Eleitoral recebeu pelo menos 28 mil registros de candidaturas para as elei\u00e7\u00f5es de outubro. A campanha come\u00e7a oficialmente nesta ter\u00e7a-feira (16).<\/p>\n\n\n\n<p class=\"wp-block-paragraph\">Foram recebidos 12 registros de candidaturas \u00e0 Presid\u00eancia e 12 a vice-presidente; 223 para governador e vice-governador, 231 para senador, 10.238 para deputado federal, 16.161 para deputado estadual e 591 para deputado distrital.<\/p>\n\n\n\n<figure class=\"wp-block-gallery has-nested-images columns-default is-cropped wp-block-gallery-1 is-layout-flex wp-block-gallery-is-layout-flex\">\n<figure class=\"wp-block-image size-full\"><img loading=\"lazy\" decoding=\"async\" width=\"678\" height=\"353\" data-id=\"189878\" src=\"https:\/\/aconteceunovale.com.br\/portal\/wp-content\/uploads\/2022\/08\/candidatos_gov_goias.jpg\" alt=\"\" class=\"wp-image-189878\" srcset=\"https:\/\/aconteceunovale.com.br\/portal\/wp-content\/uploads\/2022\/08\/candidatos_gov_goias.jpg 678w, https:\/\/aconteceunovale.com.br\/portal\/wp-content\/uploads\/2022\/08\/candidatos_gov_goias-300x156.jpg 300w\" sizes=\"auto, (max-width: 678px) 100vw, 678px\" \/><figcaption><em><sub>Candidatos a governador de Goi\u00e1s &#8211; Arte: Aconteceu no Vale<\/sub><\/em><\/figcaption><\/figure>\n<\/figure>\n\n\n\n<p class=\"wp-block-paragraph\">Em Goi\u00e1s, nove candidatos concorrem ao cargo de governador. Confira lista completa:<\/p>\n\n\n\n<p class=\"wp-block-paragraph\"><strong>C\u00edntia Dias (PSOL):\u00a0<\/strong>45 anos, nascida em Goi\u00e2nia, \u00e9 formada em ci\u00eancias sociais pela\u00a0Universidade Federal de Goi\u00e1s e disputa a elei\u00e7\u00e3o ao governo do estado pela federa\u00e7\u00e3o PSOL\/Rede. J\u00e1 disputou os cargos de vereadora de Goi\u00e2nia e de deputada estadual. O advogado Edson Braz, 63 anos, da Rede Sustentabilidade, \u00e9 o candidato a vice.\u00a0<a href=\"https:\/\/divulgacandcontas.tse.jus.br\/divulga\/#\/candidato\/2022\/2040602022\/GO\/90001674691\" target=\"_blank\" rel=\"noreferrer noopener\">Saiba mais<\/a>.<\/p>\n\n\n\n<p class=\"wp-block-paragraph\"><strong>Edigar Diniz (Novo):<\/strong>\u00a0\u00e9 escritor e empres\u00e1rio,\u00a0tem 46 anos e \u00e9\u00a0nascido em Santa Helena de Goi\u00e1s (GO). Formado em ci\u00eancias da computa\u00e7\u00e3o, \u00e9 mestre em engenharia de software e p\u00f3s-graduado em doc\u00eancia universit\u00e1ria.\u00a0 J\u00e1 atuou como professor universit\u00e1rio por 12 anos, foi coordenador e diretor em uma universidade.\u00a0 O engenheiro Jamil Said, de 46 anos, do Novo, \u00e9 candidato a vice. <a href=\"https:\/\/divulgacandcontas.tse.jus.br\/divulga\/#\/candidato\/2022\/2040602022\/GO\/90001618706\" target=\"_blank\" rel=\"noreferrer noopener\">Saiba mais<\/a>.<\/p>\n\n\n\n<p class=\"wp-block-paragraph\"><strong>Gustavo Mendanha (Patriota):<\/strong>\u00a0nascido em Goi\u00e2nia, tem 39 anos,\u00a0foi prefeito e vereador de Aparecida de Goi\u00e2nia. Concorre pela\u00a0coliga\u00e7\u00e3o Patriota, Republicanos, PMN, PMB, AGIR, DC e PROS. O engenheiro Heuler Cruvinel, 44 anos, do Patriota, \u00e9 o candidato a vice.\u00a0<a href=\"https:\/\/divulgacandcontas.tse.jus.br\/divulga\/#\/candidato\/2022\/2040602022\/GO\/90001615815\" target=\"_blank\" rel=\"noreferrer noopener\">Saiba mais<\/a>.<\/p>\n\n\n\n<p class=\"wp-block-paragraph\"><strong>Major Vitor Hugo (PL):<\/strong>\u00a0deputado federal de 45 anos, nascido em Salvador (BA), \u00e9 advogado e militar da reserva do Ex\u00e9rcito e foi consultor legislativo da C\u00e2mara dos Deputados. Foi l\u00edder do governo na C\u00e2mara entre 2019 e 2020. A servidora p\u00fablica municipal e pastora Keila Borges, 47 anos, tamb\u00e9m do PL, \u00e9 a candidata a vice.\u00a0\u00a0<a href=\"https:\/\/divulgacandcontas.tse.jus.br\/divulga\/#\/candidato\/2022\/2040602022\/GO\/90001651833\" target=\"_blank\" rel=\"noreferrer noopener\">Saiba mais<\/a>.<\/p>\n\n\n\n<p class=\"wp-block-paragraph\"><strong>Professora Helga (PCB):<\/strong>\u00a041 anos, nascida em Ribeir\u00e3o Preto (SP), \u00e9 professora adjunta de Direito P\u00fablico na Universidade Federal de Jata\u00ed e no Programa de P\u00f3s-Gradua\u00e7\u00e3o em Direito Agr\u00e1rio da Universidade Federal de Goi\u00e1s.\u00a0Concorre pelo Partido Comunista Brasileiro. Lindomar Santos, 31 anos, agente de sa\u00fade e sanitarista, do mesmo partido, \u00e9 candidato a vice.\u00a0<a href=\"https:\/\/divulgacandcontas.tse.jus.br\/divulga\/#\/candidato\/2022\/2040602022\/GO\/90001675056\" target=\"_blank\" rel=\"noreferrer noopener\">Saiba mais<\/a>.<\/p>\n\n\n\n<p class=\"wp-block-paragraph\"><strong>Professor Pantale\u00e3o (UP):<\/strong>\u00a0o professor de hist\u00f3ria aposentado de 71 anos concorre pelo partido Unidade Popular. Nascido em Goi\u00e2nia, j\u00e1 disputou elei\u00e7\u00f5es para vereador e prefeito de Goi\u00e2nia, e para\u00a0deputado estadual e federal de Goi\u00e1s. A servidora p\u00fablica federal Luciana Amorim, nascida em An\u00e1polis (GO), de 30 anos, do mesmo partido, \u00e9 candidata a vice.\u00a0<a href=\"https:\/\/divulgacandcontas.tse.jus.br\/divulga\/#\/candidato\/2022\/2040602022\/GO\/90001712074\" target=\"_blank\" rel=\"noreferrer noopener\">Saiba mais<\/a>.<\/p>\n\n\n\n<p class=\"wp-block-paragraph\"><strong>Ronaldo Caiado (Uni\u00e3o Brasil):<\/strong>\u00a0o governador concorre \u00e0 reelei\u00e7\u00e3o pela coliga\u00e7\u00e3o MDB\/Uni\u00e3o Brasil\/Podemos\/PTB\/PSC PSD\/ Avante \/ PRTB \/ PP \/ Solidariedade \/ PROS e PDT. Nascido em An\u00e1polis, o\u00a0m\u00e9dico de 72 anos j\u00e1 foi deputado federal e senador. O empres\u00e1rio, ex-deputado estadual e vereador de Goi\u00e2nia do MDB, Daniel Vilela, 38 anos, nascido em Jata\u00ed,\u00a0\u00e9 o candidato a vice.\u00a0<a href=\"https:\/\/divulgacandcontas.tse.jus.br\/divulga\/#\/candidato\/2022\/2040602022\/GO\/90001646326\" target=\"_blank\" rel=\"noreferrer noopener\">Saiba mais<\/a>.<\/p>\n\n\n\n<p class=\"wp-block-paragraph\"><strong>Vin\u00edcius Paix\u00e3o (PCO):<\/strong>\u00a0o historiador de 36 anos, nascido em Goi\u00e2nia, concorre ao governo de Goi\u00e1s pelo Partido da Causa Oper\u00e1ria. J\u00e1 disputou o cargo de prefeito de Goi\u00e2nia. A candidata a vice-governadora \u00e9 a psic\u00f3loga Maria Let\u00edcia, 62 anos, do mesmo partido, nascida em Itumbiara (GO). <a href=\"https:\/\/divulgacandcontas.tse.jus.br\/divulga\/#\/candidato\/2022\/2040602022\/GO\/90001695572\" target=\"_blank\" rel=\"noreferrer noopener\">Saiba mais<\/a>.<\/p>\n\n\n\n<p class=\"wp-block-paragraph\"><strong>Wolmir Amado (PT):<\/strong>\u00a0professor universit\u00e1rio de 60 anos, nascido em Paim Filho (RS)\u00a0concorre pela federa\u00e7\u00e3o PT, PcdoB e PV. Foi reitor da Pontif\u00edcia Universidade Cat\u00f3lica (PUC) de Goi\u00e1s e presidente do Conselho de Reitores das Universidades Brasileiras. Formado em filosofia, tem mestrado em hist\u00f3ria e doutorado em ci\u00eancias da religi\u00e3o. O advogado Fernando Tib\u00farcio, 55 anos, nascido em Uberl\u00e2ndia (MG), do mesmo partido, \u00e9 o candidato a vice.\u00a0<a href=\"https:\/\/divulgacandcontas.tse.jus.br\/divulga\/#\/candidato\/2022\/2040602022\/GO\/90001648642\" target=\"_blank\" rel=\"noreferrer noopener\">Saiba mais<\/a>.<\/p>\n\n\n\n<p class=\"wp-block-paragraph\">&#8212;&#8212;&#8212;&#8212;&#8212;&#8212;<br><br><strong>Sabia que o Aconteceu no Vale est\u00e1 tamb\u00e9m no Telegram? <a rel=\"noreferrer noopener\" href=\"https:\/\/t.me\/aconteceunovaleoficial\" target=\"_blank\">Inscreva-se no canal<\/a>.<\/strong><br><br><strong>J\u00e1 curtiu ou seguiu nossas p\u00e1ginas nas redes sociais?\u00a0Receba as not\u00edcias em primeira m\u00e3o:<\/strong><br>\u2022 <a rel=\"noreferrer noopener\" href=\"https:\/\/news.google.com\/publications\/CAAqBwgKMNjklQswi4etAw?hl=pt-BR&amp;gl=BR&amp;ceid=BR%3Apt-419\" target=\"_blank\">Google News<\/a><br>\u2022 <a rel=\"noreferrer noopener\" href=\"https:\/\/www.facebook.com\/aconteceunovale\/\" target=\"_blank\">Facebook<\/a><br>\u2022 <a rel=\"noreferrer noopener\" href=\"https:\/\/twitter.com\/noticiadosvales\" target=\"_blank\">Twitter<\/a><br>\u2022 <a rel=\"noreferrer noopener\" href=\"https:\/\/www.instagram.com\/aconteceunovale\" target=\"_blank\">Instagram<\/a><br>\u2022 <a rel=\"noreferrer noopener\" href=\"https:\/\/www.youtube.com\/AconteceunoValeOficial\" target=\"_blank\">Youtube<\/a><br>\u2022 <a rel=\"noreferrer noopener\" href=\"https:\/\/www.tiktok.com\/@aconteceunovale\" target=\"_blank\">TikTok<\/a><\/p>\n","protected":false},"excerpt":{"rendered":"<p>A Justi\u00e7a Eleitoral recebeu pelo menos 28 mil registros de candidaturas para as elei\u00e7\u00f5es de outubro. A campanha come\u00e7a oficialmente nesta ter\u00e7a-feira (16). Foram recebidos 12 registros de candidaturas \u00e0 Presid\u00eancia e 12 a vice-presidente; 223 para governador e vice-governador, 231 para senador, 10.238 para deputado federal, 16.161 para deputado estadual e 591 para deputado [&hellip;]<\/p>\n","protected":false},"author":4,"featured_media":189878,"comment_status":"open","ping_status":"closed","sticky":false,"template":"","format":"standard","meta":{"amp_status":"","footnotes":""},"categories":[6,249933],"tags":[262227,262224,262234,262223,262235,252238,262233,14426,262236,262231,262232,262228,262237,262230,262226,262239,262238,262225,262229,236526,262240,262241],"class_list":["post-189877","post","type-post","status-publish","format-standard","has-post-thumbnail","hentry","category-br","category-eleicoes-2022","tag-candidatos-a-governador-de-go","tag-candidatos-a-governador-de-goias","tag-cintia-dias","tag-confira-a-lista-de-candidatos-a-governador-de-goias","tag-edigar-diniz","tag-eleicoes-2022","tag-eleicoes-2022-em-goias","tag-goias","tag-gustavo-mendanha","tag-informacoes-sobre-os-candidatos-a-governador-de-go","tag-informacoes-sobre-os-candidatos-a-governador-de-goias","tag-lista-dos-candidatos-a-governador-de-go","tag-major-vitor-hugo","tag-nomes-dos-candidatos-a-governador-de-go","tag-nomes-dos-candidatos-a-governador-de-goias","tag-professor-pantaleao","tag-professora-helga","tag-relacao-de-candidatos-a-governador-de-goias","tag-relacao-dos-candidatos-a-governador-de-go","tag-ronaldo-caiado","tag-vinicius-paixao","tag-wolmir-amado"],"yoast_head":"<!-- This site is optimized with the Yoast SEO plugin v28.3 - https:\/\/yoast.com\/product\/yoast-seo-wordpress\/ -->\n<title>Confira a lista de candidatos a governador de Goi\u00e1s - Aconteceu no Vale<\/title>\n<meta name=\"robots\" content=\"index, follow, max-snippet:-1, max-image-preview:large, max-video-preview:-1\" \/>\n<link rel=\"canonical\" href=\"https:\/\/aconteceunovale.com.br\/portal\/?p=189877\" \/>\n<meta property=\"og:locale\" content=\"pt_BR\" \/>\n<meta property=\"og:type\" content=\"article\" \/>\n<meta property=\"og:title\" content=\"Confira a lista de candidatos a governador de Goi\u00e1s - Aconteceu no Vale\" \/>\n<meta property=\"og:description\" content=\"A Justi\u00e7a Eleitoral recebeu pelo menos 28 mil registros de candidaturas para as elei\u00e7\u00f5es de outubro. A campanha come\u00e7a oficialmente nesta ter\u00e7a-feira (16). Foram recebidos 12 registros de candidaturas \u00e0 Presid\u00eancia e 12 a vice-presidente; 223 para governador e vice-governador, 231 para senador, 10.238 para deputado federal, 16.161 para deputado estadual e 591 para deputado [&hellip;]\" \/>\n<meta property=\"og:url\" content=\"https:\/\/aconteceunovale.com.br\/portal\/?p=189877\" \/>\n<meta property=\"og:site_name\" content=\"Aconteceu no Vale\" \/>\n<meta property=\"article:publisher\" content=\"https:\/\/www.facebook.com\/aconteceunovale\/\" \/>\n<meta property=\"article:published_time\" content=\"2022-08-16T19:17:52+00:00\" \/>\n<meta property=\"article:modified_time\" content=\"2022-08-16T19:20:57+00:00\" \/>\n<meta property=\"og:image\" content=\"https:\/\/aconteceunovale.com.br\/portal\/wp-content\/uploads\/2022\/08\/candidatos_gov_goias.jpg\" \/>\n\t<meta property=\"og:image:width\" content=\"678\" \/>\n\t<meta property=\"og:image:height\" content=\"353\" \/>\n\t<meta property=\"og:image:type\" content=\"image\/jpeg\" \/>\n<meta name=\"author\" content=\"Reda\u00e7\u00e3o Aconteceu no Vale\" \/>\n<meta name=\"twitter:card\" content=\"summary_large_image\" \/>\n<meta name=\"twitter:creator\" content=\"@noticiadosvales\" \/>\n<meta name=\"twitter:site\" content=\"@noticiadosvales\" \/>\n<meta name=\"twitter:label1\" content=\"Escrito por\" \/>\n\t<meta name=\"twitter:data1\" content=\"Reda\u00e7\u00e3o Aconteceu no Vale\" \/>\n\t<meta name=\"twitter:label2\" content=\"Est. tempo de leitura\" \/>\n\t<meta name=\"twitter:data2\" content=\"3 minutos\" \/>\n<script type=\"application\/ld+json\" class=\"yoast-schema-graph\">{\"@context\":\"https:\\\/\\\/schema.org\",\"@graph\":[{\"@type\":\"Article\",\"@id\":\"https:\\\/\\\/aconteceunovale.com.br\\\/portal\\\/?p=189877#article\",\"isPartOf\":{\"@id\":\"https:\\\/\\\/aconteceunovale.com.br\\\/portal\\\/?p=189877\"},\"author\":{\"name\":\"Reda\u00e7\u00e3o Aconteceu no Vale\",\"@id\":\"https:\\\/\\\/aconteceunovale.com.br\\\/portal\\\/#\\\/schema\\\/person\\\/7d2f26d1483f8a63de73da1ee0754d35\"},\"headline\":\"Confira a lista de candidatos a governador de Goi\u00e1s\",\"datePublished\":\"2022-08-16T19:17:52+00:00\",\"dateModified\":\"2022-08-16T19:20:57+00:00\",\"mainEntityOfPage\":{\"@id\":\"https:\\\/\\\/aconteceunovale.com.br\\\/portal\\\/?p=189877\"},\"wordCount\":676,\"commentCount\":0,\"image\":{\"@id\":\"https:\\\/\\\/aconteceunovale.com.br\\\/portal\\\/?p=189877#primaryimage\"},\"thumbnailUrl\":\"https:\\\/\\\/aconteceunovale.com.br\\\/portal\\\/wp-content\\\/uploads\\\/2022\\\/08\\\/candidatos_gov_goias.jpg\",\"keywords\":[\"Candidatos a governador de GO\",\"Candidatos a governador de Goi\u00e1s\",\"C\u00edntia Dias\",\"Confira a lista de candidatos a governador de Goi\u00e1s\",\"Edigar Diniz\",\"Elei\u00e7\u00f5es 2022\",\"Elei\u00e7\u00f5es 2022 em Goi\u00e1s\",\"Goi\u00e1s\",\"Gustavo Mendanha\",\"Informa\u00e7\u00f5es sobre os Candidatos a governador de GO\",\"Informa\u00e7\u00f5es sobre os Candidatos a governador de Goi\u00e1s\",\"Lista dos Candidatos a governador de GO\",\"Major Vitor Hugo\",\"Nomes dos Candidatos a governador de GO\",\"Nomes dos Candidatos a governador de Goi\u00e1s\",\"Professor Pantale\u00e3o\",\"Professora Helga\",\"Rela\u00e7\u00e3o de candidatos a governador de Goi\u00e1s\",\"Rela\u00e7\u00e3o dos Candidatos a governador de GO\",\"Ronaldo Caiado\",\"Vin\u00edcius Paix\u00e3o\",\"Wolmir Amado\"],\"articleSection\":[\"Brasil\",\"Elei\u00e7\u00f5es 2022\"],\"inLanguage\":\"pt-BR\",\"potentialAction\":[{\"@type\":\"CommentAction\",\"name\":\"Comment\",\"target\":[\"https:\\\/\\\/aconteceunovale.com.br\\\/portal\\\/?p=189877#respond\"]}]},{\"@type\":\"WebPage\",\"@id\":\"https:\\\/\\\/aconteceunovale.com.br\\\/portal\\\/?p=189877\",\"url\":\"https:\\\/\\\/aconteceunovale.com.br\\\/portal\\\/?p=189877\",\"name\":\"Confira a lista de candidatos a governador de Goi\u00e1s - Aconteceu no Vale\",\"isPartOf\":{\"@id\":\"https:\\\/\\\/aconteceunovale.com.br\\\/portal\\\/#website\"},\"primaryImageOfPage\":{\"@id\":\"https:\\\/\\\/aconteceunovale.com.br\\\/portal\\\/?p=189877#primaryimage\"},\"image\":{\"@id\":\"https:\\\/\\\/aconteceunovale.com.br\\\/portal\\\/?p=189877#primaryimage\"},\"thumbnailUrl\":\"https:\\\/\\\/aconteceunovale.com.br\\\/portal\\\/wp-content\\\/uploads\\\/2022\\\/08\\\/candidatos_gov_goias.jpg\",\"datePublished\":\"2022-08-16T19:17:52+00:00\",\"dateModified\":\"2022-08-16T19:20:57+00:00\",\"author\":{\"@id\":\"https:\\\/\\\/aconteceunovale.com.br\\\/portal\\\/#\\\/schema\\\/person\\\/7d2f26d1483f8a63de73da1ee0754d35\"},\"breadcrumb\":{\"@id\":\"https:\\\/\\\/aconteceunovale.com.br\\\/portal\\\/?p=189877#breadcrumb\"},\"inLanguage\":\"pt-BR\",\"potentialAction\":[{\"@type\":\"ReadAction\",\"target\":[\"https:\\\/\\\/aconteceunovale.com.br\\\/portal\\\/?p=189877\"]}]},{\"@type\":\"ImageObject\",\"inLanguage\":\"pt-BR\",\"@id\":\"https:\\\/\\\/aconteceunovale.com.br\\\/portal\\\/?p=189877#primaryimage\",\"url\":\"https:\\\/\\\/aconteceunovale.com.br\\\/portal\\\/wp-content\\\/uploads\\\/2022\\\/08\\\/candidatos_gov_goias.jpg\",\"contentUrl\":\"https:\\\/\\\/aconteceunovale.com.br\\\/portal\\\/wp-content\\\/uploads\\\/2022\\\/08\\\/candidatos_gov_goias.jpg\",\"width\":678,\"height\":353},{\"@type\":\"BreadcrumbList\",\"@id\":\"https:\\\/\\\/aconteceunovale.com.br\\\/portal\\\/?p=189877#breadcrumb\",\"itemListElement\":[{\"@type\":\"ListItem\",\"position\":1,\"name\":\"In\u00edcio\",\"item\":\"https:\\\/\\\/aconteceunovale.com.br\\\/portal\\\/\"},{\"@type\":\"ListItem\",\"position\":2,\"name\":\"Confira a lista de candidatos a governador de Goi\u00e1s\"}]},{\"@type\":\"WebSite\",\"@id\":\"https:\\\/\\\/aconteceunovale.com.br\\\/portal\\\/#website\",\"url\":\"https:\\\/\\\/aconteceunovale.com.br\\\/portal\\\/\",\"name\":\"Aconteceu no Vale\",\"description\":\"Portal de Not\u00edcias\",\"potentialAction\":[{\"@type\":\"SearchAction\",\"target\":{\"@type\":\"EntryPoint\",\"urlTemplate\":\"https:\\\/\\\/aconteceunovale.com.br\\\/portal\\\/?s={search_term_string}\"},\"query-input\":{\"@type\":\"PropertyValueSpecification\",\"valueRequired\":true,\"valueName\":\"search_term_string\"}}],\"inLanguage\":\"pt-BR\"},{\"@type\":\"Person\",\"@id\":\"https:\\\/\\\/aconteceunovale.com.br\\\/portal\\\/#\\\/schema\\\/person\\\/7d2f26d1483f8a63de73da1ee0754d35\",\"name\":\"Reda\u00e7\u00e3o Aconteceu no Vale\",\"description\":\"Equipe de reportagem do Aconteceu no Vale, portal de not\u00edcias do Vale do Jequitinhonha, em Minas Gerais. Cobrimos as 51 cidades do Vale desde 2013. Sugest\u00f5es de pauta e pedidos de corre\u00e7\u00e3o: contato@aconteceunovale.com.br\",\"url\":\"https:\\\/\\\/aconteceunovale.com.br\\\/portal\\\/?author=4\"}]}<\/script>\n<!-- \/ Yoast SEO plugin. -->","yoast_head_json":{"title":"Confira a lista de candidatos a governador de Goi\u00e1s - Aconteceu no Vale","robots":{"index":"index","follow":"follow","max-snippet":"max-snippet:-1","max-image-preview":"max-image-preview:large","max-video-preview":"max-video-preview:-1"},"canonical":"https:\/\/aconteceunovale.com.br\/portal\/?p=189877","og_locale":"pt_BR","og_type":"article","og_title":"Confira a lista de candidatos a governador de Goi\u00e1s - Aconteceu no Vale","og_description":"A Justi\u00e7a Eleitoral recebeu pelo menos 28 mil registros de candidaturas para as elei\u00e7\u00f5es de outubro. A campanha come\u00e7a oficialmente nesta ter\u00e7a-feira (16). Foram recebidos 12 registros de candidaturas \u00e0 Presid\u00eancia e 12 a vice-presidente; 223 para governador e vice-governador, 231 para senador, 10.238 para deputado federal, 16.161 para deputado estadual e 591 para deputado [&hellip;]","og_url":"https:\/\/aconteceunovale.com.br\/portal\/?p=189877","og_site_name":"Aconteceu no Vale","article_publisher":"https:\/\/www.facebook.com\/aconteceunovale\/","article_published_time":"2022-08-16T19:17:52+00:00","article_modified_time":"2022-08-16T19:20:57+00:00","og_image":[{"width":678,"height":353,"url":"https:\/\/aconteceunovale.com.br\/portal\/wp-content\/uploads\/2022\/08\/candidatos_gov_goias.jpg","type":"image\/jpeg"}],"author":"Reda\u00e7\u00e3o Aconteceu no Vale","twitter_card":"summary_large_image","twitter_creator":"@noticiadosvales","twitter_site":"@noticiadosvales","twitter_misc":{"Escrito por":"Reda\u00e7\u00e3o Aconteceu no Vale","Est. tempo de leitura":"3 minutos"},"schema":{"@context":"https:\/\/schema.org","@graph":[{"@type":"Article","@id":"https:\/\/aconteceunovale.com.br\/portal\/?p=189877#article","isPartOf":{"@id":"https:\/\/aconteceunovale.com.br\/portal\/?p=189877"},"author":{"name":"Reda\u00e7\u00e3o Aconteceu no Vale","@id":"https:\/\/aconteceunovale.com.br\/portal\/#\/schema\/person\/7d2f26d1483f8a63de73da1ee0754d35"},"headline":"Confira a lista de candidatos a governador de Goi\u00e1s","datePublished":"2022-08-16T19:17:52+00:00","dateModified":"2022-08-16T19:20:57+00:00","mainEntityOfPage":{"@id":"https:\/\/aconteceunovale.com.br\/portal\/?p=189877"},"wordCount":676,"commentCount":0,"image":{"@id":"https:\/\/aconteceunovale.com.br\/portal\/?p=189877#primaryimage"},"thumbnailUrl":"https:\/\/aconteceunovale.com.br\/portal\/wp-content\/uploads\/2022\/08\/candidatos_gov_goias.jpg","keywords":["Candidatos a governador de GO","Candidatos a governador de Goi\u00e1s","C\u00edntia Dias","Confira a lista de candidatos a governador de Goi\u00e1s","Edigar Diniz","Elei\u00e7\u00f5es 2022","Elei\u00e7\u00f5es 2022 em Goi\u00e1s","Goi\u00e1s","Gustavo Mendanha","Informa\u00e7\u00f5es sobre os Candidatos a governador de GO","Informa\u00e7\u00f5es sobre os Candidatos a governador de Goi\u00e1s","Lista dos Candidatos a governador de GO","Major Vitor Hugo","Nomes dos Candidatos a governador de GO","Nomes dos Candidatos a governador de Goi\u00e1s","Professor Pantale\u00e3o","Professora Helga","Rela\u00e7\u00e3o de candidatos a governador de Goi\u00e1s","Rela\u00e7\u00e3o dos Candidatos a governador de GO","Ronaldo Caiado","Vin\u00edcius Paix\u00e3o","Wolmir Amado"],"articleSection":["Brasil","Elei\u00e7\u00f5es 2022"],"inLanguage":"pt-BR","potentialAction":[{"@type":"CommentAction","name":"Comment","target":["https:\/\/aconteceunovale.com.br\/portal\/?p=189877#respond"]}]},{"@type":"WebPage","@id":"https:\/\/aconteceunovale.com.br\/portal\/?p=189877","url":"https:\/\/aconteceunovale.com.br\/portal\/?p=189877","name":"Confira a lista de candidatos a governador de Goi\u00e1s - Aconteceu no Vale","isPartOf":{"@id":"https:\/\/aconteceunovale.com.br\/portal\/#website"},"primaryImageOfPage":{"@id":"https:\/\/aconteceunovale.com.br\/portal\/?p=189877#primaryimage"},"image":{"@id":"https:\/\/aconteceunovale.com.br\/portal\/?p=189877#primaryimage"},"thumbnailUrl":"https:\/\/aconteceunovale.com.br\/portal\/wp-content\/uploads\/2022\/08\/candidatos_gov_goias.jpg","datePublished":"2022-08-16T19:17:52+00:00","dateModified":"2022-08-16T19:20:57+00:00","author":{"@id":"https:\/\/aconteceunovale.com.br\/portal\/#\/schema\/person\/7d2f26d1483f8a63de73da1ee0754d35"},"breadcrumb":{"@id":"https:\/\/aconteceunovale.com.br\/portal\/?p=189877#breadcrumb"},"inLanguage":"pt-BR","potentialAction":[{"@type":"ReadAction","target":["https:\/\/aconteceunovale.com.br\/portal\/?p=189877"]}]},{"@type":"ImageObject","inLanguage":"pt-BR","@id":"https:\/\/aconteceunovale.com.br\/portal\/?p=189877#primaryimage","url":"https:\/\/aconteceunovale.com.br\/portal\/wp-content\/uploads\/2022\/08\/candidatos_gov_goias.jpg","contentUrl":"https:\/\/aconteceunovale.com.br\/portal\/wp-content\/uploads\/2022\/08\/candidatos_gov_goias.jpg","width":678,"height":353},{"@type":"BreadcrumbList","@id":"https:\/\/aconteceunovale.com.br\/portal\/?p=189877#breadcrumb","itemListElement":[{"@type":"ListItem","position":1,"name":"In\u00edcio","item":"https:\/\/aconteceunovale.com.br\/portal\/"},{"@type":"ListItem","position":2,"name":"Confira a lista de candidatos a governador de Goi\u00e1s"}]},{"@type":"WebSite","@id":"https:\/\/aconteceunovale.com.br\/portal\/#website","url":"https:\/\/aconteceunovale.com.br\/portal\/","name":"Aconteceu no Vale","description":"Portal de Not\u00edcias","potentialAction":[{"@type":"SearchAction","target":{"@type":"EntryPoint","urlTemplate":"https:\/\/aconteceunovale.com.br\/portal\/?s={search_term_string}"},"query-input":{"@type":"PropertyValueSpecification","valueRequired":true,"valueName":"search_term_string"}}],"inLanguage":"pt-BR"},{"@type":"Person","@id":"https:\/\/aconteceunovale.com.br\/portal\/#\/schema\/person\/7d2f26d1483f8a63de73da1ee0754d35","name":"Reda\u00e7\u00e3o Aconteceu no Vale","description":"Equipe de reportagem do Aconteceu no Vale, portal de not\u00edcias do Vale do Jequitinhonha, em Minas Gerais. Cobrimos as 51 cidades do Vale desde 2013. Sugest\u00f5es de pauta e pedidos de corre\u00e7\u00e3o: contato@aconteceunovale.com.br","url":"https:\/\/aconteceunovale.com.br\/portal\/?author=4"}]}},"_links":{"self":[{"href":"https:\/\/aconteceunovale.com.br\/portal\/index.php?rest_route=\/wp\/v2\/posts\/189877","targetHints":{"allow":["GET"]}}],"collection":[{"href":"https:\/\/aconteceunovale.com.br\/portal\/index.php?rest_route=\/wp\/v2\/posts"}],"about":[{"href":"https:\/\/aconteceunovale.com.br\/portal\/index.php?rest_route=\/wp\/v2\/types\/post"}],"author":[{"embeddable":true,"href":"https:\/\/aconteceunovale.com.br\/portal\/index.php?rest_route=\/wp\/v2\/users\/4"}],"replies":[{"embeddable":true,"href":"https:\/\/aconteceunovale.com.br\/portal\/index.php?rest_route=%2Fwp%2Fv2%2Fcomments&post=189877"}],"version-history":[{"count":1,"href":"https:\/\/aconteceunovale.com.br\/portal\/index.php?rest_route=\/wp\/v2\/posts\/189877\/revisions"}],"predecessor-version":[{"id":189879,"href":"https:\/\/aconteceunovale.com.br\/portal\/index.php?rest_route=\/wp\/v2\/posts\/189877\/revisions\/189879"}],"wp:featuredmedia":[{"embeddable":true,"href":"https:\/\/aconteceunovale.com.br\/portal\/index.php?rest_route=\/wp\/v2\/media\/189878"}],"wp:attachment":[{"href":"https:\/\/aconteceunovale.com.br\/portal\/index.php?rest_route=%2Fwp%2Fv2%2Fmedia&parent=189877"}],"wp:term":[{"taxonomy":"category","embeddable":true,"href":"https:\/\/aconteceunovale.com.br\/portal\/index.php?rest_route=%2Fwp%2Fv2%2Fcategories&post=189877"},{"taxonomy":"post_tag","embeddable":true,"href":"https:\/\/aconteceunovale.com.br\/portal\/index.php?rest_route=%2Fwp%2Fv2%2Ftags&post=189877"}],"curies":[{"name":"wp","href":"https:\/\/api.w.org\/{rel}","templated":true}]}}