{"id":18986,"date":"2014-01-21T10:31:02","date_gmt":"2014-01-21T12:31:02","guid":{"rendered":"http:\/\/aconteceunovale.com.br\/portal\/?p=18986"},"modified":"2014-01-21T10:31:02","modified_gmt":"2014-01-21T12:31:02","slug":"coral-das-lavadeiras-do-jequitinhonha-faz-show-no-sesc-pompeia-em-sao-paulo","status":"publish","type":"post","link":"https:\/\/aconteceunovale.com.br\/portal\/?p=18986","title":{"rendered":"Coral das Lavadeiras do Jequitinhonha faz show no Sesc Pomp\u00e9ia em S\u00e3o Paulo"},"content":{"rendered":"<p>O Coral das Lavadeiras do Jequitinhonha, junto com Carlos Farias, apresenta \u201cDevo\u00e7\u00e3o\u201d, seu novo trabalho, um repert\u00f3rio constitu\u00eddo pela presen\u00e7a dos elementos sincr\u00e9ticos da religiosidade popular.<\/p>\n<p>A forma\u00e7\u00e3o religiosa de culto aos orix\u00e1s, aos santos, \u00e0 Virgem Maria e suas conflu\u00eancias com elementos da natureza influenciaram a escolha das can\u00e7\u00f5es, como tamb\u00e9m a maneira como vivem sua f\u00e9 e exercem sua cren\u00e7a.<\/p>\n<p>Os convidados para este lan\u00e7amento s\u00e3o o ator e cantor Saulo Laranjeira, e o compositor e cantador Jo\u00e3o B\u00e1.<\/p>\n<p>O espet\u00e1culo acontece nos dias 1 e 2 de fevereiro no Sesc Pomp\u00e9ia, em S\u00e3o Paulo. Venda limitada a seis ingressos por pessoa.<\/p>\n<p><img decoding=\"async\" src=\"http:\/\/aconteceunovale.com.br\/portal\/wp-content\/uploads\/2014\/01\/coral_das_lavadeiras_vale_do_jequi.jpg\" alt=\"\" \/><\/p>\n<p><em>(Via Gazeta de Ara\u00e7ua\u00ed)<\/em><\/p>\n","protected":false},"excerpt":{"rendered":"<p>O Coral das Lavadeiras do Jequitinhonha, junto com Carlos Farias, apresenta \u201cDevo\u00e7\u00e3o\u201d, seu novo trabalho, um repert\u00f3rio constitu\u00eddo pela presen\u00e7a dos elementos sincr\u00e9ticos da religiosidade popular. A forma\u00e7\u00e3o religiosa de culto aos orix\u00e1s, aos santos, \u00e0 Virgem Maria e suas conflu\u00eancias com elementos da natureza influenciaram a escolha das can\u00e7\u00f5es, como tamb\u00e9m a maneira como [&hellip;]<\/p>\n","protected":false},"author":1,"featured_media":18987,"comment_status":"open","ping_status":"closed","sticky":false,"template":"","format":"standard","meta":{"amp_status":"","footnotes":""},"categories":[6],"tags":[142,3266,3265],"class_list":["post-18986","post","type-post","status-publish","format-standard","has-post-thumbnail","hentry","category-br","tag-almenara","tag-coral-das-lavadeiras-do-jequitinhonha","tag-coral-das-lavadeiras-do-jequitinhonha-faz-show-no-sesc-pompeia-em-sao-paulo"],"_links":{"self":[{"href":"https:\/\/aconteceunovale.com.br\/portal\/index.php?rest_route=\/wp\/v2\/posts\/18986","targetHints":{"allow":["GET"]}}],"collection":[{"href":"https:\/\/aconteceunovale.com.br\/portal\/index.php?rest_route=\/wp\/v2\/posts"}],"about":[{"href":"https:\/\/aconteceunovale.com.br\/portal\/index.php?rest_route=\/wp\/v2\/types\/post"}],"author":[{"embeddable":true,"href":"https:\/\/aconteceunovale.com.br\/portal\/index.php?rest_route=\/wp\/v2\/users\/1"}],"replies":[{"embeddable":true,"href":"https:\/\/aconteceunovale.com.br\/portal\/index.php?rest_route=%2Fwp%2Fv2%2Fcomments&post=18986"}],"version-history":[{"count":0,"href":"https:\/\/aconteceunovale.com.br\/portal\/index.php?rest_route=\/wp\/v2\/posts\/18986\/revisions"}],"wp:featuredmedia":[{"embeddable":true,"href":"https:\/\/aconteceunovale.com.br\/portal\/index.php?rest_route=\/wp\/v2\/media\/18987"}],"wp:attachment":[{"href":"https:\/\/aconteceunovale.com.br\/portal\/index.php?rest_route=%2Fwp%2Fv2%2Fmedia&parent=18986"}],"wp:term":[{"taxonomy":"category","embeddable":true,"href":"https:\/\/aconteceunovale.com.br\/portal\/index.php?rest_route=%2Fwp%2Fv2%2Fcategories&post=18986"},{"taxonomy":"post_tag","embeddable":true,"href":"https:\/\/aconteceunovale.com.br\/portal\/index.php?rest_route=%2Fwp%2Fv2%2Ftags&post=18986"}],"curies":[{"name":"wp","href":"https:\/\/api.w.org\/{rel}","templated":true}]}}