{"id":189829,"date":"2022-08-16T05:51:00","date_gmt":"2022-08-16T08:51:00","guid":{"rendered":"https:\/\/aconteceunovale.com.br\/portal\/?p=189829"},"modified":"2022-08-16T07:54:46","modified_gmt":"2022-08-16T10:54:46","slug":"confira-a-agenda-dos-candidatos-a-presidencia-para-esta-terca","status":"publish","type":"post","link":"https:\/\/aconteceunovale.com.br\/portal\/?p=189829","title":{"rendered":"Confira a agenda dos candidatos \u00e0 Presid\u00eancia para esta ter\u00e7a"},"content":{"rendered":"\n<p class=\"wp-block-paragraph\">Esta \u00e1 a agenda dos doze candidatos para esta ter\u00e7a-feira (16), primeiro dia oficial de\u00a0campanha.<\/p>\n\n\n\n<p class=\"wp-block-paragraph\"><strong>Ciro Gomes (PDT)<\/strong>: \u00c0s 7h, faz caminhada em Guaianases (SP) e conversa com a popula\u00e7\u00e3o. \u00c0s 19h, participa da cerim\u00f4nia de posse do presidente do TSE, Alexandre de Moraes, em Bras\u00edlia.<\/p>\n\n\n\n<p class=\"wp-block-paragraph\"><strong>Constituinte Eymael (DC)<\/strong>: Sem informa\u00e7\u00f5es.<\/p>\n\n\n\n<p class=\"wp-block-paragraph\"><strong>Felipe D\u2019Avila (Novo)<\/strong>: \u00c0s 7h, visita a comunidade Jardim Maria Lu\u00edza, em S\u00e3o Paulo, acompanhado do candidato a vice Tiago Mitraud. \u00c0s 19h, D&#8217;Avila participar\u00e1 de uma live com o vereador e companheiro de legenda, Fernando Holiday. Em seguida, \u00e0s 20h30, estar\u00e1 presente no lan\u00e7amento da campanha \u00e0 reelei\u00e7\u00e3o da deputada federal Adriana Ventura.<\/p>\n\n\n\n<p class=\"wp-block-paragraph\"><strong>Jair Bolsonaro (PL)<\/strong>: \u00c0s 11h40 participa de uma motociata em Juiz de Fora e um pronunciamento \u00e0s 12h30. \u00c0s 19h, participa da cerim\u00f4nia de posse do presidente do TSE, Alexandre de Moraes, em Bras\u00edlia.<\/p>\n\n\n\n<p class=\"wp-block-paragraph\"><strong>L\u00e9o P\u00e9ricles (UP)<\/strong>: O candidato iniciar\u00e1 sua campanha com uma panfletagem \u00e0s 5h20 na porta da f\u00e1brica Magnesita, em Contagem (MG).&nbsp;<\/p>\n\n\n\n<p class=\"wp-block-paragraph\"><strong>Lula (PT):<\/strong>&nbsp;\u00c0s 14h faz campanha na porta da Volkswagen em S\u00e3o Bernardo do Campo. \u00c0s 19h, participa da cerim\u00f4nia de posse do presidente do TSE, Alexandre de Moraes, em Bras\u00edlia.<\/p>\n\n\n\n<p class=\"wp-block-paragraph\"><strong>Pablo Mar\u00e7al (Pros)<\/strong>: Sem informa\u00e7\u00f5es.<\/p>\n\n\n\n<p class=\"wp-block-paragraph\"><strong>Roberto Jefferson (PTB)<\/strong>: A assessoria de Roberto Jefferson informou que n\u00e3o h\u00e1 agenda de campanha uma vez que ele est\u00e1 impedido de ir \u00e0 rua devido a uma decis\u00e3o do ministro do Supremo Tribunal Federal (STF), Alexandre de Moraes. O candidato e ex-deputado federal est\u00e1 em pris\u00e3o domiciliar.<\/p>\n\n\n\n<p class=\"wp-block-paragraph\"><strong>Simone Tebet (MDB)<\/strong>: \u00c0s 10h, a candidata vai se encontrar com representantes do setor de cultura em S\u00e3o Paulo. \u00c0s 19h, participa da cerim\u00f4nia de posse do presidente do TSE, Alexandre de Moraes, em Bras\u00edlia.<\/p>\n\n\n\n<p class=\"wp-block-paragraph\"><strong>Sofia Manzano (PCB)<\/strong>: Sem informa\u00e7\u00f5es.<\/p>\n\n\n\n<p class=\"wp-block-paragraph\"><strong>Soraya Thronicke (Uni\u00e3o):<\/strong> Sem informa\u00e7\u00f5es.<\/p>\n\n\n\n<p class=\"wp-block-paragraph\"><strong>Vera (PSTU)<\/strong>: Sem informa\u00e7\u00f5es.<\/p>\n\n\n\n<p class=\"wp-block-paragraph\">&#8212;&#8212;&#8212;&#8212;&#8212;&#8212;<br><br><strong>Sabia que o Aconteceu no Vale est\u00e1 tamb\u00e9m no Telegram? <a rel=\"noreferrer noopener\" href=\"https:\/\/t.me\/aconteceunovaleoficial\" target=\"_blank\">Inscreva-se no canal<\/a>.<\/strong><br><br><strong>J\u00e1 curtiu ou seguiu nossas p\u00e1ginas nas redes sociais?\u00a0Receba as not\u00edcias em primeira m\u00e3o:<\/strong><br>\u2022 <a rel=\"noreferrer noopener\" href=\"https:\/\/news.google.com\/publications\/CAAqBwgKMNjklQswi4etAw?hl=pt-BR&amp;gl=BR&amp;ceid=BR%3Apt-419\" target=\"_blank\">Google News<\/a><br>\u2022 <a rel=\"noreferrer noopener\" href=\"https:\/\/www.facebook.com\/aconteceunovale\/\" target=\"_blank\">Facebook<\/a><br>\u2022 <a rel=\"noreferrer noopener\" href=\"https:\/\/twitter.com\/noticiadosvales\" target=\"_blank\">Twitter<\/a><br>\u2022 <a rel=\"noreferrer noopener\" href=\"https:\/\/www.instagram.com\/aconteceunovale\" target=\"_blank\">Instagram<\/a><br>\u2022 <a rel=\"noreferrer noopener\" href=\"https:\/\/www.youtube.com\/AconteceunoValeOficial\" target=\"_blank\">Youtube<\/a><br>\u2022 <a rel=\"noreferrer noopener\" href=\"https:\/\/www.tiktok.com\/@aconteceunovale\" target=\"_blank\">TikTok<\/a><\/p>\n","protected":false},"excerpt":{"rendered":"<p>Esta \u00e1 a agenda dos doze candidatos para esta ter\u00e7a-feira (16), primeiro dia oficial de\u00a0campanha. Ciro Gomes (PDT): \u00c0s 7h, faz caminhada em Guaianases (SP) e conversa com a popula\u00e7\u00e3o. \u00c0s 19h, participa da cerim\u00f4nia de posse do presidente do TSE, Alexandre de Moraes, em Bras\u00edlia. Constituinte Eymael (DC): Sem informa\u00e7\u00f5es. Felipe D\u2019Avila (Novo): \u00c0s [&hellip;]<\/p>\n","protected":false},"author":4,"featured_media":95688,"comment_status":"open","ping_status":"closed","sticky":false,"template":"","format":"standard","meta":{"amp_status":"","footnotes":""},"categories":[6,249933],"tags":[262170,262122,177094,226699,261975,98101,262119,178172,1018,252238,261226,262125,261972,261796,14372,26436,262115,262120,262116,7147,36036,190935,177500,262117,177497,261788,262124,13966,114476,243467,262123,54315,178191,758,134333,261783,262118,249598,261680,236023,262121,261775,214867,94060,267,252624,261973,93125],"class_list":["post-189829","post","type-post","status-publish","format-standard","has-post-thumbnail","hentry","category-br","category-eleicoes-2022","tag-agenda-dos-candidatos-a-presidente","tag-ana-paula-matos","tag-antonio-alves","tag-braga-netto","tag-candidatos-a-presidente-do-brasil","tag-ciro-gomes","tag-constituinte-eymael","tag-dc","tag-destaque","tag-eleicoes-2022","tag-eleicoes-no-brasil","tag-eleicoes-presidenciais-no-brasil","tag-fatima-perola-neggra","tag-felipe-davila","tag-geraldo-alckmin","tag-jair-bolsonaro","tag-justica-eleitoral-recebeu-12-registros-de-candidatura-a-presidencia-do-brasil","tag-leo-pericles","tag-lista-de-candidatos-a-presidente-do-brasil","tag-lula","tag-mara-gabrilli","tag-marcos-cintra","tag-mdb","tag-nomes-dos-candidatos-a-presidente-do-brasil","tag-novo","tag-pablo-marcal","tag-padre-kelmon","tag-pcb","tag-pdt","tag-pl","tag-professor-bravo","tag-pros","tag-pstu","tag-pt","tag-ptb","tag-raquel-tremembe","tag-relacao-de-candidatos-a-presidente-do-brasil","tag-roberto-jefferson","tag-samara-martins","tag-simone-tebet","tag-sofia-mazano","tag-soraya-thronicke","tag-tiago-mitraud","tag-tribunal-superior-eleitoral","tag-tse","tag-uniao-brasil","tag-up","tag-vera-lucia"],"yoast_head":"<!-- This site is optimized with the Yoast SEO plugin v28.3 - https:\/\/yoast.com\/product\/yoast-seo-wordpress\/ -->\n<title>Confira a agenda dos candidatos \u00e0 Presid\u00eancia para esta ter\u00e7a - Aconteceu no Vale<\/title>\n<meta name=\"robots\" content=\"index, follow, max-snippet:-1, max-image-preview:large, max-video-preview:-1\" \/>\n<link rel=\"canonical\" href=\"https:\/\/aconteceunovale.com.br\/portal\/?p=189829\" \/>\n<meta property=\"og:locale\" content=\"pt_BR\" \/>\n<meta property=\"og:type\" content=\"article\" \/>\n<meta property=\"og:title\" content=\"Confira a agenda dos candidatos \u00e0 Presid\u00eancia para esta ter\u00e7a - Aconteceu no Vale\" \/>\n<meta property=\"og:description\" content=\"Esta \u00e1 a agenda dos doze candidatos para esta ter\u00e7a-feira (16), primeiro dia oficial de\u00a0campanha. Ciro Gomes (PDT): \u00c0s 7h, faz caminhada em Guaianases (SP) e conversa com a popula\u00e7\u00e3o. \u00c0s 19h, participa da cerim\u00f4nia de posse do presidente do TSE, Alexandre de Moraes, em Bras\u00edlia. Constituinte Eymael (DC): Sem informa\u00e7\u00f5es. Felipe D\u2019Avila (Novo): \u00c0s [&hellip;]\" \/>\n<meta property=\"og:url\" content=\"https:\/\/aconteceunovale.com.br\/portal\/?p=189829\" \/>\n<meta property=\"og:site_name\" content=\"Aconteceu no Vale\" \/>\n<meta property=\"article:publisher\" content=\"https:\/\/www.facebook.com\/aconteceunovale\/\" \/>\n<meta property=\"article:published_time\" content=\"2022-08-16T08:51:00+00:00\" \/>\n<meta property=\"article:modified_time\" content=\"2022-08-16T10:54:46+00:00\" \/>\n<meta property=\"og:image\" content=\"https:\/\/aconteceunovale.com.br\/portal\/wp-content\/uploads\/2016\/08\/candidato1.jpg\" \/>\n\t<meta property=\"og:image:width\" content=\"600\" \/>\n\t<meta property=\"og:image:height\" content=\"450\" \/>\n\t<meta property=\"og:image:type\" content=\"image\/jpeg\" \/>\n<meta name=\"author\" content=\"Reda\u00e7\u00e3o Aconteceu no Vale\" \/>\n<meta name=\"twitter:card\" content=\"summary_large_image\" \/>\n<meta name=\"twitter:creator\" content=\"@noticiadosvales\" \/>\n<meta name=\"twitter:site\" content=\"@noticiadosvales\" \/>\n<meta name=\"twitter:label1\" content=\"Escrito por\" \/>\n\t<meta name=\"twitter:data1\" content=\"Reda\u00e7\u00e3o Aconteceu no Vale\" \/>\n\t<meta name=\"twitter:label2\" content=\"Est. tempo de leitura\" \/>\n\t<meta name=\"twitter:data2\" content=\"2 minutos\" \/>\n<script type=\"application\/ld+json\" class=\"yoast-schema-graph\">{\"@context\":\"https:\\\/\\\/schema.org\",\"@graph\":[{\"@type\":\"Article\",\"@id\":\"https:\\\/\\\/aconteceunovale.com.br\\\/portal\\\/?p=189829#article\",\"isPartOf\":{\"@id\":\"https:\\\/\\\/aconteceunovale.com.br\\\/portal\\\/?p=189829\"},\"author\":{\"name\":\"Reda\u00e7\u00e3o Aconteceu no Vale\",\"@id\":\"https:\\\/\\\/aconteceunovale.com.br\\\/portal\\\/#\\\/schema\\\/person\\\/7d2f26d1483f8a63de73da1ee0754d35\"},\"headline\":\"Confira a agenda dos candidatos \u00e0 Presid\u00eancia para esta ter\u00e7a\",\"datePublished\":\"2022-08-16T08:51:00+00:00\",\"dateModified\":\"2022-08-16T10:54:46+00:00\",\"mainEntityOfPage\":{\"@id\":\"https:\\\/\\\/aconteceunovale.com.br\\\/portal\\\/?p=189829\"},\"wordCount\":373,\"commentCount\":0,\"image\":{\"@id\":\"https:\\\/\\\/aconteceunovale.com.br\\\/portal\\\/?p=189829#primaryimage\"},\"thumbnailUrl\":\"https:\\\/\\\/aconteceunovale.com.br\\\/portal\\\/wp-content\\\/uploads\\\/2016\\\/08\\\/candidato1.jpg\",\"keywords\":[\"Agenda dos candidatos a presidente\",\"Ana Paula Matos\",\"Ant\u00f4nio Alves\",\"Braga Netto\",\"Candidatos a presidente do Brasil\",\"Ciro Gomes\",\"Constituinte Eymael\",\"DC\",\"destaque\",\"Elei\u00e7\u00f5es 2022\",\"Elei\u00e7\u00f5es no Brasil\",\"Elei\u00e7\u00f5es presidenciais no Brasil\",\"F\u00e1tima P\u00e9rola Neggra\",\"Felipe D'\u00c1vila\",\"Geraldo Alckmin\",\"Jair Bolsonaro\",\"Justi\u00e7a Eleitoral recebeu 12 registros de candidatura \u00e0 Presid\u00eancia do Brasil\",\"L\u00e9o P\u00e9ricles\",\"Lista de Candidatos a presidente do Brasil\",\"Lula\",\"Mara Gabrilli\",\"Marcos Cintra\",\"MDB\",\"Nomes dos Candidatos a presidente do Brasil\",\"novo\",\"Pablo Mar\u00e7al\",\"Padre Kelmon\",\"PCB\",\"PDT\",\"PL\",\"Professor Bravo\",\"PROS\",\"PSTU\",\"PT\",\"PTB\",\"Raquel Trememb\u00e9\",\"Rela\u00e7\u00e3o de Candidatos a presidente do Brasil\",\"Roberto Jefferson\",\"Samara Martins\",\"Simone Tebet\",\"Sofia Mazano\",\"Soraya Thronicke\",\"Tiago Mitraud\",\"Tribunal Superior Eleitoral\",\"TSE\",\"Uni\u00e3o Brasil\",\"UP\",\"Vera L\u00facia\"],\"articleSection\":[\"Brasil\",\"Elei\u00e7\u00f5es 2022\"],\"inLanguage\":\"pt-BR\",\"potentialAction\":[{\"@type\":\"CommentAction\",\"name\":\"Comment\",\"target\":[\"https:\\\/\\\/aconteceunovale.com.br\\\/portal\\\/?p=189829#respond\"]}]},{\"@type\":\"WebPage\",\"@id\":\"https:\\\/\\\/aconteceunovale.com.br\\\/portal\\\/?p=189829\",\"url\":\"https:\\\/\\\/aconteceunovale.com.br\\\/portal\\\/?p=189829\",\"name\":\"Confira a agenda dos candidatos \u00e0 Presid\u00eancia para esta ter\u00e7a - Aconteceu no Vale\",\"isPartOf\":{\"@id\":\"https:\\\/\\\/aconteceunovale.com.br\\\/portal\\\/#website\"},\"primaryImageOfPage\":{\"@id\":\"https:\\\/\\\/aconteceunovale.com.br\\\/portal\\\/?p=189829#primaryimage\"},\"image\":{\"@id\":\"https:\\\/\\\/aconteceunovale.com.br\\\/portal\\\/?p=189829#primaryimage\"},\"thumbnailUrl\":\"https:\\\/\\\/aconteceunovale.com.br\\\/portal\\\/wp-content\\\/uploads\\\/2016\\\/08\\\/candidato1.jpg\",\"datePublished\":\"2022-08-16T08:51:00+00:00\",\"dateModified\":\"2022-08-16T10:54:46+00:00\",\"author\":{\"@id\":\"https:\\\/\\\/aconteceunovale.com.br\\\/portal\\\/#\\\/schema\\\/person\\\/7d2f26d1483f8a63de73da1ee0754d35\"},\"breadcrumb\":{\"@id\":\"https:\\\/\\\/aconteceunovale.com.br\\\/portal\\\/?p=189829#breadcrumb\"},\"inLanguage\":\"pt-BR\",\"potentialAction\":[{\"@type\":\"ReadAction\",\"target\":[\"https:\\\/\\\/aconteceunovale.com.br\\\/portal\\\/?p=189829\"]}]},{\"@type\":\"ImageObject\",\"inLanguage\":\"pt-BR\",\"@id\":\"https:\\\/\\\/aconteceunovale.com.br\\\/portal\\\/?p=189829#primaryimage\",\"url\":\"https:\\\/\\\/aconteceunovale.com.br\\\/portal\\\/wp-content\\\/uploads\\\/2016\\\/08\\\/candidato1.jpg\",\"contentUrl\":\"https:\\\/\\\/aconteceunovale.com.br\\\/portal\\\/wp-content\\\/uploads\\\/2016\\\/08\\\/candidato1.jpg\",\"width\":600,\"height\":450},{\"@type\":\"BreadcrumbList\",\"@id\":\"https:\\\/\\\/aconteceunovale.com.br\\\/portal\\\/?p=189829#breadcrumb\",\"itemListElement\":[{\"@type\":\"ListItem\",\"position\":1,\"name\":\"In\u00edcio\",\"item\":\"https:\\\/\\\/aconteceunovale.com.br\\\/portal\\\/\"},{\"@type\":\"ListItem\",\"position\":2,\"name\":\"Confira a agenda dos candidatos \u00e0 Presid\u00eancia para esta ter\u00e7a\"}]},{\"@type\":\"WebSite\",\"@id\":\"https:\\\/\\\/aconteceunovale.com.br\\\/portal\\\/#website\",\"url\":\"https:\\\/\\\/aconteceunovale.com.br\\\/portal\\\/\",\"name\":\"Aconteceu no Vale\",\"description\":\"Portal de Not\u00edcias\",\"potentialAction\":[{\"@type\":\"SearchAction\",\"target\":{\"@type\":\"EntryPoint\",\"urlTemplate\":\"https:\\\/\\\/aconteceunovale.com.br\\\/portal\\\/?s={search_term_string}\"},\"query-input\":{\"@type\":\"PropertyValueSpecification\",\"valueRequired\":true,\"valueName\":\"search_term_string\"}}],\"inLanguage\":\"pt-BR\"},{\"@type\":\"Person\",\"@id\":\"https:\\\/\\\/aconteceunovale.com.br\\\/portal\\\/#\\\/schema\\\/person\\\/7d2f26d1483f8a63de73da1ee0754d35\",\"name\":\"Reda\u00e7\u00e3o Aconteceu no Vale\",\"description\":\"Equipe de reportagem do Aconteceu no Vale, portal de not\u00edcias do Vale do Jequitinhonha, em Minas Gerais. Cobrimos as 51 cidades do Vale desde 2013. Sugest\u00f5es de pauta e pedidos de corre\u00e7\u00e3o: contato@aconteceunovale.com.br\",\"url\":\"https:\\\/\\\/aconteceunovale.com.br\\\/portal\\\/?author=4\"}]}<\/script>\n<!-- \/ Yoast SEO plugin. -->","yoast_head_json":{"title":"Confira a agenda dos candidatos \u00e0 Presid\u00eancia para esta ter\u00e7a - Aconteceu no Vale","robots":{"index":"index","follow":"follow","max-snippet":"max-snippet:-1","max-image-preview":"max-image-preview:large","max-video-preview":"max-video-preview:-1"},"canonical":"https:\/\/aconteceunovale.com.br\/portal\/?p=189829","og_locale":"pt_BR","og_type":"article","og_title":"Confira a agenda dos candidatos \u00e0 Presid\u00eancia para esta ter\u00e7a - Aconteceu no Vale","og_description":"Esta \u00e1 a agenda dos doze candidatos para esta ter\u00e7a-feira (16), primeiro dia oficial de\u00a0campanha. Ciro Gomes (PDT): \u00c0s 7h, faz caminhada em Guaianases (SP) e conversa com a popula\u00e7\u00e3o. \u00c0s 19h, participa da cerim\u00f4nia de posse do presidente do TSE, Alexandre de Moraes, em Bras\u00edlia. Constituinte Eymael (DC): Sem informa\u00e7\u00f5es. Felipe D\u2019Avila (Novo): \u00c0s [&hellip;]","og_url":"https:\/\/aconteceunovale.com.br\/portal\/?p=189829","og_site_name":"Aconteceu no Vale","article_publisher":"https:\/\/www.facebook.com\/aconteceunovale\/","article_published_time":"2022-08-16T08:51:00+00:00","article_modified_time":"2022-08-16T10:54:46+00:00","og_image":[{"width":600,"height":450,"url":"https:\/\/aconteceunovale.com.br\/portal\/wp-content\/uploads\/2016\/08\/candidato1.jpg","type":"image\/jpeg"}],"author":"Reda\u00e7\u00e3o Aconteceu no Vale","twitter_card":"summary_large_image","twitter_creator":"@noticiadosvales","twitter_site":"@noticiadosvales","twitter_misc":{"Escrito por":"Reda\u00e7\u00e3o Aconteceu no Vale","Est. tempo de leitura":"2 minutos"},"schema":{"@context":"https:\/\/schema.org","@graph":[{"@type":"Article","@id":"https:\/\/aconteceunovale.com.br\/portal\/?p=189829#article","isPartOf":{"@id":"https:\/\/aconteceunovale.com.br\/portal\/?p=189829"},"author":{"name":"Reda\u00e7\u00e3o Aconteceu no Vale","@id":"https:\/\/aconteceunovale.com.br\/portal\/#\/schema\/person\/7d2f26d1483f8a63de73da1ee0754d35"},"headline":"Confira a agenda dos candidatos \u00e0 Presid\u00eancia para esta ter\u00e7a","datePublished":"2022-08-16T08:51:00+00:00","dateModified":"2022-08-16T10:54:46+00:00","mainEntityOfPage":{"@id":"https:\/\/aconteceunovale.com.br\/portal\/?p=189829"},"wordCount":373,"commentCount":0,"image":{"@id":"https:\/\/aconteceunovale.com.br\/portal\/?p=189829#primaryimage"},"thumbnailUrl":"https:\/\/aconteceunovale.com.br\/portal\/wp-content\/uploads\/2016\/08\/candidato1.jpg","keywords":["Agenda dos candidatos a presidente","Ana Paula Matos","Ant\u00f4nio Alves","Braga Netto","Candidatos a presidente do Brasil","Ciro Gomes","Constituinte Eymael","DC","destaque","Elei\u00e7\u00f5es 2022","Elei\u00e7\u00f5es no Brasil","Elei\u00e7\u00f5es presidenciais no Brasil","F\u00e1tima P\u00e9rola Neggra","Felipe D'\u00c1vila","Geraldo Alckmin","Jair Bolsonaro","Justi\u00e7a Eleitoral recebeu 12 registros de candidatura \u00e0 Presid\u00eancia do Brasil","L\u00e9o P\u00e9ricles","Lista de Candidatos a presidente do Brasil","Lula","Mara Gabrilli","Marcos Cintra","MDB","Nomes dos Candidatos a presidente do Brasil","novo","Pablo Mar\u00e7al","Padre Kelmon","PCB","PDT","PL","Professor Bravo","PROS","PSTU","PT","PTB","Raquel Trememb\u00e9","Rela\u00e7\u00e3o de Candidatos a presidente do Brasil","Roberto Jefferson","Samara Martins","Simone Tebet","Sofia Mazano","Soraya Thronicke","Tiago Mitraud","Tribunal Superior Eleitoral","TSE","Uni\u00e3o Brasil","UP","Vera L\u00facia"],"articleSection":["Brasil","Elei\u00e7\u00f5es 2022"],"inLanguage":"pt-BR","potentialAction":[{"@type":"CommentAction","name":"Comment","target":["https:\/\/aconteceunovale.com.br\/portal\/?p=189829#respond"]}]},{"@type":"WebPage","@id":"https:\/\/aconteceunovale.com.br\/portal\/?p=189829","url":"https:\/\/aconteceunovale.com.br\/portal\/?p=189829","name":"Confira a agenda dos candidatos \u00e0 Presid\u00eancia para esta ter\u00e7a - Aconteceu no Vale","isPartOf":{"@id":"https:\/\/aconteceunovale.com.br\/portal\/#website"},"primaryImageOfPage":{"@id":"https:\/\/aconteceunovale.com.br\/portal\/?p=189829#primaryimage"},"image":{"@id":"https:\/\/aconteceunovale.com.br\/portal\/?p=189829#primaryimage"},"thumbnailUrl":"https:\/\/aconteceunovale.com.br\/portal\/wp-content\/uploads\/2016\/08\/candidato1.jpg","datePublished":"2022-08-16T08:51:00+00:00","dateModified":"2022-08-16T10:54:46+00:00","author":{"@id":"https:\/\/aconteceunovale.com.br\/portal\/#\/schema\/person\/7d2f26d1483f8a63de73da1ee0754d35"},"breadcrumb":{"@id":"https:\/\/aconteceunovale.com.br\/portal\/?p=189829#breadcrumb"},"inLanguage":"pt-BR","potentialAction":[{"@type":"ReadAction","target":["https:\/\/aconteceunovale.com.br\/portal\/?p=189829"]}]},{"@type":"ImageObject","inLanguage":"pt-BR","@id":"https:\/\/aconteceunovale.com.br\/portal\/?p=189829#primaryimage","url":"https:\/\/aconteceunovale.com.br\/portal\/wp-content\/uploads\/2016\/08\/candidato1.jpg","contentUrl":"https:\/\/aconteceunovale.com.br\/portal\/wp-content\/uploads\/2016\/08\/candidato1.jpg","width":600,"height":450},{"@type":"BreadcrumbList","@id":"https:\/\/aconteceunovale.com.br\/portal\/?p=189829#breadcrumb","itemListElement":[{"@type":"ListItem","position":1,"name":"In\u00edcio","item":"https:\/\/aconteceunovale.com.br\/portal\/"},{"@type":"ListItem","position":2,"name":"Confira a agenda dos candidatos \u00e0 Presid\u00eancia para esta ter\u00e7a"}]},{"@type":"WebSite","@id":"https:\/\/aconteceunovale.com.br\/portal\/#website","url":"https:\/\/aconteceunovale.com.br\/portal\/","name":"Aconteceu no Vale","description":"Portal de Not\u00edcias","potentialAction":[{"@type":"SearchAction","target":{"@type":"EntryPoint","urlTemplate":"https:\/\/aconteceunovale.com.br\/portal\/?s={search_term_string}"},"query-input":{"@type":"PropertyValueSpecification","valueRequired":true,"valueName":"search_term_string"}}],"inLanguage":"pt-BR"},{"@type":"Person","@id":"https:\/\/aconteceunovale.com.br\/portal\/#\/schema\/person\/7d2f26d1483f8a63de73da1ee0754d35","name":"Reda\u00e7\u00e3o Aconteceu no Vale","description":"Equipe de reportagem do Aconteceu no Vale, portal de not\u00edcias do Vale do Jequitinhonha, em Minas Gerais. Cobrimos as 51 cidades do Vale desde 2013. Sugest\u00f5es de pauta e pedidos de corre\u00e7\u00e3o: contato@aconteceunovale.com.br","url":"https:\/\/aconteceunovale.com.br\/portal\/?author=4"}]}},"_links":{"self":[{"href":"https:\/\/aconteceunovale.com.br\/portal\/index.php?rest_route=\/wp\/v2\/posts\/189829","targetHints":{"allow":["GET"]}}],"collection":[{"href":"https:\/\/aconteceunovale.com.br\/portal\/index.php?rest_route=\/wp\/v2\/posts"}],"about":[{"href":"https:\/\/aconteceunovale.com.br\/portal\/index.php?rest_route=\/wp\/v2\/types\/post"}],"author":[{"embeddable":true,"href":"https:\/\/aconteceunovale.com.br\/portal\/index.php?rest_route=\/wp\/v2\/users\/4"}],"replies":[{"embeddable":true,"href":"https:\/\/aconteceunovale.com.br\/portal\/index.php?rest_route=%2Fwp%2Fv2%2Fcomments&post=189829"}],"version-history":[{"count":1,"href":"https:\/\/aconteceunovale.com.br\/portal\/index.php?rest_route=\/wp\/v2\/posts\/189829\/revisions"}],"predecessor-version":[{"id":189830,"href":"https:\/\/aconteceunovale.com.br\/portal\/index.php?rest_route=\/wp\/v2\/posts\/189829\/revisions\/189830"}],"wp:featuredmedia":[{"embeddable":true,"href":"https:\/\/aconteceunovale.com.br\/portal\/index.php?rest_route=\/wp\/v2\/media\/95688"}],"wp:attachment":[{"href":"https:\/\/aconteceunovale.com.br\/portal\/index.php?rest_route=%2Fwp%2Fv2%2Fmedia&parent=189829"}],"wp:term":[{"taxonomy":"category","embeddable":true,"href":"https:\/\/aconteceunovale.com.br\/portal\/index.php?rest_route=%2Fwp%2Fv2%2Fcategories&post=189829"},{"taxonomy":"post_tag","embeddable":true,"href":"https:\/\/aconteceunovale.com.br\/portal\/index.php?rest_route=%2Fwp%2Fv2%2Ftags&post=189829"}],"curies":[{"name":"wp","href":"https:\/\/api.w.org\/{rel}","templated":true}]}}