{"id":189810,"date":"2022-08-15T21:47:51","date_gmt":"2022-08-16T00:47:51","guid":{"rendered":"https:\/\/aconteceunovale.com.br\/portal\/?p=189810"},"modified":"2022-08-15T21:51:11","modified_gmt":"2022-08-16T00:51:11","slug":"minas-gerais-tem-9-candidatos-a-senador-confira","status":"publish","type":"post","link":"https:\/\/aconteceunovale.com.br\/portal\/?p=189810","title":{"rendered":"Minas Gerais tem 9 candidatos a senador; confira"},"content":{"rendered":"\n<p class=\"wp-block-paragraph\">O Tribunal Superior Eleitoral (TSE) recebeu 9 pedidos de registro de candidatura para disputa da vaga no Senado Federal por Minas Gerais nas elei\u00e7\u00f5es de outubro.<\/p>\n\n\n\n<figure class=\"wp-block-gallery has-nested-images columns-default is-cropped wp-block-gallery-1 is-layout-flex wp-block-gallery-is-layout-flex\">\n<figure class=\"wp-block-image size-large\"><img loading=\"lazy\" decoding=\"async\" width=\"678\" height=\"353\" data-id=\"189811\" src=\"https:\/\/aconteceunovale.com.br\/portal\/wp-content\/uploads\/2022\/08\/candidatos_senador.jpg\" alt=\"\" class=\"wp-image-189811\" srcset=\"https:\/\/aconteceunovale.com.br\/portal\/wp-content\/uploads\/2022\/08\/candidatos_senador.jpg 678w, https:\/\/aconteceunovale.com.br\/portal\/wp-content\/uploads\/2022\/08\/candidatos_senador-300x156.jpg 300w\" sizes=\"auto, (max-width: 678px) 100vw, 678px\" \/><figcaption><em><sub>Candidatos ao Senado por Minas Gerais &#8211; Arte: Aconteceu no Vale<\/sub><\/em><\/figcaption><\/figure>\n<\/figure>\n\n\n\n<p class=\"wp-block-paragraph\"><strong>Candidatos ao Senado por Minas Gerais:<\/strong><\/p>\n\n\n\n<figure class=\"wp-block-table is-style-regular\"><table><tbody><tr><td class=\"has-text-align-center\" data-align=\"center\"><strong>Nome na urna<\/strong><\/td><td class=\"has-text-align-center\" data-align=\"center\"><strong>Nome completo<\/strong><\/td><td class=\"has-text-align-center\" data-align=\"center\"><strong>N\u00fam.<\/strong><\/td><td class=\"has-text-align-center\" data-align=\"center\"><strong>Sigla<\/strong><\/td><td class=\"has-text-align-center\" data-align=\"center\"><strong>Partido\/Federa\u00e7\u00e3o\/Coliga\u00e7\u00e3o<\/strong><\/td><td class=\"has-text-align-center\" data-align=\"center\"><strong>P\u00e1gina<\/strong><\/td><\/tr><tr><td class=\"has-text-align-center\" data-align=\"center\">Alexandre Silveira<\/td><td class=\"has-text-align-center\" data-align=\"center\">Alexandre Silveira de Oliveira<\/td><td class=\"has-text-align-center\" data-align=\"center\">555<\/td><td class=\"has-text-align-center\" data-align=\"center\">PSD<\/td><td class=\"has-text-align-center\" data-align=\"center\">Juntos Pelo Povo de Minas Gerais (PSD \/ PSB \/ Federa\u00e7\u00e3o Brasil da Esperan\u00e7a &#8211; FE Brasil (PT \/ PC do B \/ PV))<\/td><td class=\"has-text-align-center\" data-align=\"center\"><a href=\"https:\/\/divulgacandcontas.tse.jus.br\/divulga\/#\/candidato\/2022\/2040602022\/MG\/130001713762\" target=\"_blank\" rel=\"noreferrer noopener\">Link<\/a><\/td><\/tr><tr><td class=\"has-text-align-center\" data-align=\"center\">Bruno Miranda<\/td><td class=\"has-text-align-center\" data-align=\"center\">Bruno Martuchele de Sales<\/td><td class=\"has-text-align-center\" data-align=\"center\">123<\/td><td class=\"has-text-align-center\" data-align=\"center\">PDT<\/td><td class=\"has-text-align-center\" data-align=\"center\">O Futuro em Nossas M\u00e3os (Federa\u00e7\u00e3o PSDB Cidadania (PSDB \/ Cidadania) \/ PDT)<\/td><td class=\"has-text-align-center\" data-align=\"center\"><a href=\"https:\/\/divulgacandcontas.tse.jus.br\/divulga\/#\/candidato\/2022\/2040602022\/MG\/130001644706\" target=\"_blank\" rel=\"noreferrer noopener\">Link<\/a><\/td><\/tr><tr><td class=\"has-text-align-center\" data-align=\"center\">Cleitinho<\/td><td class=\"has-text-align-center\" data-align=\"center\">Cleiton Gontijo de Azevedo<\/td><td class=\"has-text-align-center\" data-align=\"center\">200<\/td><td class=\"has-text-align-center\" data-align=\"center\">PSC<\/td><td class=\"has-text-align-center\" data-align=\"center\">PSC<\/td><td class=\"has-text-align-center\" data-align=\"center\"><a href=\"https:\/\/divulgacandcontas.tse.jus.br\/divulga\/#\/candidato\/2022\/2040602022\/MG\/130001671677\" target=\"_blank\" rel=\"noreferrer noopener\">Link<\/a><\/td><\/tr><tr><td class=\"has-text-align-center\" data-align=\"center\">Dirlene Marques<\/td><td class=\"has-text-align-center\" data-align=\"center\">Maria Dirlene Trindade Marques<\/td><td class=\"has-text-align-center\" data-align=\"center\">161<\/td><td class=\"has-text-align-center\" data-align=\"center\">PSTU<\/td><td class=\"has-text-align-center\" data-align=\"center\">PSTU<\/td><td class=\"has-text-align-center\" data-align=\"center\"><a href=\"https:\/\/divulgacandcontas.tse.jus.br\/divulga\/#\/candidato\/2022\/2040602022\/MG\/130001644655\" target=\"_blank\" rel=\"noreferrer noopener\">Link<\/a><\/td><\/tr><tr><td class=\"has-text-align-center\" data-align=\"center\">Irani Gomes<\/td><td class=\"has-text-align-center\" data-align=\"center\">Irani da Silva Gomes<\/td><td class=\"has-text-align-center\" data-align=\"center\">280<\/td><td class=\"has-text-align-center\" data-align=\"center\">PRTB<\/td><td class=\"has-text-align-center\" data-align=\"center\">PRTB<\/td><td class=\"has-text-align-center\" data-align=\"center\"><a href=\"https:\/\/divulgacandcontas.tse.jus.br\/divulga\/#\/candidato\/2022\/2040602022\/MG\/130001653898\" target=\"_blank\" rel=\"noreferrer noopener\">Link<\/a><\/td><\/tr><tr><td class=\"has-text-align-center\" data-align=\"center\">Marcelo Aro<\/td><td class=\"has-text-align-center\" data-align=\"center\">Marcelo Guilherme de Aro Ferreira<\/td><td class=\"has-text-align-center\" data-align=\"center\">111<\/td><td class=\"has-text-align-center\" data-align=\"center\">PP<\/td><td class=\"has-text-align-center\" data-align=\"center\">Minas nos Trilhos (NOVO \/ MDB \/ Solidariedade \/ Patriota \/ Avante \/ PMN \/ DC \/ PP \/ PODE \/ AGIR)<\/td><td class=\"has-text-align-center\" data-align=\"center\"><a href=\"https:\/\/divulgacandcontas.tse.jus.br\/divulga\/#\/candidato\/2022\/2040602022\/MG\/130001644285\" target=\"_blank\" rel=\"noreferrer noopener\">Link<\/a><\/td><\/tr><tr><td class=\"has-text-align-center\" data-align=\"center\">Naomi de Almeida<\/td><td class=\"has-text-align-center\" data-align=\"center\">Naomi de Almeida Gomes Coura<\/td><td class=\"has-text-align-center\" data-align=\"center\">290<\/td><td class=\"has-text-align-center\" data-align=\"center\">PCO<\/td><td class=\"has-text-align-center\" data-align=\"center\">PCO<\/td><td class=\"has-text-align-center\" data-align=\"center\"><a href=\"https:\/\/divulgacandcontas.tse.jus.br\/divulga\/#\/candidato\/2022\/2040602022\/MG\/130001713410\" target=\"_blank\" rel=\"noreferrer noopener\">Link<\/a><\/td><\/tr><tr><td class=\"has-text-align-center\" data-align=\"center\">Pastor Altamiro Alves<\/td><td class=\"has-text-align-center\" data-align=\"center\">Altamiro Alves da Silva<\/td><td class=\"has-text-align-center\" data-align=\"center\">142<\/td><td class=\"has-text-align-center\" data-align=\"center\">PTB<\/td><td class=\"has-text-align-center\" data-align=\"center\">PTB<\/td><td class=\"has-text-align-center\" data-align=\"center\"><a href=\"https:\/\/divulgacandcontas.tse.jus.br\/divulga\/#\/candidato\/2022\/2040602022\/MG\/130001610978\" target=\"_blank\" rel=\"noreferrer noopener\">Link<\/a><\/td><\/tr><tr><td class=\"has-text-align-center\" data-align=\"center\">Sara Azevedo<\/td><td class=\"has-text-align-center\" data-align=\"center\">Sara Rayanne Silva Azevedo<\/td><td class=\"has-text-align-center\" data-align=\"center\">500<\/td><td class=\"has-text-align-center\" data-align=\"center\">PSOL<\/td><td class=\"has-text-align-center\" data-align=\"center\">Federa\u00e7\u00e3o PSOL REDE (PSOL \/ REDE)<\/td><td class=\"has-text-align-center\" data-align=\"center\"><a href=\"https:\/\/divulgacandcontas.tse.jus.br\/divulga\/#\/candidato\/2022\/2040602022\/MG\/130001615093\" target=\"_blank\" rel=\"noreferrer noopener\">Link<\/a><\/td><\/tr><\/tbody><\/table><\/figure>\n\n\n\n<p class=\"wp-block-paragraph\"><strong>Primeiro Suplente:<\/strong><\/p>\n\n\n\n<figure class=\"wp-block-table is-style-regular\"><table><tbody><tr><td class=\"has-text-align-center\" data-align=\"center\"><strong>Nome na urna<\/strong><\/td><td class=\"has-text-align-center\" data-align=\"center\"><strong>Nome completo<\/strong><\/td><td class=\"has-text-align-center\" data-align=\"center\"><strong>N\u00fam.<\/strong><\/td><td class=\"has-text-align-center\" data-align=\"center\"><strong>Sigla<\/strong><\/td><td class=\"has-text-align-center\" data-align=\"center\"><strong>Partido\/Federa\u00e7\u00e3o\/Coliga\u00e7\u00e3o<\/strong><\/td><td class=\"has-text-align-center\" data-align=\"center\"><strong>P\u00e1gina<\/strong><\/td><\/tr><tr><td class=\"has-text-align-center\" data-align=\"center\">Virg\u00edlio Guimar\u00e3es<\/td><td class=\"has-text-align-center\" data-align=\"center\">Virg\u00edlio Guimar\u00e3es de Paula<\/td><td class=\"has-text-align-center\" data-align=\"center\">555<\/td><td class=\"has-text-align-center\" data-align=\"center\">PT<\/td><td class=\"has-text-align-center\" data-align=\"center\">Juntos Pelo Povo de Minas Gerais (PSD \/ PSB \/ Federa\u00e7\u00e3o Brasil da Esperan\u00e7a &#8211; FE Brasil (PT \/ PC do B \/ PV))<\/td><td class=\"has-text-align-center\" data-align=\"center\"><a rel=\"noreferrer noopener\" href=\"https:\/\/divulgacandcontas.tse.jus.br\/divulga\/#\/candidato\/2022\/2040602022\/MG\/130001713764\" target=\"_blank\">Link<\/a><\/td><\/tr><tr><td class=\"has-text-align-center\" data-align=\"center\">Henrique Braga<\/td><td class=\"has-text-align-center\" data-align=\"center\">Henrique Heg\u00eddio Braga<\/td><td class=\"has-text-align-center\" data-align=\"center\">123<\/td><td class=\"has-text-align-center\" data-align=\"center\">PSDB<\/td><td class=\"has-text-align-center\" data-align=\"center\">O Futuro em Nossas M\u00e3os (Federa\u00e7\u00e3o PSDB Cidadania (PSDB \/ Cidadania) \/ PDT)<\/td><td class=\"has-text-align-center\" data-align=\"center\"><a rel=\"noreferrer noopener\" href=\"https:\/\/divulgacandcontas.tse.jus.br\/divulga\/#\/candidato\/2022\/2040602022\/MG\/130001644707\" target=\"_blank\">Link<\/a><\/td><\/tr><tr><td class=\"has-text-align-center\" data-align=\"center\">Alex Diniz<\/td><td class=\"has-text-align-center\" data-align=\"center\">Alex Sandro Coelho Diniz<\/td><td class=\"has-text-align-center\" data-align=\"center\">200<\/td><td class=\"has-text-align-center\" data-align=\"center\">PSC<\/td><td class=\"has-text-align-center\" data-align=\"center\">PSC<\/td><td class=\"has-text-align-center\" data-align=\"center\"><a rel=\"noreferrer noopener\" href=\"https:\/\/divulgacandcontas.tse.jus.br\/divulga\/#\/candidato\/2022\/2040602022\/MG\/130001671679\" target=\"_blank\">Link<\/a><\/td><\/tr><tr><td class=\"has-text-align-center\" data-align=\"center\">Vict\u00f3ria Mello<\/td><td class=\"has-text-align-center\" data-align=\"center\">Vict\u00f3ria de F\u00e1tima de Mello<\/td><td class=\"has-text-align-center\" data-align=\"center\">161<\/td><td class=\"has-text-align-center\" data-align=\"center\">PSTU<\/td><td class=\"has-text-align-center\" data-align=\"center\">PSTU<\/td><td class=\"has-text-align-center\" data-align=\"center\"><a rel=\"noreferrer noopener\" href=\"https:\/\/divulgacandcontas.tse.jus.br\/divulga\/#\/candidato\/2022\/2040602022\/MG\/130001644656\" target=\"_blank\">Link<\/a><\/td><\/tr><tr><td class=\"has-text-align-center\" data-align=\"center\">Petronio<\/td><td class=\"has-text-align-center\" data-align=\"center\">Petronio Barbiosa da Silva<\/td><td class=\"has-text-align-center\" data-align=\"center\">280<\/td><td class=\"has-text-align-center\" data-align=\"center\">PRTB<\/td><td class=\"has-text-align-center\" data-align=\"center\">PRTB<\/td><td class=\"has-text-align-center\" data-align=\"center\"><a rel=\"noreferrer noopener\" href=\"https:\/\/divulgacandcontas.tse.jus.br\/divulga\/#\/candidato\/2022\/2040602022\/MG\/130001653897\" target=\"_blank\">Link<\/a><\/td><\/tr><tr><td class=\"has-text-align-center\" data-align=\"center\">Camila Soares<\/td><td class=\"has-text-align-center\" data-align=\"center\">Camila Soares de Oliveira<\/td><td class=\"has-text-align-center\" data-align=\"center\">111<\/td><td class=\"has-text-align-center\" data-align=\"center\">Avante<\/td><td class=\"has-text-align-center\" data-align=\"center\">Minas nos Trilhos (NOVO \/ MDB \/ Solidariedade \/ Patriota \/ Avante \/ PMN \/ DC \/ PP \/ PODE \/ AGIR)<\/td><td class=\"has-text-align-center\" data-align=\"center\"><a rel=\"noreferrer noopener\" href=\"https:\/\/divulgacandcontas.tse.jus.br\/divulga\/#\/candidato\/2022\/2040602022\/MG\/130001644286\" target=\"_blank\">Link<\/a><\/td><\/tr><tr><td class=\"has-text-align-center\" data-align=\"center\">Ant\u00f4nio Barnab\u00e9<\/td><td class=\"has-text-align-center\" data-align=\"center\">Ant\u00f4nio Barnab\u00e9 Soares<\/td><td class=\"has-text-align-center\" data-align=\"center\">290<\/td><td class=\"has-text-align-center\" data-align=\"center\">PCO<\/td><td class=\"has-text-align-center\" data-align=\"center\">PCO<\/td><td class=\"has-text-align-center\" data-align=\"center\"><a rel=\"noreferrer noopener\" href=\"https:\/\/divulgacandcontas.tse.jus.br\/divulga\/#\/candidato\/2022\/2040602022\/MG\/130001713409\" target=\"_blank\">Link<\/a><\/td><\/tr><tr><td class=\"has-text-align-center\" data-align=\"center\">Leonardo Soltz<\/td><td class=\"has-text-align-center\" data-align=\"center\">Leonardo Soltz<\/td><td class=\"has-text-align-center\" data-align=\"center\">142<\/td><td class=\"has-text-align-center\" data-align=\"center\">PTB<\/td><td class=\"has-text-align-center\" data-align=\"center\">PTB<\/td><td class=\"has-text-align-center\" data-align=\"center\"><a rel=\"noreferrer noopener\" href=\"https:\/\/divulgacandcontas.tse.jus.br\/divulga\/#\/candidato\/2022\/2040602022\/MG\/130001610980\" target=\"_blank\">Link<\/a><\/td><\/tr><tr><td class=\"has-text-align-center\" data-align=\"center\">Artur Duarte<\/td><td class=\"has-text-align-center\" data-align=\"center\">Artur Duarte Souza<\/td><td class=\"has-text-align-center\" data-align=\"center\">500<\/td><td class=\"has-text-align-center\" data-align=\"center\">PSOL<\/td><td class=\"has-text-align-center\" data-align=\"center\">Federa\u00e7\u00e3o PSOL REDE (PSOL \/ REDE)<\/td><td class=\"has-text-align-center\" data-align=\"center\"><a rel=\"noreferrer noopener\" href=\"https:\/\/divulgacandcontas.tse.jus.br\/divulga\/#\/candidato\/2022\/2040602022\/MG\/130001615091\" target=\"_blank\">Link<\/a><\/td><\/tr><\/tbody><\/table><\/figure>\n\n\n\n<p class=\"wp-block-paragraph\"><strong><strong>Segundo Suplente:<\/strong><\/strong><\/p>\n\n\n\n<figure class=\"wp-block-table is-style-regular\"><table><tbody><tr><td class=\"has-text-align-center\" data-align=\"center\"><strong>Nome na urna<\/strong><\/td><td class=\"has-text-align-center\" data-align=\"center\"><strong>Nome completo<\/strong><\/td><td class=\"has-text-align-center\" data-align=\"center\"><strong>N\u00fam.<\/strong><\/td><td class=\"has-text-align-center\" data-align=\"center\"><strong>Sigla<\/strong><\/td><td class=\"has-text-align-center\" data-align=\"center\"><strong>Partido\/Federa\u00e7\u00e3o\/Coliga\u00e7\u00e3o<\/strong><\/td><td class=\"has-text-align-center\" data-align=\"center\"><strong>P\u00e1gina<\/strong><\/td><\/tr><tr><td class=\"has-text-align-center\" data-align=\"center\">Cida Lima<\/td><td class=\"has-text-align-center\" data-align=\"center\">Maria Aparecida de Lima<\/td><td class=\"has-text-align-center\" data-align=\"center\">555<\/td><td class=\"has-text-align-center\" data-align=\"center\">PT<\/td><td class=\"has-text-align-center\" data-align=\"center\">Juntos Pelo Povo de Minas Gerais (PSD \/ PSB \/ Federa\u00e7\u00e3o Brasil da Esperan\u00e7a &#8211; FE Brasil (PT \/ PC do B \/ PV))<\/td><td class=\"has-text-align-center\" data-align=\"center\"><a rel=\"noreferrer noopener\" href=\"https:\/\/divulgacandcontas.tse.jus.br\/divulga\/#\/candidato\/2022\/2040602022\/MG\/130001713763\" target=\"_blank\">Link<\/a><\/td><\/tr><tr><td class=\"has-text-align-center\" data-align=\"center\">Ivayr Soalheiro<\/td><td class=\"has-text-align-center\" data-align=\"center\">Ivayr Nunes Soalheiro<\/td><td class=\"has-text-align-center\" data-align=\"center\">123<\/td><td class=\"has-text-align-center\" data-align=\"center\">PSDB<\/td><td class=\"has-text-align-center\" data-align=\"center\">O Futuro em Nossas M\u00e3os (Federa\u00e7\u00e3o PSDB Cidadania (PSDB \/ Cidadania) \/ PDT)<\/td><td class=\"has-text-align-center\" data-align=\"center\"><a rel=\"noreferrer noopener\" href=\"https:\/\/divulgacandcontas.tse.jus.br\/divulga\/#\/candidato\/2022\/2040602022\/MG\/130001644708\" target=\"_blank\">Link<\/a><\/td><\/tr><tr><td class=\"has-text-align-center\" data-align=\"center\">Adhemar<\/td><td class=\"has-text-align-center\" data-align=\"center\">Adhemar Marcos Filho<\/td><td class=\"has-text-align-center\" data-align=\"center\">200<\/td><td class=\"has-text-align-center\" data-align=\"center\">PSC<\/td><td class=\"has-text-align-center\" data-align=\"center\">PSC<\/td><td class=\"has-text-align-center\" data-align=\"center\"><a rel=\"noreferrer noopener\" href=\"https:\/\/divulgacandcontas.tse.jus.br\/divulga\/#\/candidato\/2022\/2040602022\/MG\/130001671678\" target=\"_blank\">Link<\/a><\/td><\/tr><tr><td class=\"has-text-align-center\" data-align=\"center\">Adriano Cavalheiro<\/td><td class=\"has-text-align-center\" data-align=\"center\">Adriano Esp\u00edndola Cavalheiro<\/td><td class=\"has-text-align-center\" data-align=\"center\">161<\/td><td class=\"has-text-align-center\" data-align=\"center\">PSTU<\/td><td class=\"has-text-align-center\" data-align=\"center\">PSTU<\/td><td class=\"has-text-align-center\" data-align=\"center\"><a rel=\"noreferrer noopener\" href=\"https:\/\/divulgacandcontas.tse.jus.br\/divulga\/#\/candidato\/2022\/2040602022\/MG\/130001644654\" target=\"_blank\">Link<\/a><\/td><\/tr><tr><td class=\"has-text-align-center\" data-align=\"center\">Oseas Soare<\/td><td class=\"has-text-align-center\" data-align=\"center\">Oseas Felicissimo Soares<\/td><td class=\"has-text-align-center\" data-align=\"center\">280<\/td><td class=\"has-text-align-center\" data-align=\"center\">PRTB<\/td><td class=\"has-text-align-center\" data-align=\"center\">PRTB<\/td><td class=\"has-text-align-center\" data-align=\"center\"><a rel=\"noreferrer noopener\" href=\"https:\/\/divulgacandcontas.tse.jus.br\/divulga\/#\/candidato\/2022\/2040602022\/MG\/130001653899\" target=\"_blank\">Link<\/a><\/td><\/tr><tr><td class=\"has-text-align-center\" data-align=\"center\">Teteco<\/td><td class=\"has-text-align-center\" data-align=\"center\">Gil Ant\u00f4nio Diniz<\/td><td class=\"has-text-align-center\" data-align=\"center\">111<\/td><td class=\"has-text-align-center\" data-align=\"center\">MDB<\/td><td class=\"has-text-align-center\" data-align=\"center\">Minas nos Trilhos (NOVO \/ MDB \/ Solidariedade \/ Patriota \/ Avante \/ PMN \/ DC \/ PP \/ PODE \/ AGIR)<\/td><td class=\"has-text-align-center\" data-align=\"center\"><a rel=\"noreferrer noopener\" href=\"https:\/\/divulgacandcontas.tse.jus.br\/divulga\/#\/candidato\/2022\/2040602022\/MG\/130001644287\" target=\"_blank\">Link<\/a><\/td><\/tr><tr><td class=\"has-text-align-center\" data-align=\"center\">Dalila de Almeida<\/td><td class=\"has-text-align-center\" data-align=\"center\">Dalila de Almeida Gomes Coura<\/td><td class=\"has-text-align-center\" data-align=\"center\">290<\/td><td class=\"has-text-align-center\" data-align=\"center\">PCO<\/td><td class=\"has-text-align-center\" data-align=\"center\">PCO<\/td><td class=\"has-text-align-center\" data-align=\"center\"><a rel=\"noreferrer noopener\" href=\"https:\/\/divulgacandcontas.tse.jus.br\/divulga\/#\/candidato\/2022\/2040602022\/MG\/130001713408\" target=\"_blank\">Link<\/a><\/td><\/tr><tr><td class=\"has-text-align-center\" data-align=\"center\">Julio Hubner<\/td><td class=\"has-text-align-center\" data-align=\"center\">Julio Passos de Faria<\/td><td class=\"has-text-align-center\" data-align=\"center\">142<\/td><td class=\"has-text-align-center\" data-align=\"center\">PTB<\/td><td class=\"has-text-align-center\" data-align=\"center\">PTB<\/td><td class=\"has-text-align-center\" data-align=\"center\"><a rel=\"noreferrer noopener\" href=\"https:\/\/divulgacandcontas.tse.jus.br\/divulga\/#\/candidato\/2022\/2040602022\/MG\/130001610979\" target=\"_blank\">Link<\/a><\/td><\/tr><tr><td class=\"has-text-align-center\" data-align=\"center\">Manoel Cipriano<\/td><td class=\"has-text-align-center\" data-align=\"center\">Manoel Cipriano de Oliveira<\/td><td class=\"has-text-align-center\" data-align=\"center\">500<\/td><td class=\"has-text-align-center\" data-align=\"center\">PSOL<\/td><td class=\"has-text-align-center\" data-align=\"center\">Federa\u00e7\u00e3o PSOL REDE (PSOL \/ REDE)<\/td><td class=\"has-text-align-center\" data-align=\"center\"><a rel=\"noreferrer noopener\" href=\"https:\/\/divulgacandcontas.tse.jus.br\/divulga\/#\/candidato\/2022\/2040602022\/MG\/130001615092\" target=\"_blank\">Link<\/a><\/td><\/tr><\/tbody><\/table><\/figure>\n\n\n\n<p class=\"wp-block-paragraph\">&#8212;&#8212;&#8212;&#8212;&#8212;&#8212;<br><br><strong>Sabia que o Aconteceu no Vale est\u00e1 tamb\u00e9m no Telegram? <a rel=\"noreferrer noopener\" href=\"https:\/\/t.me\/aconteceunovaleoficial\" target=\"_blank\">Inscreva-se no canal<\/a>.<\/strong><br><br><strong>J\u00e1 curtiu ou seguiu nossas p\u00e1ginas nas redes sociais?\u00a0Receba as not\u00edcias em primeira m\u00e3o:<\/strong><br>\u2022 <a rel=\"noreferrer noopener\" href=\"https:\/\/news.google.com\/publications\/CAAqBwgKMNjklQswi4etAw?hl=pt-BR&amp;gl=BR&amp;ceid=BR%3Apt-419\" target=\"_blank\">Google News<\/a><br>\u2022 <a rel=\"noreferrer noopener\" href=\"https:\/\/www.facebook.com\/aconteceunovale\/\" target=\"_blank\">Facebook<\/a><br>\u2022 <a rel=\"noreferrer noopener\" href=\"https:\/\/twitter.com\/noticiadosvales\" target=\"_blank\">Twitter<\/a><br>\u2022 <a rel=\"noreferrer noopener\" href=\"https:\/\/www.instagram.com\/aconteceunovale\" target=\"_blank\">Instagram<\/a><br>\u2022 <a rel=\"noreferrer noopener\" href=\"https:\/\/www.youtube.com\/AconteceunoValeOficial\" target=\"_blank\">Youtube<\/a><br>\u2022 <a rel=\"noreferrer noopener\" href=\"https:\/\/www.tiktok.com\/@aconteceunovale\" target=\"_blank\">TikTok<\/a><\/p>\n","protected":false},"excerpt":{"rendered":"<p>O Tribunal Superior Eleitoral (TSE) recebeu 9 pedidos de registro de candidatura para disputa da vaga no Senado Federal por Minas Gerais nas elei\u00e7\u00f5es de outubro. Candidatos ao Senado por Minas Gerais: Nome na urna Nome completo N\u00fam. Sigla Partido\/Federa\u00e7\u00e3o\/Coliga\u00e7\u00e3o P\u00e1gina Alexandre Silveira Alexandre Silveira de Oliveira 555 PSD Juntos Pelo Povo de Minas Gerais [&hellip;]<\/p>\n","protected":false},"author":4,"featured_media":189811,"comment_status":"open","ping_status":"closed","sticky":false,"template":"","format":"standard","meta":{"amp_status":"","footnotes":""},"categories":[249933,123],"tags":[27876,262162,262153,2330,262157,262159,262147,262156,262142,178163,262160,262148,262165,1018,178204,252244,17377,262146,262152,100450,262161,262166,262158,262143,178164,262167,41216,262140,262149,262145,178165,262163,262150,13967,114476,262155,17299,37864,78226,119338,13969,178191,134333,262144,262141,262151,262164,46835,262154],"class_list":["post-189810","post","type-post","status-publish","format-standard","has-post-thumbnail","hentry","category-eleicoes-2022","category-gerais","tag-adhemar-marcos-filho","tag-adriano-cavalheiro","tag-alex-diniz","tag-alexandre-silveira","tag-antonio-barnabe","tag-artur-duarte","tag-bruno-miranda","tag-camila-soares","tag-candidatos-a-senador-em-minas-gerais","tag-candidatos-ao-senado-por-minas-gerais","tag-cida-lima","tag-cleitinho","tag-dalila-de-almeida","tag-destaque","tag-dirlene-marques","tag-eleicoes-2022-em-minas-gerais","tag-eleicoes-em-minas-gerais","tag-eleicoes-para-o-senado-em-minas-gerais","tag-henrique-braga","tag-irani-gomes","tag-ivayr-soalheiro","tag-julio-hubner","tag-leonardo-soltz","tag-lista-de-candidatos-a-senador-em-minas-gerais","tag-lista-de-candidatos-ao-senado-por-minas-gerais","tag-manoel-cipriano","tag-marcelo-aro","tag-minas-gerais-tem-9-candidatos-a-senador","tag-naomi-de-almeida","tag-nomes-de-candidatos-a-senador-em-minas-gerais","tag-nomes-dos-candidatos-ao-senado-por-minas-gerais","tag-oseas-soares","tag-pastor-altamiro-alves","tag-pco","tag-pdt","tag-petronio","tag-pp","tag-prtb","tag-psc","tag-psd","tag-psol","tag-pstu","tag-ptb","tag-relacao-de-candidatos-a-senador-em-minas-gerais","tag-relacao-de-candidatos-ao-senado-por-minas-gerais","tag-sara-azevedo","tag-teteco","tag-virgilio-guimaraes","tag-vitoria-mello"],"yoast_head":"<!-- This site is optimized with the Yoast SEO plugin v28.3 - https:\/\/yoast.com\/product\/yoast-seo-wordpress\/ -->\n<title>Minas Gerais tem 9 candidatos a senador; confira - Aconteceu no Vale<\/title>\n<meta name=\"robots\" content=\"index, follow, max-snippet:-1, max-image-preview:large, max-video-preview:-1\" \/>\n<link rel=\"canonical\" href=\"https:\/\/aconteceunovale.com.br\/portal\/?p=189810\" \/>\n<meta property=\"og:locale\" content=\"pt_BR\" \/>\n<meta property=\"og:type\" content=\"article\" \/>\n<meta property=\"og:title\" content=\"Minas Gerais tem 9 candidatos a senador; confira - Aconteceu no Vale\" \/>\n<meta property=\"og:description\" content=\"O Tribunal Superior Eleitoral (TSE) recebeu 9 pedidos de registro de candidatura para disputa da vaga no Senado Federal por Minas Gerais nas elei\u00e7\u00f5es de outubro. Candidatos ao Senado por Minas Gerais: Nome na urna Nome completo N\u00fam. Sigla Partido\/Federa\u00e7\u00e3o\/Coliga\u00e7\u00e3o P\u00e1gina Alexandre Silveira Alexandre Silveira de Oliveira 555 PSD Juntos Pelo Povo de Minas Gerais [&hellip;]\" \/>\n<meta property=\"og:url\" content=\"https:\/\/aconteceunovale.com.br\/portal\/?p=189810\" \/>\n<meta property=\"og:site_name\" content=\"Aconteceu no Vale\" \/>\n<meta property=\"article:publisher\" content=\"https:\/\/www.facebook.com\/aconteceunovale\/\" \/>\n<meta property=\"article:published_time\" content=\"2022-08-16T00:47:51+00:00\" \/>\n<meta property=\"article:modified_time\" content=\"2022-08-16T00:51:11+00:00\" \/>\n<meta property=\"og:image\" content=\"https:\/\/aconteceunovale.com.br\/portal\/wp-content\/uploads\/2022\/08\/candidatos_senador.jpg\" \/>\n\t<meta property=\"og:image:width\" content=\"678\" \/>\n\t<meta property=\"og:image:height\" content=\"353\" \/>\n\t<meta property=\"og:image:type\" content=\"image\/jpeg\" \/>\n<meta name=\"author\" content=\"Reda\u00e7\u00e3o Aconteceu no Vale\" \/>\n<meta name=\"twitter:card\" content=\"summary_large_image\" \/>\n<meta name=\"twitter:creator\" content=\"@noticiadosvales\" \/>\n<meta name=\"twitter:site\" content=\"@noticiadosvales\" \/>\n<meta name=\"twitter:label1\" content=\"Escrito por\" \/>\n\t<meta name=\"twitter:data1\" content=\"Reda\u00e7\u00e3o Aconteceu no Vale\" \/>\n\t<meta name=\"twitter:label2\" content=\"Est. tempo de leitura\" \/>\n\t<meta name=\"twitter:data2\" content=\"2 minutos\" \/>\n<script type=\"application\/ld+json\" class=\"yoast-schema-graph\">{\"@context\":\"https:\\\/\\\/schema.org\",\"@graph\":[{\"@type\":\"Article\",\"@id\":\"https:\\\/\\\/aconteceunovale.com.br\\\/portal\\\/?p=189810#article\",\"isPartOf\":{\"@id\":\"https:\\\/\\\/aconteceunovale.com.br\\\/portal\\\/?p=189810\"},\"author\":{\"name\":\"Reda\u00e7\u00e3o Aconteceu no Vale\",\"@id\":\"https:\\\/\\\/aconteceunovale.com.br\\\/portal\\\/#\\\/schema\\\/person\\\/7d2f26d1483f8a63de73da1ee0754d35\"},\"headline\":\"Minas Gerais tem 9 candidatos a senador; confira\",\"datePublished\":\"2022-08-16T00:47:51+00:00\",\"dateModified\":\"2022-08-16T00:51:11+00:00\",\"mainEntityOfPage\":{\"@id\":\"https:\\\/\\\/aconteceunovale.com.br\\\/portal\\\/?p=189810\"},\"wordCount\":537,\"commentCount\":0,\"image\":{\"@id\":\"https:\\\/\\\/aconteceunovale.com.br\\\/portal\\\/?p=189810#primaryimage\"},\"thumbnailUrl\":\"https:\\\/\\\/aconteceunovale.com.br\\\/portal\\\/wp-content\\\/uploads\\\/2022\\\/08\\\/candidatos_senador.jpg\",\"keywords\":[\"Adhemar Marcos Filho\",\"Adriano Cavalheiro\",\"Alex Diniz\",\"Alexandre Silveira\",\"Ant\u00f4nio Barnab\u00e9\",\"Artur Duarte\",\"Bruno Miranda\",\"Camila Soares\",\"Candidatos a Senador em Minas Gerais\",\"Candidatos ao Senado por Minas Gerais\",\"Cida Lima\",\"Cleitinho\",\"Dalila de Almeida\",\"destaque\",\"Dirlene Marques\",\"Elei\u00e7\u00f5es 2022 em Minas Gerais\",\"elei\u00e7\u00f5es em minas gerais\",\"Elei\u00e7\u00f5es para o Senado em Minas Gerais\",\"Henrique Braga\",\"Irani Gomes\",\"Ivayr Soalheiro\",\"Julio Hubner\",\"Leonardo Soltz\",\"Lista de Candidatos a Senador em Minas Gerais\",\"Lista de Candidatos ao Senado por Minas Gerais\",\"Manoel Cipriano\",\"Marcelo Aro\",\"Minas Gerais tem 9 candidatos a senador\",\"Naomi de Almeida\",\"Nomes de Candidatos a Senador em Minas Gerais\",\"Nomes dos Candidatos ao Senado por Minas Gerais\",\"Oseas Soares\",\"Pastor Altamiro Alves\",\"PCO\",\"PDT\",\"Petronio\",\"PP\",\"PRTB\",\"PSC\",\"PSD\",\"PSOL\",\"PSTU\",\"PTB\",\"Rela\u00e7\u00e3o de Candidatos a Senador em Minas Gerais\",\"Rela\u00e7\u00e3o de Candidatos ao Senado por Minas Gerais\",\"Sara Azevedo\",\"Teteco\",\"Virg\u00edlio Guimar\u00e3es\",\"Vit\u00f3ria Mello\"],\"articleSection\":[\"Elei\u00e7\u00f5es 2022\",\"Minas Gerais\"],\"inLanguage\":\"pt-BR\",\"potentialAction\":[{\"@type\":\"CommentAction\",\"name\":\"Comment\",\"target\":[\"https:\\\/\\\/aconteceunovale.com.br\\\/portal\\\/?p=189810#respond\"]}]},{\"@type\":\"WebPage\",\"@id\":\"https:\\\/\\\/aconteceunovale.com.br\\\/portal\\\/?p=189810\",\"url\":\"https:\\\/\\\/aconteceunovale.com.br\\\/portal\\\/?p=189810\",\"name\":\"Minas Gerais tem 9 candidatos a senador; confira - Aconteceu no Vale\",\"isPartOf\":{\"@id\":\"https:\\\/\\\/aconteceunovale.com.br\\\/portal\\\/#website\"},\"primaryImageOfPage\":{\"@id\":\"https:\\\/\\\/aconteceunovale.com.br\\\/portal\\\/?p=189810#primaryimage\"},\"image\":{\"@id\":\"https:\\\/\\\/aconteceunovale.com.br\\\/portal\\\/?p=189810#primaryimage\"},\"thumbnailUrl\":\"https:\\\/\\\/aconteceunovale.com.br\\\/portal\\\/wp-content\\\/uploads\\\/2022\\\/08\\\/candidatos_senador.jpg\",\"datePublished\":\"2022-08-16T00:47:51+00:00\",\"dateModified\":\"2022-08-16T00:51:11+00:00\",\"author\":{\"@id\":\"https:\\\/\\\/aconteceunovale.com.br\\\/portal\\\/#\\\/schema\\\/person\\\/7d2f26d1483f8a63de73da1ee0754d35\"},\"breadcrumb\":{\"@id\":\"https:\\\/\\\/aconteceunovale.com.br\\\/portal\\\/?p=189810#breadcrumb\"},\"inLanguage\":\"pt-BR\",\"potentialAction\":[{\"@type\":\"ReadAction\",\"target\":[\"https:\\\/\\\/aconteceunovale.com.br\\\/portal\\\/?p=189810\"]}]},{\"@type\":\"ImageObject\",\"inLanguage\":\"pt-BR\",\"@id\":\"https:\\\/\\\/aconteceunovale.com.br\\\/portal\\\/?p=189810#primaryimage\",\"url\":\"https:\\\/\\\/aconteceunovale.com.br\\\/portal\\\/wp-content\\\/uploads\\\/2022\\\/08\\\/candidatos_senador.jpg\",\"contentUrl\":\"https:\\\/\\\/aconteceunovale.com.br\\\/portal\\\/wp-content\\\/uploads\\\/2022\\\/08\\\/candidatos_senador.jpg\",\"width\":678,\"height\":353},{\"@type\":\"BreadcrumbList\",\"@id\":\"https:\\\/\\\/aconteceunovale.com.br\\\/portal\\\/?p=189810#breadcrumb\",\"itemListElement\":[{\"@type\":\"ListItem\",\"position\":1,\"name\":\"In\u00edcio\",\"item\":\"https:\\\/\\\/aconteceunovale.com.br\\\/portal\\\/\"},{\"@type\":\"ListItem\",\"position\":2,\"name\":\"Minas Gerais tem 9 candidatos a senador; confira\"}]},{\"@type\":\"WebSite\",\"@id\":\"https:\\\/\\\/aconteceunovale.com.br\\\/portal\\\/#website\",\"url\":\"https:\\\/\\\/aconteceunovale.com.br\\\/portal\\\/\",\"name\":\"Aconteceu no Vale\",\"description\":\"Portal de Not\u00edcias\",\"potentialAction\":[{\"@type\":\"SearchAction\",\"target\":{\"@type\":\"EntryPoint\",\"urlTemplate\":\"https:\\\/\\\/aconteceunovale.com.br\\\/portal\\\/?s={search_term_string}\"},\"query-input\":{\"@type\":\"PropertyValueSpecification\",\"valueRequired\":true,\"valueName\":\"search_term_string\"}}],\"inLanguage\":\"pt-BR\"},{\"@type\":\"Person\",\"@id\":\"https:\\\/\\\/aconteceunovale.com.br\\\/portal\\\/#\\\/schema\\\/person\\\/7d2f26d1483f8a63de73da1ee0754d35\",\"name\":\"Reda\u00e7\u00e3o Aconteceu no Vale\",\"description\":\"Equipe de reportagem do Aconteceu no Vale, portal de not\u00edcias do Vale do Jequitinhonha, em Minas Gerais. Cobrimos as 51 cidades do Vale desde 2013. Sugest\u00f5es de pauta e pedidos de corre\u00e7\u00e3o: contato@aconteceunovale.com.br\",\"url\":\"https:\\\/\\\/aconteceunovale.com.br\\\/portal\\\/?author=4\"}]}<\/script>\n<!-- \/ Yoast SEO plugin. -->","yoast_head_json":{"title":"Minas Gerais tem 9 candidatos a senador; confira - Aconteceu no Vale","robots":{"index":"index","follow":"follow","max-snippet":"max-snippet:-1","max-image-preview":"max-image-preview:large","max-video-preview":"max-video-preview:-1"},"canonical":"https:\/\/aconteceunovale.com.br\/portal\/?p=189810","og_locale":"pt_BR","og_type":"article","og_title":"Minas Gerais tem 9 candidatos a senador; confira - Aconteceu no Vale","og_description":"O Tribunal Superior Eleitoral (TSE) recebeu 9 pedidos de registro de candidatura para disputa da vaga no Senado Federal por Minas Gerais nas elei\u00e7\u00f5es de outubro. Candidatos ao Senado por Minas Gerais: Nome na urna Nome completo N\u00fam. Sigla Partido\/Federa\u00e7\u00e3o\/Coliga\u00e7\u00e3o P\u00e1gina Alexandre Silveira Alexandre Silveira de Oliveira 555 PSD Juntos Pelo Povo de Minas Gerais [&hellip;]","og_url":"https:\/\/aconteceunovale.com.br\/portal\/?p=189810","og_site_name":"Aconteceu no Vale","article_publisher":"https:\/\/www.facebook.com\/aconteceunovale\/","article_published_time":"2022-08-16T00:47:51+00:00","article_modified_time":"2022-08-16T00:51:11+00:00","og_image":[{"width":678,"height":353,"url":"https:\/\/aconteceunovale.com.br\/portal\/wp-content\/uploads\/2022\/08\/candidatos_senador.jpg","type":"image\/jpeg"}],"author":"Reda\u00e7\u00e3o Aconteceu no Vale","twitter_card":"summary_large_image","twitter_creator":"@noticiadosvales","twitter_site":"@noticiadosvales","twitter_misc":{"Escrito por":"Reda\u00e7\u00e3o Aconteceu no Vale","Est. tempo de leitura":"2 minutos"},"schema":{"@context":"https:\/\/schema.org","@graph":[{"@type":"Article","@id":"https:\/\/aconteceunovale.com.br\/portal\/?p=189810#article","isPartOf":{"@id":"https:\/\/aconteceunovale.com.br\/portal\/?p=189810"},"author":{"name":"Reda\u00e7\u00e3o Aconteceu no Vale","@id":"https:\/\/aconteceunovale.com.br\/portal\/#\/schema\/person\/7d2f26d1483f8a63de73da1ee0754d35"},"headline":"Minas Gerais tem 9 candidatos a senador; confira","datePublished":"2022-08-16T00:47:51+00:00","dateModified":"2022-08-16T00:51:11+00:00","mainEntityOfPage":{"@id":"https:\/\/aconteceunovale.com.br\/portal\/?p=189810"},"wordCount":537,"commentCount":0,"image":{"@id":"https:\/\/aconteceunovale.com.br\/portal\/?p=189810#primaryimage"},"thumbnailUrl":"https:\/\/aconteceunovale.com.br\/portal\/wp-content\/uploads\/2022\/08\/candidatos_senador.jpg","keywords":["Adhemar Marcos Filho","Adriano Cavalheiro","Alex Diniz","Alexandre Silveira","Ant\u00f4nio Barnab\u00e9","Artur Duarte","Bruno Miranda","Camila Soares","Candidatos a Senador em Minas Gerais","Candidatos ao Senado por Minas Gerais","Cida Lima","Cleitinho","Dalila de Almeida","destaque","Dirlene Marques","Elei\u00e7\u00f5es 2022 em Minas Gerais","elei\u00e7\u00f5es em minas gerais","Elei\u00e7\u00f5es para o Senado em Minas Gerais","Henrique Braga","Irani Gomes","Ivayr Soalheiro","Julio Hubner","Leonardo Soltz","Lista de Candidatos a Senador em Minas Gerais","Lista de Candidatos ao Senado por Minas Gerais","Manoel Cipriano","Marcelo Aro","Minas Gerais tem 9 candidatos a senador","Naomi de Almeida","Nomes de Candidatos a Senador em Minas Gerais","Nomes dos Candidatos ao Senado por Minas Gerais","Oseas Soares","Pastor Altamiro Alves","PCO","PDT","Petronio","PP","PRTB","PSC","PSD","PSOL","PSTU","PTB","Rela\u00e7\u00e3o de Candidatos a Senador em Minas Gerais","Rela\u00e7\u00e3o de Candidatos ao Senado por Minas Gerais","Sara Azevedo","Teteco","Virg\u00edlio Guimar\u00e3es","Vit\u00f3ria Mello"],"articleSection":["Elei\u00e7\u00f5es 2022","Minas Gerais"],"inLanguage":"pt-BR","potentialAction":[{"@type":"CommentAction","name":"Comment","target":["https:\/\/aconteceunovale.com.br\/portal\/?p=189810#respond"]}]},{"@type":"WebPage","@id":"https:\/\/aconteceunovale.com.br\/portal\/?p=189810","url":"https:\/\/aconteceunovale.com.br\/portal\/?p=189810","name":"Minas Gerais tem 9 candidatos a senador; confira - Aconteceu no Vale","isPartOf":{"@id":"https:\/\/aconteceunovale.com.br\/portal\/#website"},"primaryImageOfPage":{"@id":"https:\/\/aconteceunovale.com.br\/portal\/?p=189810#primaryimage"},"image":{"@id":"https:\/\/aconteceunovale.com.br\/portal\/?p=189810#primaryimage"},"thumbnailUrl":"https:\/\/aconteceunovale.com.br\/portal\/wp-content\/uploads\/2022\/08\/candidatos_senador.jpg","datePublished":"2022-08-16T00:47:51+00:00","dateModified":"2022-08-16T00:51:11+00:00","author":{"@id":"https:\/\/aconteceunovale.com.br\/portal\/#\/schema\/person\/7d2f26d1483f8a63de73da1ee0754d35"},"breadcrumb":{"@id":"https:\/\/aconteceunovale.com.br\/portal\/?p=189810#breadcrumb"},"inLanguage":"pt-BR","potentialAction":[{"@type":"ReadAction","target":["https:\/\/aconteceunovale.com.br\/portal\/?p=189810"]}]},{"@type":"ImageObject","inLanguage":"pt-BR","@id":"https:\/\/aconteceunovale.com.br\/portal\/?p=189810#primaryimage","url":"https:\/\/aconteceunovale.com.br\/portal\/wp-content\/uploads\/2022\/08\/candidatos_senador.jpg","contentUrl":"https:\/\/aconteceunovale.com.br\/portal\/wp-content\/uploads\/2022\/08\/candidatos_senador.jpg","width":678,"height":353},{"@type":"BreadcrumbList","@id":"https:\/\/aconteceunovale.com.br\/portal\/?p=189810#breadcrumb","itemListElement":[{"@type":"ListItem","position":1,"name":"In\u00edcio","item":"https:\/\/aconteceunovale.com.br\/portal\/"},{"@type":"ListItem","position":2,"name":"Minas Gerais tem 9 candidatos a senador; confira"}]},{"@type":"WebSite","@id":"https:\/\/aconteceunovale.com.br\/portal\/#website","url":"https:\/\/aconteceunovale.com.br\/portal\/","name":"Aconteceu no Vale","description":"Portal de Not\u00edcias","potentialAction":[{"@type":"SearchAction","target":{"@type":"EntryPoint","urlTemplate":"https:\/\/aconteceunovale.com.br\/portal\/?s={search_term_string}"},"query-input":{"@type":"PropertyValueSpecification","valueRequired":true,"valueName":"search_term_string"}}],"inLanguage":"pt-BR"},{"@type":"Person","@id":"https:\/\/aconteceunovale.com.br\/portal\/#\/schema\/person\/7d2f26d1483f8a63de73da1ee0754d35","name":"Reda\u00e7\u00e3o Aconteceu no Vale","description":"Equipe de reportagem do Aconteceu no Vale, portal de not\u00edcias do Vale do Jequitinhonha, em Minas Gerais. Cobrimos as 51 cidades do Vale desde 2013. Sugest\u00f5es de pauta e pedidos de corre\u00e7\u00e3o: contato@aconteceunovale.com.br","url":"https:\/\/aconteceunovale.com.br\/portal\/?author=4"}]}},"_links":{"self":[{"href":"https:\/\/aconteceunovale.com.br\/portal\/index.php?rest_route=\/wp\/v2\/posts\/189810","targetHints":{"allow":["GET"]}}],"collection":[{"href":"https:\/\/aconteceunovale.com.br\/portal\/index.php?rest_route=\/wp\/v2\/posts"}],"about":[{"href":"https:\/\/aconteceunovale.com.br\/portal\/index.php?rest_route=\/wp\/v2\/types\/post"}],"author":[{"embeddable":true,"href":"https:\/\/aconteceunovale.com.br\/portal\/index.php?rest_route=\/wp\/v2\/users\/4"}],"replies":[{"embeddable":true,"href":"https:\/\/aconteceunovale.com.br\/portal\/index.php?rest_route=%2Fwp%2Fv2%2Fcomments&post=189810"}],"version-history":[{"count":1,"href":"https:\/\/aconteceunovale.com.br\/portal\/index.php?rest_route=\/wp\/v2\/posts\/189810\/revisions"}],"predecessor-version":[{"id":189812,"href":"https:\/\/aconteceunovale.com.br\/portal\/index.php?rest_route=\/wp\/v2\/posts\/189810\/revisions\/189812"}],"wp:featuredmedia":[{"embeddable":true,"href":"https:\/\/aconteceunovale.com.br\/portal\/index.php?rest_route=\/wp\/v2\/media\/189811"}],"wp:attachment":[{"href":"https:\/\/aconteceunovale.com.br\/portal\/index.php?rest_route=%2Fwp%2Fv2%2Fmedia&parent=189810"}],"wp:term":[{"taxonomy":"category","embeddable":true,"href":"https:\/\/aconteceunovale.com.br\/portal\/index.php?rest_route=%2Fwp%2Fv2%2Fcategories&post=189810"},{"taxonomy":"post_tag","embeddable":true,"href":"https:\/\/aconteceunovale.com.br\/portal\/index.php?rest_route=%2Fwp%2Fv2%2Ftags&post=189810"}],"curies":[{"name":"wp","href":"https:\/\/api.w.org\/{rel}","templated":true}]}}