{"id":189805,"date":"2022-08-15T20:41:53","date_gmt":"2022-08-15T23:41:53","guid":{"rendered":"https:\/\/aconteceunovale.com.br\/portal\/?p=189805"},"modified":"2022-08-15T20:46:18","modified_gmt":"2022-08-15T23:46:18","slug":"minas-gerais-tem-10-candidatos-a-governador-confira","status":"publish","type":"post","link":"https:\/\/aconteceunovale.com.br\/portal\/?p=189805","title":{"rendered":"Minas Gerais tem 10 candidatos a governador; confira"},"content":{"rendered":"\n<p class=\"wp-block-paragraph\">O Tribunal Superior Eleitoral (TSE) recebeu 10 pedidos de registro de candidatura para a disputa do Governo de Minas Gerais nas elei\u00e7\u00f5es de outubro.<\/p>\n\n\n\n<figure class=\"wp-block-gallery has-nested-images columns-default is-cropped wp-block-gallery-1 is-layout-flex wp-block-gallery-is-layout-flex\">\n<figure class=\"wp-block-image size-large\"><img loading=\"lazy\" decoding=\"async\" width=\"678\" height=\"353\" data-id=\"189806\" src=\"https:\/\/aconteceunovale.com.br\/portal\/wp-content\/uploads\/2022\/08\/candidatos_governador.jpg\" alt=\"\" class=\"wp-image-189806\" srcset=\"https:\/\/aconteceunovale.com.br\/portal\/wp-content\/uploads\/2022\/08\/candidatos_governador.jpg 678w, https:\/\/aconteceunovale.com.br\/portal\/wp-content\/uploads\/2022\/08\/candidatos_governador-300x156.jpg 300w\" sizes=\"auto, (max-width: 678px) 100vw, 678px\" \/><figcaption><em><sub>Candidatos a governador de Minas Gerais &#8211; Arte: Aconteceu no Vale<\/sub><\/em><\/figcaption><\/figure>\n<\/figure>\n\n\n\n<p class=\"wp-block-paragraph\"><strong>Candidatos a governador de Minas Gerais:<\/strong><\/p>\n\n\n\n<figure class=\"wp-block-table is-style-regular\"><table><tbody><tr><td class=\"has-text-align-center\" data-align=\"center\"><strong>Nome na urna<\/strong><\/td><td class=\"has-text-align-center\" data-align=\"center\"><strong>Nome completo<\/strong><\/td><td class=\"has-text-align-center\" data-align=\"center\"><strong>N\u00fam.<\/strong><\/td><td class=\"has-text-align-center\" data-align=\"center\"><strong>Sigla<\/strong><\/td><td class=\"has-text-align-center\" data-align=\"center\"><strong>Partido\/Federa\u00e7\u00e3o\/Coliga\u00e7\u00e3o<\/strong><\/td><td class=\"has-text-align-center\" data-align=\"center\"><strong>P\u00e1gina<\/strong><\/td><\/tr><tr><td class=\"has-text-align-center\" data-align=\"center\">Cabo Trist\u00e3o<\/td><td class=\"has-text-align-center\" data-align=\"center\">Paulo Trist\u00e3o Pinto<\/td><td class=\"has-text-align-center\" data-align=\"center\">35<\/td><td class=\"has-text-align-center\" data-align=\"center\">PMB<\/td><td class=\"has-text-align-center\" data-align=\"center\">PMB<\/td><td class=\"has-text-align-center\" data-align=\"center\"><a href=\"https:\/\/divulgacandcontas.tse.jus.br\/divulga\/#\/candidato\/2022\/2040602022\/MG\/130001713602\" target=\"_blank\" rel=\"noreferrer noopener\">Link<\/a><\/td><\/tr><tr><td class=\"has-text-align-center\" data-align=\"center\">Carlos Viana<\/td><td class=\"has-text-align-center\" data-align=\"center\">Carlos Alberto Dias Viana<\/td><td class=\"has-text-align-center\" data-align=\"center\">22<\/td><td class=\"has-text-align-center\" data-align=\"center\">PL<\/td><td class=\"has-text-align-center\" data-align=\"center\">Lealdade Por Minas (PL \/ Republicanos \/ PRTB)<\/td><td class=\"has-text-align-center\" data-align=\"center\"><a href=\"https:\/\/divulgacandcontas.tse.jus.br\/divulga\/#\/candidato\/2022\/2040602022\/MG\/130001650894\" target=\"_blank\" rel=\"noreferrer noopener\">Link<\/a><\/td><\/tr><tr><td class=\"has-text-align-center\" data-align=\"center\">Indira Xavier<\/td><td class=\"has-text-align-center\" data-align=\"center\">Indira Ivanise Xavier<\/td><td class=\"has-text-align-center\" data-align=\"center\">80<\/td><td class=\"has-text-align-center\" data-align=\"center\">UP<\/td><td class=\"has-text-align-center\" data-align=\"center\">UP<\/td><td class=\"has-text-align-center\" data-align=\"center\"><a href=\"https:\/\/divulgacandcontas.tse.jus.br\/divulga\/#\/candidato\/2022\/2040602022\/MG\/130001693598\" target=\"_blank\" rel=\"noreferrer noopener\">Link<\/a><\/td><\/tr><tr><td class=\"has-text-align-center\" data-align=\"center\">Kalil<\/td><td class=\"has-text-align-center\" data-align=\"center\">Alexandre Kalil<\/td><td class=\"has-text-align-center\" data-align=\"center\">55<\/td><td class=\"has-text-align-center\" data-align=\"center\">PSD<\/td><td class=\"has-text-align-center\" data-align=\"center\">Juntos Pelo Povo de Minas Gerais (Federa\u00e7\u00e3o Brasil da Esperan\u00e7a &#8211; FE Brasil (PT \/ PC do B \/ PV) \/ PSD \/ PSB)<\/td><td class=\"has-text-align-center\" data-align=\"center\"><a href=\"https:\/\/divulgacandcontas.tse.jus.br\/divulga\/#\/candidato\/2022\/2040602022\/MG\/130001621812\" target=\"_blank\" rel=\"noreferrer noopener\">Link<\/a><\/td><\/tr><tr><td class=\"has-text-align-center\" data-align=\"center\">Lorene Figueiredo<\/td><td class=\"has-text-align-center\" data-align=\"center\">Lorene Figueiredo de Oliveira<\/td><td class=\"has-text-align-center\" data-align=\"center\">50<\/td><td class=\"has-text-align-center\" data-align=\"center\">PSOL<\/td><td class=\"has-text-align-center\" data-align=\"center\">Federa\u00e7\u00e3o PSOL REDE (PSOL \/ REDE)<\/td><td class=\"has-text-align-center\" data-align=\"center\"><a href=\"https:\/\/divulgacandcontas.tse.jus.br\/divulga\/#\/candidato\/2022\/2040602022\/MG\/130001615084\" target=\"_blank\" rel=\"noreferrer noopener\">Link<\/a><\/td><\/tr><tr><td class=\"has-text-align-center\" data-align=\"center\">Lourdes Francisco<\/td><td class=\"has-text-align-center\" data-align=\"center\">Lourdes Francisco da Costa<\/td><td class=\"has-text-align-center\" data-align=\"center\">29<\/td><td class=\"has-text-align-center\" data-align=\"center\">PCO<\/td><td class=\"has-text-align-center\" data-align=\"center\">PCO<\/td><td class=\"has-text-align-center\" data-align=\"center\"><a href=\"https:\/\/divulgacandcontas.tse.jus.br\/divulga\/#\/candidato\/2022\/2040602022\/MG\/130001713407\" target=\"_blank\" rel=\"noreferrer noopener\">Link<\/a><\/td><\/tr><tr><td class=\"has-text-align-center\" data-align=\"center\">Marcus Pestana<\/td><td class=\"has-text-align-center\" data-align=\"center\">Marcus Vin\u00edcius Caetano Pestana da Silva<\/td><td class=\"has-text-align-center\" data-align=\"center\">45<\/td><td class=\"has-text-align-center\" data-align=\"center\">PSDB<\/td><td class=\"has-text-align-center\" data-align=\"center\">O Futuro em Nossas M\u00e3os (Federa\u00e7\u00e3o PSDB Cidadania (PSDB \/ Cidadania) \/ PDT)<\/td><td class=\"has-text-align-center\" data-align=\"center\"><a href=\"https:\/\/divulgacandcontas.tse.jus.br\/divulga\/#\/candidato\/2022\/2040602022\/MG\/130001633534\" target=\"_blank\" rel=\"noreferrer noopener\">Link<\/a><\/td><\/tr><tr><td class=\"has-text-align-center\" data-align=\"center\">Renata Regina<\/td><td class=\"has-text-align-center\" data-align=\"center\">Renata Regina de Abreu Rodrigues<\/td><td class=\"has-text-align-center\" data-align=\"center\">21<\/td><td class=\"has-text-align-center\" data-align=\"center\">PCB<\/td><td class=\"has-text-align-center\" data-align=\"center\">PCB<\/td><td class=\"has-text-align-center\" data-align=\"center\"><a href=\"https:\/\/divulgacandcontas.tse.jus.br\/divulga\/#\/candidato\/2022\/2040602022\/MG\/130001615039\" target=\"_blank\" rel=\"noreferrer noopener\">Link<\/a><\/td><\/tr><tr><td class=\"has-text-align-center\" data-align=\"center\">Vanessa Portugal<\/td><td class=\"has-text-align-center\" data-align=\"center\">Vanessa Portugal Barbosa<\/td><td class=\"has-text-align-center\" data-align=\"center\">16<\/td><td class=\"has-text-align-center\" data-align=\"center\">PSTU<\/td><td class=\"has-text-align-center\" data-align=\"center\">PSTU<\/td><td class=\"has-text-align-center\" data-align=\"center\"><a href=\"https:\/\/divulgacandcontas.tse.jus.br\/divulga\/#\/candidato\/2022\/2040602022\/MG\/130001644653\" target=\"_blank\" rel=\"noreferrer noopener\">Link<\/a><\/td><\/tr><tr><td class=\"has-text-align-center\" data-align=\"center\">Zema<\/td><td class=\"has-text-align-center\" data-align=\"center\">Romeu Zema Neto<\/td><td class=\"has-text-align-center\" data-align=\"center\">30<\/td><td class=\"has-text-align-center\" data-align=\"center\">NOVO<\/td><td class=\"has-text-align-center\" data-align=\"center\">Minas nos Trilhos (PP \/ PODE \/ Solidariedade \/ Patriota \/ Avante \/ PMN \/ AGIR \/ DC \/ MDB \/ NOVO)<\/td><td class=\"has-text-align-center\" data-align=\"center\"><a href=\"https:\/\/divulgacandcontas.tse.jus.br\/divulga\/#\/candidato\/2022\/2040602022\/MG\/130001701690\" target=\"_blank\" rel=\"noreferrer noopener\">Link<\/a><\/td><\/tr><\/tbody><\/table><\/figure>\n\n\n\n<p class=\"wp-block-paragraph\"><strong>Candidatos a vice-governador de Minas Gerais:<\/strong><\/p>\n\n\n\n<figure class=\"wp-block-table is-style-regular\"><table><tbody><tr><td class=\"has-text-align-center\" data-align=\"center\"><strong>Nome na urna<\/strong><\/td><td class=\"has-text-align-center\" data-align=\"center\"><strong>Nome completo<\/strong><\/td><td class=\"has-text-align-center\" data-align=\"center\"><strong>N\u00fam.<\/strong><\/td><td class=\"has-text-align-center\" data-align=\"center\"><strong>Sigla<\/strong><\/td><td class=\"has-text-align-center\" data-align=\"center\"><strong>Partido\/Federa\u00e7\u00e3o\/Coliga\u00e7\u00e3o<\/strong><\/td><td class=\"has-text-align-center\" data-align=\"center\"><strong>P\u00e1gina<\/strong><\/td><\/tr><tr><td class=\"has-text-align-center\" data-align=\"center\">Ant\u00f4nio Ot\u00e1vio<\/td><td class=\"has-text-align-center\" data-align=\"center\">Ant\u00f4nio Ot\u00e1vio da Silva<\/td><td class=\"has-text-align-center\" data-align=\"center\">35<\/td><td class=\"has-text-align-center\" data-align=\"center\">PMB<\/td><td class=\"has-text-align-center\" data-align=\"center\">PMB<\/td><td class=\"has-text-align-center\" data-align=\"center\"><a href=\"https:\/\/divulgacandcontas.tse.jus.br\/divulga\/#\/candidato\/2022\/2040602022\/MG\/130001713601\" target=\"_blank\" rel=\"noreferrer noopener\">Link<\/a><\/td><\/tr><tr><td class=\"has-text-align-center\" data-align=\"center\">Coronel Wanderley<\/td><td class=\"has-text-align-center\" data-align=\"center\">Wanderley Wilson Amaro<\/td><td class=\"has-text-align-center\" data-align=\"center\">22<\/td><td class=\"has-text-align-center\" data-align=\"center\">PL<\/td><td class=\"has-text-align-center\" data-align=\"center\">Lealdade Por Minas (PL \/ Republicanos \/ PRTB)<\/td><td class=\"has-text-align-center\" data-align=\"center\"><a href=\"https:\/\/divulgacandcontas.tse.jus.br\/divulga\/#\/candidato\/2022\/2040602022\/MG\/130001650895\" target=\"_blank\" rel=\"noreferrer noopener\">Link<\/a><\/td><\/tr><tr><td class=\"has-text-align-center\" data-align=\"center\">Edna da Izidora<\/td><td class=\"has-text-align-center\" data-align=\"center\">Edna Gon\u00e7alves de Souza<\/td><td class=\"has-text-align-center\" data-align=\"center\">80<\/td><td class=\"has-text-align-center\" data-align=\"center\">UP<\/td><td class=\"has-text-align-center\" data-align=\"center\">UP<\/td><td class=\"has-text-align-center\" data-align=\"center\"><a href=\"https:\/\/divulgacandcontas.tse.jus.br\/divulga\/#\/candidato\/2022\/2040602022\/MG\/130001693599\" target=\"_blank\" rel=\"noreferrer noopener\">Link<\/a><\/td><\/tr><tr><td class=\"has-text-align-center\" data-align=\"center\">Andr\u00e9 Quint\u00e3o<\/td><td class=\"has-text-align-center\" data-align=\"center\">Andr\u00e9 Quint\u00e3o Silva<\/td><td class=\"has-text-align-center\" data-align=\"center\">55<\/td><td class=\"has-text-align-center\" data-align=\"center\">PT<\/td><td class=\"has-text-align-center\" data-align=\"center\">Juntos Pelo Povo de Minas Gerais (Federa\u00e7\u00e3o Brasil da Esperan\u00e7a &#8211; FE Brasil (PT \/ PC do B \/ PV) \/ PSD \/ PSB)<\/td><td class=\"has-text-align-center\" data-align=\"center\"><a href=\"https:\/\/divulgacandcontas.tse.jus.br\/divulga\/#\/candidato\/2022\/2040602022\/MG\/130001621811\" target=\"_blank\" rel=\"noreferrer noopener\">Link<\/a><\/td><\/tr><tr><td class=\"has-text-align-center\" data-align=\"center\">Ana Azevedo<\/td><td class=\"has-text-align-center\" data-align=\"center\">Ana Paula de Azevedo de Souza Neto<\/td><td class=\"has-text-align-center\" data-align=\"center\">50<\/td><td class=\"has-text-align-center\" data-align=\"center\">PSOL<\/td><td class=\"has-text-align-center\" data-align=\"center\">Federa\u00e7\u00e3o PSOL REDE (PSOL \/ REDE)<\/td><td class=\"has-text-align-center\" data-align=\"center\"><a href=\"https:\/\/divulgacandcontas.tse.jus.br\/divulga\/#\/candidato\/2022\/2040602022\/MG\/130001615085\" target=\"_blank\" rel=\"noreferrer noopener\">Link<\/a><\/td><\/tr><tr><td class=\"has-text-align-center\" data-align=\"center\">Sebasti\u00e3o Pessoa<\/td><td class=\"has-text-align-center\" data-align=\"center\">Sebasti\u00e3o de Oliveira Pessoa<\/td><td class=\"has-text-align-center\" data-align=\"center\">29<\/td><td class=\"has-text-align-center\" data-align=\"center\">PCO<\/td><td class=\"has-text-align-center\" data-align=\"center\">PCO<\/td><td class=\"has-text-align-center\" data-align=\"center\"><a href=\"https:\/\/divulgacandcontas.tse.jus.br\/divulga\/#\/candidato\/2022\/2040602022\/MG\/130001713406\" target=\"_blank\" rel=\"noreferrer noopener\">Link<\/a><\/td><\/tr><tr><td class=\"has-text-align-center\" data-align=\"center\">Paulo Brant<\/td><td class=\"has-text-align-center\" data-align=\"center\">Paulo Eduardo Rocha Brant<\/td><td class=\"has-text-align-center\" data-align=\"center\">45<\/td><td class=\"has-text-align-center\" data-align=\"center\">PSDB<\/td><td class=\"has-text-align-center\" data-align=\"center\">O Futuro em Nossas M\u00e3os (Federa\u00e7\u00e3o PSDB Cidadania (PSDB \/ Cidadania) \/ PDT)<\/td><td class=\"has-text-align-center\" data-align=\"center\"><a href=\"https:\/\/divulgacandcontas.tse.jus.br\/divulga\/#\/candidato\/2022\/2040602022\/MG\/130001633535\" target=\"_blank\" rel=\"noreferrer noopener\">Link<\/a><\/td><\/tr><tr><td class=\"has-text-align-center\" data-align=\"center\">Tuani Guimar\u00e3es<\/td><td class=\"has-text-align-center\" data-align=\"center\">Tuani Guimar\u00e3es de Avila Augusto<\/td><td class=\"has-text-align-center\" data-align=\"center\">21<\/td><td class=\"has-text-align-center\" data-align=\"center\">PCB<\/td><td class=\"has-text-align-center\" data-align=\"center\">PCB<\/td><td class=\"has-text-align-center\" data-align=\"center\"><a href=\"https:\/\/divulgacandcontas.tse.jus.br\/divulga\/#\/candidato\/2022\/2040602022\/MG\/130001615040\" target=\"_blank\" rel=\"noreferrer noopener\">Link<\/a><\/td><\/tr><tr><td class=\"has-text-align-center\" data-align=\"center\">Jordano Metal\u00fargico<\/td><td class=\"has-text-align-center\" data-align=\"center\">Jordano Carvalho dos Santos<\/td><td class=\"has-text-align-center\" data-align=\"center\">16<\/td><td class=\"has-text-align-center\" data-align=\"center\">PSTU<\/td><td class=\"has-text-align-center\" data-align=\"center\">PSTU<\/td><td class=\"has-text-align-center\" data-align=\"center\"><a href=\"https:\/\/divulgacandcontas.tse.jus.br\/divulga\/#\/candidato\/2022\/2040602022\/MG\/130001644652\" target=\"_blank\" rel=\"noreferrer noopener\">Link<\/a><\/td><\/tr><tr><td class=\"has-text-align-center\" data-align=\"center\">Professor Mateus<\/td><td class=\"has-text-align-center\" data-align=\"center\">Mateus Sim\u00f5es de Almeida<\/td><td class=\"has-text-align-center\" data-align=\"center\">30<\/td><td class=\"has-text-align-center\" data-align=\"center\">NOVO<\/td><td class=\"has-text-align-center\" data-align=\"center\">Minas nos Trilhos (PP \/ PODE \/ Solidariedade \/ Patriota \/ Avante \/ PMN \/ AGIR \/ DC \/ MDB \/ NOVO)<\/td><td class=\"has-text-align-center\" data-align=\"center\"><a href=\"https:\/\/divulgacandcontas.tse.jus.br\/divulga\/#\/candidato\/2022\/2040602022\/MG\/130001701691\" target=\"_blank\" rel=\"noreferrer noopener\">Link<\/a><\/td><\/tr><\/tbody><\/table><\/figure>\n\n\n\n<p class=\"wp-block-paragraph\">&#8212;&#8212;&#8212;&#8212;&#8212;&#8212;<br><br><strong>Sabia que o Aconteceu no Vale est\u00e1 tamb\u00e9m no Telegram? <a rel=\"noreferrer noopener\" href=\"https:\/\/t.me\/aconteceunovaleoficial\" target=\"_blank\">Inscreva-se no canal<\/a>.<\/strong><br><br><strong>J\u00e1 curtiu ou seguiu nossas p\u00e1ginas nas redes sociais?&nbsp;Receba as not\u00edcias em primeira m\u00e3o:<\/strong><br>\u2022 <a rel=\"noreferrer noopener\" href=\"https:\/\/news.google.com\/publications\/CAAqBwgKMNjklQswi4etAw?hl=pt-BR&amp;gl=BR&amp;ceid=BR%3Apt-419\" target=\"_blank\">Google News<\/a><br>\u2022 <a rel=\"noreferrer noopener\" href=\"https:\/\/www.facebook.com\/aconteceunovale\/\" target=\"_blank\">Facebook<\/a><br>\u2022 <a rel=\"noreferrer noopener\" href=\"https:\/\/twitter.com\/noticiadosvales\" target=\"_blank\">Twitter<\/a><br>\u2022 <a rel=\"noreferrer noopener\" href=\"https:\/\/www.instagram.com\/aconteceunovale\" target=\"_blank\">Instagram<\/a><br>\u2022 <a rel=\"noreferrer noopener\" href=\"https:\/\/www.youtube.com\/AconteceunoValeOficial\" target=\"_blank\">Youtube<\/a><br>\u2022 <a rel=\"noreferrer noopener\" href=\"https:\/\/www.tiktok.com\/@aconteceunovale\" target=\"_blank\">TikTok<\/a><\/p>\n","protected":false},"excerpt":{"rendered":"<p>O Tribunal Superior Eleitoral (TSE) recebeu 10 pedidos de registro de candidatura para a disputa do Governo de Minas Gerais nas elei\u00e7\u00f5es de outubro. Candidatos a governador de Minas Gerais: Nome na urna Nome completo N\u00fam. Sigla Partido\/Federa\u00e7\u00e3o\/Coliga\u00e7\u00e3o P\u00e1gina Cabo Trist\u00e3o Paulo Trist\u00e3o Pinto 35 PMB PMB Link Carlos Viana Carlos Alberto Dias Viana 22 [&hellip;]<\/p>\n","protected":false},"author":4,"featured_media":189806,"comment_status":"open","ping_status":"closed","sticky":false,"template":"","format":"standard","meta":{"amp_status":"","footnotes":""},"categories":[249933,123],"tags":[262137,14216,262134,262129,13331,178438,262135,1018,262136,252238,262127,262130,178206,119292,178199,262131,262132,41235,186976,131,262126,178200,177497,178829,13966,13967,243467,61384,119338,7882,13969,178191,262128,262133,178207,262138,262139,261973,116273],"class_list":["post-189805","post","type-post","status-publish","format-standard","has-post-thumbnail","hentry","category-eleicoes-2022","category-gerais","tag-ana-azevedo","tag-andre-quintao","tag-antonio-otavio","tag-cabo-tristao","tag-candidatos-a-governador-de-minas-gerais","tag-carlos-viana","tag-coronel-wanderley","tag-destaque","tag-edna-da-izidora","tag-eleicoes-2022","tag-eleicoes-para-governador-de-minas-gerais","tag-indira-xavier","tag-jordano-metalurgico","tag-kalil","tag-lista-de-candidatos-a-governador-de-minas-gerais","tag-lorene-figueiredo","tag-lourdes-francisco","tag-marcus-pestana","tag-mateus-simoes","tag-minas-gerais","tag-minas-gerais-tem-10-candidatos-a-governador","tag-nomes-dos-candidatos-a-governador-de-minas-gerais","tag-novo","tag-paulo-brant","tag-pcb","tag-pco","tag-pl","tag-pmb","tag-psd","tag-psdb","tag-psol","tag-pstu","tag-relacao-de-candidatos-a-governador-de-minas-gerais","tag-renata-regina","tag-romeu-zema","tag-sebastiao-pessoa","tag-tuani-guimaraes","tag-up","tag-vanessa-portugal"],"yoast_head":"<!-- This site is optimized with the Yoast SEO plugin v28.3 - https:\/\/yoast.com\/product\/yoast-seo-wordpress\/ -->\n<title>Minas Gerais tem 10 candidatos a governador; confira - Aconteceu no Vale<\/title>\n<meta name=\"robots\" content=\"index, follow, max-snippet:-1, max-image-preview:large, max-video-preview:-1\" \/>\n<link rel=\"canonical\" href=\"https:\/\/aconteceunovale.com.br\/portal\/?p=189805\" \/>\n<meta property=\"og:locale\" content=\"pt_BR\" \/>\n<meta property=\"og:type\" content=\"article\" \/>\n<meta property=\"og:title\" content=\"Minas Gerais tem 10 candidatos a governador; confira - Aconteceu no Vale\" \/>\n<meta property=\"og:description\" content=\"O Tribunal Superior Eleitoral (TSE) recebeu 10 pedidos de registro de candidatura para a disputa do Governo de Minas Gerais nas elei\u00e7\u00f5es de outubro. Candidatos a governador de Minas Gerais: Nome na urna Nome completo N\u00fam. Sigla Partido\/Federa\u00e7\u00e3o\/Coliga\u00e7\u00e3o P\u00e1gina Cabo Trist\u00e3o Paulo Trist\u00e3o Pinto 35 PMB PMB Link Carlos Viana Carlos Alberto Dias Viana 22 [&hellip;]\" \/>\n<meta property=\"og:url\" content=\"https:\/\/aconteceunovale.com.br\/portal\/?p=189805\" \/>\n<meta property=\"og:site_name\" content=\"Aconteceu no Vale\" \/>\n<meta property=\"article:publisher\" content=\"https:\/\/www.facebook.com\/aconteceunovale\/\" \/>\n<meta property=\"article:published_time\" content=\"2022-08-15T23:41:53+00:00\" \/>\n<meta property=\"article:modified_time\" content=\"2022-08-15T23:46:18+00:00\" \/>\n<meta property=\"og:image\" content=\"https:\/\/aconteceunovale.com.br\/portal\/wp-content\/uploads\/2022\/08\/candidatos_governador.jpg\" \/>\n\t<meta property=\"og:image:width\" content=\"678\" \/>\n\t<meta property=\"og:image:height\" content=\"353\" \/>\n\t<meta property=\"og:image:type\" content=\"image\/jpeg\" \/>\n<meta name=\"author\" content=\"Reda\u00e7\u00e3o Aconteceu no Vale\" \/>\n<meta name=\"twitter:card\" content=\"summary_large_image\" \/>\n<meta name=\"twitter:creator\" content=\"@noticiadosvales\" \/>\n<meta name=\"twitter:site\" content=\"@noticiadosvales\" \/>\n<meta name=\"twitter:label1\" content=\"Escrito por\" \/>\n\t<meta name=\"twitter:data1\" content=\"Reda\u00e7\u00e3o Aconteceu no Vale\" \/>\n\t<meta name=\"twitter:label2\" content=\"Est. tempo de leitura\" \/>\n\t<meta name=\"twitter:data2\" content=\"2 minutos\" \/>\n<script type=\"application\/ld+json\" class=\"yoast-schema-graph\">{\"@context\":\"https:\\\/\\\/schema.org\",\"@graph\":[{\"@type\":\"Article\",\"@id\":\"https:\\\/\\\/aconteceunovale.com.br\\\/portal\\\/?p=189805#article\",\"isPartOf\":{\"@id\":\"https:\\\/\\\/aconteceunovale.com.br\\\/portal\\\/?p=189805\"},\"author\":{\"name\":\"Reda\u00e7\u00e3o Aconteceu no Vale\",\"@id\":\"https:\\\/\\\/aconteceunovale.com.br\\\/portal\\\/#\\\/schema\\\/person\\\/7d2f26d1483f8a63de73da1ee0754d35\"},\"headline\":\"Minas Gerais tem 10 candidatos a governador; confira\",\"datePublished\":\"2022-08-15T23:41:53+00:00\",\"dateModified\":\"2022-08-15T23:46:18+00:00\",\"mainEntityOfPage\":{\"@id\":\"https:\\\/\\\/aconteceunovale.com.br\\\/portal\\\/?p=189805\"},\"wordCount\":429,\"commentCount\":0,\"image\":{\"@id\":\"https:\\\/\\\/aconteceunovale.com.br\\\/portal\\\/?p=189805#primaryimage\"},\"thumbnailUrl\":\"https:\\\/\\\/aconteceunovale.com.br\\\/portal\\\/wp-content\\\/uploads\\\/2022\\\/08\\\/candidatos_governador.jpg\",\"keywords\":[\"Ana Azevedo\",\"Andr\u00e9 Quint\u00e3o\",\"Ant\u00f4nio Ot\u00e1vio\",\"Cabo Trist\u00e3o\",\"Candidatos a governador de Minas Gerais\",\"Carlos Viana\",\"Coronel Wanderley\",\"destaque\",\"Edna da Izidora\",\"Elei\u00e7\u00f5es 2022\",\"Elei\u00e7\u00f5es para governador de Minas Gerais\",\"Indira Xavier\",\"Jordano Metal\u00fargico\",\"Kalil\",\"Lista de Candidatos a Governador de Minas Gerais\",\"Lorene Figueiredo\",\"Lourdes Francisco\",\"Marcus Pestana\",\"Mateus Sim\u00f5es\",\"Minas Gerais\",\"Minas Gerais tem 10 candidatos a governador\",\"Nomes dos Candidatos a Governador de Minas Gerais\",\"novo\",\"Paulo Brant\",\"PCB\",\"PCO\",\"PL\",\"PMB\",\"PSD\",\"psdb\",\"PSOL\",\"PSTU\",\"Rela\u00e7\u00e3o de candidatos a governador de Minas Gerais\",\"Renata Regina\",\"Romeu Zema\",\"Sebasti\u00e3o Pessoa\",\"Tuani Guimar\u00e3es\",\"UP\",\"Vanessa Portugal\"],\"articleSection\":[\"Elei\u00e7\u00f5es 2022\",\"Minas Gerais\"],\"inLanguage\":\"pt-BR\",\"potentialAction\":[{\"@type\":\"CommentAction\",\"name\":\"Comment\",\"target\":[\"https:\\\/\\\/aconteceunovale.com.br\\\/portal\\\/?p=189805#respond\"]}]},{\"@type\":\"WebPage\",\"@id\":\"https:\\\/\\\/aconteceunovale.com.br\\\/portal\\\/?p=189805\",\"url\":\"https:\\\/\\\/aconteceunovale.com.br\\\/portal\\\/?p=189805\",\"name\":\"Minas Gerais tem 10 candidatos a governador; confira - Aconteceu no Vale\",\"isPartOf\":{\"@id\":\"https:\\\/\\\/aconteceunovale.com.br\\\/portal\\\/#website\"},\"primaryImageOfPage\":{\"@id\":\"https:\\\/\\\/aconteceunovale.com.br\\\/portal\\\/?p=189805#primaryimage\"},\"image\":{\"@id\":\"https:\\\/\\\/aconteceunovale.com.br\\\/portal\\\/?p=189805#primaryimage\"},\"thumbnailUrl\":\"https:\\\/\\\/aconteceunovale.com.br\\\/portal\\\/wp-content\\\/uploads\\\/2022\\\/08\\\/candidatos_governador.jpg\",\"datePublished\":\"2022-08-15T23:41:53+00:00\",\"dateModified\":\"2022-08-15T23:46:18+00:00\",\"author\":{\"@id\":\"https:\\\/\\\/aconteceunovale.com.br\\\/portal\\\/#\\\/schema\\\/person\\\/7d2f26d1483f8a63de73da1ee0754d35\"},\"breadcrumb\":{\"@id\":\"https:\\\/\\\/aconteceunovale.com.br\\\/portal\\\/?p=189805#breadcrumb\"},\"inLanguage\":\"pt-BR\",\"potentialAction\":[{\"@type\":\"ReadAction\",\"target\":[\"https:\\\/\\\/aconteceunovale.com.br\\\/portal\\\/?p=189805\"]}]},{\"@type\":\"ImageObject\",\"inLanguage\":\"pt-BR\",\"@id\":\"https:\\\/\\\/aconteceunovale.com.br\\\/portal\\\/?p=189805#primaryimage\",\"url\":\"https:\\\/\\\/aconteceunovale.com.br\\\/portal\\\/wp-content\\\/uploads\\\/2022\\\/08\\\/candidatos_governador.jpg\",\"contentUrl\":\"https:\\\/\\\/aconteceunovale.com.br\\\/portal\\\/wp-content\\\/uploads\\\/2022\\\/08\\\/candidatos_governador.jpg\",\"width\":678,\"height\":353},{\"@type\":\"BreadcrumbList\",\"@id\":\"https:\\\/\\\/aconteceunovale.com.br\\\/portal\\\/?p=189805#breadcrumb\",\"itemListElement\":[{\"@type\":\"ListItem\",\"position\":1,\"name\":\"In\u00edcio\",\"item\":\"https:\\\/\\\/aconteceunovale.com.br\\\/portal\\\/\"},{\"@type\":\"ListItem\",\"position\":2,\"name\":\"Minas Gerais tem 10 candidatos a governador; confira\"}]},{\"@type\":\"WebSite\",\"@id\":\"https:\\\/\\\/aconteceunovale.com.br\\\/portal\\\/#website\",\"url\":\"https:\\\/\\\/aconteceunovale.com.br\\\/portal\\\/\",\"name\":\"Aconteceu no Vale\",\"description\":\"Portal de Not\u00edcias\",\"potentialAction\":[{\"@type\":\"SearchAction\",\"target\":{\"@type\":\"EntryPoint\",\"urlTemplate\":\"https:\\\/\\\/aconteceunovale.com.br\\\/portal\\\/?s={search_term_string}\"},\"query-input\":{\"@type\":\"PropertyValueSpecification\",\"valueRequired\":true,\"valueName\":\"search_term_string\"}}],\"inLanguage\":\"pt-BR\"},{\"@type\":\"Person\",\"@id\":\"https:\\\/\\\/aconteceunovale.com.br\\\/portal\\\/#\\\/schema\\\/person\\\/7d2f26d1483f8a63de73da1ee0754d35\",\"name\":\"Reda\u00e7\u00e3o Aconteceu no Vale\",\"description\":\"Equipe de reportagem do Aconteceu no Vale, portal de not\u00edcias do Vale do Jequitinhonha, em Minas Gerais. Cobrimos as 51 cidades do Vale desde 2013. Sugest\u00f5es de pauta e pedidos de corre\u00e7\u00e3o: contato@aconteceunovale.com.br\",\"url\":\"https:\\\/\\\/aconteceunovale.com.br\\\/portal\\\/?author=4\"}]}<\/script>\n<!-- \/ Yoast SEO plugin. -->","yoast_head_json":{"title":"Minas Gerais tem 10 candidatos a governador; confira - Aconteceu no Vale","robots":{"index":"index","follow":"follow","max-snippet":"max-snippet:-1","max-image-preview":"max-image-preview:large","max-video-preview":"max-video-preview:-1"},"canonical":"https:\/\/aconteceunovale.com.br\/portal\/?p=189805","og_locale":"pt_BR","og_type":"article","og_title":"Minas Gerais tem 10 candidatos a governador; confira - Aconteceu no Vale","og_description":"O Tribunal Superior Eleitoral (TSE) recebeu 10 pedidos de registro de candidatura para a disputa do Governo de Minas Gerais nas elei\u00e7\u00f5es de outubro. Candidatos a governador de Minas Gerais: Nome na urna Nome completo N\u00fam. Sigla Partido\/Federa\u00e7\u00e3o\/Coliga\u00e7\u00e3o P\u00e1gina Cabo Trist\u00e3o Paulo Trist\u00e3o Pinto 35 PMB PMB Link Carlos Viana Carlos Alberto Dias Viana 22 [&hellip;]","og_url":"https:\/\/aconteceunovale.com.br\/portal\/?p=189805","og_site_name":"Aconteceu no Vale","article_publisher":"https:\/\/www.facebook.com\/aconteceunovale\/","article_published_time":"2022-08-15T23:41:53+00:00","article_modified_time":"2022-08-15T23:46:18+00:00","og_image":[{"width":678,"height":353,"url":"https:\/\/aconteceunovale.com.br\/portal\/wp-content\/uploads\/2022\/08\/candidatos_governador.jpg","type":"image\/jpeg"}],"author":"Reda\u00e7\u00e3o Aconteceu no Vale","twitter_card":"summary_large_image","twitter_creator":"@noticiadosvales","twitter_site":"@noticiadosvales","twitter_misc":{"Escrito por":"Reda\u00e7\u00e3o Aconteceu no Vale","Est. tempo de leitura":"2 minutos"},"schema":{"@context":"https:\/\/schema.org","@graph":[{"@type":"Article","@id":"https:\/\/aconteceunovale.com.br\/portal\/?p=189805#article","isPartOf":{"@id":"https:\/\/aconteceunovale.com.br\/portal\/?p=189805"},"author":{"name":"Reda\u00e7\u00e3o Aconteceu no Vale","@id":"https:\/\/aconteceunovale.com.br\/portal\/#\/schema\/person\/7d2f26d1483f8a63de73da1ee0754d35"},"headline":"Minas Gerais tem 10 candidatos a governador; confira","datePublished":"2022-08-15T23:41:53+00:00","dateModified":"2022-08-15T23:46:18+00:00","mainEntityOfPage":{"@id":"https:\/\/aconteceunovale.com.br\/portal\/?p=189805"},"wordCount":429,"commentCount":0,"image":{"@id":"https:\/\/aconteceunovale.com.br\/portal\/?p=189805#primaryimage"},"thumbnailUrl":"https:\/\/aconteceunovale.com.br\/portal\/wp-content\/uploads\/2022\/08\/candidatos_governador.jpg","keywords":["Ana Azevedo","Andr\u00e9 Quint\u00e3o","Ant\u00f4nio Ot\u00e1vio","Cabo Trist\u00e3o","Candidatos a governador de Minas Gerais","Carlos Viana","Coronel Wanderley","destaque","Edna da Izidora","Elei\u00e7\u00f5es 2022","Elei\u00e7\u00f5es para governador de Minas Gerais","Indira Xavier","Jordano Metal\u00fargico","Kalil","Lista de Candidatos a Governador de Minas Gerais","Lorene Figueiredo","Lourdes Francisco","Marcus Pestana","Mateus Sim\u00f5es","Minas Gerais","Minas Gerais tem 10 candidatos a governador","Nomes dos Candidatos a Governador de Minas Gerais","novo","Paulo Brant","PCB","PCO","PL","PMB","PSD","psdb","PSOL","PSTU","Rela\u00e7\u00e3o de candidatos a governador de Minas Gerais","Renata Regina","Romeu Zema","Sebasti\u00e3o Pessoa","Tuani Guimar\u00e3es","UP","Vanessa Portugal"],"articleSection":["Elei\u00e7\u00f5es 2022","Minas Gerais"],"inLanguage":"pt-BR","potentialAction":[{"@type":"CommentAction","name":"Comment","target":["https:\/\/aconteceunovale.com.br\/portal\/?p=189805#respond"]}]},{"@type":"WebPage","@id":"https:\/\/aconteceunovale.com.br\/portal\/?p=189805","url":"https:\/\/aconteceunovale.com.br\/portal\/?p=189805","name":"Minas Gerais tem 10 candidatos a governador; confira - Aconteceu no Vale","isPartOf":{"@id":"https:\/\/aconteceunovale.com.br\/portal\/#website"},"primaryImageOfPage":{"@id":"https:\/\/aconteceunovale.com.br\/portal\/?p=189805#primaryimage"},"image":{"@id":"https:\/\/aconteceunovale.com.br\/portal\/?p=189805#primaryimage"},"thumbnailUrl":"https:\/\/aconteceunovale.com.br\/portal\/wp-content\/uploads\/2022\/08\/candidatos_governador.jpg","datePublished":"2022-08-15T23:41:53+00:00","dateModified":"2022-08-15T23:46:18+00:00","author":{"@id":"https:\/\/aconteceunovale.com.br\/portal\/#\/schema\/person\/7d2f26d1483f8a63de73da1ee0754d35"},"breadcrumb":{"@id":"https:\/\/aconteceunovale.com.br\/portal\/?p=189805#breadcrumb"},"inLanguage":"pt-BR","potentialAction":[{"@type":"ReadAction","target":["https:\/\/aconteceunovale.com.br\/portal\/?p=189805"]}]},{"@type":"ImageObject","inLanguage":"pt-BR","@id":"https:\/\/aconteceunovale.com.br\/portal\/?p=189805#primaryimage","url":"https:\/\/aconteceunovale.com.br\/portal\/wp-content\/uploads\/2022\/08\/candidatos_governador.jpg","contentUrl":"https:\/\/aconteceunovale.com.br\/portal\/wp-content\/uploads\/2022\/08\/candidatos_governador.jpg","width":678,"height":353},{"@type":"BreadcrumbList","@id":"https:\/\/aconteceunovale.com.br\/portal\/?p=189805#breadcrumb","itemListElement":[{"@type":"ListItem","position":1,"name":"In\u00edcio","item":"https:\/\/aconteceunovale.com.br\/portal\/"},{"@type":"ListItem","position":2,"name":"Minas Gerais tem 10 candidatos a governador; confira"}]},{"@type":"WebSite","@id":"https:\/\/aconteceunovale.com.br\/portal\/#website","url":"https:\/\/aconteceunovale.com.br\/portal\/","name":"Aconteceu no Vale","description":"Portal de Not\u00edcias","potentialAction":[{"@type":"SearchAction","target":{"@type":"EntryPoint","urlTemplate":"https:\/\/aconteceunovale.com.br\/portal\/?s={search_term_string}"},"query-input":{"@type":"PropertyValueSpecification","valueRequired":true,"valueName":"search_term_string"}}],"inLanguage":"pt-BR"},{"@type":"Person","@id":"https:\/\/aconteceunovale.com.br\/portal\/#\/schema\/person\/7d2f26d1483f8a63de73da1ee0754d35","name":"Reda\u00e7\u00e3o Aconteceu no Vale","description":"Equipe de reportagem do Aconteceu no Vale, portal de not\u00edcias do Vale do Jequitinhonha, em Minas Gerais. Cobrimos as 51 cidades do Vale desde 2013. Sugest\u00f5es de pauta e pedidos de corre\u00e7\u00e3o: contato@aconteceunovale.com.br","url":"https:\/\/aconteceunovale.com.br\/portal\/?author=4"}]}},"_links":{"self":[{"href":"https:\/\/aconteceunovale.com.br\/portal\/index.php?rest_route=\/wp\/v2\/posts\/189805","targetHints":{"allow":["GET"]}}],"collection":[{"href":"https:\/\/aconteceunovale.com.br\/portal\/index.php?rest_route=\/wp\/v2\/posts"}],"about":[{"href":"https:\/\/aconteceunovale.com.br\/portal\/index.php?rest_route=\/wp\/v2\/types\/post"}],"author":[{"embeddable":true,"href":"https:\/\/aconteceunovale.com.br\/portal\/index.php?rest_route=\/wp\/v2\/users\/4"}],"replies":[{"embeddable":true,"href":"https:\/\/aconteceunovale.com.br\/portal\/index.php?rest_route=%2Fwp%2Fv2%2Fcomments&post=189805"}],"version-history":[{"count":2,"href":"https:\/\/aconteceunovale.com.br\/portal\/index.php?rest_route=\/wp\/v2\/posts\/189805\/revisions"}],"predecessor-version":[{"id":189809,"href":"https:\/\/aconteceunovale.com.br\/portal\/index.php?rest_route=\/wp\/v2\/posts\/189805\/revisions\/189809"}],"wp:featuredmedia":[{"embeddable":true,"href":"https:\/\/aconteceunovale.com.br\/portal\/index.php?rest_route=\/wp\/v2\/media\/189806"}],"wp:attachment":[{"href":"https:\/\/aconteceunovale.com.br\/portal\/index.php?rest_route=%2Fwp%2Fv2%2Fmedia&parent=189805"}],"wp:term":[{"taxonomy":"category","embeddable":true,"href":"https:\/\/aconteceunovale.com.br\/portal\/index.php?rest_route=%2Fwp%2Fv2%2Fcategories&post=189805"},{"taxonomy":"post_tag","embeddable":true,"href":"https:\/\/aconteceunovale.com.br\/portal\/index.php?rest_route=%2Fwp%2Fv2%2Ftags&post=189805"}],"curies":[{"name":"wp","href":"https:\/\/api.w.org\/{rel}","templated":true}]}}