{"id":189801,"date":"2022-08-15T20:03:29","date_gmt":"2022-08-15T23:03:29","guid":{"rendered":"https:\/\/aconteceunovale.com.br\/portal\/?p=189801"},"modified":"2022-08-15T20:03:45","modified_gmt":"2022-08-15T23:03:45","slug":"justica-eleitoral-recebeu-12-registros-de-candidatura-a-presidencia-do-brasil-confira","status":"publish","type":"post","link":"https:\/\/aconteceunovale.com.br\/portal\/?p=189801","title":{"rendered":"Justi\u00e7a Eleitoral recebeu 12 registros de candidatura \u00e0 Presid\u00eancia do Brasil; confira"},"content":{"rendered":"\n<p class=\"wp-block-paragraph\">O Tribunal Superior Eleitoral (TSE) recebeu 12 pedidos de registro de candidatura para a disputa da Presid\u00eancia da Rep\u00fablica nas elei\u00e7\u00f5es de outubro. As solicita\u00e7\u00f5es ser\u00e3o publicadas pelo tribunal. Em seguida, ser\u00e1 aberto prazo de cinco dias para que candidatos e partidos advers\u00e1rios e o Minist\u00e9rio P\u00fablico Eleitoral (MPE) possam impugnar os pedidos. O pr\u00f3ximo passo ser\u00e1 o julgamento pelo ministro que foi sorteado para relatar o processo, que dever\u00e1 ser julgado at\u00e9 12 de setembro.<\/p>\n\n\n\n<figure class=\"wp-block-gallery has-nested-images columns-default is-cropped wp-block-gallery-1 is-layout-flex wp-block-gallery-is-layout-flex\">\n<figure class=\"wp-block-image size-large\"><img loading=\"lazy\" decoding=\"async\" width=\"678\" height=\"353\" data-id=\"189798\" src=\"https:\/\/aconteceunovale.com.br\/portal\/wp-content\/uploads\/2022\/08\/candidatos_presidente.png\" alt=\"\" class=\"wp-image-189798\" srcset=\"https:\/\/aconteceunovale.com.br\/portal\/wp-content\/uploads\/2022\/08\/candidatos_presidente.png 678w, https:\/\/aconteceunovale.com.br\/portal\/wp-content\/uploads\/2022\/08\/candidatos_presidente-300x156.png 300w\" sizes=\"auto, (max-width: 678px) 100vw, 678px\" \/><figcaption><em><sub>Candidatos a presidente do Brasil &#8211; Arte: Aconteceu no Vale<\/sub><\/em><\/figcaption><\/figure>\n<\/figure>\n\n\n\n<h2 class=\"wp-block-heading\">Candidaturas<\/h2>\n\n\n\n<p class=\"wp-block-paragraph\">Os dois primeiros registros chegaram ao TSE no in\u00edcio do m\u00eas e foram feitos pelos candidatos Pablo Mar\u00e7al (Pros) e Sofia Manzano (PCB). Mar\u00e7al indicou como vice F\u00e1tima P\u00e9rola Neggra (Pros). A chapa de Sofia ter\u00e1 Ant\u00f4nio Alves (PCB) como vice.<\/p>\n\n\n\n<p class=\"wp-block-paragraph\">Em seguida, foi registrada a candidatura de Felipe D\u2019Avila (Novo), com Tiago Mitraud (Novo) como vice.<\/p>\n\n\n\n<p class=\"wp-block-paragraph\">L\u00e9o P\u00e9ricles, do Uni\u00e3o Popular (UP), tamb\u00e9m solicitou registro no TSE. A chapa \u00e9 composta pela candidata \u00e0 vice, Samara Martins, do mesmo partido.<\/p>\n\n\n\n<p class=\"wp-block-paragraph\">Em 6 de agosto foi a vez de Luiz In\u00e1cio Lula da Silva (PT) registrar candidatura na Justi\u00e7a Eleitoral, com Geraldo Alckmin (PSB) como candidato a vice.<\/p>\n\n\n\n<p class=\"wp-block-paragraph\">No dia seguinte (7), o TSE recebeu pedido de registro de candidatura da senadora Simone Tebet (MDB-MS). A senadora Mara Gabrilli (PSDB-SP) \u00e9 a candidata \u00e0 Vice-Presid\u00eancia.<\/p>\n\n\n\n<p class=\"wp-block-paragraph\">No mesmo dia, o PSTU indicou Vera L\u00facia para candidata \u00e0 Presid\u00eancia, com a ind\u00edgena e correligion\u00e1ria Raquel Trememb\u00e9, como vice.<\/p>\n\n\n\n<p class=\"wp-block-paragraph\">O pedetista Ciro Gomes registrou, no dia 8 de agosto, sua candidatura \u00e0 Presid\u00eancia da Rep\u00fablica. A chapa ter\u00e1 como candidata a Vice, Ana Paula Matos, que tamb\u00e9m \u00e9 do PDT.<\/p>\n\n\n\n<p class=\"wp-block-paragraph\">Na quarta-feira (10) da semana passada, o presidente Jair Bolsonaro pediu o registro de sua candidatura \u00e0 reelei\u00e7\u00e3o. O vice da chapa \u00e9 o ex-ministro da Defesa Walter Braga Netto.<\/p>\n\n\n\n<p class=\"wp-block-paragraph\">Na sexta-feira (12), a chapa formada pela senadora Soraya Thronicke (Uni\u00e3o-MS) e o economista e ex-secret\u00e1rio da Receita Federal Marcos Cintra solicitou registro para concorrer aos cargos de presidente e vice, respectivamente.<\/p>\n\n\n\n<p class=\"wp-block-paragraph\">No mesmo dia, o TSE recebeu o registro de candidatura do ex-deputado Roberto Jefferson (PTB). A chapa ter\u00e1 Padre Kelmon, do mesmo partido, como candidato \u00e0 vice-presidente.<\/p>\n\n\n\n<p class=\"wp-block-paragraph\">A \u00faltima solicita\u00e7\u00e3o de registro de candidatura \u00e0 presid\u00eancia foi feita no \u00faltimo s\u00e1bado (13) pelo candidato Jos\u00e9 Maria Eymael. A chapa ter\u00e1 o candidato Professor Bravo na disputa pelo cargo de vice-presidente. Ambos s\u00e3o do partido Democracia Crist\u00e3 (DC).<\/p>\n\n\n\n<p class=\"wp-block-paragraph\"><strong>Candidatos a presidente:<\/strong><\/p>\n\n\n\n<figure class=\"wp-block-table is-style-regular\"><table><tbody><tr><td class=\"has-text-align-center\" data-align=\"center\"><strong>Nome na urna<\/strong><\/td><td class=\"has-text-align-center\" data-align=\"center\"><strong>Nome completo<\/strong><\/td><td class=\"has-text-align-center\" data-align=\"center\"><strong>N\u00fam.<\/strong><\/td><td class=\"has-text-align-center\" data-align=\"center\"><strong>Sigla<\/strong><\/td><td class=\"has-text-align-center\" data-align=\"center\"><strong>Partido\/Federa\u00e7\u00e3o\/Coliga\u00e7\u00e3o<\/strong><\/td><td class=\"has-text-align-center\" data-align=\"center\"><strong>P\u00e1gina<\/strong><\/td><\/tr><tr><td class=\"has-text-align-center\" data-align=\"center\">Ciro Gomes<\/td><td class=\"has-text-align-center\" data-align=\"center\">Ciro Ferreira Gomes<\/td><td class=\"has-text-align-center\" data-align=\"center\">12<\/td><td class=\"has-text-align-center\" data-align=\"center\">PDT<\/td><td class=\"has-text-align-center\" data-align=\"center\">PDT<\/td><td class=\"has-text-align-center\" data-align=\"center\"><a href=\"https:\/\/divulgacandcontas.tse.jus.br\/divulga\/#\/candidato\/2022\/2040602022\/BR\/280001612393\" target=\"_blank\" rel=\"noreferrer noopener\">Link<\/a><\/td><\/tr><tr><td class=\"has-text-align-center\" data-align=\"center\">Constituinte Eymael<\/td><td class=\"has-text-align-center\" data-align=\"center\">Jos\u00e9 Maria Eymael<\/td><td class=\"has-text-align-center\" data-align=\"center\">27<\/td><td class=\"has-text-align-center\" data-align=\"center\">DC<\/td><td class=\"has-text-align-center\" data-align=\"center\">DC<\/td><td class=\"has-text-align-center\" data-align=\"center\"><a href=\"https:\/\/divulgacandcontas.tse.jus.br\/divulga\/#\/candidato\/2022\/2040602022\/BR\/280001677435\" target=\"_blank\" rel=\"noreferrer noopener\">Link<\/a><\/td><\/tr><tr><td class=\"has-text-align-center\" data-align=\"center\">Felipe D&#8217;\u00c1vila<\/td><td class=\"has-text-align-center\" data-align=\"center\">Luiz Felipe Chaves D&#8217;\u00c1vila<\/td><td class=\"has-text-align-center\" data-align=\"center\">30<\/td><td class=\"has-text-align-center\" data-align=\"center\">NOVO<\/td><td class=\"has-text-align-center\" data-align=\"center\">NOVO<\/td><td class=\"has-text-align-center\" data-align=\"center\"><a href=\"https:\/\/divulgacandcontas.tse.jus.br\/divulga\/#\/candidato\/2022\/2040602022\/BR\/280001603612\" target=\"_blank\" rel=\"noreferrer noopener\">Link<\/a><\/td><\/tr><tr><td class=\"has-text-align-center\" data-align=\"center\">Jair Bolsonaro<\/td><td class=\"has-text-align-center\" data-align=\"center\">Jair Messias Bolsonaro<\/td><td class=\"has-text-align-center\" data-align=\"center\">22<\/td><td class=\"has-text-align-center\" data-align=\"center\">PL<\/td><td class=\"has-text-align-center\" data-align=\"center\">Pelo Bem do Brasil (PP \/ Republicanos \/ PL)<\/td><td class=\"has-text-align-center\" data-align=\"center\"><a href=\"https:\/\/divulgacandcontas.tse.jus.br\/divulga\/#\/candidato\/2022\/2040602022\/BR\/280001618036\" target=\"_blank\" rel=\"noreferrer noopener\">Link<\/a><\/td><\/tr><tr><td class=\"has-text-align-center\" data-align=\"center\">L\u00e9o P\u00e9ricles<\/td><td class=\"has-text-align-center\" data-align=\"center\">Leonardo P\u00e9ricles Vieira Roque<\/td><td class=\"has-text-align-center\" data-align=\"center\">80<\/td><td class=\"has-text-align-center\" data-align=\"center\">UP<\/td><td class=\"has-text-align-center\" data-align=\"center\">UP<\/td><td class=\"has-text-align-center\" data-align=\"center\"><a href=\"https:\/\/divulgacandcontas.tse.jus.br\/divulga\/#\/candidato\/2022\/2040602022\/BR\/280001602702\" target=\"_blank\" rel=\"noreferrer noopener\">Link<\/a><\/td><\/tr><tr><td class=\"has-text-align-center\" data-align=\"center\">Lula<\/td><td class=\"has-text-align-center\" data-align=\"center\">Luiz In\u00e1cio Lula da Silva<\/td><td class=\"has-text-align-center\" data-align=\"center\">13<\/td><td class=\"has-text-align-center\" data-align=\"center\">PT<\/td><td class=\"has-text-align-center\" data-align=\"center\">Coliga\u00e7\u00e3o Brasil da Alian\u00e7a (Federa\u00e7\u00e3o Brasil da Esperan\u00e7a &#8211; FE Brasil (PT \/ PC do B \/ PV) \/ Solidariedade \/ Federa\u00e7\u00e3o PSOL REDE (PSOL \/ REDE) \/ PSB \/ AGIR \/ AVANTE)<\/td><td class=\"has-text-align-center\" data-align=\"center\"><a href=\"https:\/\/divulgacandcontas.tse.jus.br\/divulga\/#\/candidato\/2022\/2040602022\/BR\/280001607829\" target=\"_blank\" rel=\"noreferrer noopener\">Link<\/a><\/td><\/tr><tr><td class=\"has-text-align-center\" data-align=\"center\">Pablo Mar\u00e7al<\/td><td class=\"has-text-align-center\" data-align=\"center\">Pablo Henrique Costa Mar\u00e7al<\/td><td class=\"has-text-align-center\" data-align=\"center\">90<\/td><td class=\"has-text-align-center\" data-align=\"center\">PROS<\/td><td class=\"has-text-align-center\" data-align=\"center\">PROS<\/td><td class=\"has-text-align-center\" data-align=\"center\"><a href=\"https:\/\/divulgacandcontas.tse.jus.br\/divulga\/#\/candidato\/2022\/2040602022\/BR\/280001600179\" target=\"_blank\" rel=\"noreferrer noopener\">Link<\/a><\/td><\/tr><tr><td class=\"has-text-align-center\" data-align=\"center\">Roberto Jefferson<\/td><td class=\"has-text-align-center\" data-align=\"center\">Roberto Jefferson Monteiro Francisco<\/td><td class=\"has-text-align-center\" data-align=\"center\">14<\/td><td class=\"has-text-align-center\" data-align=\"center\">PTB<\/td><td class=\"has-text-align-center\" data-align=\"center\">PTB<\/td><td class=\"has-text-align-center\" data-align=\"center\"><a href=\"https:\/\/divulgacandcontas.tse.jus.br\/divulga\/#\/candidato\/2022\/2040602022\/BR\/280001655452\" target=\"_blank\" rel=\"noreferrer noopener\">Link<\/a><\/td><\/tr><tr><td class=\"has-text-align-center\" data-align=\"center\">Simone Tebet<\/td><td class=\"has-text-align-center\" data-align=\"center\">Simone Nassar Tebet<\/td><td class=\"has-text-align-center\" data-align=\"center\">15<\/td><td class=\"has-text-align-center\" data-align=\"center\">MDB<\/td><td class=\"has-text-align-center\" data-align=\"center\">Coliga\u00e7\u00e3o Brasil Para Todos<\/td><td class=\"has-text-align-center\" data-align=\"center\"><a href=\"https:\/\/divulgacandcontas.tse.jus.br\/divulga\/#\/candidato\/2022\/2040602022\/BR\/280001607833\" target=\"_blank\" rel=\"noreferrer noopener\">Link<\/a><\/td><\/tr><tr><td class=\"has-text-align-center\" data-align=\"center\">Sofia Mazano<\/td><td class=\"has-text-align-center\" data-align=\"center\">Sofia P\u00e1dua Mazano<\/td><td class=\"has-text-align-center\" data-align=\"center\">21<\/td><td class=\"has-text-align-center\" data-align=\"center\">PCB<\/td><td class=\"has-text-align-center\" data-align=\"center\">PCB<\/td><td class=\"has-text-align-center\" data-align=\"center\"><a href=\"https:\/\/divulgacandcontas.tse.jus.br\/divulga\/#\/candidato\/2022\/2040602022\/BR\/280001600167\" target=\"_blank\" rel=\"noreferrer noopener\">Link<\/a><\/td><\/tr><tr><td class=\"has-text-align-center\" data-align=\"center\">Soraya Thronicke<\/td><td class=\"has-text-align-center\" data-align=\"center\">Soraya Vieira Thronicke<\/td><td class=\"has-text-align-center\" data-align=\"center\">44<\/td><td class=\"has-text-align-center\" data-align=\"center\">UNI\u00c3O<\/td><td class=\"has-text-align-center\" data-align=\"center\">UNI\u00c3O<\/td><td class=\"has-text-align-center\" data-align=\"center\"><a href=\"https:\/\/divulgacandcontas.tse.jus.br\/divulga\/#\/candidato\/2022\/2040602022\/BR\/280001644128\" target=\"_blank\" rel=\"noreferrer noopener\">Link<\/a><\/td><\/tr><tr><td class=\"has-text-align-center\" data-align=\"center\">Vera<\/td><td class=\"has-text-align-center\" data-align=\"center\">Vera L\u00facia Pereira da Silva Salgado<\/td><td class=\"has-text-align-center\" data-align=\"center\">16<\/td><td class=\"has-text-align-center\" data-align=\"center\">PSTU<\/td><td class=\"has-text-align-center\" data-align=\"center\">PSTU<\/td><td class=\"has-text-align-center\" data-align=\"center\"><a href=\"https:\/\/divulgacandcontas.tse.jus.br\/divulga\/#\/candidato\/2022\/2040602022\/BR\/280001607831\" target=\"_blank\" rel=\"noreferrer noopener\">Link<\/a><\/td><\/tr><\/tbody><\/table><\/figure>\n\n\n\n<p class=\"wp-block-paragraph\"><strong>Candidatos a vice-presidente:<\/strong><\/p>\n\n\n\n<figure class=\"wp-block-table is-style-regular\"><table><tbody><tr><td class=\"has-text-align-center\" data-align=\"center\"><strong>Nome na urna<\/strong><\/td><td class=\"has-text-align-center\" data-align=\"center\"><strong>Nome completo<\/strong><\/td><td class=\"has-text-align-center\" data-align=\"center\"><strong>N\u00fam.<\/strong><\/td><td class=\"has-text-align-center\" data-align=\"center\"><strong>Sigla<\/strong><\/td><td class=\"has-text-align-center\" data-align=\"center\"><strong>Partido\/Federa\u00e7\u00e3o\/Coliga\u00e7\u00e3o<\/strong><\/td><td class=\"has-text-align-center\" data-align=\"center\"><strong>P\u00e1gina<\/strong><\/td><\/tr><tr><td class=\"has-text-align-center\" data-align=\"center\">Ana Paula Matos<\/td><td class=\"has-text-align-center\" data-align=\"center\">Ana Paula Andrade Matos Moreira<\/td><td class=\"has-text-align-center\" data-align=\"center\">12<\/td><td class=\"has-text-align-center\" data-align=\"center\">PDT<\/td><td class=\"has-text-align-center\" data-align=\"center\">PDT<\/td><td class=\"has-text-align-center\" data-align=\"center\"><a href=\"https:\/\/divulgacandcontas.tse.jus.br\/divulga\/#\/candidato\/2022\/2040602022\/BR\/280001612392\" target=\"_blank\" rel=\"noreferrer noopener\">Link<\/a><\/td><\/tr><tr><td class=\"has-text-align-center\" data-align=\"center\">Professor Bravo<\/td><td class=\"has-text-align-center\" data-align=\"center\">Jo\u00e3o Barbosa Bravo<\/td><td class=\"has-text-align-center\" data-align=\"center\">27<\/td><td class=\"has-text-align-center\" data-align=\"center\">DC<\/td><td class=\"has-text-align-center\" data-align=\"center\">DC<\/td><td class=\"has-text-align-center\" data-align=\"center\"><a href=\"https:\/\/divulgacandcontas.tse.jus.br\/divulga\/#\/candidato\/2022\/2040602022\/BR\/280001677436\" target=\"_blank\" rel=\"noreferrer noopener\">Link<\/a><\/td><\/tr><tr><td class=\"has-text-align-center\" data-align=\"center\">Tiago Mitraud<\/td><td class=\"has-text-align-center\" data-align=\"center\">Tiago Lima Mitraud de Castro Leite<\/td><td class=\"has-text-align-center\" data-align=\"center\">30<\/td><td class=\"has-text-align-center\" data-align=\"center\">NOVO<\/td><td class=\"has-text-align-center\" data-align=\"center\">NOVO<\/td><td class=\"has-text-align-center\" data-align=\"center\"><a href=\"https:\/\/divulgacandcontas.tse.jus.br\/divulga\/#\/candidato\/2022\/2040602022\/BR\/280001603611\" target=\"_blank\" rel=\"noreferrer noopener\">Link<\/a><\/td><\/tr><tr><td class=\"has-text-align-center\" data-align=\"center\">Braga Netto<\/td><td class=\"has-text-align-center\" data-align=\"center\">Walter Souza Braga Netto<\/td><td class=\"has-text-align-center\" data-align=\"center\">22<\/td><td class=\"has-text-align-center\" data-align=\"center\">PL<\/td><td class=\"has-text-align-center\" data-align=\"center\">Pelo Bem do Brasil (PP \/ Republicanos \/ PL)<\/td><td class=\"has-text-align-center\" data-align=\"center\"><a href=\"https:\/\/divulgacandcontas.tse.jus.br\/divulga\/#\/candidato\/2022\/2040602022\/BR\/280001618037\" target=\"_blank\" rel=\"noreferrer noopener\">Link<\/a><\/td><\/tr><tr><td class=\"has-text-align-center\" data-align=\"center\">Samara Martins<\/td><td class=\"has-text-align-center\" data-align=\"center\">Samara Martins da Silva<\/td><td class=\"has-text-align-center\" data-align=\"center\">80<\/td><td class=\"has-text-align-center\" data-align=\"center\">UP<\/td><td class=\"has-text-align-center\" data-align=\"center\">UP<\/td><td class=\"has-text-align-center\" data-align=\"center\"><a href=\"https:\/\/divulgacandcontas.tse.jus.br\/divulga\/#\/candidato\/2022\/2040602022\/BR\/280001602703\" target=\"_blank\" rel=\"noreferrer noopener\">Link<\/a><\/td><\/tr><tr><td class=\"has-text-align-center\" data-align=\"center\">Geraldo Alckmin<\/td><td class=\"has-text-align-center\" data-align=\"center\">Geraldo Jos\u00e9 Rodrigues Alckmin Filho<\/td><td class=\"has-text-align-center\" data-align=\"center\">13<\/td><td class=\"has-text-align-center\" data-align=\"center\">PSB<\/td><td class=\"has-text-align-center\" data-align=\"center\">Coliga\u00e7\u00e3o Brasil da Alian\u00e7a (Federa\u00e7\u00e3o Brasil da Esperan\u00e7a &#8211; FE Brasil (PT \/ PC do B \/ PV) \/ Solidariedade \/ Federa\u00e7\u00e3o PSOL REDE (PSOL \/ REDE) \/ PSB \/ AGIR \/ AVANTE)<\/td><td class=\"has-text-align-center\" data-align=\"center\"><a href=\"https:\/\/divulgacandcontas.tse.jus.br\/divulga\/#\/candidato\/2022\/2040602022\/BR\/280001607830\" target=\"_blank\" rel=\"noreferrer noopener\">Link<\/a><\/td><\/tr><tr><td class=\"has-text-align-center\" data-align=\"center\">F\u00e1tima P\u00e9rola Neggra<\/td><td class=\"has-text-align-center\" data-align=\"center\">F\u00e1tima Aparecida Santos de Souza<\/td><td class=\"has-text-align-center\" data-align=\"center\">90<\/td><td class=\"has-text-align-center\" data-align=\"center\">PROS<\/td><td class=\"has-text-align-center\" data-align=\"center\">PROS<\/td><td class=\"has-text-align-center\" data-align=\"center\"><a href=\"https:\/\/divulgacandcontas.tse.jus.br\/divulga\/#\/candidato\/2022\/2040602022\/BR\/280001600178\" target=\"_blank\" rel=\"noreferrer noopener\">Link<\/a><\/td><\/tr><tr><td class=\"has-text-align-center\" data-align=\"center\">Padre Kelmon<\/td><td class=\"has-text-align-center\" data-align=\"center\">Kelmon Luis da Silva Souza<\/td><td class=\"has-text-align-center\" data-align=\"center\">14<\/td><td class=\"has-text-align-center\" data-align=\"center\">PTB<\/td><td class=\"has-text-align-center\" data-align=\"center\">PTB<\/td><td class=\"has-text-align-center\" data-align=\"center\"><a href=\"https:\/\/divulgacandcontas.tse.jus.br\/divulga\/#\/candidato\/2022\/2040602022\/BR\/280001655453\" target=\"_blank\" rel=\"noreferrer noopener\">Link<\/a><\/td><\/tr><tr><td class=\"has-text-align-center\" data-align=\"center\">Mara Gabrilli<\/td><td class=\"has-text-align-center\" data-align=\"center\">Mara Cristina Gabrilli<\/td><td class=\"has-text-align-center\" data-align=\"center\">15<\/td><td class=\"has-text-align-center\" data-align=\"center\">PSDB<\/td><td class=\"has-text-align-center\" data-align=\"center\">Coliga\u00e7\u00e3o Brasil Para Todos (MDB \/ Federa\u00e7\u00e3o PSDB Cidadania (PSDB \/ Cidadania) \/ PODE)<\/td><td class=\"has-text-align-center\" data-align=\"center\"><a href=\"https:\/\/divulgacandcontas.tse.jus.br\/divulga\/#\/candidato\/2022\/2040602022\/BR\/280001607834\" target=\"_blank\" rel=\"noreferrer noopener\">Link<\/a><\/td><\/tr><tr><td class=\"has-text-align-center\" data-align=\"center\">Ant\u00f4nio Alves<\/td><td class=\"has-text-align-center\" data-align=\"center\">Ant\u00f4nio Alves da Silva J\u00fanior<\/td><td class=\"has-text-align-center\" data-align=\"center\">21<\/td><td class=\"has-text-align-center\" data-align=\"center\">PCB<\/td><td class=\"has-text-align-center\" data-align=\"center\">PCB<\/td><td class=\"has-text-align-center\" data-align=\"center\"><a href=\"https:\/\/divulgacandcontas.tse.jus.br\/divulga\/#\/candidato\/2022\/2040602022\/BR\/280001600166\" target=\"_blank\" rel=\"noreferrer noopener\">Link<\/a><\/td><\/tr><tr><td class=\"has-text-align-center\" data-align=\"center\">Marcos Cintra<\/td><td class=\"has-text-align-center\" data-align=\"center\">Marcos Cintra Cavalcanti de Albuquerque<\/td><td class=\"has-text-align-center\" data-align=\"center\">44<\/td><td class=\"has-text-align-center\" data-align=\"center\">UNI\u00c3O<\/td><td class=\"has-text-align-center\" data-align=\"center\">UNI\u00c3O<\/td><td class=\"has-text-align-center\" data-align=\"center\"><a href=\"https:\/\/divulgacandcontas.tse.jus.br\/divulga\/#\/candidato\/2022\/2040602022\/BR\/280001644129\" target=\"_blank\" rel=\"noreferrer noopener\">Link<\/a><\/td><\/tr><tr><td class=\"has-text-align-center\" data-align=\"center\">Raquel Trememb\u00e9<\/td><td class=\"has-text-align-center\" data-align=\"center\">Raquel Aguiar Santos<\/td><td class=\"has-text-align-center\" data-align=\"center\">16<\/td><td class=\"has-text-align-center\" data-align=\"center\">PSTU<\/td><td class=\"has-text-align-center\" data-align=\"center\">PSTU<\/td><td class=\"has-text-align-center\" data-align=\"center\"><a href=\"https:\/\/divulgacandcontas.tse.jus.br\/divulga\/#\/candidato\/2022\/2040602022\/BR\/280001607832\" target=\"_blank\" rel=\"noreferrer noopener\">Link<\/a><\/td><\/tr><\/tbody><\/table><\/figure>\n\n\n\n<p class=\"wp-block-paragraph\">&#8212;&#8212;&#8212;&#8212;&#8212;&#8212;<br><br><strong>Sabia que o Aconteceu no Vale est\u00e1 tamb\u00e9m no Telegram? <a rel=\"noreferrer noopener\" href=\"https:\/\/t.me\/aconteceunovaleoficial\" target=\"_blank\">Inscreva-se no canal<\/a>.<\/strong><br><br><strong>J\u00e1 curtiu ou seguiu nossas p\u00e1ginas nas redes sociais?&nbsp;Receba as not\u00edcias em primeira m\u00e3o:<\/strong><br>\u2022 <a rel=\"noreferrer noopener\" href=\"https:\/\/news.google.com\/publications\/CAAqBwgKMNjklQswi4etAw?hl=pt-BR&amp;gl=BR&amp;ceid=BR%3Apt-419\" target=\"_blank\">Google News<\/a><br>\u2022 <a rel=\"noreferrer noopener\" href=\"https:\/\/www.facebook.com\/aconteceunovale\/\" target=\"_blank\">Facebook<\/a><br>\u2022 <a rel=\"noreferrer noopener\" href=\"https:\/\/twitter.com\/noticiadosvales\" target=\"_blank\">Twitter<\/a><br>\u2022 <a rel=\"noreferrer noopener\" href=\"https:\/\/www.instagram.com\/aconteceunovale\" target=\"_blank\">Instagram<\/a><br>\u2022 <a rel=\"noreferrer noopener\" href=\"https:\/\/www.youtube.com\/AconteceunoValeOficial\" target=\"_blank\">Youtube<\/a><br>\u2022 <a rel=\"noreferrer noopener\" href=\"https:\/\/www.tiktok.com\/@aconteceunovale\" target=\"_blank\">TikTok<\/a><\/p>\n","protected":false},"excerpt":{"rendered":"<p>O Tribunal Superior Eleitoral (TSE) recebeu 12 pedidos de registro de candidatura para a disputa da Presid\u00eancia da Rep\u00fablica nas elei\u00e7\u00f5es de outubro. As solicita\u00e7\u00f5es ser\u00e3o publicadas pelo tribunal. Em seguida, ser\u00e1 aberto prazo de cinco dias para que candidatos e partidos advers\u00e1rios e o Minist\u00e9rio P\u00fablico Eleitoral (MPE) possam impugnar os pedidos. O pr\u00f3ximo [&hellip;]<\/p>\n","protected":false},"author":4,"featured_media":189798,"comment_status":"open","ping_status":"closed","sticky":false,"template":"","format":"standard","meta":{"amp_status":"","footnotes":""},"categories":[6],"tags":[262122,177094,226699,261975,98101,262119,178172,1018,252238,261226,262125,261972,261796,14372,26436,262115,262120,262116,7147,36036,190935,177500,262117,177497,261788,262124,13966,114476,243467,262123,54315,178191,758,134333,261783,262118,249598,261680,236023,262121,261775,214867,94060,267,252624,261973,93125],"class_list":["post-189801","post","type-post","status-publish","format-standard","has-post-thumbnail","hentry","category-br","tag-ana-paula-matos","tag-antonio-alves","tag-braga-netto","tag-candidatos-a-presidente-do-brasil","tag-ciro-gomes","tag-constituinte-eymael","tag-dc","tag-destaque","tag-eleicoes-2022","tag-eleicoes-no-brasil","tag-eleicoes-presidenciais-no-brasil","tag-fatima-perola-neggra","tag-felipe-davila","tag-geraldo-alckmin","tag-jair-bolsonaro","tag-justica-eleitoral-recebeu-12-registros-de-candidatura-a-presidencia-do-brasil","tag-leo-pericles","tag-lista-de-candidatos-a-presidente-do-brasil","tag-lula","tag-mara-gabrilli","tag-marcos-cintra","tag-mdb","tag-nomes-dos-candidatos-a-presidente-do-brasil","tag-novo","tag-pablo-marcal","tag-padre-kelmon","tag-pcb","tag-pdt","tag-pl","tag-professor-bravo","tag-pros","tag-pstu","tag-pt","tag-ptb","tag-raquel-tremembe","tag-relacao-de-candidatos-a-presidente-do-brasil","tag-roberto-jefferson","tag-samara-martins","tag-simone-tebet","tag-sofia-mazano","tag-soraya-thronicke","tag-tiago-mitraud","tag-tribunal-superior-eleitoral","tag-tse","tag-uniao-brasil","tag-up","tag-vera-lucia"],"yoast_head":"<!-- This site is optimized with the Yoast SEO plugin v28.3 - https:\/\/yoast.com\/product\/yoast-seo-wordpress\/ -->\n<title>Justi\u00e7a Eleitoral recebeu 12 registros de candidatura \u00e0 Presid\u00eancia do Brasil; confira - Aconteceu no Vale<\/title>\n<meta name=\"robots\" content=\"index, follow, max-snippet:-1, max-image-preview:large, max-video-preview:-1\" \/>\n<link rel=\"canonical\" href=\"https:\/\/aconteceunovale.com.br\/portal\/?p=189801\" \/>\n<meta property=\"og:locale\" content=\"pt_BR\" \/>\n<meta property=\"og:type\" content=\"article\" \/>\n<meta property=\"og:title\" content=\"Justi\u00e7a Eleitoral recebeu 12 registros de candidatura \u00e0 Presid\u00eancia do Brasil; confira - Aconteceu no Vale\" \/>\n<meta property=\"og:description\" content=\"O Tribunal Superior Eleitoral (TSE) recebeu 12 pedidos de registro de candidatura para a disputa da Presid\u00eancia da Rep\u00fablica nas elei\u00e7\u00f5es de outubro. As solicita\u00e7\u00f5es ser\u00e3o publicadas pelo tribunal. Em seguida, ser\u00e1 aberto prazo de cinco dias para que candidatos e partidos advers\u00e1rios e o Minist\u00e9rio P\u00fablico Eleitoral (MPE) possam impugnar os pedidos. O pr\u00f3ximo [&hellip;]\" \/>\n<meta property=\"og:url\" content=\"https:\/\/aconteceunovale.com.br\/portal\/?p=189801\" \/>\n<meta property=\"og:site_name\" content=\"Aconteceu no Vale\" \/>\n<meta property=\"article:publisher\" content=\"https:\/\/www.facebook.com\/aconteceunovale\/\" \/>\n<meta property=\"article:published_time\" content=\"2022-08-15T23:03:29+00:00\" \/>\n<meta property=\"article:modified_time\" content=\"2022-08-15T23:03:45+00:00\" \/>\n<meta property=\"og:image\" content=\"https:\/\/aconteceunovale.com.br\/portal\/wp-content\/uploads\/2022\/08\/candidatos_presidente.png\" \/>\n\t<meta property=\"og:image:width\" content=\"678\" \/>\n\t<meta property=\"og:image:height\" content=\"353\" \/>\n\t<meta property=\"og:image:type\" content=\"image\/png\" \/>\n<meta name=\"author\" content=\"Reda\u00e7\u00e3o Aconteceu no Vale\" \/>\n<meta name=\"twitter:card\" content=\"summary_large_image\" \/>\n<meta name=\"twitter:creator\" content=\"@noticiadosvales\" \/>\n<meta name=\"twitter:site\" content=\"@noticiadosvales\" \/>\n<meta name=\"twitter:label1\" content=\"Escrito por\" \/>\n\t<meta name=\"twitter:data1\" content=\"Reda\u00e7\u00e3o Aconteceu no Vale\" \/>\n\t<meta name=\"twitter:label2\" content=\"Est. tempo de leitura\" \/>\n\t<meta name=\"twitter:data2\" content=\"4 minutos\" \/>\n<script type=\"application\/ld+json\" class=\"yoast-schema-graph\">{\"@context\":\"https:\\\/\\\/schema.org\",\"@graph\":[{\"@type\":\"Article\",\"@id\":\"https:\\\/\\\/aconteceunovale.com.br\\\/portal\\\/?p=189801#article\",\"isPartOf\":{\"@id\":\"https:\\\/\\\/aconteceunovale.com.br\\\/portal\\\/?p=189801\"},\"author\":{\"name\":\"Reda\u00e7\u00e3o Aconteceu no Vale\",\"@id\":\"https:\\\/\\\/aconteceunovale.com.br\\\/portal\\\/#\\\/schema\\\/person\\\/7d2f26d1483f8a63de73da1ee0754d35\"},\"headline\":\"Justi\u00e7a Eleitoral recebeu 12 registros de candidatura \u00e0 Presid\u00eancia do Brasil; confira\",\"datePublished\":\"2022-08-15T23:03:29+00:00\",\"dateModified\":\"2022-08-15T23:03:45+00:00\",\"mainEntityOfPage\":{\"@id\":\"https:\\\/\\\/aconteceunovale.com.br\\\/portal\\\/?p=189801\"},\"wordCount\":836,\"commentCount\":0,\"image\":{\"@id\":\"https:\\\/\\\/aconteceunovale.com.br\\\/portal\\\/?p=189801#primaryimage\"},\"thumbnailUrl\":\"https:\\\/\\\/aconteceunovale.com.br\\\/portal\\\/wp-content\\\/uploads\\\/2022\\\/08\\\/candidatos_presidente.png\",\"keywords\":[\"Ana Paula Matos\",\"Ant\u00f4nio Alves\",\"Braga Netto\",\"Candidatos a presidente do Brasil\",\"Ciro Gomes\",\"Constituinte Eymael\",\"DC\",\"destaque\",\"Elei\u00e7\u00f5es 2022\",\"Elei\u00e7\u00f5es no Brasil\",\"Elei\u00e7\u00f5es presidenciais no Brasil\",\"F\u00e1tima P\u00e9rola Neggra\",\"Felipe D'\u00c1vila\",\"Geraldo Alckmin\",\"Jair Bolsonaro\",\"Justi\u00e7a Eleitoral recebeu 12 registros de candidatura \u00e0 Presid\u00eancia do Brasil\",\"L\u00e9o P\u00e9ricles\",\"Lista de Candidatos a presidente do Brasil\",\"Lula\",\"Mara Gabrilli\",\"Marcos Cintra\",\"MDB\",\"Nomes dos Candidatos a presidente do Brasil\",\"novo\",\"Pablo Mar\u00e7al\",\"Padre Kelmon\",\"PCB\",\"PDT\",\"PL\",\"Professor Bravo\",\"PROS\",\"PSTU\",\"PT\",\"PTB\",\"Raquel Trememb\u00e9\",\"Rela\u00e7\u00e3o de Candidatos a presidente do Brasil\",\"Roberto Jefferson\",\"Samara Martins\",\"Simone Tebet\",\"Sofia Mazano\",\"Soraya Thronicke\",\"Tiago Mitraud\",\"Tribunal Superior Eleitoral\",\"TSE\",\"Uni\u00e3o Brasil\",\"UP\",\"Vera L\u00facia\"],\"articleSection\":[\"Brasil\"],\"inLanguage\":\"pt-BR\",\"potentialAction\":[{\"@type\":\"CommentAction\",\"name\":\"Comment\",\"target\":[\"https:\\\/\\\/aconteceunovale.com.br\\\/portal\\\/?p=189801#respond\"]}]},{\"@type\":\"WebPage\",\"@id\":\"https:\\\/\\\/aconteceunovale.com.br\\\/portal\\\/?p=189801\",\"url\":\"https:\\\/\\\/aconteceunovale.com.br\\\/portal\\\/?p=189801\",\"name\":\"Justi\u00e7a Eleitoral recebeu 12 registros de candidatura \u00e0 Presid\u00eancia do Brasil; confira - Aconteceu no Vale\",\"isPartOf\":{\"@id\":\"https:\\\/\\\/aconteceunovale.com.br\\\/portal\\\/#website\"},\"primaryImageOfPage\":{\"@id\":\"https:\\\/\\\/aconteceunovale.com.br\\\/portal\\\/?p=189801#primaryimage\"},\"image\":{\"@id\":\"https:\\\/\\\/aconteceunovale.com.br\\\/portal\\\/?p=189801#primaryimage\"},\"thumbnailUrl\":\"https:\\\/\\\/aconteceunovale.com.br\\\/portal\\\/wp-content\\\/uploads\\\/2022\\\/08\\\/candidatos_presidente.png\",\"datePublished\":\"2022-08-15T23:03:29+00:00\",\"dateModified\":\"2022-08-15T23:03:45+00:00\",\"author\":{\"@id\":\"https:\\\/\\\/aconteceunovale.com.br\\\/portal\\\/#\\\/schema\\\/person\\\/7d2f26d1483f8a63de73da1ee0754d35\"},\"breadcrumb\":{\"@id\":\"https:\\\/\\\/aconteceunovale.com.br\\\/portal\\\/?p=189801#breadcrumb\"},\"inLanguage\":\"pt-BR\",\"potentialAction\":[{\"@type\":\"ReadAction\",\"target\":[\"https:\\\/\\\/aconteceunovale.com.br\\\/portal\\\/?p=189801\"]}]},{\"@type\":\"ImageObject\",\"inLanguage\":\"pt-BR\",\"@id\":\"https:\\\/\\\/aconteceunovale.com.br\\\/portal\\\/?p=189801#primaryimage\",\"url\":\"https:\\\/\\\/aconteceunovale.com.br\\\/portal\\\/wp-content\\\/uploads\\\/2022\\\/08\\\/candidatos_presidente.png\",\"contentUrl\":\"https:\\\/\\\/aconteceunovale.com.br\\\/portal\\\/wp-content\\\/uploads\\\/2022\\\/08\\\/candidatos_presidente.png\",\"width\":678,\"height\":353},{\"@type\":\"BreadcrumbList\",\"@id\":\"https:\\\/\\\/aconteceunovale.com.br\\\/portal\\\/?p=189801#breadcrumb\",\"itemListElement\":[{\"@type\":\"ListItem\",\"position\":1,\"name\":\"In\u00edcio\",\"item\":\"https:\\\/\\\/aconteceunovale.com.br\\\/portal\\\/\"},{\"@type\":\"ListItem\",\"position\":2,\"name\":\"Justi\u00e7a Eleitoral recebeu 12 registros de candidatura \u00e0 Presid\u00eancia do Brasil; confira\"}]},{\"@type\":\"WebSite\",\"@id\":\"https:\\\/\\\/aconteceunovale.com.br\\\/portal\\\/#website\",\"url\":\"https:\\\/\\\/aconteceunovale.com.br\\\/portal\\\/\",\"name\":\"Aconteceu no Vale\",\"description\":\"Portal de Not\u00edcias\",\"potentialAction\":[{\"@type\":\"SearchAction\",\"target\":{\"@type\":\"EntryPoint\",\"urlTemplate\":\"https:\\\/\\\/aconteceunovale.com.br\\\/portal\\\/?s={search_term_string}\"},\"query-input\":{\"@type\":\"PropertyValueSpecification\",\"valueRequired\":true,\"valueName\":\"search_term_string\"}}],\"inLanguage\":\"pt-BR\"},{\"@type\":\"Person\",\"@id\":\"https:\\\/\\\/aconteceunovale.com.br\\\/portal\\\/#\\\/schema\\\/person\\\/7d2f26d1483f8a63de73da1ee0754d35\",\"name\":\"Reda\u00e7\u00e3o Aconteceu no Vale\",\"description\":\"Equipe de reportagem do Aconteceu no Vale, portal de not\u00edcias do Vale do Jequitinhonha, em Minas Gerais. Cobrimos as 51 cidades do Vale desde 2013. Sugest\u00f5es de pauta e pedidos de corre\u00e7\u00e3o: contato@aconteceunovale.com.br\",\"url\":\"https:\\\/\\\/aconteceunovale.com.br\\\/portal\\\/?author=4\"}]}<\/script>\n<!-- \/ Yoast SEO plugin. -->","yoast_head_json":{"title":"Justi\u00e7a Eleitoral recebeu 12 registros de candidatura \u00e0 Presid\u00eancia do Brasil; confira - Aconteceu no Vale","robots":{"index":"index","follow":"follow","max-snippet":"max-snippet:-1","max-image-preview":"max-image-preview:large","max-video-preview":"max-video-preview:-1"},"canonical":"https:\/\/aconteceunovale.com.br\/portal\/?p=189801","og_locale":"pt_BR","og_type":"article","og_title":"Justi\u00e7a Eleitoral recebeu 12 registros de candidatura \u00e0 Presid\u00eancia do Brasil; confira - Aconteceu no Vale","og_description":"O Tribunal Superior Eleitoral (TSE) recebeu 12 pedidos de registro de candidatura para a disputa da Presid\u00eancia da Rep\u00fablica nas elei\u00e7\u00f5es de outubro. As solicita\u00e7\u00f5es ser\u00e3o publicadas pelo tribunal. Em seguida, ser\u00e1 aberto prazo de cinco dias para que candidatos e partidos advers\u00e1rios e o Minist\u00e9rio P\u00fablico Eleitoral (MPE) possam impugnar os pedidos. O pr\u00f3ximo [&hellip;]","og_url":"https:\/\/aconteceunovale.com.br\/portal\/?p=189801","og_site_name":"Aconteceu no Vale","article_publisher":"https:\/\/www.facebook.com\/aconteceunovale\/","article_published_time":"2022-08-15T23:03:29+00:00","article_modified_time":"2022-08-15T23:03:45+00:00","og_image":[{"width":678,"height":353,"url":"https:\/\/aconteceunovale.com.br\/portal\/wp-content\/uploads\/2022\/08\/candidatos_presidente.png","type":"image\/png"}],"author":"Reda\u00e7\u00e3o Aconteceu no Vale","twitter_card":"summary_large_image","twitter_creator":"@noticiadosvales","twitter_site":"@noticiadosvales","twitter_misc":{"Escrito por":"Reda\u00e7\u00e3o Aconteceu no Vale","Est. tempo de leitura":"4 minutos"},"schema":{"@context":"https:\/\/schema.org","@graph":[{"@type":"Article","@id":"https:\/\/aconteceunovale.com.br\/portal\/?p=189801#article","isPartOf":{"@id":"https:\/\/aconteceunovale.com.br\/portal\/?p=189801"},"author":{"name":"Reda\u00e7\u00e3o Aconteceu no Vale","@id":"https:\/\/aconteceunovale.com.br\/portal\/#\/schema\/person\/7d2f26d1483f8a63de73da1ee0754d35"},"headline":"Justi\u00e7a Eleitoral recebeu 12 registros de candidatura \u00e0 Presid\u00eancia do Brasil; confira","datePublished":"2022-08-15T23:03:29+00:00","dateModified":"2022-08-15T23:03:45+00:00","mainEntityOfPage":{"@id":"https:\/\/aconteceunovale.com.br\/portal\/?p=189801"},"wordCount":836,"commentCount":0,"image":{"@id":"https:\/\/aconteceunovale.com.br\/portal\/?p=189801#primaryimage"},"thumbnailUrl":"https:\/\/aconteceunovale.com.br\/portal\/wp-content\/uploads\/2022\/08\/candidatos_presidente.png","keywords":["Ana Paula Matos","Ant\u00f4nio Alves","Braga Netto","Candidatos a presidente do Brasil","Ciro Gomes","Constituinte Eymael","DC","destaque","Elei\u00e7\u00f5es 2022","Elei\u00e7\u00f5es no Brasil","Elei\u00e7\u00f5es presidenciais no Brasil","F\u00e1tima P\u00e9rola Neggra","Felipe D'\u00c1vila","Geraldo Alckmin","Jair Bolsonaro","Justi\u00e7a Eleitoral recebeu 12 registros de candidatura \u00e0 Presid\u00eancia do Brasil","L\u00e9o P\u00e9ricles","Lista de Candidatos a presidente do Brasil","Lula","Mara Gabrilli","Marcos Cintra","MDB","Nomes dos Candidatos a presidente do Brasil","novo","Pablo Mar\u00e7al","Padre Kelmon","PCB","PDT","PL","Professor Bravo","PROS","PSTU","PT","PTB","Raquel Trememb\u00e9","Rela\u00e7\u00e3o de Candidatos a presidente do Brasil","Roberto Jefferson","Samara Martins","Simone Tebet","Sofia Mazano","Soraya Thronicke","Tiago Mitraud","Tribunal Superior Eleitoral","TSE","Uni\u00e3o Brasil","UP","Vera L\u00facia"],"articleSection":["Brasil"],"inLanguage":"pt-BR","potentialAction":[{"@type":"CommentAction","name":"Comment","target":["https:\/\/aconteceunovale.com.br\/portal\/?p=189801#respond"]}]},{"@type":"WebPage","@id":"https:\/\/aconteceunovale.com.br\/portal\/?p=189801","url":"https:\/\/aconteceunovale.com.br\/portal\/?p=189801","name":"Justi\u00e7a Eleitoral recebeu 12 registros de candidatura \u00e0 Presid\u00eancia do Brasil; confira - Aconteceu no Vale","isPartOf":{"@id":"https:\/\/aconteceunovale.com.br\/portal\/#website"},"primaryImageOfPage":{"@id":"https:\/\/aconteceunovale.com.br\/portal\/?p=189801#primaryimage"},"image":{"@id":"https:\/\/aconteceunovale.com.br\/portal\/?p=189801#primaryimage"},"thumbnailUrl":"https:\/\/aconteceunovale.com.br\/portal\/wp-content\/uploads\/2022\/08\/candidatos_presidente.png","datePublished":"2022-08-15T23:03:29+00:00","dateModified":"2022-08-15T23:03:45+00:00","author":{"@id":"https:\/\/aconteceunovale.com.br\/portal\/#\/schema\/person\/7d2f26d1483f8a63de73da1ee0754d35"},"breadcrumb":{"@id":"https:\/\/aconteceunovale.com.br\/portal\/?p=189801#breadcrumb"},"inLanguage":"pt-BR","potentialAction":[{"@type":"ReadAction","target":["https:\/\/aconteceunovale.com.br\/portal\/?p=189801"]}]},{"@type":"ImageObject","inLanguage":"pt-BR","@id":"https:\/\/aconteceunovale.com.br\/portal\/?p=189801#primaryimage","url":"https:\/\/aconteceunovale.com.br\/portal\/wp-content\/uploads\/2022\/08\/candidatos_presidente.png","contentUrl":"https:\/\/aconteceunovale.com.br\/portal\/wp-content\/uploads\/2022\/08\/candidatos_presidente.png","width":678,"height":353},{"@type":"BreadcrumbList","@id":"https:\/\/aconteceunovale.com.br\/portal\/?p=189801#breadcrumb","itemListElement":[{"@type":"ListItem","position":1,"name":"In\u00edcio","item":"https:\/\/aconteceunovale.com.br\/portal\/"},{"@type":"ListItem","position":2,"name":"Justi\u00e7a Eleitoral recebeu 12 registros de candidatura \u00e0 Presid\u00eancia do Brasil; confira"}]},{"@type":"WebSite","@id":"https:\/\/aconteceunovale.com.br\/portal\/#website","url":"https:\/\/aconteceunovale.com.br\/portal\/","name":"Aconteceu no Vale","description":"Portal de Not\u00edcias","potentialAction":[{"@type":"SearchAction","target":{"@type":"EntryPoint","urlTemplate":"https:\/\/aconteceunovale.com.br\/portal\/?s={search_term_string}"},"query-input":{"@type":"PropertyValueSpecification","valueRequired":true,"valueName":"search_term_string"}}],"inLanguage":"pt-BR"},{"@type":"Person","@id":"https:\/\/aconteceunovale.com.br\/portal\/#\/schema\/person\/7d2f26d1483f8a63de73da1ee0754d35","name":"Reda\u00e7\u00e3o Aconteceu no Vale","description":"Equipe de reportagem do Aconteceu no Vale, portal de not\u00edcias do Vale do Jequitinhonha, em Minas Gerais. Cobrimos as 51 cidades do Vale desde 2013. Sugest\u00f5es de pauta e pedidos de corre\u00e7\u00e3o: contato@aconteceunovale.com.br","url":"https:\/\/aconteceunovale.com.br\/portal\/?author=4"}]}},"_links":{"self":[{"href":"https:\/\/aconteceunovale.com.br\/portal\/index.php?rest_route=\/wp\/v2\/posts\/189801","targetHints":{"allow":["GET"]}}],"collection":[{"href":"https:\/\/aconteceunovale.com.br\/portal\/index.php?rest_route=\/wp\/v2\/posts"}],"about":[{"href":"https:\/\/aconteceunovale.com.br\/portal\/index.php?rest_route=\/wp\/v2\/types\/post"}],"author":[{"embeddable":true,"href":"https:\/\/aconteceunovale.com.br\/portal\/index.php?rest_route=\/wp\/v2\/users\/4"}],"replies":[{"embeddable":true,"href":"https:\/\/aconteceunovale.com.br\/portal\/index.php?rest_route=%2Fwp%2Fv2%2Fcomments&post=189801"}],"version-history":[{"count":1,"href":"https:\/\/aconteceunovale.com.br\/portal\/index.php?rest_route=\/wp\/v2\/posts\/189801\/revisions"}],"predecessor-version":[{"id":189802,"href":"https:\/\/aconteceunovale.com.br\/portal\/index.php?rest_route=\/wp\/v2\/posts\/189801\/revisions\/189802"}],"wp:featuredmedia":[{"embeddable":true,"href":"https:\/\/aconteceunovale.com.br\/portal\/index.php?rest_route=\/wp\/v2\/media\/189798"}],"wp:attachment":[{"href":"https:\/\/aconteceunovale.com.br\/portal\/index.php?rest_route=%2Fwp%2Fv2%2Fmedia&parent=189801"}],"wp:term":[{"taxonomy":"category","embeddable":true,"href":"https:\/\/aconteceunovale.com.br\/portal\/index.php?rest_route=%2Fwp%2Fv2%2Fcategories&post=189801"},{"taxonomy":"post_tag","embeddable":true,"href":"https:\/\/aconteceunovale.com.br\/portal\/index.php?rest_route=%2Fwp%2Fv2%2Ftags&post=189801"}],"curies":[{"name":"wp","href":"https:\/\/api.w.org\/{rel}","templated":true}]}}