{"id":18975,"date":"2014-01-21T01:11:34","date_gmt":"2014-01-21T03:11:34","guid":{"rendered":"http:\/\/aconteceunovale.com.br\/portal\/?p=18975"},"modified":"2014-01-21T02:00:22","modified_gmt":"2014-01-21T04:00:22","slug":"procissao-marcou-o-encerramento-da-festa-de-sao-sebastiao-de-sabinopolis","status":"publish","type":"post","link":"https:\/\/aconteceunovale.com.br\/portal\/?p=18975","title":{"rendered":"Prociss\u00e3o marcou o encerramento da Festa de S\u00e3o Sebasti\u00e3o de Sabin\u00f3polis"},"content":{"rendered":"<p><em><strong>Por Pedro \u00c1vila<\/strong><\/em><\/p>\n<p>Um grande n\u00famero de devotos participou do \u00faltimo dia de festejos em homenagem ao S\u00e3o Sebasti\u00e3o, padroeiro da cidade de Sabin\u00f3polis.<\/p>\n<p><img decoding=\"async\" src=\"http:\/\/aconteceunovale.com.br\/portal\/wp-content\/uploads\/2014\/01\/procissao_sao_sebastiao_sabinopolis_2.jpg\" alt=\"\" \/><br \/>\n<em>(Foto: Pedro \u00c1vila)<\/em><\/p>\n<p>Com a Igreja Matriz lotada, os fi\u00e9is participaram de uma missa concelebrada pelo Pe. Elair Sales e Pe. Jos\u00e9 Aparecido e em seguida, mesmo debaixo de chuva, uma grande multid\u00e3o percorreu v\u00e1rias ruas da cidade, em uma demonstra\u00e7\u00e3o de f\u00e9 e respeito ao grande M\u00e1rtir.<\/p>\n<p><iframe loading=\"lazy\" width=\"640\" height=\"360\" src=\"\/\/www.youtube.com\/embed\/Omme2V0Ev10\" frameborder=\"0\" allowfullscreen><\/iframe><\/p>\n","protected":false},"excerpt":{"rendered":"<p>Por Pedro \u00c1vila Um grande n\u00famero de devotos participou do \u00faltimo dia de festejos em homenagem ao S\u00e3o Sebasti\u00e3o, padroeiro da cidade de Sabin\u00f3polis. (Foto: Pedro \u00c1vila) Com a Igreja Matriz lotada, os fi\u00e9is participaram de uma missa concelebrada pelo Pe. Elair Sales e Pe. Jos\u00e9 Aparecido e em seguida, mesmo debaixo de chuva, uma [&hellip;]<\/p>\n","protected":false},"author":1,"featured_media":18977,"comment_status":"open","ping_status":"closed","sticky":false,"template":"","format":"standard","meta":{"amp_status":"","footnotes":""},"categories":[121],"tags":[3204,3260,310],"class_list":["post-18975","post","type-post","status-publish","format-standard","has-post-thumbnail","hentry","category-leste","tag-festa-de-sao-sebastiao-de-sabinopolis","tag-procissao-marcou-o-encerramento-da-festa-de-sao-sebastiao-de-sabinopolis","tag-sabinopolis"],"_links":{"self":[{"href":"https:\/\/aconteceunovale.com.br\/portal\/index.php?rest_route=\/wp\/v2\/posts\/18975","targetHints":{"allow":["GET"]}}],"collection":[{"href":"https:\/\/aconteceunovale.com.br\/portal\/index.php?rest_route=\/wp\/v2\/posts"}],"about":[{"href":"https:\/\/aconteceunovale.com.br\/portal\/index.php?rest_route=\/wp\/v2\/types\/post"}],"author":[{"embeddable":true,"href":"https:\/\/aconteceunovale.com.br\/portal\/index.php?rest_route=\/wp\/v2\/users\/1"}],"replies":[{"embeddable":true,"href":"https:\/\/aconteceunovale.com.br\/portal\/index.php?rest_route=%2Fwp%2Fv2%2Fcomments&post=18975"}],"version-history":[{"count":0,"href":"https:\/\/aconteceunovale.com.br\/portal\/index.php?rest_route=\/wp\/v2\/posts\/18975\/revisions"}],"wp:featuredmedia":[{"embeddable":true,"href":"https:\/\/aconteceunovale.com.br\/portal\/index.php?rest_route=\/wp\/v2\/media\/18977"}],"wp:attachment":[{"href":"https:\/\/aconteceunovale.com.br\/portal\/index.php?rest_route=%2Fwp%2Fv2%2Fmedia&parent=18975"}],"wp:term":[{"taxonomy":"category","embeddable":true,"href":"https:\/\/aconteceunovale.com.br\/portal\/index.php?rest_route=%2Fwp%2Fv2%2Fcategories&post=18975"},{"taxonomy":"post_tag","embeddable":true,"href":"https:\/\/aconteceunovale.com.br\/portal\/index.php?rest_route=%2Fwp%2Fv2%2Ftags&post=18975"}],"curies":[{"name":"wp","href":"https:\/\/api.w.org\/{rel}","templated":true}]}}