{"id":189733,"date":"2022-08-12T14:26:22","date_gmt":"2022-08-12T17:26:22","guid":{"rendered":"https:\/\/aconteceunovale.com.br\/portal\/?p=189733"},"modified":"2022-08-12T14:27:26","modified_gmt":"2022-08-12T17:27:26","slug":"homem-que-matou-companheira-com-foice-no-norte-de-minas-e-condenado-a-21-anos-de-prisao","status":"publish","type":"post","link":"https:\/\/aconteceunovale.com.br\/portal\/?p=189733","title":{"rendered":"Homem que matou companheira com foice no Norte de Minas \u00e9 condenado a 21 anos de pris\u00e3o"},"content":{"rendered":"\n<p class=\"wp-block-paragraph\">Em sess\u00e3o de julgamento\u00a0realizada na ter\u00e7a-feira, 9 de agosto de 2022, no F\u00f3rum de S\u00e3o Jo\u00e3o da Ponte, no Norte de Minas, o Tribunal do J\u00fari condenou um homem de 23 anos pelo assassinato da companheira com golpes de foice, em dezembro do ano passado, no munic\u00edpio de Varzel\u00e2ndia. A pena fixada pelo juiz foi de 21 anos de pris\u00e3o.\u00a0<\/p>\n\n\n\n<figure class=\"wp-block-gallery has-nested-images columns-default is-cropped wp-block-gallery-1 is-layout-flex wp-block-gallery-is-layout-flex\">\n<figure class=\"wp-block-image size-large\"><img loading=\"lazy\" decoding=\"async\" width=\"650\" height=\"430\" data-id=\"189734\" src=\"https:\/\/aconteceunovale.com.br\/portal\/wp-content\/uploads\/2022\/08\/julgamento_varzelandia.jpg\" alt=\"\" class=\"wp-image-189734\" srcset=\"https:\/\/aconteceunovale.com.br\/portal\/wp-content\/uploads\/2022\/08\/julgamento_varzelandia.jpg 650w, https:\/\/aconteceunovale.com.br\/portal\/wp-content\/uploads\/2022\/08\/julgamento_varzelandia-300x198.jpg 300w, https:\/\/aconteceunovale.com.br\/portal\/wp-content\/uploads\/2022\/08\/julgamento_varzelandia-635x420.jpg 635w\" sizes=\"auto, (max-width: 650px) 100vw, 650px\" \/><figcaption><em><sub>Foto: Divulga\u00e7\u00e3o \/ MPMG<\/sub><\/em><\/figcaption><\/figure>\n<\/figure>\n\n\n\n<p class=\"wp-block-paragraph\">Conforme a investiga\u00e7\u00e3o, o casal vivia junto h\u00e1 cerca de cinco anos. No dia do crime, o homem fez uso imoderado de bebida alco\u00f3lica&nbsp;e ao retornar para a casa,&nbsp;embriagado, desentendeu-se com a companheira.&nbsp;A v\u00edtima disse que deixaria a resid\u00eancia, e o denunciado, inconformado com a&nbsp;decis\u00e3o, apoderou-se de uma foice e foi atr\u00e1s da mulher, atacando-a e provocando nela v\u00e1rios cortes e fratura no cr\u00e2nio. &nbsp;<\/p>\n\n\n\n<p class=\"wp-block-paragraph\">As agress\u00f5es ocorreram na frente da filha da v\u00edtima, de apenas cinco&nbsp;anos de idade,&nbsp;e de uma filha do casal, de tr\u00eas&nbsp;anos. O outro filho do casal, um beb\u00ea de um ano, foi colocado no ber\u00e7o pela m\u00e3e quando a discuss\u00e3o come\u00e7ou. O agressor tinha 22 anos \u00e0 \u00e9poca do crime, e a v\u00edtima, 29 anos.&nbsp;<\/p>\n\n\n\n<p class=\"wp-block-paragraph\">O r\u00e9u tentou suic\u00eddio logo ap\u00f3s o fato, dando uma&nbsp;facada no pr\u00f3prio umbigo, e depois ficou vagando pela mata por cinco dias, at\u00e9 ser preso preventivamente.&nbsp;<\/p>\n\n\n\n<p class=\"wp-block-paragraph\">A den\u00fancia oferecida pela promotora de Justi\u00e7a Tatiane Aparecida De Almeida Carvalho, de S\u00e3o Jo\u00e3o da Ponte, foi acolhida na \u00edntegra pelo Conselho de Senten\u00e7a. A causa de aumento de pena do par\u00e1grafo 7\u00b0 do art. 121 do C\u00f3digo Penal (feminic\u00eddio) foi aplicada em 1\/2,&nbsp;e o pedido de declara\u00e7\u00e3o da incapacidade para exerc\u00edcio do poder familiar (art. 92, II, CP), tamb\u00e9m feito pela promotora, foi acatado. A representante do MPMG pediu, ainda, a remessa do feito ao ju\u00edzo c\u00edvel para decreta\u00e7\u00e3o da perda do poder familiar, nos termos do art. 1638 do C\u00f3digo Civil.&nbsp;<\/p>\n\n\n\n<p class=\"wp-block-paragraph\">De acordo com Tatiane Aparecida, as provid\u00eancias em rela\u00e7\u00e3o \u00e0 perda do poder familiar s\u00e3o muito importantes para a efetiva prote\u00e7\u00e3o da sa\u00fade psicol\u00f3gica das crian\u00e7as e dos parentes que passam a cuidar delas em raz\u00e3o da morte da m\u00e3e e pris\u00e3o do pai.&nbsp;\u201cMais do que punir os culpados, o que nesse caso foi feito de forma plena dentro das previs\u00f5es legais, devemos estar atentos para adotar as provid\u00eancias necess\u00e1rias a reestabelecer a sa\u00fade mental das v\u00edtimas e preservar esses filhos da conviv\u00eancia com o pai, que foi o algoz da m\u00e3e deles\u201d, comentou.&nbsp;&nbsp;<\/p>\n\n\n\n<p class=\"wp-block-paragraph\">O r\u00e9u era prim\u00e1rio, de bons antecedentes e confessou o crime em plen\u00e1rio. Ele aguardou preso durante todo o processo.\u00a0<\/p>\n\n\n\n<p class=\"wp-block-paragraph\">&#8212;&#8212;&#8212;&#8212;&#8212;&#8212;<br><br><strong>Sabia que o Aconteceu no Vale est\u00e1 tamb\u00e9m no Telegram? <a rel=\"noreferrer noopener\" href=\"https:\/\/t.me\/aconteceunovaleoficial\" target=\"_blank\">Inscreva-se no canal<\/a>.<\/strong><br><br><strong>J\u00e1 curtiu ou seguiu nossas p\u00e1ginas nas redes sociais?\u00a0Receba as not\u00edcias em primeira m\u00e3o:<\/strong><br>\u2022 <a rel=\"noreferrer noopener\" href=\"https:\/\/news.google.com\/publications\/CAAqBwgKMNjklQswi4etAw?hl=pt-BR&amp;gl=BR&amp;ceid=BR%3Apt-419\" target=\"_blank\">Google News<\/a><br>\u2022 <a rel=\"noreferrer noopener\" href=\"https:\/\/www.facebook.com\/aconteceunovale\/\" target=\"_blank\">Facebook<\/a><br>\u2022 <a rel=\"noreferrer noopener\" href=\"https:\/\/twitter.com\/noticiadosvales\" target=\"_blank\">Twitter<\/a><br>\u2022 <a rel=\"noreferrer noopener\" href=\"https:\/\/www.instagram.com\/aconteceunovale\" target=\"_blank\">Instagram<\/a><br>\u2022 <a rel=\"noreferrer noopener\" href=\"https:\/\/www.youtube.com\/AconteceunoValeOficial\" target=\"_blank\">Youtube<\/a><br>\u2022 <a rel=\"noreferrer noopener\" href=\"https:\/\/www.tiktok.com\/@aconteceunovale\" target=\"_blank\">TikTok<\/a><\/p>\n","protected":false},"excerpt":{"rendered":"<p>Em sess\u00e3o de julgamento\u00a0realizada na ter\u00e7a-feira, 9 de agosto de 2022, no F\u00f3rum de S\u00e3o Jo\u00e3o da Ponte, no Norte de Minas, o Tribunal do J\u00fari condenou um homem de 23 anos pelo assassinato da companheira com golpes de foice, em dezembro do ano passado, no munic\u00edpio de Varzel\u00e2ndia. A pena fixada pelo juiz foi [&hellip;]<\/p>\n","protected":false},"author":4,"featured_media":189734,"comment_status":"open","ping_status":"closed","sticky":false,"template":"","format":"standard","meta":{"amp_status":"","footnotes":""},"categories":[1236],"tags":[262033,262035,262032,262034,145,262036,2448,1713],"class_list":["post-189733","post","type-post","status-publish","format-standard","has-post-thumbnail","hentry","category-norte_de_minas","tag-feminicidio-em-varzelandia","tag-forum-de-sao-joao-da-ponte","tag-homem-que-matou-companheira-com-foice-no-norte-de-minas-e-condenado-a-21-anos-de-prisao","tag-julgamento-em-sao-joao-da-ponte","tag-norte-de-minas","tag-promotora-tatiane-aparecida-de-almeida-carvalho","tag-sao-joao-da-ponte","tag-varzelandia"],"yoast_head":"<!-- This site is optimized with the Yoast SEO plugin v28.3 - https:\/\/yoast.com\/product\/yoast-seo-wordpress\/ -->\n<title>Homem que matou companheira com foice no Norte de Minas \u00e9 condenado a 21 anos de pris\u00e3o - Aconteceu no Vale<\/title>\n<meta name=\"robots\" content=\"index, follow, max-snippet:-1, max-image-preview:large, max-video-preview:-1\" \/>\n<link rel=\"canonical\" href=\"https:\/\/aconteceunovale.com.br\/portal\/?p=189733\" \/>\n<meta property=\"og:locale\" content=\"pt_BR\" \/>\n<meta property=\"og:type\" content=\"article\" \/>\n<meta property=\"og:title\" content=\"Homem que matou companheira com foice no Norte de Minas \u00e9 condenado a 21 anos de pris\u00e3o - Aconteceu no Vale\" \/>\n<meta property=\"og:description\" content=\"Em sess\u00e3o de julgamento\u00a0realizada na ter\u00e7a-feira, 9 de agosto de 2022, no F\u00f3rum de S\u00e3o Jo\u00e3o da Ponte, no Norte de Minas, o Tribunal do J\u00fari condenou um homem de 23 anos pelo assassinato da companheira com golpes de foice, em dezembro do ano passado, no munic\u00edpio de Varzel\u00e2ndia. A pena fixada pelo juiz foi [&hellip;]\" \/>\n<meta property=\"og:url\" content=\"https:\/\/aconteceunovale.com.br\/portal\/?p=189733\" \/>\n<meta property=\"og:site_name\" content=\"Aconteceu no Vale\" \/>\n<meta property=\"article:publisher\" content=\"https:\/\/www.facebook.com\/aconteceunovale\/\" \/>\n<meta property=\"article:published_time\" content=\"2022-08-12T17:26:22+00:00\" \/>\n<meta property=\"article:modified_time\" content=\"2022-08-12T17:27:26+00:00\" \/>\n<meta property=\"og:image\" content=\"https:\/\/aconteceunovale.com.br\/portal\/wp-content\/uploads\/2022\/08\/julgamento_varzelandia.jpg\" \/>\n\t<meta property=\"og:image:width\" content=\"650\" \/>\n\t<meta property=\"og:image:height\" content=\"430\" \/>\n\t<meta property=\"og:image:type\" content=\"image\/jpeg\" \/>\n<meta name=\"author\" content=\"Reda\u00e7\u00e3o Aconteceu no Vale\" \/>\n<meta name=\"twitter:card\" content=\"summary_large_image\" \/>\n<meta name=\"twitter:creator\" content=\"@noticiadosvales\" \/>\n<meta name=\"twitter:site\" content=\"@noticiadosvales\" \/>\n<meta name=\"twitter:label1\" content=\"Escrito por\" \/>\n\t<meta name=\"twitter:data1\" content=\"Reda\u00e7\u00e3o Aconteceu no Vale\" \/>\n\t<meta name=\"twitter:label2\" content=\"Est. tempo de leitura\" \/>\n\t<meta name=\"twitter:data2\" content=\"3 minutos\" \/>\n<script type=\"application\/ld+json\" class=\"yoast-schema-graph\">{\"@context\":\"https:\\\/\\\/schema.org\",\"@graph\":[{\"@type\":\"Article\",\"@id\":\"https:\\\/\\\/aconteceunovale.com.br\\\/portal\\\/?p=189733#article\",\"isPartOf\":{\"@id\":\"https:\\\/\\\/aconteceunovale.com.br\\\/portal\\\/?p=189733\"},\"author\":{\"name\":\"Reda\u00e7\u00e3o Aconteceu no Vale\",\"@id\":\"https:\\\/\\\/aconteceunovale.com.br\\\/portal\\\/#\\\/schema\\\/person\\\/7d2f26d1483f8a63de73da1ee0754d35\"},\"headline\":\"Homem que matou companheira com foice no Norte de Minas \u00e9 condenado a 21 anos de pris\u00e3o\",\"datePublished\":\"2022-08-12T17:26:22+00:00\",\"dateModified\":\"2022-08-12T17:27:26+00:00\",\"mainEntityOfPage\":{\"@id\":\"https:\\\/\\\/aconteceunovale.com.br\\\/portal\\\/?p=189733\"},\"wordCount\":551,\"commentCount\":0,\"image\":{\"@id\":\"https:\\\/\\\/aconteceunovale.com.br\\\/portal\\\/?p=189733#primaryimage\"},\"thumbnailUrl\":\"https:\\\/\\\/aconteceunovale.com.br\\\/portal\\\/wp-content\\\/uploads\\\/2022\\\/08\\\/julgamento_varzelandia.jpg\",\"keywords\":[\"Feminic\u00eddio em Varzel\u00e2ndia\",\"F\u00f3rum de S\u00e3o Jo\u00e3o da Ponte\",\"Homem que matou companheira com foice no Norte de Minas \u00e9 condenado a 21 anos de pris\u00e3o\",\"Julgamento em S\u00e3o Jo\u00e3o da Ponte\",\"Norte de Minas\",\"Promotora Tatiane Aparecida de Almeida Carvalho\",\"S\u00e3o Jo\u00e3o da Ponte\",\"Varzel\u00e2ndia\"],\"articleSection\":[\"Norte de Minas\"],\"inLanguage\":\"pt-BR\",\"potentialAction\":[{\"@type\":\"CommentAction\",\"name\":\"Comment\",\"target\":[\"https:\\\/\\\/aconteceunovale.com.br\\\/portal\\\/?p=189733#respond\"]}]},{\"@type\":\"WebPage\",\"@id\":\"https:\\\/\\\/aconteceunovale.com.br\\\/portal\\\/?p=189733\",\"url\":\"https:\\\/\\\/aconteceunovale.com.br\\\/portal\\\/?p=189733\",\"name\":\"Homem que matou companheira com foice no Norte de Minas \u00e9 condenado a 21 anos de pris\u00e3o - Aconteceu no Vale\",\"isPartOf\":{\"@id\":\"https:\\\/\\\/aconteceunovale.com.br\\\/portal\\\/#website\"},\"primaryImageOfPage\":{\"@id\":\"https:\\\/\\\/aconteceunovale.com.br\\\/portal\\\/?p=189733#primaryimage\"},\"image\":{\"@id\":\"https:\\\/\\\/aconteceunovale.com.br\\\/portal\\\/?p=189733#primaryimage\"},\"thumbnailUrl\":\"https:\\\/\\\/aconteceunovale.com.br\\\/portal\\\/wp-content\\\/uploads\\\/2022\\\/08\\\/julgamento_varzelandia.jpg\",\"datePublished\":\"2022-08-12T17:26:22+00:00\",\"dateModified\":\"2022-08-12T17:27:26+00:00\",\"author\":{\"@id\":\"https:\\\/\\\/aconteceunovale.com.br\\\/portal\\\/#\\\/schema\\\/person\\\/7d2f26d1483f8a63de73da1ee0754d35\"},\"breadcrumb\":{\"@id\":\"https:\\\/\\\/aconteceunovale.com.br\\\/portal\\\/?p=189733#breadcrumb\"},\"inLanguage\":\"pt-BR\",\"potentialAction\":[{\"@type\":\"ReadAction\",\"target\":[\"https:\\\/\\\/aconteceunovale.com.br\\\/portal\\\/?p=189733\"]}]},{\"@type\":\"ImageObject\",\"inLanguage\":\"pt-BR\",\"@id\":\"https:\\\/\\\/aconteceunovale.com.br\\\/portal\\\/?p=189733#primaryimage\",\"url\":\"https:\\\/\\\/aconteceunovale.com.br\\\/portal\\\/wp-content\\\/uploads\\\/2022\\\/08\\\/julgamento_varzelandia.jpg\",\"contentUrl\":\"https:\\\/\\\/aconteceunovale.com.br\\\/portal\\\/wp-content\\\/uploads\\\/2022\\\/08\\\/julgamento_varzelandia.jpg\",\"width\":650,\"height\":430},{\"@type\":\"BreadcrumbList\",\"@id\":\"https:\\\/\\\/aconteceunovale.com.br\\\/portal\\\/?p=189733#breadcrumb\",\"itemListElement\":[{\"@type\":\"ListItem\",\"position\":1,\"name\":\"In\u00edcio\",\"item\":\"https:\\\/\\\/aconteceunovale.com.br\\\/portal\\\/\"},{\"@type\":\"ListItem\",\"position\":2,\"name\":\"Homem que matou companheira com foice no Norte de Minas \u00e9 condenado a 21 anos de pris\u00e3o\"}]},{\"@type\":\"WebSite\",\"@id\":\"https:\\\/\\\/aconteceunovale.com.br\\\/portal\\\/#website\",\"url\":\"https:\\\/\\\/aconteceunovale.com.br\\\/portal\\\/\",\"name\":\"Aconteceu no Vale\",\"description\":\"Portal de Not\u00edcias\",\"potentialAction\":[{\"@type\":\"SearchAction\",\"target\":{\"@type\":\"EntryPoint\",\"urlTemplate\":\"https:\\\/\\\/aconteceunovale.com.br\\\/portal\\\/?s={search_term_string}\"},\"query-input\":{\"@type\":\"PropertyValueSpecification\",\"valueRequired\":true,\"valueName\":\"search_term_string\"}}],\"inLanguage\":\"pt-BR\"},{\"@type\":\"Person\",\"@id\":\"https:\\\/\\\/aconteceunovale.com.br\\\/portal\\\/#\\\/schema\\\/person\\\/7d2f26d1483f8a63de73da1ee0754d35\",\"name\":\"Reda\u00e7\u00e3o Aconteceu no Vale\",\"description\":\"Equipe de reportagem do Aconteceu no Vale, portal de not\u00edcias do Vale do Jequitinhonha, em Minas Gerais. Cobrimos as 51 cidades do Vale desde 2013. Sugest\u00f5es de pauta e pedidos de corre\u00e7\u00e3o: contato@aconteceunovale.com.br\",\"url\":\"https:\\\/\\\/aconteceunovale.com.br\\\/portal\\\/?author=4\"}]}<\/script>\n<!-- \/ Yoast SEO plugin. -->","yoast_head_json":{"title":"Homem que matou companheira com foice no Norte de Minas \u00e9 condenado a 21 anos de pris\u00e3o - Aconteceu no Vale","robots":{"index":"index","follow":"follow","max-snippet":"max-snippet:-1","max-image-preview":"max-image-preview:large","max-video-preview":"max-video-preview:-1"},"canonical":"https:\/\/aconteceunovale.com.br\/portal\/?p=189733","og_locale":"pt_BR","og_type":"article","og_title":"Homem que matou companheira com foice no Norte de Minas \u00e9 condenado a 21 anos de pris\u00e3o - Aconteceu no Vale","og_description":"Em sess\u00e3o de julgamento\u00a0realizada na ter\u00e7a-feira, 9 de agosto de 2022, no F\u00f3rum de S\u00e3o Jo\u00e3o da Ponte, no Norte de Minas, o Tribunal do J\u00fari condenou um homem de 23 anos pelo assassinato da companheira com golpes de foice, em dezembro do ano passado, no munic\u00edpio de Varzel\u00e2ndia. A pena fixada pelo juiz foi [&hellip;]","og_url":"https:\/\/aconteceunovale.com.br\/portal\/?p=189733","og_site_name":"Aconteceu no Vale","article_publisher":"https:\/\/www.facebook.com\/aconteceunovale\/","article_published_time":"2022-08-12T17:26:22+00:00","article_modified_time":"2022-08-12T17:27:26+00:00","og_image":[{"width":650,"height":430,"url":"https:\/\/aconteceunovale.com.br\/portal\/wp-content\/uploads\/2022\/08\/julgamento_varzelandia.jpg","type":"image\/jpeg"}],"author":"Reda\u00e7\u00e3o Aconteceu no Vale","twitter_card":"summary_large_image","twitter_creator":"@noticiadosvales","twitter_site":"@noticiadosvales","twitter_misc":{"Escrito por":"Reda\u00e7\u00e3o Aconteceu no Vale","Est. tempo de leitura":"3 minutos"},"schema":{"@context":"https:\/\/schema.org","@graph":[{"@type":"Article","@id":"https:\/\/aconteceunovale.com.br\/portal\/?p=189733#article","isPartOf":{"@id":"https:\/\/aconteceunovale.com.br\/portal\/?p=189733"},"author":{"name":"Reda\u00e7\u00e3o Aconteceu no Vale","@id":"https:\/\/aconteceunovale.com.br\/portal\/#\/schema\/person\/7d2f26d1483f8a63de73da1ee0754d35"},"headline":"Homem que matou companheira com foice no Norte de Minas \u00e9 condenado a 21 anos de pris\u00e3o","datePublished":"2022-08-12T17:26:22+00:00","dateModified":"2022-08-12T17:27:26+00:00","mainEntityOfPage":{"@id":"https:\/\/aconteceunovale.com.br\/portal\/?p=189733"},"wordCount":551,"commentCount":0,"image":{"@id":"https:\/\/aconteceunovale.com.br\/portal\/?p=189733#primaryimage"},"thumbnailUrl":"https:\/\/aconteceunovale.com.br\/portal\/wp-content\/uploads\/2022\/08\/julgamento_varzelandia.jpg","keywords":["Feminic\u00eddio em Varzel\u00e2ndia","F\u00f3rum de S\u00e3o Jo\u00e3o da Ponte","Homem que matou companheira com foice no Norte de Minas \u00e9 condenado a 21 anos de pris\u00e3o","Julgamento em S\u00e3o Jo\u00e3o da Ponte","Norte de Minas","Promotora Tatiane Aparecida de Almeida Carvalho","S\u00e3o Jo\u00e3o da Ponte","Varzel\u00e2ndia"],"articleSection":["Norte de Minas"],"inLanguage":"pt-BR","potentialAction":[{"@type":"CommentAction","name":"Comment","target":["https:\/\/aconteceunovale.com.br\/portal\/?p=189733#respond"]}]},{"@type":"WebPage","@id":"https:\/\/aconteceunovale.com.br\/portal\/?p=189733","url":"https:\/\/aconteceunovale.com.br\/portal\/?p=189733","name":"Homem que matou companheira com foice no Norte de Minas \u00e9 condenado a 21 anos de pris\u00e3o - Aconteceu no Vale","isPartOf":{"@id":"https:\/\/aconteceunovale.com.br\/portal\/#website"},"primaryImageOfPage":{"@id":"https:\/\/aconteceunovale.com.br\/portal\/?p=189733#primaryimage"},"image":{"@id":"https:\/\/aconteceunovale.com.br\/portal\/?p=189733#primaryimage"},"thumbnailUrl":"https:\/\/aconteceunovale.com.br\/portal\/wp-content\/uploads\/2022\/08\/julgamento_varzelandia.jpg","datePublished":"2022-08-12T17:26:22+00:00","dateModified":"2022-08-12T17:27:26+00:00","author":{"@id":"https:\/\/aconteceunovale.com.br\/portal\/#\/schema\/person\/7d2f26d1483f8a63de73da1ee0754d35"},"breadcrumb":{"@id":"https:\/\/aconteceunovale.com.br\/portal\/?p=189733#breadcrumb"},"inLanguage":"pt-BR","potentialAction":[{"@type":"ReadAction","target":["https:\/\/aconteceunovale.com.br\/portal\/?p=189733"]}]},{"@type":"ImageObject","inLanguage":"pt-BR","@id":"https:\/\/aconteceunovale.com.br\/portal\/?p=189733#primaryimage","url":"https:\/\/aconteceunovale.com.br\/portal\/wp-content\/uploads\/2022\/08\/julgamento_varzelandia.jpg","contentUrl":"https:\/\/aconteceunovale.com.br\/portal\/wp-content\/uploads\/2022\/08\/julgamento_varzelandia.jpg","width":650,"height":430},{"@type":"BreadcrumbList","@id":"https:\/\/aconteceunovale.com.br\/portal\/?p=189733#breadcrumb","itemListElement":[{"@type":"ListItem","position":1,"name":"In\u00edcio","item":"https:\/\/aconteceunovale.com.br\/portal\/"},{"@type":"ListItem","position":2,"name":"Homem que matou companheira com foice no Norte de Minas \u00e9 condenado a 21 anos de pris\u00e3o"}]},{"@type":"WebSite","@id":"https:\/\/aconteceunovale.com.br\/portal\/#website","url":"https:\/\/aconteceunovale.com.br\/portal\/","name":"Aconteceu no Vale","description":"Portal de Not\u00edcias","potentialAction":[{"@type":"SearchAction","target":{"@type":"EntryPoint","urlTemplate":"https:\/\/aconteceunovale.com.br\/portal\/?s={search_term_string}"},"query-input":{"@type":"PropertyValueSpecification","valueRequired":true,"valueName":"search_term_string"}}],"inLanguage":"pt-BR"},{"@type":"Person","@id":"https:\/\/aconteceunovale.com.br\/portal\/#\/schema\/person\/7d2f26d1483f8a63de73da1ee0754d35","name":"Reda\u00e7\u00e3o Aconteceu no Vale","description":"Equipe de reportagem do Aconteceu no Vale, portal de not\u00edcias do Vale do Jequitinhonha, em Minas Gerais. Cobrimos as 51 cidades do Vale desde 2013. Sugest\u00f5es de pauta e pedidos de corre\u00e7\u00e3o: contato@aconteceunovale.com.br","url":"https:\/\/aconteceunovale.com.br\/portal\/?author=4"}]}},"_links":{"self":[{"href":"https:\/\/aconteceunovale.com.br\/portal\/index.php?rest_route=\/wp\/v2\/posts\/189733","targetHints":{"allow":["GET"]}}],"collection":[{"href":"https:\/\/aconteceunovale.com.br\/portal\/index.php?rest_route=\/wp\/v2\/posts"}],"about":[{"href":"https:\/\/aconteceunovale.com.br\/portal\/index.php?rest_route=\/wp\/v2\/types\/post"}],"author":[{"embeddable":true,"href":"https:\/\/aconteceunovale.com.br\/portal\/index.php?rest_route=\/wp\/v2\/users\/4"}],"replies":[{"embeddable":true,"href":"https:\/\/aconteceunovale.com.br\/portal\/index.php?rest_route=%2Fwp%2Fv2%2Fcomments&post=189733"}],"version-history":[{"count":1,"href":"https:\/\/aconteceunovale.com.br\/portal\/index.php?rest_route=\/wp\/v2\/posts\/189733\/revisions"}],"predecessor-version":[{"id":189735,"href":"https:\/\/aconteceunovale.com.br\/portal\/index.php?rest_route=\/wp\/v2\/posts\/189733\/revisions\/189735"}],"wp:featuredmedia":[{"embeddable":true,"href":"https:\/\/aconteceunovale.com.br\/portal\/index.php?rest_route=\/wp\/v2\/media\/189734"}],"wp:attachment":[{"href":"https:\/\/aconteceunovale.com.br\/portal\/index.php?rest_route=%2Fwp%2Fv2%2Fmedia&parent=189733"}],"wp:term":[{"taxonomy":"category","embeddable":true,"href":"https:\/\/aconteceunovale.com.br\/portal\/index.php?rest_route=%2Fwp%2Fv2%2Fcategories&post=189733"},{"taxonomy":"post_tag","embeddable":true,"href":"https:\/\/aconteceunovale.com.br\/portal\/index.php?rest_route=%2Fwp%2Fv2%2Ftags&post=189733"}],"curies":[{"name":"wp","href":"https:\/\/api.w.org\/{rel}","templated":true}]}}