{"id":189725,"date":"2022-08-12T13:45:46","date_gmt":"2022-08-12T16:45:46","guid":{"rendered":"https:\/\/aconteceunovale.com.br\/portal\/?p=189725"},"modified":"2022-08-12T13:49:17","modified_gmt":"2022-08-12T16:49:17","slug":"presidente-nomeia-17-desembargadores-para-1a-composicao-do-trf6","status":"publish","type":"post","link":"https:\/\/aconteceunovale.com.br\/portal\/?p=189725","title":{"rendered":"Presidente nomeia 17 desembargadores para 1\u00aa composi\u00e7\u00e3o do TRF6"},"content":{"rendered":"\n<p class=\"wp-block-paragraph\">O presidente Jair Bolsonaro nomeou&nbsp;ontem&nbsp;(11) 17 dos 18 desembargadores que formar\u00e3o a primeira composi\u00e7\u00e3o do Tribunal Regional Federal da 6\u00aa Regi\u00e3o (TRF6), corte que dever\u00e1 ser instalada na pr\u00f3xima&nbsp;sexta-feira (19), com sede em Belo Horizonte e jurisdi\u00e7\u00e3o sobre o estado de Minas Gerais.<\/p>\n\n\n\n<p class=\"wp-block-paragraph\">Entre os nomes, 10 foram escolhidos por Bolsonaro a partir de listas votadas em plen\u00e1rio pelo Superior Tribunal de Justi\u00e7a (STJ), na semana passada. Outras sete vagas foram ocupadas pelo crit\u00e9rio objetivo de antiguidade, sendo apenas ocupantes apenas nomeados pelo presidente.<\/p>\n\n\n\n<p class=\"wp-block-paragraph\">Dos 10 escolhidos, seis j\u00e1 eram magistrados em outros tribunais, dois v\u00eam do Minist\u00e9rio P\u00fablico Federal (MPF) e dois s\u00e3o oriundos da advocacia, conforme a regra do quinto constitucional.<\/p>\n\n\n\n<p class=\"wp-block-paragraph\">Uma cadeira ficar\u00e1 com a desembargadora M\u00f4nica Sifuentes, \u00fanica integrante do Tribunal Regional Federal da 1\u00aa Regi\u00e3o (TRF1), antes respons\u00e1vel por julgar os recursos da Justi\u00e7a Federal de Minas Gerais, que optou pela remo\u00e7\u00e3o para o novo tribunal.<\/p>\n\n\n\n<p class=\"wp-block-paragraph\">Um desmembramento do TRF1, o TRF6 teve sua cria\u00e7\u00e3o aprovada no Congresso e sancionada por Bolsonaro no ano passado. Ao final, a nova corte ser\u00e1 composta por 15 desembargadores e tr\u00eas desembargadoras.<\/p>\n\n\n\n<p class=\"wp-block-paragraph\">A cria\u00e7\u00e3o da nova corte \u00e9 uma demanda antiga do Judici\u00e1rio. Os defensores da medida argumentaram que o TRF1, com sede em Bras\u00edlia, acumulava quantidade muito grande de processos, por cobrir uma jurisdi\u00e7\u00e3o que abarcava metade dos estados brasileiros, incluindo Minas Gerais, origem de 35% dos recursos julgados.<\/p>\n\n\n\n<p class=\"wp-block-paragraph\">Outro argumento foi o de que a cria\u00e7\u00e3o do novo tribunal n\u00e3o resultaria em aumento de despesas para Judici\u00e1rio, que poderia remanejar vagas para ju\u00edzes federais desocupadas para criar os novos cargos de desembargador.&nbsp;<\/p>\n\n\n\n<p class=\"wp-block-paragraph\">Inicialmente, o or\u00e7amento do TRF6 ser\u00e1 o equivalente \u00e0 m\u00e9dia dos percentuais da se\u00e7\u00e3o judici\u00e1ria de Minas Gerais nos \u00faltimos cinco anos.<\/p>\n\n\n\n<p class=\"wp-block-paragraph\"><strong>Confira abaixo a lista com os nomes dos desembargadores rec\u00e9m-nomeados:<\/strong><\/p>\n\n\n\n<p class=\"wp-block-paragraph\"><strong>Desembargadores nomeados por antiguidade:<\/strong><\/p>\n\n\n\n<ul class=\"wp-block-list\"><li>Vallisney de Souza Oliveira<\/li><li>Ricardo Machado Rabelo<\/li><li>Lincoln Rodrigues de Faria<\/li><li>Marcelo Dolzany da Costa<\/li><li>Rubens Rollo D&#8217;Oliveira<\/li><li>Evandro Reim\u00e3o dos Reis<\/li><li>Derivaldo de Figueiredo Bezerra Filho<\/li><\/ul>\n\n\n\n<p class=\"wp-block-paragraph\"><strong>Desembargadores escolhidos pelo presidente a partir de lista do STJ:<\/strong><\/p>\n\n\n\n<ul class=\"wp-block-list\"><li>Klaus Kuschel<\/li><li>Andr\u00e9 Prado de Vasconcelos<\/li><li>Simone dos Santos Lemos Fernandes<\/li><li>Luciana Pinheiro Costa<\/li><li>Pedro Felipe de Oliveira Santos<\/li><li>Miguel \u00c2ngelo de Alvarenga Lopes<\/li><\/ul>\n\n\n\n<p class=\"wp-block-paragraph\"><strong>Desembargadores nomeados a partir de listas tr\u00edplices de advogados:<\/strong><\/p>\n\n\n\n<ul class=\"wp-block-list\"><li>Fl\u00e1vio Boson Gambogi<\/li><li>Gr\u00e9gore Moreira de Moura<\/li><\/ul>\n\n\n\n<p class=\"wp-block-paragraph\"><strong>Desembargadores nomeados a partir de listas tr\u00edplices de membros do Minist\u00e9rio P\u00fablico Federal:<\/strong><\/p>\n\n\n\n<ul class=\"wp-block-list\"><li>\u00c1lvaro Ricardo de Souza Cruz<\/li><li>Edilson Vitorelli Diniz Lima<\/li><\/ul>\n\n\n\n<p class=\"wp-block-paragraph\">&#8212;&#8212;&#8212;&#8212;&#8212;&#8212;<br><br><strong>Sabia que o Aconteceu no Vale est\u00e1 tamb\u00e9m no Telegram? <a rel=\"noreferrer noopener\" href=\"https:\/\/t.me\/aconteceunovaleoficial\" target=\"_blank\">Inscreva-se no canal<\/a>.<\/strong><br><br><strong>J\u00e1 curtiu ou seguiu nossas p\u00e1ginas nas redes sociais?&nbsp;Receba as not\u00edcias em primeira m\u00e3o:<\/strong><br>\u2022 <a rel=\"noreferrer noopener\" href=\"https:\/\/news.google.com\/publications\/CAAqBwgKMNjklQswi4etAw?hl=pt-BR&amp;gl=BR&amp;ceid=BR%3Apt-419\" target=\"_blank\">Google News<\/a><br>\u2022 <a rel=\"noreferrer noopener\" href=\"https:\/\/www.facebook.com\/aconteceunovale\/\" target=\"_blank\">Facebook<\/a><br>\u2022 <a rel=\"noreferrer noopener\" href=\"https:\/\/twitter.com\/noticiadosvales\" target=\"_blank\">Twitter<\/a><br>\u2022 <a rel=\"noreferrer noopener\" href=\"https:\/\/www.instagram.com\/aconteceunovale\" target=\"_blank\">Instagram<\/a><br>\u2022 <a rel=\"noreferrer noopener\" href=\"https:\/\/www.youtube.com\/AconteceunoValeOficial\" target=\"_blank\">Youtube<\/a><br>\u2022 <a rel=\"noreferrer noopener\" href=\"https:\/\/www.tiktok.com\/@aconteceunovale\" target=\"_blank\">TikTok<\/a><\/p>\n","protected":false},"excerpt":{"rendered":"<p>O presidente Jair Bolsonaro nomeou&nbsp;ontem&nbsp;(11) 17 dos 18 desembargadores que formar\u00e3o a primeira composi\u00e7\u00e3o do Tribunal Regional Federal da 6\u00aa Regi\u00e3o (TRF6), corte que dever\u00e1 ser instalada na pr\u00f3xima&nbsp;sexta-feira (19), com sede em Belo Horizonte e jurisdi\u00e7\u00e3o sobre o estado de Minas Gerais. Entre os nomes, 10 foram escolhidos por Bolsonaro a partir de listas [&hellip;]<\/p>\n","protected":false},"author":4,"featured_media":189727,"comment_status":"open","ping_status":"closed","sticky":false,"template":"","format":"standard","meta":{"amp_status":"","footnotes":""},"categories":[6,123],"tags":[194,262026,262028,1018,262027,131,262029,251700],"class_list":["post-189725","post","type-post","status-publish","format-standard","has-post-thumbnail","hentry","category-br","category-gerais","tag-belo-horizonte","tag-composicao-do-trf6","tag-desembargadores-nomeados-para-o-trf6","tag-destaque","tag-integrantes-do-trf6","tag-minas-gerais","tag-nomeados-para-o-trf6","tag-trf6"],"yoast_head":"<!-- This site is optimized with the Yoast SEO plugin v28.3 - https:\/\/yoast.com\/product\/yoast-seo-wordpress\/ -->\n<title>Presidente nomeia 17 desembargadores para 1\u00aa composi\u00e7\u00e3o do TRF6 - Aconteceu no Vale<\/title>\n<meta name=\"robots\" content=\"index, follow, max-snippet:-1, max-image-preview:large, max-video-preview:-1\" \/>\n<link rel=\"canonical\" href=\"https:\/\/aconteceunovale.com.br\/portal\/?p=189725\" \/>\n<meta property=\"og:locale\" content=\"pt_BR\" \/>\n<meta property=\"og:type\" content=\"article\" \/>\n<meta property=\"og:title\" content=\"Presidente nomeia 17 desembargadores para 1\u00aa composi\u00e7\u00e3o do TRF6 - Aconteceu no Vale\" \/>\n<meta property=\"og:description\" content=\"O presidente Jair Bolsonaro nomeou&nbsp;ontem&nbsp;(11) 17 dos 18 desembargadores que formar\u00e3o a primeira composi\u00e7\u00e3o do Tribunal Regional Federal da 6\u00aa Regi\u00e3o (TRF6), corte que dever\u00e1 ser instalada na pr\u00f3xima&nbsp;sexta-feira (19), com sede em Belo Horizonte e jurisdi\u00e7\u00e3o sobre o estado de Minas Gerais. Entre os nomes, 10 foram escolhidos por Bolsonaro a partir de listas [&hellip;]\" \/>\n<meta property=\"og:url\" content=\"https:\/\/aconteceunovale.com.br\/portal\/?p=189725\" \/>\n<meta property=\"og:site_name\" content=\"Aconteceu no Vale\" \/>\n<meta property=\"article:publisher\" content=\"https:\/\/www.facebook.com\/aconteceunovale\/\" \/>\n<meta property=\"article:published_time\" content=\"2022-08-12T16:45:46+00:00\" \/>\n<meta property=\"article:modified_time\" content=\"2022-08-12T16:49:17+00:00\" \/>\n<meta property=\"og:image\" content=\"https:\/\/aconteceunovale.com.br\/portal\/wp-content\/uploads\/2022\/08\/trf6.png\" \/>\n\t<meta property=\"og:image:width\" content=\"678\" \/>\n\t<meta property=\"og:image:height\" content=\"313\" \/>\n\t<meta property=\"og:image:type\" content=\"image\/png\" \/>\n<meta name=\"author\" content=\"Reda\u00e7\u00e3o Aconteceu no Vale\" \/>\n<meta name=\"twitter:card\" content=\"summary_large_image\" \/>\n<meta name=\"twitter:creator\" content=\"@noticiadosvales\" \/>\n<meta name=\"twitter:site\" content=\"@noticiadosvales\" \/>\n<meta name=\"twitter:label1\" content=\"Escrito por\" \/>\n\t<meta name=\"twitter:data1\" content=\"Reda\u00e7\u00e3o Aconteceu no Vale\" \/>\n\t<meta name=\"twitter:label2\" content=\"Est. tempo de leitura\" \/>\n\t<meta name=\"twitter:data2\" content=\"2 minutos\" \/>\n<script type=\"application\/ld+json\" class=\"yoast-schema-graph\">{\"@context\":\"https:\\\/\\\/schema.org\",\"@graph\":[{\"@type\":\"Article\",\"@id\":\"https:\\\/\\\/aconteceunovale.com.br\\\/portal\\\/?p=189725#article\",\"isPartOf\":{\"@id\":\"https:\\\/\\\/aconteceunovale.com.br\\\/portal\\\/?p=189725\"},\"author\":{\"name\":\"Reda\u00e7\u00e3o Aconteceu no Vale\",\"@id\":\"https:\\\/\\\/aconteceunovale.com.br\\\/portal\\\/#\\\/schema\\\/person\\\/7d2f26d1483f8a63de73da1ee0754d35\"},\"headline\":\"Presidente nomeia 17 desembargadores para 1\u00aa composi\u00e7\u00e3o do TRF6\",\"datePublished\":\"2022-08-12T16:45:46+00:00\",\"dateModified\":\"2022-08-12T16:49:17+00:00\",\"mainEntityOfPage\":{\"@id\":\"https:\\\/\\\/aconteceunovale.com.br\\\/portal\\\/?p=189725\"},\"wordCount\":483,\"commentCount\":0,\"image\":{\"@id\":\"https:\\\/\\\/aconteceunovale.com.br\\\/portal\\\/?p=189725#primaryimage\"},\"thumbnailUrl\":\"https:\\\/\\\/aconteceunovale.com.br\\\/portal\\\/wp-content\\\/uploads\\\/2022\\\/08\\\/trf6.png\",\"keywords\":[\"Belo Horizonte\",\"Composi\u00e7\u00e3o do TRF6\",\"Desembargadores nomeados para o TRF6\",\"destaque\",\"Integrantes do TRF6\",\"Minas Gerais\",\"Nomeados para o TRF6\",\"TRF6\"],\"articleSection\":[\"Brasil\",\"Minas Gerais\"],\"inLanguage\":\"pt-BR\",\"potentialAction\":[{\"@type\":\"CommentAction\",\"name\":\"Comment\",\"target\":[\"https:\\\/\\\/aconteceunovale.com.br\\\/portal\\\/?p=189725#respond\"]}]},{\"@type\":\"WebPage\",\"@id\":\"https:\\\/\\\/aconteceunovale.com.br\\\/portal\\\/?p=189725\",\"url\":\"https:\\\/\\\/aconteceunovale.com.br\\\/portal\\\/?p=189725\",\"name\":\"Presidente nomeia 17 desembargadores para 1\u00aa composi\u00e7\u00e3o do TRF6 - Aconteceu no Vale\",\"isPartOf\":{\"@id\":\"https:\\\/\\\/aconteceunovale.com.br\\\/portal\\\/#website\"},\"primaryImageOfPage\":{\"@id\":\"https:\\\/\\\/aconteceunovale.com.br\\\/portal\\\/?p=189725#primaryimage\"},\"image\":{\"@id\":\"https:\\\/\\\/aconteceunovale.com.br\\\/portal\\\/?p=189725#primaryimage\"},\"thumbnailUrl\":\"https:\\\/\\\/aconteceunovale.com.br\\\/portal\\\/wp-content\\\/uploads\\\/2022\\\/08\\\/trf6.png\",\"datePublished\":\"2022-08-12T16:45:46+00:00\",\"dateModified\":\"2022-08-12T16:49:17+00:00\",\"author\":{\"@id\":\"https:\\\/\\\/aconteceunovale.com.br\\\/portal\\\/#\\\/schema\\\/person\\\/7d2f26d1483f8a63de73da1ee0754d35\"},\"breadcrumb\":{\"@id\":\"https:\\\/\\\/aconteceunovale.com.br\\\/portal\\\/?p=189725#breadcrumb\"},\"inLanguage\":\"pt-BR\",\"potentialAction\":[{\"@type\":\"ReadAction\",\"target\":[\"https:\\\/\\\/aconteceunovale.com.br\\\/portal\\\/?p=189725\"]}]},{\"@type\":\"ImageObject\",\"inLanguage\":\"pt-BR\",\"@id\":\"https:\\\/\\\/aconteceunovale.com.br\\\/portal\\\/?p=189725#primaryimage\",\"url\":\"https:\\\/\\\/aconteceunovale.com.br\\\/portal\\\/wp-content\\\/uploads\\\/2022\\\/08\\\/trf6.png\",\"contentUrl\":\"https:\\\/\\\/aconteceunovale.com.br\\\/portal\\\/wp-content\\\/uploads\\\/2022\\\/08\\\/trf6.png\",\"width\":678,\"height\":313},{\"@type\":\"BreadcrumbList\",\"@id\":\"https:\\\/\\\/aconteceunovale.com.br\\\/portal\\\/?p=189725#breadcrumb\",\"itemListElement\":[{\"@type\":\"ListItem\",\"position\":1,\"name\":\"In\u00edcio\",\"item\":\"https:\\\/\\\/aconteceunovale.com.br\\\/portal\\\/\"},{\"@type\":\"ListItem\",\"position\":2,\"name\":\"Presidente nomeia 17 desembargadores para 1\u00aa composi\u00e7\u00e3o do TRF6\"}]},{\"@type\":\"WebSite\",\"@id\":\"https:\\\/\\\/aconteceunovale.com.br\\\/portal\\\/#website\",\"url\":\"https:\\\/\\\/aconteceunovale.com.br\\\/portal\\\/\",\"name\":\"Aconteceu no Vale\",\"description\":\"Portal de Not\u00edcias\",\"potentialAction\":[{\"@type\":\"SearchAction\",\"target\":{\"@type\":\"EntryPoint\",\"urlTemplate\":\"https:\\\/\\\/aconteceunovale.com.br\\\/portal\\\/?s={search_term_string}\"},\"query-input\":{\"@type\":\"PropertyValueSpecification\",\"valueRequired\":true,\"valueName\":\"search_term_string\"}}],\"inLanguage\":\"pt-BR\"},{\"@type\":\"Person\",\"@id\":\"https:\\\/\\\/aconteceunovale.com.br\\\/portal\\\/#\\\/schema\\\/person\\\/7d2f26d1483f8a63de73da1ee0754d35\",\"name\":\"Reda\u00e7\u00e3o Aconteceu no Vale\",\"description\":\"Equipe de reportagem do Aconteceu no Vale, portal de not\u00edcias do Vale do Jequitinhonha, em Minas Gerais. Cobrimos as 51 cidades do Vale desde 2013. Sugest\u00f5es de pauta e pedidos de corre\u00e7\u00e3o: contato@aconteceunovale.com.br\",\"url\":\"https:\\\/\\\/aconteceunovale.com.br\\\/portal\\\/?author=4\"}]}<\/script>\n<!-- \/ Yoast SEO plugin. -->","yoast_head_json":{"title":"Presidente nomeia 17 desembargadores para 1\u00aa composi\u00e7\u00e3o do TRF6 - Aconteceu no Vale","robots":{"index":"index","follow":"follow","max-snippet":"max-snippet:-1","max-image-preview":"max-image-preview:large","max-video-preview":"max-video-preview:-1"},"canonical":"https:\/\/aconteceunovale.com.br\/portal\/?p=189725","og_locale":"pt_BR","og_type":"article","og_title":"Presidente nomeia 17 desembargadores para 1\u00aa composi\u00e7\u00e3o do TRF6 - Aconteceu no Vale","og_description":"O presidente Jair Bolsonaro nomeou&nbsp;ontem&nbsp;(11) 17 dos 18 desembargadores que formar\u00e3o a primeira composi\u00e7\u00e3o do Tribunal Regional Federal da 6\u00aa Regi\u00e3o (TRF6), corte que dever\u00e1 ser instalada na pr\u00f3xima&nbsp;sexta-feira (19), com sede em Belo Horizonte e jurisdi\u00e7\u00e3o sobre o estado de Minas Gerais. Entre os nomes, 10 foram escolhidos por Bolsonaro a partir de listas [&hellip;]","og_url":"https:\/\/aconteceunovale.com.br\/portal\/?p=189725","og_site_name":"Aconteceu no Vale","article_publisher":"https:\/\/www.facebook.com\/aconteceunovale\/","article_published_time":"2022-08-12T16:45:46+00:00","article_modified_time":"2022-08-12T16:49:17+00:00","og_image":[{"width":678,"height":313,"url":"https:\/\/aconteceunovale.com.br\/portal\/wp-content\/uploads\/2022\/08\/trf6.png","type":"image\/png"}],"author":"Reda\u00e7\u00e3o Aconteceu no Vale","twitter_card":"summary_large_image","twitter_creator":"@noticiadosvales","twitter_site":"@noticiadosvales","twitter_misc":{"Escrito por":"Reda\u00e7\u00e3o Aconteceu no Vale","Est. tempo de leitura":"2 minutos"},"schema":{"@context":"https:\/\/schema.org","@graph":[{"@type":"Article","@id":"https:\/\/aconteceunovale.com.br\/portal\/?p=189725#article","isPartOf":{"@id":"https:\/\/aconteceunovale.com.br\/portal\/?p=189725"},"author":{"name":"Reda\u00e7\u00e3o Aconteceu no Vale","@id":"https:\/\/aconteceunovale.com.br\/portal\/#\/schema\/person\/7d2f26d1483f8a63de73da1ee0754d35"},"headline":"Presidente nomeia 17 desembargadores para 1\u00aa composi\u00e7\u00e3o do TRF6","datePublished":"2022-08-12T16:45:46+00:00","dateModified":"2022-08-12T16:49:17+00:00","mainEntityOfPage":{"@id":"https:\/\/aconteceunovale.com.br\/portal\/?p=189725"},"wordCount":483,"commentCount":0,"image":{"@id":"https:\/\/aconteceunovale.com.br\/portal\/?p=189725#primaryimage"},"thumbnailUrl":"https:\/\/aconteceunovale.com.br\/portal\/wp-content\/uploads\/2022\/08\/trf6.png","keywords":["Belo Horizonte","Composi\u00e7\u00e3o do TRF6","Desembargadores nomeados para o TRF6","destaque","Integrantes do TRF6","Minas Gerais","Nomeados para o TRF6","TRF6"],"articleSection":["Brasil","Minas Gerais"],"inLanguage":"pt-BR","potentialAction":[{"@type":"CommentAction","name":"Comment","target":["https:\/\/aconteceunovale.com.br\/portal\/?p=189725#respond"]}]},{"@type":"WebPage","@id":"https:\/\/aconteceunovale.com.br\/portal\/?p=189725","url":"https:\/\/aconteceunovale.com.br\/portal\/?p=189725","name":"Presidente nomeia 17 desembargadores para 1\u00aa composi\u00e7\u00e3o do TRF6 - Aconteceu no Vale","isPartOf":{"@id":"https:\/\/aconteceunovale.com.br\/portal\/#website"},"primaryImageOfPage":{"@id":"https:\/\/aconteceunovale.com.br\/portal\/?p=189725#primaryimage"},"image":{"@id":"https:\/\/aconteceunovale.com.br\/portal\/?p=189725#primaryimage"},"thumbnailUrl":"https:\/\/aconteceunovale.com.br\/portal\/wp-content\/uploads\/2022\/08\/trf6.png","datePublished":"2022-08-12T16:45:46+00:00","dateModified":"2022-08-12T16:49:17+00:00","author":{"@id":"https:\/\/aconteceunovale.com.br\/portal\/#\/schema\/person\/7d2f26d1483f8a63de73da1ee0754d35"},"breadcrumb":{"@id":"https:\/\/aconteceunovale.com.br\/portal\/?p=189725#breadcrumb"},"inLanguage":"pt-BR","potentialAction":[{"@type":"ReadAction","target":["https:\/\/aconteceunovale.com.br\/portal\/?p=189725"]}]},{"@type":"ImageObject","inLanguage":"pt-BR","@id":"https:\/\/aconteceunovale.com.br\/portal\/?p=189725#primaryimage","url":"https:\/\/aconteceunovale.com.br\/portal\/wp-content\/uploads\/2022\/08\/trf6.png","contentUrl":"https:\/\/aconteceunovale.com.br\/portal\/wp-content\/uploads\/2022\/08\/trf6.png","width":678,"height":313},{"@type":"BreadcrumbList","@id":"https:\/\/aconteceunovale.com.br\/portal\/?p=189725#breadcrumb","itemListElement":[{"@type":"ListItem","position":1,"name":"In\u00edcio","item":"https:\/\/aconteceunovale.com.br\/portal\/"},{"@type":"ListItem","position":2,"name":"Presidente nomeia 17 desembargadores para 1\u00aa composi\u00e7\u00e3o do TRF6"}]},{"@type":"WebSite","@id":"https:\/\/aconteceunovale.com.br\/portal\/#website","url":"https:\/\/aconteceunovale.com.br\/portal\/","name":"Aconteceu no Vale","description":"Portal de Not\u00edcias","potentialAction":[{"@type":"SearchAction","target":{"@type":"EntryPoint","urlTemplate":"https:\/\/aconteceunovale.com.br\/portal\/?s={search_term_string}"},"query-input":{"@type":"PropertyValueSpecification","valueRequired":true,"valueName":"search_term_string"}}],"inLanguage":"pt-BR"},{"@type":"Person","@id":"https:\/\/aconteceunovale.com.br\/portal\/#\/schema\/person\/7d2f26d1483f8a63de73da1ee0754d35","name":"Reda\u00e7\u00e3o Aconteceu no Vale","description":"Equipe de reportagem do Aconteceu no Vale, portal de not\u00edcias do Vale do Jequitinhonha, em Minas Gerais. Cobrimos as 51 cidades do Vale desde 2013. Sugest\u00f5es de pauta e pedidos de corre\u00e7\u00e3o: contato@aconteceunovale.com.br","url":"https:\/\/aconteceunovale.com.br\/portal\/?author=4"}]}},"_links":{"self":[{"href":"https:\/\/aconteceunovale.com.br\/portal\/index.php?rest_route=\/wp\/v2\/posts\/189725","targetHints":{"allow":["GET"]}}],"collection":[{"href":"https:\/\/aconteceunovale.com.br\/portal\/index.php?rest_route=\/wp\/v2\/posts"}],"about":[{"href":"https:\/\/aconteceunovale.com.br\/portal\/index.php?rest_route=\/wp\/v2\/types\/post"}],"author":[{"embeddable":true,"href":"https:\/\/aconteceunovale.com.br\/portal\/index.php?rest_route=\/wp\/v2\/users\/4"}],"replies":[{"embeddable":true,"href":"https:\/\/aconteceunovale.com.br\/portal\/index.php?rest_route=%2Fwp%2Fv2%2Fcomments&post=189725"}],"version-history":[{"count":2,"href":"https:\/\/aconteceunovale.com.br\/portal\/index.php?rest_route=\/wp\/v2\/posts\/189725\/revisions"}],"predecessor-version":[{"id":189728,"href":"https:\/\/aconteceunovale.com.br\/portal\/index.php?rest_route=\/wp\/v2\/posts\/189725\/revisions\/189728"}],"wp:featuredmedia":[{"embeddable":true,"href":"https:\/\/aconteceunovale.com.br\/portal\/index.php?rest_route=\/wp\/v2\/media\/189727"}],"wp:attachment":[{"href":"https:\/\/aconteceunovale.com.br\/portal\/index.php?rest_route=%2Fwp%2Fv2%2Fmedia&parent=189725"}],"wp:term":[{"taxonomy":"category","embeddable":true,"href":"https:\/\/aconteceunovale.com.br\/portal\/index.php?rest_route=%2Fwp%2Fv2%2Fcategories&post=189725"},{"taxonomy":"post_tag","embeddable":true,"href":"https:\/\/aconteceunovale.com.br\/portal\/index.php?rest_route=%2Fwp%2Fv2%2Ftags&post=189725"}],"curies":[{"name":"wp","href":"https:\/\/api.w.org\/{rel}","templated":true}]}}