{"id":189697,"date":"2022-08-10T15:24:26","date_gmt":"2022-08-10T18:24:26","guid":{"rendered":"https:\/\/aconteceunovale.com.br\/portal\/?p=189697"},"modified":"2022-08-10T15:26:56","modified_gmt":"2022-08-10T18:26:56","slug":"tre-marca-eleicoes-suplementares-em-divisa-alegre","status":"publish","type":"post","link":"https:\/\/aconteceunovale.com.br\/portal\/?p=189697","title":{"rendered":"TRE marca elei\u00e7\u00f5es suplementares em Divisa Alegre"},"content":{"rendered":"\n<p class=\"wp-block-paragraph\">Na sess\u00e3o de julgamentos dessa ter\u00e7a-feira (9), o TRE marcou para o dia 11 de dezembro de 2022 as elei\u00e7\u00f5es suplementares para prefeito e vice em Divisa Alegre (MG). As elei\u00e7\u00f5es foram marcadas ap\u00f3s aprova\u00e7\u00e3o pela Corte da resolu\u00e7\u00e3o contendo o calend\u00e1rio e as demais instru\u00e7\u00f5es que v\u00e3o reger as elei\u00e7\u00f5es no munic\u00edpio. A norma ser\u00e1 publicada no\u00a0<a href=\"https:\/\/www.tre-mg.jus.br\/servicos-judiciais\/dje-janela\" target=\"_blank\" rel=\"noreferrer noopener\">Di\u00e1rio da Justi\u00e7a Eletr\u00f4nico<\/a>\u00a0nos pr\u00f3ximos dias.\u00a0<\/p>\n\n\n\n<p class=\"wp-block-paragraph\">Devido ao cen\u00e1rio de persist\u00eancia da pandemia de covid-19, o TSE determinou, por meio da\u00a0<a href=\"https:\/\/www.tse.jus.br\/legislacao\/compilada\/prt\/2021\/portaria-no-62-de-29-de-janeiro-de-2021\" target=\"_blank\" rel=\"noreferrer noopener\">Portaria n\u00ba 62\/2021<\/a>, a aplica\u00e7\u00e3o \u00e0s elei\u00e7\u00f5es suplementares das regras excepcionais previstas para as elei\u00e7\u00f5es ordin\u00e1rias. Entre os procedimentos a serem observados, est\u00e3o a dispensa de identifica\u00e7\u00e3o biom\u00e9trica do eleitor, uso obrigat\u00f3rio de m\u00e1scaras nos locais de vota\u00e7\u00e3o, hor\u00e1rio de funcionamento das se\u00e7\u00f5es eleitorais (das 7h \u00e0s 17h) e distribui\u00e7\u00e3o dos eleitores, com vota\u00e7\u00e3o dos eleitores acima de 60 anos com prefer\u00eancia das 7h \u00e0s 10h. Todas as medidas de preven\u00e7\u00e3o est\u00e3o descritas no\u00a0<a href=\"https:\/\/www.justicaeleitoral.jus.br\/dicas-ao-eleitor\/assets\/arquivos\/plano-saude-sanitaria.pdf\" target=\"_blank\" rel=\"noreferrer noopener\">Plano de Seguran\u00e7a Sanit\u00e1ria das Elei\u00e7\u00f5es Municipais 2020<\/a>.\u00a0<\/p>\n\n\n\n<p class=\"wp-block-paragraph\"><strong>Calend\u00e1rio Eleitoral<\/strong>&nbsp;<\/p>\n\n\n\n<p class=\"wp-block-paragraph\">De 1\u00ba a 6 de novembro, os \u00f3rg\u00e3os partid\u00e1rios poder\u00e3o se reunir em conven\u00e7\u00f5es para deliberar sobre a escolha dos candidatos. Ap\u00f3s a escolha em conven\u00e7\u00e3o, o candidato que ser\u00e1 registrado, caso ocupe cargo gerador de inelegibilidade, deve afastar-se no prazo de 24 horas. No dia 9 de novembro, ser\u00e1 encerrado o prazo para entrega dos pedidos de registros de candidaturas \u00e0 Justi\u00e7a Eleitoral, sendo que o encaminhamento pode ser feito por transmiss\u00e3o pela internet, em sistema pr\u00f3prio da Justi\u00e7a Eleitoral (CANDex), at\u00e9 as 8h do dia 3 ou mediante entrega em m\u00eddia ao cart\u00f3rio eleitoral at\u00e9 as 19h.&nbsp;<\/p>\n\n\n\n<p class=\"wp-block-paragraph\">A partir do dia 10 de novembro, os candidatos podem iniciar a propaganda eleitoral, regulamentada pela Resolu\u00e7\u00e3o TSE n\u00ba 23.610\/2019, que cuidou das regras relativas \u00e0 propaganda nas Elei\u00e7\u00f5es de 2020, e pela Lei n\u00ba 9.504\/1997.&nbsp;<\/p>\n\n\n\n<p class=\"wp-block-paragraph\">Est\u00e3o aptos para votar os eleitores inscritos no munic\u00edpio at\u00e9 o dia 4 de maio de 2022. A vota\u00e7\u00e3o ser\u00e1 das 7h \u00e0s 17h, com as mesmas Mesas Receptoras de Votos constitu\u00eddas para as elei\u00e7\u00f5es que aconteceram em novembro de 2020. As eleitoras e os eleitores que n\u00e3o puderem comparecer \u00e0s urnas poder\u00e3o fazer a justificativa no pr\u00f3prio dia 11 de dezembro pelo aplicativo e-T\u00edtulo. Quem n\u00e3o fizer a justificativa na data da vota\u00e7\u00e3o ter\u00e1 60 dias para o procedimento, podendo realiz\u00e1-lo tamb\u00e9m no e-T\u00edtulo ou no\u00a0<a href=\"https:\/\/justifica.tse.jus.br\/\" target=\"_blank\" rel=\"noreferrer noopener\">sistema Justifica<\/a>.\u00a0<\/p>\n\n\n\n<p class=\"wp-block-paragraph\">A diploma\u00e7\u00e3o dos candidatos eleitos deve ocorrer at\u00e9 o dia 6 de fevereiro de 2023. A partir do dia 9 de novembro at\u00e9 a proclama\u00e7\u00e3o dos candidatos eleitos, o cart\u00f3rio eleitoral da 213\u00aa ZE, de Pedra Azul (respons\u00e1vel pelo munic\u00edpio de Divisa Alegre) funcionar\u00e1 das 12h \u00e0s 19h nos dias \u00fateis, e das 13h \u00e0s 19h aos s\u00e1bados, domingos e feriados.&nbsp;<\/p>\n\n\n\n<p class=\"wp-block-paragraph\"><strong>Divisa Alegre<\/strong>&nbsp;<\/p>\n\n\n\n<p class=\"wp-block-paragraph\">Em Divisa Alegre, a candidata mais votada para a prefeitura em 2020, Renilda Pereira de Sousa e Silva (PL), teve o seu registro de candidatura indeferido pelo TSE em raz\u00e3o da n\u00e3o observ\u00e2ncia do prazo para substitui\u00e7\u00e3o de candidato. Renilda foi indicada para substituir a candidata C\u00e9lia das Virgens, por\u00e9m a substitui\u00e7\u00e3o ocorreu 18 dias antes da elei\u00e7\u00e3o, violando, de acordo com a decis\u00e3o do TSE, o prazo legal (art. 13, \u00a7 3\u00ba, da Lei n\u00ba 9.504\/1997) que determina a substitui\u00e7\u00e3o em at\u00e9 20 dias antes da elei\u00e7\u00e3o.\u00a0<\/p>\n\n\n\n<p class=\"wp-block-paragraph\">Enquanto n\u00e3o h\u00e1 candidatos eleitos e empossados nas novas elei\u00e7\u00f5es, o presidente da C\u00e2mara de Vereadores do munic\u00edpio continua respondendo pelo Executivo municipal.&nbsp;<\/p>\n\n\n\n<p class=\"wp-block-paragraph\"><strong>Outras elei\u00e7\u00f5es suplementares<\/strong>&nbsp;<\/p>\n\n\n\n<p class=\"wp-block-paragraph\">Al\u00e9m de Divisa Alegre, sete outros munic\u00edpios j\u00e1 realizaram novas elei\u00e7\u00f5es. Em 2021: Campestre e Espera Feliz (13 de junho), S\u00e3o Gon\u00e7alo do Sapuca\u00ed (4 de julho), Ant\u00f4nio Carlos e Ibertioga (1\u00ba de agosto) e Pedra do Anta (12 de setembro). Em 2022, Japara\u00edba (3 de abril).<\/p>\n\n\n\n<p class=\"wp-block-paragraph\">&#8212;&#8212;&#8212;&#8212;&#8212;&#8212;<br><br><strong>Sabia que o Aconteceu no Vale est\u00e1 tamb\u00e9m no Telegram? <a rel=\"noreferrer noopener\" href=\"https:\/\/t.me\/aconteceunovaleoficial\" target=\"_blank\">Inscreva-se no canal<\/a>.<\/strong><br><br><strong>J\u00e1 curtiu ou seguiu nossas p\u00e1ginas nas redes sociais?\u00a0Receba as not\u00edcias em primeira m\u00e3o:<\/strong><br>\u2022 <a rel=\"noreferrer noopener\" href=\"https:\/\/news.google.com\/publications\/CAAqBwgKMNjklQswi4etAw?hl=pt-BR&amp;gl=BR&amp;ceid=BR%3Apt-419\" target=\"_blank\">Google News<\/a><br>\u2022 <a rel=\"noreferrer noopener\" href=\"https:\/\/www.facebook.com\/aconteceunovale\/\" target=\"_blank\">Facebook<\/a><br>\u2022 <a rel=\"noreferrer noopener\" href=\"https:\/\/twitter.com\/noticiadosvales\" target=\"_blank\">Twitter<\/a><br>\u2022 <a rel=\"noreferrer noopener\" href=\"https:\/\/www.instagram.com\/aconteceunovale\" target=\"_blank\">Instagram<\/a><br>\u2022 <a rel=\"noreferrer noopener\" href=\"https:\/\/www.youtube.com\/AconteceunoValeOficial\" target=\"_blank\">Youtube<\/a><br>\u2022 <a rel=\"noreferrer noopener\" href=\"https:\/\/www.tiktok.com\/@aconteceunovale\" target=\"_blank\">TikTok<\/a><\/p>\n","protected":false},"excerpt":{"rendered":"<p>Na sess\u00e3o de julgamentos dessa ter\u00e7a-feira (9), o TRE marcou para o dia 11 de dezembro de 2022 as elei\u00e7\u00f5es suplementares para prefeito e vice em Divisa Alegre (MG). As elei\u00e7\u00f5es foram marcadas ap\u00f3s aprova\u00e7\u00e3o pela Corte da resolu\u00e7\u00e3o contendo o calend\u00e1rio e as demais instru\u00e7\u00f5es que v\u00e3o reger as elei\u00e7\u00f5es no munic\u00edpio. A norma [&hellip;]<\/p>\n","protected":false},"author":4,"featured_media":188378,"comment_status":"open","ping_status":"closed","sticky":false,"template":"","format":"standard","meta":{"amp_status":"","footnotes":""},"categories":[1236,40240],"tags":[260483,260486,260487,1018,5259,260491,260490,145,260480,260479,260481,260489,260488,260482,260484,260485,261994,115951,94060,260478,267,133],"class_list":["post-189697","post","type-post","status-publish","format-standard","has-post-thumbnail","hentry","category-norte_de_minas","category-politica","tag-afastamento-da-prefeita-de-divisa-alegre","tag-camara-municipal-de-divisa-alegre","tag-celia-das-virgens","tag-destaque","tag-divisa-alegre","tag-doutora-reinilda-divisa-alegre","tag-dra-reinilda-divisa-alegre","tag-norte-de-minas","tag-novo-prefeito-de-divisa-alegre","tag-prefeita-de-divisa-alegre","tag-prefeitura-de-divisa-alegre","tag-reinilda-pereira-de-sousa-e-silva","tag-reinilda-silva","tag-renilda-pereira-de-souza-e-silva","tag-renilda-silva","tag-renilda-silva-divisa-alegre","tag-tre-marca-eleicoes-suplementares-em-divisa-alegre","tag-tre-mg","tag-tribunal-superior-eleitoral","tag-tribunal-superior-eleitoral-indefere-o-registro-de-candidatura-da-prefeita-de-divisa-alegre","tag-tse","tag-vale-do-jequitinhonha"],"yoast_head":"<!-- This site is optimized with the Yoast SEO plugin v28.3 - https:\/\/yoast.com\/product\/yoast-seo-wordpress\/ -->\n<title>TRE marca elei\u00e7\u00f5es suplementares em Divisa Alegre - Aconteceu no Vale<\/title>\n<meta name=\"robots\" content=\"index, follow, max-snippet:-1, max-image-preview:large, max-video-preview:-1\" \/>\n<link rel=\"canonical\" href=\"https:\/\/aconteceunovale.com.br\/portal\/?p=189697\" \/>\n<meta property=\"og:locale\" content=\"pt_BR\" \/>\n<meta property=\"og:type\" content=\"article\" \/>\n<meta property=\"og:title\" content=\"TRE marca elei\u00e7\u00f5es suplementares em Divisa Alegre - Aconteceu no Vale\" \/>\n<meta property=\"og:description\" content=\"Na sess\u00e3o de julgamentos dessa ter\u00e7a-feira (9), o TRE marcou para o dia 11 de dezembro de 2022 as elei\u00e7\u00f5es suplementares para prefeito e vice em Divisa Alegre (MG). As elei\u00e7\u00f5es foram marcadas ap\u00f3s aprova\u00e7\u00e3o pela Corte da resolu\u00e7\u00e3o contendo o calend\u00e1rio e as demais instru\u00e7\u00f5es que v\u00e3o reger as elei\u00e7\u00f5es no munic\u00edpio. A norma [&hellip;]\" \/>\n<meta property=\"og:url\" content=\"https:\/\/aconteceunovale.com.br\/portal\/?p=189697\" \/>\n<meta property=\"og:site_name\" content=\"Aconteceu no Vale\" \/>\n<meta property=\"article:publisher\" content=\"https:\/\/www.facebook.com\/aconteceunovale\/\" \/>\n<meta property=\"article:published_time\" content=\"2022-08-10T18:24:26+00:00\" \/>\n<meta property=\"article:modified_time\" content=\"2022-08-10T18:26:56+00:00\" \/>\n<meta property=\"og:image\" content=\"https:\/\/aconteceunovale.com.br\/portal\/wp-content\/uploads\/2022\/04\/divisa_alegre_mg2.png\" \/>\n\t<meta property=\"og:image:width\" content=\"678\" \/>\n\t<meta property=\"og:image:height\" content=\"332\" \/>\n\t<meta property=\"og:image:type\" content=\"image\/png\" \/>\n<meta name=\"author\" content=\"Reda\u00e7\u00e3o Aconteceu no Vale\" \/>\n<meta name=\"twitter:card\" content=\"summary_large_image\" \/>\n<meta name=\"twitter:creator\" content=\"@noticiadosvales\" \/>\n<meta name=\"twitter:site\" content=\"@noticiadosvales\" \/>\n<meta name=\"twitter:label1\" content=\"Escrito por\" \/>\n\t<meta name=\"twitter:data1\" content=\"Reda\u00e7\u00e3o Aconteceu no Vale\" \/>\n\t<meta name=\"twitter:label2\" content=\"Est. tempo de leitura\" \/>\n\t<meta name=\"twitter:data2\" content=\"4 minutos\" \/>\n<script type=\"application\/ld+json\" class=\"yoast-schema-graph\">{\"@context\":\"https:\\\/\\\/schema.org\",\"@graph\":[{\"@type\":\"Article\",\"@id\":\"https:\\\/\\\/aconteceunovale.com.br\\\/portal\\\/?p=189697#article\",\"isPartOf\":{\"@id\":\"https:\\\/\\\/aconteceunovale.com.br\\\/portal\\\/?p=189697\"},\"author\":{\"name\":\"Reda\u00e7\u00e3o Aconteceu no Vale\",\"@id\":\"https:\\\/\\\/aconteceunovale.com.br\\\/portal\\\/#\\\/schema\\\/person\\\/7d2f26d1483f8a63de73da1ee0754d35\"},\"headline\":\"TRE marca elei\u00e7\u00f5es suplementares em Divisa Alegre\",\"datePublished\":\"2022-08-10T18:24:26+00:00\",\"dateModified\":\"2022-08-10T18:26:56+00:00\",\"mainEntityOfPage\":{\"@id\":\"https:\\\/\\\/aconteceunovale.com.br\\\/portal\\\/?p=189697\"},\"wordCount\":723,\"commentCount\":0,\"image\":{\"@id\":\"https:\\\/\\\/aconteceunovale.com.br\\\/portal\\\/?p=189697#primaryimage\"},\"thumbnailUrl\":\"https:\\\/\\\/aconteceunovale.com.br\\\/portal\\\/wp-content\\\/uploads\\\/2022\\\/04\\\/divisa_alegre_mg2.png\",\"keywords\":[\"Afastamento da prefeita de Divisa Alegre\",\"C\u00e2mara Municipal de Divisa Alegre\",\"C\u00e9lia das Virgens\",\"destaque\",\"Divisa Alegre\",\"Doutora Reinilda Divisa Alegre\",\"Dra. Reinilda Divisa Alegre\",\"Norte de Minas\",\"Novo prefeito de Divisa Alegre\",\"Prefeita de Divisa Alegre\",\"Prefeitura de Divisa Alegre\",\"Reinilda Pereira de Sousa e Silva\",\"Reinilda Silva\",\"Renilda Pereira de Souza e Silva\",\"Renilda Silva\",\"Renilda Silva Divisa Alegre\",\"TRE marca elei\u00e7\u00f5es suplementares em Divisa Alegre\",\"TRE-MG\",\"Tribunal Superior Eleitoral\",\"Tribunal Superior Eleitoral indefere o registro de candidatura da prefeita de Divisa Alegre\",\"TSE\",\"Vale do Jequitinhonha\"],\"articleSection\":[\"Norte de Minas\",\"Pol\u00edtica\"],\"inLanguage\":\"pt-BR\",\"potentialAction\":[{\"@type\":\"CommentAction\",\"name\":\"Comment\",\"target\":[\"https:\\\/\\\/aconteceunovale.com.br\\\/portal\\\/?p=189697#respond\"]}]},{\"@type\":\"WebPage\",\"@id\":\"https:\\\/\\\/aconteceunovale.com.br\\\/portal\\\/?p=189697\",\"url\":\"https:\\\/\\\/aconteceunovale.com.br\\\/portal\\\/?p=189697\",\"name\":\"TRE marca elei\u00e7\u00f5es suplementares em Divisa Alegre - Aconteceu no Vale\",\"isPartOf\":{\"@id\":\"https:\\\/\\\/aconteceunovale.com.br\\\/portal\\\/#website\"},\"primaryImageOfPage\":{\"@id\":\"https:\\\/\\\/aconteceunovale.com.br\\\/portal\\\/?p=189697#primaryimage\"},\"image\":{\"@id\":\"https:\\\/\\\/aconteceunovale.com.br\\\/portal\\\/?p=189697#primaryimage\"},\"thumbnailUrl\":\"https:\\\/\\\/aconteceunovale.com.br\\\/portal\\\/wp-content\\\/uploads\\\/2022\\\/04\\\/divisa_alegre_mg2.png\",\"datePublished\":\"2022-08-10T18:24:26+00:00\",\"dateModified\":\"2022-08-10T18:26:56+00:00\",\"author\":{\"@id\":\"https:\\\/\\\/aconteceunovale.com.br\\\/portal\\\/#\\\/schema\\\/person\\\/7d2f26d1483f8a63de73da1ee0754d35\"},\"breadcrumb\":{\"@id\":\"https:\\\/\\\/aconteceunovale.com.br\\\/portal\\\/?p=189697#breadcrumb\"},\"inLanguage\":\"pt-BR\",\"potentialAction\":[{\"@type\":\"ReadAction\",\"target\":[\"https:\\\/\\\/aconteceunovale.com.br\\\/portal\\\/?p=189697\"]}]},{\"@type\":\"ImageObject\",\"inLanguage\":\"pt-BR\",\"@id\":\"https:\\\/\\\/aconteceunovale.com.br\\\/portal\\\/?p=189697#primaryimage\",\"url\":\"https:\\\/\\\/aconteceunovale.com.br\\\/portal\\\/wp-content\\\/uploads\\\/2022\\\/04\\\/divisa_alegre_mg2.png\",\"contentUrl\":\"https:\\\/\\\/aconteceunovale.com.br\\\/portal\\\/wp-content\\\/uploads\\\/2022\\\/04\\\/divisa_alegre_mg2.png\",\"width\":678,\"height\":332},{\"@type\":\"BreadcrumbList\",\"@id\":\"https:\\\/\\\/aconteceunovale.com.br\\\/portal\\\/?p=189697#breadcrumb\",\"itemListElement\":[{\"@type\":\"ListItem\",\"position\":1,\"name\":\"In\u00edcio\",\"item\":\"https:\\\/\\\/aconteceunovale.com.br\\\/portal\\\/\"},{\"@type\":\"ListItem\",\"position\":2,\"name\":\"TRE marca elei\u00e7\u00f5es suplementares em Divisa Alegre\"}]},{\"@type\":\"WebSite\",\"@id\":\"https:\\\/\\\/aconteceunovale.com.br\\\/portal\\\/#website\",\"url\":\"https:\\\/\\\/aconteceunovale.com.br\\\/portal\\\/\",\"name\":\"Aconteceu no Vale\",\"description\":\"Portal de Not\u00edcias\",\"potentialAction\":[{\"@type\":\"SearchAction\",\"target\":{\"@type\":\"EntryPoint\",\"urlTemplate\":\"https:\\\/\\\/aconteceunovale.com.br\\\/portal\\\/?s={search_term_string}\"},\"query-input\":{\"@type\":\"PropertyValueSpecification\",\"valueRequired\":true,\"valueName\":\"search_term_string\"}}],\"inLanguage\":\"pt-BR\"},{\"@type\":\"Person\",\"@id\":\"https:\\\/\\\/aconteceunovale.com.br\\\/portal\\\/#\\\/schema\\\/person\\\/7d2f26d1483f8a63de73da1ee0754d35\",\"name\":\"Reda\u00e7\u00e3o Aconteceu no Vale\",\"description\":\"Equipe de reportagem do Aconteceu no Vale, portal de not\u00edcias do Vale do Jequitinhonha, em Minas Gerais. Cobrimos as 51 cidades do Vale desde 2013. Sugest\u00f5es de pauta e pedidos de corre\u00e7\u00e3o: contato@aconteceunovale.com.br\",\"url\":\"https:\\\/\\\/aconteceunovale.com.br\\\/portal\\\/?author=4\"}]}<\/script>\n<!-- \/ Yoast SEO plugin. -->","yoast_head_json":{"title":"TRE marca elei\u00e7\u00f5es suplementares em Divisa Alegre - Aconteceu no Vale","robots":{"index":"index","follow":"follow","max-snippet":"max-snippet:-1","max-image-preview":"max-image-preview:large","max-video-preview":"max-video-preview:-1"},"canonical":"https:\/\/aconteceunovale.com.br\/portal\/?p=189697","og_locale":"pt_BR","og_type":"article","og_title":"TRE marca elei\u00e7\u00f5es suplementares em Divisa Alegre - Aconteceu no Vale","og_description":"Na sess\u00e3o de julgamentos dessa ter\u00e7a-feira (9), o TRE marcou para o dia 11 de dezembro de 2022 as elei\u00e7\u00f5es suplementares para prefeito e vice em Divisa Alegre (MG). As elei\u00e7\u00f5es foram marcadas ap\u00f3s aprova\u00e7\u00e3o pela Corte da resolu\u00e7\u00e3o contendo o calend\u00e1rio e as demais instru\u00e7\u00f5es que v\u00e3o reger as elei\u00e7\u00f5es no munic\u00edpio. A norma [&hellip;]","og_url":"https:\/\/aconteceunovale.com.br\/portal\/?p=189697","og_site_name":"Aconteceu no Vale","article_publisher":"https:\/\/www.facebook.com\/aconteceunovale\/","article_published_time":"2022-08-10T18:24:26+00:00","article_modified_time":"2022-08-10T18:26:56+00:00","og_image":[{"width":678,"height":332,"url":"https:\/\/aconteceunovale.com.br\/portal\/wp-content\/uploads\/2022\/04\/divisa_alegre_mg2.png","type":"image\/png"}],"author":"Reda\u00e7\u00e3o Aconteceu no Vale","twitter_card":"summary_large_image","twitter_creator":"@noticiadosvales","twitter_site":"@noticiadosvales","twitter_misc":{"Escrito por":"Reda\u00e7\u00e3o Aconteceu no Vale","Est. tempo de leitura":"4 minutos"},"schema":{"@context":"https:\/\/schema.org","@graph":[{"@type":"Article","@id":"https:\/\/aconteceunovale.com.br\/portal\/?p=189697#article","isPartOf":{"@id":"https:\/\/aconteceunovale.com.br\/portal\/?p=189697"},"author":{"name":"Reda\u00e7\u00e3o Aconteceu no Vale","@id":"https:\/\/aconteceunovale.com.br\/portal\/#\/schema\/person\/7d2f26d1483f8a63de73da1ee0754d35"},"headline":"TRE marca elei\u00e7\u00f5es suplementares em Divisa Alegre","datePublished":"2022-08-10T18:24:26+00:00","dateModified":"2022-08-10T18:26:56+00:00","mainEntityOfPage":{"@id":"https:\/\/aconteceunovale.com.br\/portal\/?p=189697"},"wordCount":723,"commentCount":0,"image":{"@id":"https:\/\/aconteceunovale.com.br\/portal\/?p=189697#primaryimage"},"thumbnailUrl":"https:\/\/aconteceunovale.com.br\/portal\/wp-content\/uploads\/2022\/04\/divisa_alegre_mg2.png","keywords":["Afastamento da prefeita de Divisa Alegre","C\u00e2mara Municipal de Divisa Alegre","C\u00e9lia das Virgens","destaque","Divisa Alegre","Doutora Reinilda Divisa Alegre","Dra. Reinilda Divisa Alegre","Norte de Minas","Novo prefeito de Divisa Alegre","Prefeita de Divisa Alegre","Prefeitura de Divisa Alegre","Reinilda Pereira de Sousa e Silva","Reinilda Silva","Renilda Pereira de Souza e Silva","Renilda Silva","Renilda Silva Divisa Alegre","TRE marca elei\u00e7\u00f5es suplementares em Divisa Alegre","TRE-MG","Tribunal Superior Eleitoral","Tribunal Superior Eleitoral indefere o registro de candidatura da prefeita de Divisa Alegre","TSE","Vale do Jequitinhonha"],"articleSection":["Norte de Minas","Pol\u00edtica"],"inLanguage":"pt-BR","potentialAction":[{"@type":"CommentAction","name":"Comment","target":["https:\/\/aconteceunovale.com.br\/portal\/?p=189697#respond"]}]},{"@type":"WebPage","@id":"https:\/\/aconteceunovale.com.br\/portal\/?p=189697","url":"https:\/\/aconteceunovale.com.br\/portal\/?p=189697","name":"TRE marca elei\u00e7\u00f5es suplementares em Divisa Alegre - Aconteceu no Vale","isPartOf":{"@id":"https:\/\/aconteceunovale.com.br\/portal\/#website"},"primaryImageOfPage":{"@id":"https:\/\/aconteceunovale.com.br\/portal\/?p=189697#primaryimage"},"image":{"@id":"https:\/\/aconteceunovale.com.br\/portal\/?p=189697#primaryimage"},"thumbnailUrl":"https:\/\/aconteceunovale.com.br\/portal\/wp-content\/uploads\/2022\/04\/divisa_alegre_mg2.png","datePublished":"2022-08-10T18:24:26+00:00","dateModified":"2022-08-10T18:26:56+00:00","author":{"@id":"https:\/\/aconteceunovale.com.br\/portal\/#\/schema\/person\/7d2f26d1483f8a63de73da1ee0754d35"},"breadcrumb":{"@id":"https:\/\/aconteceunovale.com.br\/portal\/?p=189697#breadcrumb"},"inLanguage":"pt-BR","potentialAction":[{"@type":"ReadAction","target":["https:\/\/aconteceunovale.com.br\/portal\/?p=189697"]}]},{"@type":"ImageObject","inLanguage":"pt-BR","@id":"https:\/\/aconteceunovale.com.br\/portal\/?p=189697#primaryimage","url":"https:\/\/aconteceunovale.com.br\/portal\/wp-content\/uploads\/2022\/04\/divisa_alegre_mg2.png","contentUrl":"https:\/\/aconteceunovale.com.br\/portal\/wp-content\/uploads\/2022\/04\/divisa_alegre_mg2.png","width":678,"height":332},{"@type":"BreadcrumbList","@id":"https:\/\/aconteceunovale.com.br\/portal\/?p=189697#breadcrumb","itemListElement":[{"@type":"ListItem","position":1,"name":"In\u00edcio","item":"https:\/\/aconteceunovale.com.br\/portal\/"},{"@type":"ListItem","position":2,"name":"TRE marca elei\u00e7\u00f5es suplementares em Divisa Alegre"}]},{"@type":"WebSite","@id":"https:\/\/aconteceunovale.com.br\/portal\/#website","url":"https:\/\/aconteceunovale.com.br\/portal\/","name":"Aconteceu no Vale","description":"Portal de Not\u00edcias","potentialAction":[{"@type":"SearchAction","target":{"@type":"EntryPoint","urlTemplate":"https:\/\/aconteceunovale.com.br\/portal\/?s={search_term_string}"},"query-input":{"@type":"PropertyValueSpecification","valueRequired":true,"valueName":"search_term_string"}}],"inLanguage":"pt-BR"},{"@type":"Person","@id":"https:\/\/aconteceunovale.com.br\/portal\/#\/schema\/person\/7d2f26d1483f8a63de73da1ee0754d35","name":"Reda\u00e7\u00e3o Aconteceu no Vale","description":"Equipe de reportagem do Aconteceu no Vale, portal de not\u00edcias do Vale do Jequitinhonha, em Minas Gerais. Cobrimos as 51 cidades do Vale desde 2013. Sugest\u00f5es de pauta e pedidos de corre\u00e7\u00e3o: contato@aconteceunovale.com.br","url":"https:\/\/aconteceunovale.com.br\/portal\/?author=4"}]}},"_links":{"self":[{"href":"https:\/\/aconteceunovale.com.br\/portal\/index.php?rest_route=\/wp\/v2\/posts\/189697","targetHints":{"allow":["GET"]}}],"collection":[{"href":"https:\/\/aconteceunovale.com.br\/portal\/index.php?rest_route=\/wp\/v2\/posts"}],"about":[{"href":"https:\/\/aconteceunovale.com.br\/portal\/index.php?rest_route=\/wp\/v2\/types\/post"}],"author":[{"embeddable":true,"href":"https:\/\/aconteceunovale.com.br\/portal\/index.php?rest_route=\/wp\/v2\/users\/4"}],"replies":[{"embeddable":true,"href":"https:\/\/aconteceunovale.com.br\/portal\/index.php?rest_route=%2Fwp%2Fv2%2Fcomments&post=189697"}],"version-history":[{"count":1,"href":"https:\/\/aconteceunovale.com.br\/portal\/index.php?rest_route=\/wp\/v2\/posts\/189697\/revisions"}],"predecessor-version":[{"id":189698,"href":"https:\/\/aconteceunovale.com.br\/portal\/index.php?rest_route=\/wp\/v2\/posts\/189697\/revisions\/189698"}],"wp:featuredmedia":[{"embeddable":true,"href":"https:\/\/aconteceunovale.com.br\/portal\/index.php?rest_route=\/wp\/v2\/media\/188378"}],"wp:attachment":[{"href":"https:\/\/aconteceunovale.com.br\/portal\/index.php?rest_route=%2Fwp%2Fv2%2Fmedia&parent=189697"}],"wp:term":[{"taxonomy":"category","embeddable":true,"href":"https:\/\/aconteceunovale.com.br\/portal\/index.php?rest_route=%2Fwp%2Fv2%2Fcategories&post=189697"},{"taxonomy":"post_tag","embeddable":true,"href":"https:\/\/aconteceunovale.com.br\/portal\/index.php?rest_route=%2Fwp%2Fv2%2Ftags&post=189697"}],"curies":[{"name":"wp","href":"https:\/\/api.w.org\/{rel}","templated":true}]}}