{"id":189695,"date":"2022-08-10T15:18:40","date_gmt":"2022-08-10T18:18:40","guid":{"rendered":"https:\/\/aconteceunovale.com.br\/portal\/?p=189695"},"modified":"2022-08-10T15:19:04","modified_gmt":"2022-08-10T18:19:04","slug":"julho-de-2022-registrou-a-temperatura-media-mais-alta-da-historia","status":"publish","type":"post","link":"https:\/\/aconteceunovale.com.br\/portal\/?p=189695","title":{"rendered":"Julho de 2022 registrou a temperatura m\u00e9dia mais alta da hist\u00f3ria"},"content":{"rendered":"\n<p class=\"wp-block-paragraph\">Mesmo no inverno,\u00a0os term\u00f4metros brasileiros\u00a0registraram\u00a0as temperaturas mais altas dos \u00faltimos 61 anos.\u00a0Dados do\u00a0Instituto Nacional de Meteorologia (Inmet)\u00a0revelam que a temperatura m\u00e9dia do m\u00eas de julho chegou a 22,8\u00baC, um aumento de 0,82 grau\u00a0acima da m\u00e9dia hist\u00f3rica registrada em 2015, fazendo de julho de 2022 o mais quente que se tem registro na hist\u00f3ria do Brasil para o per\u00edodo.<\/p>\n\n\n\n<p class=\"wp-block-paragraph\">A meteorologista do Inmet Danielle Barros&nbsp;explica que, nos \u00faltimos anos, o pa\u00eds tem registrado invernos mais quentes.&nbsp;<\/p>\n\n\n\n<p class=\"wp-block-paragraph\">&#8220;A gente est\u00e1 tendo invernos mais quentes, principalmente nos \u00faltimos 10 anos. Isso a\u00ed pode estar relacionado muito \u00e0 persist\u00eancia de massas de ar quente sobre a regi\u00e3o central. O que \u00e9 comum, mas elas est\u00e3o mais frequentes. Aumento tamb\u00e9m das \u00e1reas mais desmatadas&nbsp;que est\u00e3o levando pouca chuva para regi\u00e3o central nessa \u00e9poca do ano\u201d, afirmou.<\/p>\n\n\n\n<p class=\"wp-block-paragraph\">Mas esse evento n\u00e3o est\u00e1 restrito ao Brasil. A Ag\u00eancia Estatal de Meteorologia da Espanha, por exemplo, que fica no lado norte do hemisf\u00e9rio terrestre, tamb\u00e9m registrou recorde em julho ao atingir uma temperatura m\u00e9dia de 25,6\u00b0C. Os pa\u00edses do Hemisf\u00e9rio Norte est\u00e3o no ver\u00e3o.<\/p>\n\n\n\n<p class=\"wp-block-paragraph\">Outro caso foi no Reino Unido, com o registro da temperatura mais alta de sua hist\u00f3ria. Segundo o servi\u00e7o nacional de meteorologia do Reino Unido, os term\u00f4metros de Londres marcaram 40,2\u00baC.<\/p>\n\n\n\n<p class=\"wp-block-paragraph\">Para agosto, a\u00a0meteorologista do Inmet tamb\u00e9m prev\u00ea temperaturas altas. \u201cEu acredito que as temperaturas em agosto possam ser acima da m\u00e9dia, mas n\u00e3o tanto quanto essas\u00a0de julho. Foi um m\u00eas at\u00edpico.\u201d\u00a0<\/p>\n\n\n\n<p class=\"wp-block-paragraph\">&#8212;&#8212;&#8212;&#8212;&#8212;&#8212;<br><br><strong>Sabia que o Aconteceu no Vale est\u00e1 tamb\u00e9m no Telegram? <a rel=\"noreferrer noopener\" href=\"https:\/\/t.me\/aconteceunovaleoficial\" target=\"_blank\">Inscreva-se no canal<\/a>.<\/strong><br><br><strong>J\u00e1 curtiu ou seguiu nossas p\u00e1ginas nas redes sociais?\u00a0Receba as not\u00edcias em primeira m\u00e3o:<\/strong><br>\u2022 <a rel=\"noreferrer noopener\" href=\"https:\/\/news.google.com\/publications\/CAAqBwgKMNjklQswi4etAw?hl=pt-BR&amp;gl=BR&amp;ceid=BR%3Apt-419\" target=\"_blank\">Google News<\/a><br>\u2022 <a rel=\"noreferrer noopener\" href=\"https:\/\/www.facebook.com\/aconteceunovale\/\" target=\"_blank\">Facebook<\/a><br>\u2022 <a rel=\"noreferrer noopener\" href=\"https:\/\/twitter.com\/noticiadosvales\" target=\"_blank\">Twitter<\/a><br>\u2022 <a rel=\"noreferrer noopener\" href=\"https:\/\/www.instagram.com\/aconteceunovale\" target=\"_blank\">Instagram<\/a><br>\u2022 <a rel=\"noreferrer noopener\" href=\"https:\/\/www.youtube.com\/AconteceunoValeOficial\" target=\"_blank\">Youtube<\/a><br>\u2022 <a rel=\"noreferrer noopener\" href=\"https:\/\/www.tiktok.com\/@aconteceunovale\" target=\"_blank\">TikTok<\/a><\/p>\n","protected":false},"excerpt":{"rendered":"<p>Mesmo no inverno,\u00a0os term\u00f4metros brasileiros\u00a0registraram\u00a0as temperaturas mais altas dos \u00faltimos 61 anos.\u00a0Dados do\u00a0Instituto Nacional de Meteorologia (Inmet)\u00a0revelam que a temperatura m\u00e9dia do m\u00eas de julho chegou a 22,8\u00baC, um aumento de 0,82 grau\u00a0acima da m\u00e9dia hist\u00f3rica registrada em 2015, fazendo de julho de 2022 o mais quente que se tem registro na hist\u00f3ria do Brasil [&hellip;]<\/p>\n","protected":false},"author":4,"featured_media":175128,"comment_status":"open","ping_status":"closed","sticky":false,"template":"","format":"standard","meta":{"amp_status":"","footnotes":""},"categories":[6,28848],"tags":[261992,33884,1018,54659,261990,261989,261993,261991],"class_list":["post-189695","post","type-post","status-publish","format-standard","has-post-thumbnail","hentry","category-br","category-mundo","tag-aquecimento-da-terra","tag-aquecimento-global","tag-destaque","tag-inmet","tag-julho-de-2022","tag-julho-de-2022-registrou-a-temperatura-media-mais-alta-da-historia","tag-meteorologista-danielle-barros","tag-temperatura-mais-alta-da-historia"],"yoast_head":"<!-- This site is optimized with the Yoast SEO plugin v28.3 - https:\/\/yoast.com\/product\/yoast-seo-wordpress\/ -->\n<title>Julho de 2022 registrou a temperatura m\u00e9dia mais alta da hist\u00f3ria - Aconteceu no Vale<\/title>\n<meta name=\"robots\" content=\"index, follow, max-snippet:-1, max-image-preview:large, max-video-preview:-1\" \/>\n<link rel=\"canonical\" href=\"https:\/\/aconteceunovale.com.br\/portal\/?p=189695\" \/>\n<meta property=\"og:locale\" content=\"pt_BR\" \/>\n<meta property=\"og:type\" content=\"article\" \/>\n<meta property=\"og:title\" content=\"Julho de 2022 registrou a temperatura m\u00e9dia mais alta da hist\u00f3ria - Aconteceu no Vale\" \/>\n<meta property=\"og:description\" content=\"Mesmo no inverno,\u00a0os term\u00f4metros brasileiros\u00a0registraram\u00a0as temperaturas mais altas dos \u00faltimos 61 anos.\u00a0Dados do\u00a0Instituto Nacional de Meteorologia (Inmet)\u00a0revelam que a temperatura m\u00e9dia do m\u00eas de julho chegou a 22,8\u00baC, um aumento de 0,82 grau\u00a0acima da m\u00e9dia hist\u00f3rica registrada em 2015, fazendo de julho de 2022 o mais quente que se tem registro na hist\u00f3ria do Brasil [&hellip;]\" \/>\n<meta property=\"og:url\" content=\"https:\/\/aconteceunovale.com.br\/portal\/?p=189695\" \/>\n<meta property=\"og:site_name\" content=\"Aconteceu no Vale\" \/>\n<meta property=\"article:publisher\" content=\"https:\/\/www.facebook.com\/aconteceunovale\/\" \/>\n<meta property=\"article:published_time\" content=\"2022-08-10T18:18:40+00:00\" \/>\n<meta property=\"article:modified_time\" content=\"2022-08-10T18:19:04+00:00\" \/>\n<meta property=\"og:image\" content=\"https:\/\/aconteceunovale.com.br\/portal\/wp-content\/uploads\/2021\/03\/sol.jpg\" \/>\n\t<meta property=\"og:image:width\" content=\"678\" \/>\n\t<meta property=\"og:image:height\" content=\"359\" \/>\n\t<meta property=\"og:image:type\" content=\"image\/jpeg\" \/>\n<meta name=\"author\" content=\"Reda\u00e7\u00e3o Aconteceu no Vale\" \/>\n<meta name=\"twitter:card\" content=\"summary_large_image\" \/>\n<meta name=\"twitter:creator\" content=\"@noticiadosvales\" \/>\n<meta name=\"twitter:site\" content=\"@noticiadosvales\" \/>\n<meta name=\"twitter:label1\" content=\"Escrito por\" \/>\n\t<meta name=\"twitter:data1\" content=\"Reda\u00e7\u00e3o Aconteceu no Vale\" \/>\n\t<meta name=\"twitter:label2\" content=\"Est. tempo de leitura\" \/>\n\t<meta name=\"twitter:data2\" content=\"2 minutos\" \/>\n<script type=\"application\/ld+json\" class=\"yoast-schema-graph\">{\"@context\":\"https:\\\/\\\/schema.org\",\"@graph\":[{\"@type\":\"Article\",\"@id\":\"https:\\\/\\\/aconteceunovale.com.br\\\/portal\\\/?p=189695#article\",\"isPartOf\":{\"@id\":\"https:\\\/\\\/aconteceunovale.com.br\\\/portal\\\/?p=189695\"},\"author\":{\"name\":\"Reda\u00e7\u00e3o Aconteceu no Vale\",\"@id\":\"https:\\\/\\\/aconteceunovale.com.br\\\/portal\\\/#\\\/schema\\\/person\\\/7d2f26d1483f8a63de73da1ee0754d35\"},\"headline\":\"Julho de 2022 registrou a temperatura m\u00e9dia mais alta da hist\u00f3ria\",\"datePublished\":\"2022-08-10T18:18:40+00:00\",\"dateModified\":\"2022-08-10T18:19:04+00:00\",\"mainEntityOfPage\":{\"@id\":\"https:\\\/\\\/aconteceunovale.com.br\\\/portal\\\/?p=189695\"},\"wordCount\":328,\"commentCount\":0,\"image\":{\"@id\":\"https:\\\/\\\/aconteceunovale.com.br\\\/portal\\\/?p=189695#primaryimage\"},\"thumbnailUrl\":\"https:\\\/\\\/aconteceunovale.com.br\\\/portal\\\/wp-content\\\/uploads\\\/2021\\\/03\\\/sol.jpg\",\"keywords\":[\"Aquecimento da terra\",\"aquecimento global\",\"destaque\",\"Inmet\",\"Julho de 2022\",\"Julho de 2022 registrou a temperatura m\u00e9dia mais alta da hist\u00f3ria\",\"Meteorologista Danielle Barros\",\"Temperatura mais alta da hist\u00f3ria\"],\"articleSection\":[\"Brasil\",\"Mundo\"],\"inLanguage\":\"pt-BR\",\"potentialAction\":[{\"@type\":\"CommentAction\",\"name\":\"Comment\",\"target\":[\"https:\\\/\\\/aconteceunovale.com.br\\\/portal\\\/?p=189695#respond\"]}]},{\"@type\":\"WebPage\",\"@id\":\"https:\\\/\\\/aconteceunovale.com.br\\\/portal\\\/?p=189695\",\"url\":\"https:\\\/\\\/aconteceunovale.com.br\\\/portal\\\/?p=189695\",\"name\":\"Julho de 2022 registrou a temperatura m\u00e9dia mais alta da hist\u00f3ria - Aconteceu no Vale\",\"isPartOf\":{\"@id\":\"https:\\\/\\\/aconteceunovale.com.br\\\/portal\\\/#website\"},\"primaryImageOfPage\":{\"@id\":\"https:\\\/\\\/aconteceunovale.com.br\\\/portal\\\/?p=189695#primaryimage\"},\"image\":{\"@id\":\"https:\\\/\\\/aconteceunovale.com.br\\\/portal\\\/?p=189695#primaryimage\"},\"thumbnailUrl\":\"https:\\\/\\\/aconteceunovale.com.br\\\/portal\\\/wp-content\\\/uploads\\\/2021\\\/03\\\/sol.jpg\",\"datePublished\":\"2022-08-10T18:18:40+00:00\",\"dateModified\":\"2022-08-10T18:19:04+00:00\",\"author\":{\"@id\":\"https:\\\/\\\/aconteceunovale.com.br\\\/portal\\\/#\\\/schema\\\/person\\\/7d2f26d1483f8a63de73da1ee0754d35\"},\"breadcrumb\":{\"@id\":\"https:\\\/\\\/aconteceunovale.com.br\\\/portal\\\/?p=189695#breadcrumb\"},\"inLanguage\":\"pt-BR\",\"potentialAction\":[{\"@type\":\"ReadAction\",\"target\":[\"https:\\\/\\\/aconteceunovale.com.br\\\/portal\\\/?p=189695\"]}]},{\"@type\":\"ImageObject\",\"inLanguage\":\"pt-BR\",\"@id\":\"https:\\\/\\\/aconteceunovale.com.br\\\/portal\\\/?p=189695#primaryimage\",\"url\":\"https:\\\/\\\/aconteceunovale.com.br\\\/portal\\\/wp-content\\\/uploads\\\/2021\\\/03\\\/sol.jpg\",\"contentUrl\":\"https:\\\/\\\/aconteceunovale.com.br\\\/portal\\\/wp-content\\\/uploads\\\/2021\\\/03\\\/sol.jpg\",\"width\":678,\"height\":359},{\"@type\":\"BreadcrumbList\",\"@id\":\"https:\\\/\\\/aconteceunovale.com.br\\\/portal\\\/?p=189695#breadcrumb\",\"itemListElement\":[{\"@type\":\"ListItem\",\"position\":1,\"name\":\"In\u00edcio\",\"item\":\"https:\\\/\\\/aconteceunovale.com.br\\\/portal\\\/\"},{\"@type\":\"ListItem\",\"position\":2,\"name\":\"Julho de 2022 registrou a temperatura m\u00e9dia mais alta da hist\u00f3ria\"}]},{\"@type\":\"WebSite\",\"@id\":\"https:\\\/\\\/aconteceunovale.com.br\\\/portal\\\/#website\",\"url\":\"https:\\\/\\\/aconteceunovale.com.br\\\/portal\\\/\",\"name\":\"Aconteceu no Vale\",\"description\":\"Portal de Not\u00edcias\",\"potentialAction\":[{\"@type\":\"SearchAction\",\"target\":{\"@type\":\"EntryPoint\",\"urlTemplate\":\"https:\\\/\\\/aconteceunovale.com.br\\\/portal\\\/?s={search_term_string}\"},\"query-input\":{\"@type\":\"PropertyValueSpecification\",\"valueRequired\":true,\"valueName\":\"search_term_string\"}}],\"inLanguage\":\"pt-BR\"},{\"@type\":\"Person\",\"@id\":\"https:\\\/\\\/aconteceunovale.com.br\\\/portal\\\/#\\\/schema\\\/person\\\/7d2f26d1483f8a63de73da1ee0754d35\",\"name\":\"Reda\u00e7\u00e3o Aconteceu no Vale\",\"description\":\"Equipe de reportagem do Aconteceu no Vale, portal de not\u00edcias do Vale do Jequitinhonha, em Minas Gerais. Cobrimos as 51 cidades do Vale desde 2013. Sugest\u00f5es de pauta e pedidos de corre\u00e7\u00e3o: contato@aconteceunovale.com.br\",\"url\":\"https:\\\/\\\/aconteceunovale.com.br\\\/portal\\\/?author=4\"}]}<\/script>\n<!-- \/ Yoast SEO plugin. -->","yoast_head_json":{"title":"Julho de 2022 registrou a temperatura m\u00e9dia mais alta da hist\u00f3ria - Aconteceu no Vale","robots":{"index":"index","follow":"follow","max-snippet":"max-snippet:-1","max-image-preview":"max-image-preview:large","max-video-preview":"max-video-preview:-1"},"canonical":"https:\/\/aconteceunovale.com.br\/portal\/?p=189695","og_locale":"pt_BR","og_type":"article","og_title":"Julho de 2022 registrou a temperatura m\u00e9dia mais alta da hist\u00f3ria - Aconteceu no Vale","og_description":"Mesmo no inverno,\u00a0os term\u00f4metros brasileiros\u00a0registraram\u00a0as temperaturas mais altas dos \u00faltimos 61 anos.\u00a0Dados do\u00a0Instituto Nacional de Meteorologia (Inmet)\u00a0revelam que a temperatura m\u00e9dia do m\u00eas de julho chegou a 22,8\u00baC, um aumento de 0,82 grau\u00a0acima da m\u00e9dia hist\u00f3rica registrada em 2015, fazendo de julho de 2022 o mais quente que se tem registro na hist\u00f3ria do Brasil [&hellip;]","og_url":"https:\/\/aconteceunovale.com.br\/portal\/?p=189695","og_site_name":"Aconteceu no Vale","article_publisher":"https:\/\/www.facebook.com\/aconteceunovale\/","article_published_time":"2022-08-10T18:18:40+00:00","article_modified_time":"2022-08-10T18:19:04+00:00","og_image":[{"width":678,"height":359,"url":"https:\/\/aconteceunovale.com.br\/portal\/wp-content\/uploads\/2021\/03\/sol.jpg","type":"image\/jpeg"}],"author":"Reda\u00e7\u00e3o Aconteceu no Vale","twitter_card":"summary_large_image","twitter_creator":"@noticiadosvales","twitter_site":"@noticiadosvales","twitter_misc":{"Escrito por":"Reda\u00e7\u00e3o Aconteceu no Vale","Est. tempo de leitura":"2 minutos"},"schema":{"@context":"https:\/\/schema.org","@graph":[{"@type":"Article","@id":"https:\/\/aconteceunovale.com.br\/portal\/?p=189695#article","isPartOf":{"@id":"https:\/\/aconteceunovale.com.br\/portal\/?p=189695"},"author":{"name":"Reda\u00e7\u00e3o Aconteceu no Vale","@id":"https:\/\/aconteceunovale.com.br\/portal\/#\/schema\/person\/7d2f26d1483f8a63de73da1ee0754d35"},"headline":"Julho de 2022 registrou a temperatura m\u00e9dia mais alta da hist\u00f3ria","datePublished":"2022-08-10T18:18:40+00:00","dateModified":"2022-08-10T18:19:04+00:00","mainEntityOfPage":{"@id":"https:\/\/aconteceunovale.com.br\/portal\/?p=189695"},"wordCount":328,"commentCount":0,"image":{"@id":"https:\/\/aconteceunovale.com.br\/portal\/?p=189695#primaryimage"},"thumbnailUrl":"https:\/\/aconteceunovale.com.br\/portal\/wp-content\/uploads\/2021\/03\/sol.jpg","keywords":["Aquecimento da terra","aquecimento global","destaque","Inmet","Julho de 2022","Julho de 2022 registrou a temperatura m\u00e9dia mais alta da hist\u00f3ria","Meteorologista Danielle Barros","Temperatura mais alta da hist\u00f3ria"],"articleSection":["Brasil","Mundo"],"inLanguage":"pt-BR","potentialAction":[{"@type":"CommentAction","name":"Comment","target":["https:\/\/aconteceunovale.com.br\/portal\/?p=189695#respond"]}]},{"@type":"WebPage","@id":"https:\/\/aconteceunovale.com.br\/portal\/?p=189695","url":"https:\/\/aconteceunovale.com.br\/portal\/?p=189695","name":"Julho de 2022 registrou a temperatura m\u00e9dia mais alta da hist\u00f3ria - Aconteceu no Vale","isPartOf":{"@id":"https:\/\/aconteceunovale.com.br\/portal\/#website"},"primaryImageOfPage":{"@id":"https:\/\/aconteceunovale.com.br\/portal\/?p=189695#primaryimage"},"image":{"@id":"https:\/\/aconteceunovale.com.br\/portal\/?p=189695#primaryimage"},"thumbnailUrl":"https:\/\/aconteceunovale.com.br\/portal\/wp-content\/uploads\/2021\/03\/sol.jpg","datePublished":"2022-08-10T18:18:40+00:00","dateModified":"2022-08-10T18:19:04+00:00","author":{"@id":"https:\/\/aconteceunovale.com.br\/portal\/#\/schema\/person\/7d2f26d1483f8a63de73da1ee0754d35"},"breadcrumb":{"@id":"https:\/\/aconteceunovale.com.br\/portal\/?p=189695#breadcrumb"},"inLanguage":"pt-BR","potentialAction":[{"@type":"ReadAction","target":["https:\/\/aconteceunovale.com.br\/portal\/?p=189695"]}]},{"@type":"ImageObject","inLanguage":"pt-BR","@id":"https:\/\/aconteceunovale.com.br\/portal\/?p=189695#primaryimage","url":"https:\/\/aconteceunovale.com.br\/portal\/wp-content\/uploads\/2021\/03\/sol.jpg","contentUrl":"https:\/\/aconteceunovale.com.br\/portal\/wp-content\/uploads\/2021\/03\/sol.jpg","width":678,"height":359},{"@type":"BreadcrumbList","@id":"https:\/\/aconteceunovale.com.br\/portal\/?p=189695#breadcrumb","itemListElement":[{"@type":"ListItem","position":1,"name":"In\u00edcio","item":"https:\/\/aconteceunovale.com.br\/portal\/"},{"@type":"ListItem","position":2,"name":"Julho de 2022 registrou a temperatura m\u00e9dia mais alta da hist\u00f3ria"}]},{"@type":"WebSite","@id":"https:\/\/aconteceunovale.com.br\/portal\/#website","url":"https:\/\/aconteceunovale.com.br\/portal\/","name":"Aconteceu no Vale","description":"Portal de Not\u00edcias","potentialAction":[{"@type":"SearchAction","target":{"@type":"EntryPoint","urlTemplate":"https:\/\/aconteceunovale.com.br\/portal\/?s={search_term_string}"},"query-input":{"@type":"PropertyValueSpecification","valueRequired":true,"valueName":"search_term_string"}}],"inLanguage":"pt-BR"},{"@type":"Person","@id":"https:\/\/aconteceunovale.com.br\/portal\/#\/schema\/person\/7d2f26d1483f8a63de73da1ee0754d35","name":"Reda\u00e7\u00e3o Aconteceu no Vale","description":"Equipe de reportagem do Aconteceu no Vale, portal de not\u00edcias do Vale do Jequitinhonha, em Minas Gerais. Cobrimos as 51 cidades do Vale desde 2013. Sugest\u00f5es de pauta e pedidos de corre\u00e7\u00e3o: contato@aconteceunovale.com.br","url":"https:\/\/aconteceunovale.com.br\/portal\/?author=4"}]}},"_links":{"self":[{"href":"https:\/\/aconteceunovale.com.br\/portal\/index.php?rest_route=\/wp\/v2\/posts\/189695","targetHints":{"allow":["GET"]}}],"collection":[{"href":"https:\/\/aconteceunovale.com.br\/portal\/index.php?rest_route=\/wp\/v2\/posts"}],"about":[{"href":"https:\/\/aconteceunovale.com.br\/portal\/index.php?rest_route=\/wp\/v2\/types\/post"}],"author":[{"embeddable":true,"href":"https:\/\/aconteceunovale.com.br\/portal\/index.php?rest_route=\/wp\/v2\/users\/4"}],"replies":[{"embeddable":true,"href":"https:\/\/aconteceunovale.com.br\/portal\/index.php?rest_route=%2Fwp%2Fv2%2Fcomments&post=189695"}],"version-history":[{"count":1,"href":"https:\/\/aconteceunovale.com.br\/portal\/index.php?rest_route=\/wp\/v2\/posts\/189695\/revisions"}],"predecessor-version":[{"id":189696,"href":"https:\/\/aconteceunovale.com.br\/portal\/index.php?rest_route=\/wp\/v2\/posts\/189695\/revisions\/189696"}],"wp:featuredmedia":[{"embeddable":true,"href":"https:\/\/aconteceunovale.com.br\/portal\/index.php?rest_route=\/wp\/v2\/media\/175128"}],"wp:attachment":[{"href":"https:\/\/aconteceunovale.com.br\/portal\/index.php?rest_route=%2Fwp%2Fv2%2Fmedia&parent=189695"}],"wp:term":[{"taxonomy":"category","embeddable":true,"href":"https:\/\/aconteceunovale.com.br\/portal\/index.php?rest_route=%2Fwp%2Fv2%2Fcategories&post=189695"},{"taxonomy":"post_tag","embeddable":true,"href":"https:\/\/aconteceunovale.com.br\/portal\/index.php?rest_route=%2Fwp%2Fv2%2Ftags&post=189695"}],"curies":[{"name":"wp","href":"https:\/\/api.w.org\/{rel}","templated":true}]}}