{"id":189692,"date":"2022-08-10T15:14:55","date_gmt":"2022-08-10T18:14:55","guid":{"rendered":"https:\/\/aconteceunovale.com.br\/portal\/?p=189692"},"modified":"2022-08-10T15:15:51","modified_gmt":"2022-08-10T18:15:51","slug":"revogado-decreto-que-regulamenta-profissao-de-corretor-de-imoveis","status":"publish","type":"post","link":"https:\/\/aconteceunovale.com.br\/portal\/?p=189692","title":{"rendered":"Revogado decreto que regulamenta profiss\u00e3o de corretor de im\u00f3veis"},"content":{"rendered":"\n<p class=\"wp-block-paragraph\">O presidente Jair Bolsonaro revogou\u00a0hoje\u00a0(10) o\u00a0<a rel=\"noreferrer noopener\" href=\"https:\/\/www.in.gov.br\/en\/web\/dou\/-\/decreto-n-11.165-de-9-de-agosto-de-2022-421283590\" target=\"_blank\">decreto<\/a>, publicado\u00a0ontem\u00a0(9), que modificava a regulamenta\u00e7\u00e3o da profiss\u00e3o de corretor de im\u00f3veis. De acordo com ele, representantes do setor ser\u00e3o consultados e um novo documento deve ser editado.<\/p>\n\n\n\n<p class=\"wp-block-paragraph\">\u201cEu tamb\u00e9m erro, como essa semana cometi um equ\u00edvoco e n\u00e3o tem problema nenhum voltar atr\u00e1s. Determinei agora de manh\u00e3, j\u00e1 foi publicado no&nbsp;<em>Di\u00e1rio Oficial da Uni\u00e3o<\/em>&nbsp;[DOU] a&nbsp;<a href=\"https:\/\/pesquisa.in.gov.br\/imprensa\/jsp\/visualiza\/index.jsp?jornal=600&amp;pagina=1&amp;data=10\/08\/2022&amp;totalArquivos=1\" target=\"_blank\" rel=\"noreferrer noopener\">revoga\u00e7\u00e3o do decreto<\/a>&nbsp;que trata dos corretores. Vamos em frente, vamos ouvir o setor e aperfei\u00e7oar o decreto\u201d, disse o presidente,&nbsp;em Bras\u00edlia, em evento promovido pela Confedera\u00e7\u00e3o da Agricultura e Pecu\u00e1ria do Brasil (CNA).<\/p>\n\n\n\n<p class=\"wp-block-paragraph\">De acordo com o Minist\u00e9rio da Economia, as mudan\u00e7as tinham o objetivo de fomentar a livre concorr\u00eancia no setor de intermedia\u00e7\u00e3o imobili\u00e1ria tornando mais precisa a defini\u00e7\u00e3o da atividade de intermedia\u00e7\u00e3o imobili\u00e1ria.<\/p>\n\n\n\n<p class=\"wp-block-paragraph\">\u201cOutras atividades, como publicidade ou&nbsp;<em>marketing<\/em>&nbsp;imobili\u00e1rio e servi\u00e7os auxiliares como atendimento ao p\u00fablico em geral &#8211; a exemplo do realizado por recepcionistas, ou a distribui\u00e7\u00e3o de panfletos &#8211; n\u00e3o s\u00e3o atividades privativas da profiss\u00e3o de corretor. Fica mantida a intermedia\u00e7\u00e3o imobili\u00e1ria como atividade exclusiva do corretor de im\u00f3veis capacitado e devidamente inscrito no conselho profissional\u201d, explicou a pasta sobre as mudan\u00e7as agora revogadas.<\/p>\n\n\n\n<p class=\"wp-block-paragraph\">Al\u00e9m disso, a nova norma previa que as tabelas de pre\u00e7os de servi\u00e7os de corretagem teriam papel meramente referencial, n\u00e3o podendo ser empregadas como piso ou teto na defini\u00e7\u00e3o dos valores a serem cobrados por corretores no desempenho de suas atribui\u00e7\u00f5es. Outra modifica\u00e7\u00e3o que visava a desburocratiza\u00e7\u00e3o e redu\u00e7\u00e3o de custos de transa\u00e7\u00e3o, esclarecia que o registro do contrato de associa\u00e7\u00e3o dos corretores com imobili\u00e1rias n\u00e3o seria requisito essencial para a validade do contrato e para efeitos jur\u00eddicos.<\/p>\n\n\n\n<p class=\"wp-block-paragraph\">O decreto tamb\u00e9m tratava sobre os tr\u00e2mites para ingresso na profiss\u00e3o de corretor de im\u00f3veis e dava prazo de 90 dias para que o Conselho Regional de Corretores de Im\u00f3veis da jurisdi\u00e7\u00e3o expedisse o registro. Al\u00e9m disso, \u201ca proposta incorpora, ainda, o princ\u00edpio da retroatividade da norma mais ben\u00e9fica ao acusado de san\u00e7\u00e3o disciplinar\u201d, explicou o minist\u00e9rio.<\/p>\n\n\n\n<p class=\"wp-block-paragraph\">Em nota,&nbsp;divulgada nas redes sociais, o Conselho Federal de Corretores de Im\u00f3veis (Cofeci) avalia que o decreto&nbsp;agora revogado&nbsp;abriria o mercado imobili\u00e1rio para atua\u00e7\u00e3o de \u201cqualquer aventureiro\u201d, pois tira do corretor de im\u00f3veis a prerrogativa da intermedia\u00e7\u00e3o imobili\u00e1ria sobre o que foi chamado de atividades e servi\u00e7os auxiliares, como publicidade ou marketing e atendimento ao p\u00fablico em geral.<\/p>\n\n\n\n<p class=\"wp-block-paragraph\">Para a consultoria jur\u00eddica da entidade, o decreto \u00e9 ilegal. \u201cN\u00e3o pode o decreto modificar o esp\u00edrito da lei, estabelecer que atendimento ao p\u00fablico n\u00e3o \u00e9 ato de intermedia\u00e7\u00e3o. Na origem, a lei quer proteger o cidad\u00e3o desde o in\u00edcio da transa\u00e7\u00e3o imobili\u00e1ria, n\u00e3o apenas em algumas fases. A lei n\u00e3o faz essa exce\u00e7\u00e3o\u201d, informa, em nota, o advogado Manoel Dias, consultor jur\u00eddico do Cofeci.<\/p>\n\n\n\n<p class=\"wp-block-paragraph\">&#8212;&#8212;&#8212;&#8212;&#8212;&#8212;<br><br><strong>Sabia que o Aconteceu no Vale est\u00e1 tamb\u00e9m no Telegram? <a rel=\"noreferrer noopener\" href=\"https:\/\/t.me\/aconteceunovaleoficial\" target=\"_blank\">Inscreva-se no canal<\/a>.<\/strong><br><br><strong>J\u00e1 curtiu ou seguiu nossas p\u00e1ginas nas redes sociais?\u00a0Receba as not\u00edcias em primeira m\u00e3o:<\/strong><br>\u2022 <a rel=\"noreferrer noopener\" href=\"https:\/\/news.google.com\/publications\/CAAqBwgKMNjklQswi4etAw?hl=pt-BR&amp;gl=BR&amp;ceid=BR%3Apt-419\" target=\"_blank\">Google News<\/a><br>\u2022 <a rel=\"noreferrer noopener\" href=\"https:\/\/www.facebook.com\/aconteceunovale\/\" target=\"_blank\">Facebook<\/a><br>\u2022 <a rel=\"noreferrer noopener\" href=\"https:\/\/twitter.com\/noticiadosvales\" target=\"_blank\">Twitter<\/a><br>\u2022 <a rel=\"noreferrer noopener\" href=\"https:\/\/www.instagram.com\/aconteceunovale\" target=\"_blank\">Instagram<\/a><br>\u2022 <a rel=\"noreferrer noopener\" href=\"https:\/\/www.youtube.com\/AconteceunoValeOficial\" target=\"_blank\">Youtube<\/a><br>\u2022 <a rel=\"noreferrer noopener\" href=\"https:\/\/www.tiktok.com\/@aconteceunovale\" target=\"_blank\">TikTok<\/a><\/p>\n","protected":false},"excerpt":{"rendered":"<p>O presidente Jair Bolsonaro revogou\u00a0hoje\u00a0(10) o\u00a0decreto, publicado\u00a0ontem\u00a0(9), que modificava a regulamenta\u00e7\u00e3o da profiss\u00e3o de corretor de im\u00f3veis. De acordo com ele, representantes do setor ser\u00e3o consultados e um novo documento deve ser editado. \u201cEu tamb\u00e9m erro, como essa semana cometi um equ\u00edvoco e n\u00e3o tem problema nenhum voltar atr\u00e1s. Determinei agora de manh\u00e3, j\u00e1 foi [&hellip;]<\/p>\n","protected":false},"author":4,"featured_media":189693,"comment_status":"open","ping_status":"closed","sticky":false,"template":"","format":"standard","meta":{"amp_status":"","footnotes":""},"categories":[6,40236],"tags":[261988,261987,261985,261984,184661,261986,261983],"class_list":["post-189692","post","type-post","status-publish","format-standard","has-post-thumbnail","hentry","category-br","category-empregos-2","tag-advogado-manoel-dias","tag-cofeci","tag-corretor-de-imoveis","tag-decreto-corretor-de-imoveis","tag-ministerio-da-economia","tag-regulamentacao-da-profissao-de-corretor-de-imoveis","tag-revogado-decreto-que-regulamenta-profissao-de-corretor-de-imoveis"],"yoast_head":"<!-- This site is optimized with the Yoast SEO plugin v28.3 - https:\/\/yoast.com\/product\/yoast-seo-wordpress\/ -->\n<title>Revogado decreto que regulamenta profiss\u00e3o de corretor de im\u00f3veis - Aconteceu no Vale<\/title>\n<meta name=\"robots\" content=\"index, follow, max-snippet:-1, max-image-preview:large, max-video-preview:-1\" \/>\n<link rel=\"canonical\" href=\"https:\/\/aconteceunovale.com.br\/portal\/?p=189692\" \/>\n<meta property=\"og:locale\" content=\"pt_BR\" \/>\n<meta property=\"og:type\" content=\"article\" \/>\n<meta property=\"og:title\" content=\"Revogado decreto que regulamenta profiss\u00e3o de corretor de im\u00f3veis - Aconteceu no Vale\" \/>\n<meta property=\"og:description\" content=\"O presidente Jair Bolsonaro revogou\u00a0hoje\u00a0(10) o\u00a0decreto, publicado\u00a0ontem\u00a0(9), que modificava a regulamenta\u00e7\u00e3o da profiss\u00e3o de corretor de im\u00f3veis. De acordo com ele, representantes do setor ser\u00e3o consultados e um novo documento deve ser editado. \u201cEu tamb\u00e9m erro, como essa semana cometi um equ\u00edvoco e n\u00e3o tem problema nenhum voltar atr\u00e1s. Determinei agora de manh\u00e3, j\u00e1 foi [&hellip;]\" \/>\n<meta property=\"og:url\" content=\"https:\/\/aconteceunovale.com.br\/portal\/?p=189692\" \/>\n<meta property=\"og:site_name\" content=\"Aconteceu no Vale\" \/>\n<meta property=\"article:publisher\" content=\"https:\/\/www.facebook.com\/aconteceunovale\/\" \/>\n<meta property=\"article:published_time\" content=\"2022-08-10T18:14:55+00:00\" \/>\n<meta property=\"article:modified_time\" content=\"2022-08-10T18:15:51+00:00\" \/>\n<meta property=\"og:image\" content=\"https:\/\/aconteceunovale.com.br\/portal\/wp-content\/uploads\/2022\/08\/sorocaba.jpeg\" \/>\n\t<meta property=\"og:image:width\" content=\"678\" \/>\n\t<meta property=\"og:image:height\" content=\"416\" \/>\n\t<meta property=\"og:image:type\" content=\"image\/jpeg\" \/>\n<meta name=\"author\" content=\"Reda\u00e7\u00e3o Aconteceu no Vale\" \/>\n<meta name=\"twitter:card\" content=\"summary_large_image\" \/>\n<meta name=\"twitter:creator\" content=\"@noticiadosvales\" \/>\n<meta name=\"twitter:site\" content=\"@noticiadosvales\" \/>\n<meta name=\"twitter:label1\" content=\"Escrito por\" \/>\n\t<meta name=\"twitter:data1\" content=\"Reda\u00e7\u00e3o Aconteceu no Vale\" \/>\n\t<meta name=\"twitter:label2\" content=\"Est. tempo de leitura\" \/>\n\t<meta name=\"twitter:data2\" content=\"3 minutos\" \/>\n<script type=\"application\/ld+json\" class=\"yoast-schema-graph\">{\"@context\":\"https:\\\/\\\/schema.org\",\"@graph\":[{\"@type\":\"Article\",\"@id\":\"https:\\\/\\\/aconteceunovale.com.br\\\/portal\\\/?p=189692#article\",\"isPartOf\":{\"@id\":\"https:\\\/\\\/aconteceunovale.com.br\\\/portal\\\/?p=189692\"},\"author\":{\"name\":\"Reda\u00e7\u00e3o Aconteceu no Vale\",\"@id\":\"https:\\\/\\\/aconteceunovale.com.br\\\/portal\\\/#\\\/schema\\\/person\\\/7d2f26d1483f8a63de73da1ee0754d35\"},\"headline\":\"Revogado decreto que regulamenta profiss\u00e3o de corretor de im\u00f3veis\",\"datePublished\":\"2022-08-10T18:14:55+00:00\",\"dateModified\":\"2022-08-10T18:15:51+00:00\",\"mainEntityOfPage\":{\"@id\":\"https:\\\/\\\/aconteceunovale.com.br\\\/portal\\\/?p=189692\"},\"wordCount\":596,\"commentCount\":0,\"image\":{\"@id\":\"https:\\\/\\\/aconteceunovale.com.br\\\/portal\\\/?p=189692#primaryimage\"},\"thumbnailUrl\":\"https:\\\/\\\/aconteceunovale.com.br\\\/portal\\\/wp-content\\\/uploads\\\/2022\\\/08\\\/sorocaba.jpeg\",\"keywords\":[\"Advogado Manoel Dias\",\"Cofeci\",\"Corretor de im\u00f3veis\",\"Decreto corretor de im\u00f3veis\",\"Minist\u00e9rio da Economia\",\"Regulamenta\u00e7\u00e3o da profiss\u00e3o de corretor de im\u00f3veis\",\"Revogado decreto que regulamenta profiss\u00e3o de corretor de im\u00f3veis\"],\"articleSection\":[\"Brasil\",\"Empregos\"],\"inLanguage\":\"pt-BR\",\"potentialAction\":[{\"@type\":\"CommentAction\",\"name\":\"Comment\",\"target\":[\"https:\\\/\\\/aconteceunovale.com.br\\\/portal\\\/?p=189692#respond\"]}]},{\"@type\":\"WebPage\",\"@id\":\"https:\\\/\\\/aconteceunovale.com.br\\\/portal\\\/?p=189692\",\"url\":\"https:\\\/\\\/aconteceunovale.com.br\\\/portal\\\/?p=189692\",\"name\":\"Revogado decreto que regulamenta profiss\u00e3o de corretor de im\u00f3veis - Aconteceu no Vale\",\"isPartOf\":{\"@id\":\"https:\\\/\\\/aconteceunovale.com.br\\\/portal\\\/#website\"},\"primaryImageOfPage\":{\"@id\":\"https:\\\/\\\/aconteceunovale.com.br\\\/portal\\\/?p=189692#primaryimage\"},\"image\":{\"@id\":\"https:\\\/\\\/aconteceunovale.com.br\\\/portal\\\/?p=189692#primaryimage\"},\"thumbnailUrl\":\"https:\\\/\\\/aconteceunovale.com.br\\\/portal\\\/wp-content\\\/uploads\\\/2022\\\/08\\\/sorocaba.jpeg\",\"datePublished\":\"2022-08-10T18:14:55+00:00\",\"dateModified\":\"2022-08-10T18:15:51+00:00\",\"author\":{\"@id\":\"https:\\\/\\\/aconteceunovale.com.br\\\/portal\\\/#\\\/schema\\\/person\\\/7d2f26d1483f8a63de73da1ee0754d35\"},\"breadcrumb\":{\"@id\":\"https:\\\/\\\/aconteceunovale.com.br\\\/portal\\\/?p=189692#breadcrumb\"},\"inLanguage\":\"pt-BR\",\"potentialAction\":[{\"@type\":\"ReadAction\",\"target\":[\"https:\\\/\\\/aconteceunovale.com.br\\\/portal\\\/?p=189692\"]}]},{\"@type\":\"ImageObject\",\"inLanguage\":\"pt-BR\",\"@id\":\"https:\\\/\\\/aconteceunovale.com.br\\\/portal\\\/?p=189692#primaryimage\",\"url\":\"https:\\\/\\\/aconteceunovale.com.br\\\/portal\\\/wp-content\\\/uploads\\\/2022\\\/08\\\/sorocaba.jpeg\",\"contentUrl\":\"https:\\\/\\\/aconteceunovale.com.br\\\/portal\\\/wp-content\\\/uploads\\\/2022\\\/08\\\/sorocaba.jpeg\",\"width\":678,\"height\":416},{\"@type\":\"BreadcrumbList\",\"@id\":\"https:\\\/\\\/aconteceunovale.com.br\\\/portal\\\/?p=189692#breadcrumb\",\"itemListElement\":[{\"@type\":\"ListItem\",\"position\":1,\"name\":\"In\u00edcio\",\"item\":\"https:\\\/\\\/aconteceunovale.com.br\\\/portal\\\/\"},{\"@type\":\"ListItem\",\"position\":2,\"name\":\"Revogado decreto que regulamenta profiss\u00e3o de corretor de im\u00f3veis\"}]},{\"@type\":\"WebSite\",\"@id\":\"https:\\\/\\\/aconteceunovale.com.br\\\/portal\\\/#website\",\"url\":\"https:\\\/\\\/aconteceunovale.com.br\\\/portal\\\/\",\"name\":\"Aconteceu no Vale\",\"description\":\"Portal de Not\u00edcias\",\"potentialAction\":[{\"@type\":\"SearchAction\",\"target\":{\"@type\":\"EntryPoint\",\"urlTemplate\":\"https:\\\/\\\/aconteceunovale.com.br\\\/portal\\\/?s={search_term_string}\"},\"query-input\":{\"@type\":\"PropertyValueSpecification\",\"valueRequired\":true,\"valueName\":\"search_term_string\"}}],\"inLanguage\":\"pt-BR\"},{\"@type\":\"Person\",\"@id\":\"https:\\\/\\\/aconteceunovale.com.br\\\/portal\\\/#\\\/schema\\\/person\\\/7d2f26d1483f8a63de73da1ee0754d35\",\"name\":\"Reda\u00e7\u00e3o Aconteceu no Vale\",\"description\":\"Equipe de reportagem do Aconteceu no Vale, portal de not\u00edcias do Vale do Jequitinhonha, em Minas Gerais. Cobrimos as 51 cidades do Vale desde 2013. Sugest\u00f5es de pauta e pedidos de corre\u00e7\u00e3o: contato@aconteceunovale.com.br\",\"url\":\"https:\\\/\\\/aconteceunovale.com.br\\\/portal\\\/?author=4\"}]}<\/script>\n<!-- \/ Yoast SEO plugin. -->","yoast_head_json":{"title":"Revogado decreto que regulamenta profiss\u00e3o de corretor de im\u00f3veis - Aconteceu no Vale","robots":{"index":"index","follow":"follow","max-snippet":"max-snippet:-1","max-image-preview":"max-image-preview:large","max-video-preview":"max-video-preview:-1"},"canonical":"https:\/\/aconteceunovale.com.br\/portal\/?p=189692","og_locale":"pt_BR","og_type":"article","og_title":"Revogado decreto que regulamenta profiss\u00e3o de corretor de im\u00f3veis - Aconteceu no Vale","og_description":"O presidente Jair Bolsonaro revogou\u00a0hoje\u00a0(10) o\u00a0decreto, publicado\u00a0ontem\u00a0(9), que modificava a regulamenta\u00e7\u00e3o da profiss\u00e3o de corretor de im\u00f3veis. De acordo com ele, representantes do setor ser\u00e3o consultados e um novo documento deve ser editado. \u201cEu tamb\u00e9m erro, como essa semana cometi um equ\u00edvoco e n\u00e3o tem problema nenhum voltar atr\u00e1s. Determinei agora de manh\u00e3, j\u00e1 foi [&hellip;]","og_url":"https:\/\/aconteceunovale.com.br\/portal\/?p=189692","og_site_name":"Aconteceu no Vale","article_publisher":"https:\/\/www.facebook.com\/aconteceunovale\/","article_published_time":"2022-08-10T18:14:55+00:00","article_modified_time":"2022-08-10T18:15:51+00:00","og_image":[{"width":678,"height":416,"url":"https:\/\/aconteceunovale.com.br\/portal\/wp-content\/uploads\/2022\/08\/sorocaba.jpeg","type":"image\/jpeg"}],"author":"Reda\u00e7\u00e3o Aconteceu no Vale","twitter_card":"summary_large_image","twitter_creator":"@noticiadosvales","twitter_site":"@noticiadosvales","twitter_misc":{"Escrito por":"Reda\u00e7\u00e3o Aconteceu no Vale","Est. tempo de leitura":"3 minutos"},"schema":{"@context":"https:\/\/schema.org","@graph":[{"@type":"Article","@id":"https:\/\/aconteceunovale.com.br\/portal\/?p=189692#article","isPartOf":{"@id":"https:\/\/aconteceunovale.com.br\/portal\/?p=189692"},"author":{"name":"Reda\u00e7\u00e3o Aconteceu no Vale","@id":"https:\/\/aconteceunovale.com.br\/portal\/#\/schema\/person\/7d2f26d1483f8a63de73da1ee0754d35"},"headline":"Revogado decreto que regulamenta profiss\u00e3o de corretor de im\u00f3veis","datePublished":"2022-08-10T18:14:55+00:00","dateModified":"2022-08-10T18:15:51+00:00","mainEntityOfPage":{"@id":"https:\/\/aconteceunovale.com.br\/portal\/?p=189692"},"wordCount":596,"commentCount":0,"image":{"@id":"https:\/\/aconteceunovale.com.br\/portal\/?p=189692#primaryimage"},"thumbnailUrl":"https:\/\/aconteceunovale.com.br\/portal\/wp-content\/uploads\/2022\/08\/sorocaba.jpeg","keywords":["Advogado Manoel Dias","Cofeci","Corretor de im\u00f3veis","Decreto corretor de im\u00f3veis","Minist\u00e9rio da Economia","Regulamenta\u00e7\u00e3o da profiss\u00e3o de corretor de im\u00f3veis","Revogado decreto que regulamenta profiss\u00e3o de corretor de im\u00f3veis"],"articleSection":["Brasil","Empregos"],"inLanguage":"pt-BR","potentialAction":[{"@type":"CommentAction","name":"Comment","target":["https:\/\/aconteceunovale.com.br\/portal\/?p=189692#respond"]}]},{"@type":"WebPage","@id":"https:\/\/aconteceunovale.com.br\/portal\/?p=189692","url":"https:\/\/aconteceunovale.com.br\/portal\/?p=189692","name":"Revogado decreto que regulamenta profiss\u00e3o de corretor de im\u00f3veis - Aconteceu no Vale","isPartOf":{"@id":"https:\/\/aconteceunovale.com.br\/portal\/#website"},"primaryImageOfPage":{"@id":"https:\/\/aconteceunovale.com.br\/portal\/?p=189692#primaryimage"},"image":{"@id":"https:\/\/aconteceunovale.com.br\/portal\/?p=189692#primaryimage"},"thumbnailUrl":"https:\/\/aconteceunovale.com.br\/portal\/wp-content\/uploads\/2022\/08\/sorocaba.jpeg","datePublished":"2022-08-10T18:14:55+00:00","dateModified":"2022-08-10T18:15:51+00:00","author":{"@id":"https:\/\/aconteceunovale.com.br\/portal\/#\/schema\/person\/7d2f26d1483f8a63de73da1ee0754d35"},"breadcrumb":{"@id":"https:\/\/aconteceunovale.com.br\/portal\/?p=189692#breadcrumb"},"inLanguage":"pt-BR","potentialAction":[{"@type":"ReadAction","target":["https:\/\/aconteceunovale.com.br\/portal\/?p=189692"]}]},{"@type":"ImageObject","inLanguage":"pt-BR","@id":"https:\/\/aconteceunovale.com.br\/portal\/?p=189692#primaryimage","url":"https:\/\/aconteceunovale.com.br\/portal\/wp-content\/uploads\/2022\/08\/sorocaba.jpeg","contentUrl":"https:\/\/aconteceunovale.com.br\/portal\/wp-content\/uploads\/2022\/08\/sorocaba.jpeg","width":678,"height":416},{"@type":"BreadcrumbList","@id":"https:\/\/aconteceunovale.com.br\/portal\/?p=189692#breadcrumb","itemListElement":[{"@type":"ListItem","position":1,"name":"In\u00edcio","item":"https:\/\/aconteceunovale.com.br\/portal\/"},{"@type":"ListItem","position":2,"name":"Revogado decreto que regulamenta profiss\u00e3o de corretor de im\u00f3veis"}]},{"@type":"WebSite","@id":"https:\/\/aconteceunovale.com.br\/portal\/#website","url":"https:\/\/aconteceunovale.com.br\/portal\/","name":"Aconteceu no Vale","description":"Portal de Not\u00edcias","potentialAction":[{"@type":"SearchAction","target":{"@type":"EntryPoint","urlTemplate":"https:\/\/aconteceunovale.com.br\/portal\/?s={search_term_string}"},"query-input":{"@type":"PropertyValueSpecification","valueRequired":true,"valueName":"search_term_string"}}],"inLanguage":"pt-BR"},{"@type":"Person","@id":"https:\/\/aconteceunovale.com.br\/portal\/#\/schema\/person\/7d2f26d1483f8a63de73da1ee0754d35","name":"Reda\u00e7\u00e3o Aconteceu no Vale","description":"Equipe de reportagem do Aconteceu no Vale, portal de not\u00edcias do Vale do Jequitinhonha, em Minas Gerais. Cobrimos as 51 cidades do Vale desde 2013. Sugest\u00f5es de pauta e pedidos de corre\u00e7\u00e3o: contato@aconteceunovale.com.br","url":"https:\/\/aconteceunovale.com.br\/portal\/?author=4"}]}},"_links":{"self":[{"href":"https:\/\/aconteceunovale.com.br\/portal\/index.php?rest_route=\/wp\/v2\/posts\/189692","targetHints":{"allow":["GET"]}}],"collection":[{"href":"https:\/\/aconteceunovale.com.br\/portal\/index.php?rest_route=\/wp\/v2\/posts"}],"about":[{"href":"https:\/\/aconteceunovale.com.br\/portal\/index.php?rest_route=\/wp\/v2\/types\/post"}],"author":[{"embeddable":true,"href":"https:\/\/aconteceunovale.com.br\/portal\/index.php?rest_route=\/wp\/v2\/users\/4"}],"replies":[{"embeddable":true,"href":"https:\/\/aconteceunovale.com.br\/portal\/index.php?rest_route=%2Fwp%2Fv2%2Fcomments&post=189692"}],"version-history":[{"count":1,"href":"https:\/\/aconteceunovale.com.br\/portal\/index.php?rest_route=\/wp\/v2\/posts\/189692\/revisions"}],"predecessor-version":[{"id":189694,"href":"https:\/\/aconteceunovale.com.br\/portal\/index.php?rest_route=\/wp\/v2\/posts\/189692\/revisions\/189694"}],"wp:featuredmedia":[{"embeddable":true,"href":"https:\/\/aconteceunovale.com.br\/portal\/index.php?rest_route=\/wp\/v2\/media\/189693"}],"wp:attachment":[{"href":"https:\/\/aconteceunovale.com.br\/portal\/index.php?rest_route=%2Fwp%2Fv2%2Fmedia&parent=189692"}],"wp:term":[{"taxonomy":"category","embeddable":true,"href":"https:\/\/aconteceunovale.com.br\/portal\/index.php?rest_route=%2Fwp%2Fv2%2Fcategories&post=189692"},{"taxonomy":"post_tag","embeddable":true,"href":"https:\/\/aconteceunovale.com.br\/portal\/index.php?rest_route=%2Fwp%2Fv2%2Ftags&post=189692"}],"curies":[{"name":"wp","href":"https:\/\/api.w.org\/{rel}","templated":true}]}}