{"id":189628,"date":"2022-08-04T20:19:55","date_gmt":"2022-08-04T23:19:55","guid":{"rendered":"https:\/\/aconteceunovale.com.br\/portal\/?p=189628"},"modified":"2022-08-05T09:21:05","modified_gmt":"2022-08-05T12:21:05","slug":"janones-desiste-de-candidatura-presidencial-e-apoiara-lula","status":"publish","type":"post","link":"https:\/\/aconteceunovale.com.br\/portal\/?p=189628","title":{"rendered":"Janones desiste de candidatura presidencial e apoiar\u00e1 Lula"},"content":{"rendered":"\n<p class=\"wp-block-paragraph\">O deputado federal Andr\u00e9 Janones (Avante-MG) oficializou nesta\u00a0quinta-feira (4) que saiu da disputa \u00e0 Presid\u00eancia da Rep\u00fablica para apoiar o ex-presidente Luiz In\u00e1cio Lula da Silva (PT). O an\u00fancio foi feito durante transmiss\u00e3o nas redes sociais do parlamentar, ao lado do ex-presidente.<\/p>\n\n\n\n<figure class=\"wp-block-gallery has-nested-images columns-default is-cropped wp-block-gallery-1 is-layout-flex wp-block-gallery-is-layout-flex\">\n<figure class=\"wp-block-image size-large\"><img loading=\"lazy\" decoding=\"async\" width=\"678\" height=\"406\" data-id=\"189629\" src=\"https:\/\/aconteceunovale.com.br\/portal\/wp-content\/uploads\/2022\/08\/janones_lula.jpg\" alt=\"\" class=\"wp-image-189629\" srcset=\"https:\/\/aconteceunovale.com.br\/portal\/wp-content\/uploads\/2022\/08\/janones_lula.jpg 678w, https:\/\/aconteceunovale.com.br\/portal\/wp-content\/uploads\/2022\/08\/janones_lula-300x180.jpg 300w\" sizes=\"auto, (max-width: 678px) 100vw, 678px\" \/><figcaption><em><sub>Foto: Reprodu\u00e7\u00e3o \/ Twitter<\/sub><\/em><\/figcaption><\/figure>\n<\/figure>\n\n\n\n<p class=\"wp-block-paragraph\">&#8220;Lula est\u00e1 encampando as nossas propostas pelo aux\u00edlio. Voc\u00eas sabem que o Aux\u00edlio Emergencial foi a grande marca do nosso mandato at\u00e9 aqui, a luta para que o o aux\u00edlio permanecesse em R$ 600&#8221;, afirmou Janones, ao justificar a desist\u00eancia e o novo apoio. Segundo ele, ao retirar a candidatura, ela se unifica e passa a ser representada pela candidatura do ex-presidente.<\/p>\n\n\n\n<p class=\"wp-block-paragraph\">&#8220;N\u00f3s precisamos criar condi\u00e7\u00f5es de dizer que um dia esse pa\u00eds vai levantar e n\u00e3o vai&nbsp;ter&nbsp;ningu\u00e9m com fome&#8221;, disse Lula, ao refor\u00e7ar&nbsp;o combate \u00e0 fome como bandeira de campanha.<\/p>\n\n\n\n<p class=\"wp-block-paragraph\">Com forte presen\u00e7a nas redes sociais, Janones agora deve colaborar principalmente no n\u00facleo digital da campanha petista. Natural de\u00a0Ituiutaba (MG), Andr\u00e9 Janones ganhou notoriedade durante a greve dos caminhoneiros, em 2018. Nas elei\u00e7\u00f5es daquele ano, acabou sendo eleito o terceiro deputado mais federal mais votado em Minas Gerais.<\/p>\n\n\n\n<p class=\"wp-block-paragraph\">&#8212;&#8212;&#8212;&#8212;&#8212;&#8212;<br><br><strong>Sabia que o Aconteceu no Vale est\u00e1 tamb\u00e9m no Telegram? <a rel=\"noreferrer noopener\" href=\"https:\/\/t.me\/aconteceunovaleoficial\" target=\"_blank\">Inscreva-se no canal<\/a>.<\/strong><br><br><strong>J\u00e1 curtiu ou seguiu nossas p\u00e1ginas nas redes sociais?\u00a0Receba as not\u00edcias em primeira m\u00e3o:<\/strong><br>\u2022 <a rel=\"noreferrer noopener\" href=\"https:\/\/news.google.com\/publications\/CAAqBwgKMNjklQswi4etAw?hl=pt-BR&amp;gl=BR&amp;ceid=BR%3Apt-419\" target=\"_blank\">Google News<\/a><br>\u2022 <a rel=\"noreferrer noopener\" href=\"https:\/\/www.facebook.com\/aconteceunovale\/\" target=\"_blank\">Facebook<\/a><br>\u2022 <a rel=\"noreferrer noopener\" href=\"https:\/\/twitter.com\/noticiadosvales\" target=\"_blank\">Twitter<\/a><br>\u2022 <a rel=\"noreferrer noopener\" href=\"https:\/\/www.instagram.com\/aconteceunovale\" target=\"_blank\">Instagram<\/a><br>\u2022 <a rel=\"noreferrer noopener\" href=\"https:\/\/www.youtube.com\/AconteceunoValeOficial\" target=\"_blank\">Youtube<\/a><br>\u2022 <a rel=\"noreferrer noopener\" href=\"https:\/\/www.tiktok.com\/@aconteceunovale\" target=\"_blank\">TikTok<\/a><\/p>\n","protected":false},"excerpt":{"rendered":"<p>O deputado federal Andr\u00e9 Janones (Avante-MG) oficializou nesta\u00a0quinta-feira (4) que saiu da disputa \u00e0 Presid\u00eancia da Rep\u00fablica para apoiar o ex-presidente Luiz In\u00e1cio Lula da Silva (PT). O an\u00fancio foi feito durante transmiss\u00e3o nas redes sociais do parlamentar, ao lado do ex-presidente. &#8220;Lula est\u00e1 encampando as nossas propostas pelo aux\u00edlio. Voc\u00eas sabem que o Aux\u00edlio [&hellip;]<\/p>\n","protected":false},"author":4,"featured_media":189630,"comment_status":"open","ping_status":"closed","sticky":false,"template":"","format":"standard","meta":{"amp_status":"","footnotes":""},"categories":[6,249933,40240],"tags":[50262,177342,177339,178177,261629,194,1017,261630,260369,1018,261631,252238,64257,14372,260367,260368,125090,203,261632,14124,7147,131,13894,260366,758,261603],"class_list":["post-189628","post","type-post","status-publish","format-standard","has-post-thumbnail","hentry","category-br","category-eleicoes-2022","category-politica","tag-alckmin","tag-andre-janones","tag-andre-luis-gaspar-janones","tag-avante","tag-avante-lanca-candidatura-de-andre-janones-a-presidencia-da-republica","tag-belo-horizonte","tag-bh","tag-candidato-a-presidente","tag-chapa-pt-psb","tag-destaque","tag-disputa-pela-presidencia-do-brasil","tag-eleicoes-2022","tag-eleicoes-presidenciais","tag-geraldo-alckmin","tag-geraldo-alckmin-vice-de-lula","tag-geraldo-alckmin-vice-do-pt","tag-gleisi-hoffmann","tag-ituiutaba","tag-janones","tag-luiz-inacio-lula-da-silva","tag-lula","tag-minas-gerais","tag-psb","tag-psb-formaliza-indicacao-de-geraldo-alckmin-como-vice-na-chapa-de-lula","tag-pt","tag-pt-oficializa-chapa-lula-alckmin-para-disputar-a-presidencia-do-brasil"],"yoast_head":"<!-- This site is optimized with the Yoast SEO plugin v28.3 - https:\/\/yoast.com\/product\/yoast-seo-wordpress\/ -->\n<title>Janones desiste de candidatura presidencial e apoiar\u00e1 Lula - Aconteceu no Vale<\/title>\n<meta name=\"robots\" content=\"index, follow, max-snippet:-1, max-image-preview:large, max-video-preview:-1\" \/>\n<link rel=\"canonical\" href=\"https:\/\/aconteceunovale.com.br\/portal\/?p=189628\" \/>\n<meta property=\"og:locale\" content=\"pt_BR\" \/>\n<meta property=\"og:type\" content=\"article\" \/>\n<meta property=\"og:title\" content=\"Janones desiste de candidatura presidencial e apoiar\u00e1 Lula - Aconteceu no Vale\" \/>\n<meta property=\"og:description\" content=\"O deputado federal Andr\u00e9 Janones (Avante-MG) oficializou nesta\u00a0quinta-feira (4) que saiu da disputa \u00e0 Presid\u00eancia da Rep\u00fablica para apoiar o ex-presidente Luiz In\u00e1cio Lula da Silva (PT). O an\u00fancio foi feito durante transmiss\u00e3o nas redes sociais do parlamentar, ao lado do ex-presidente. &#8220;Lula est\u00e1 encampando as nossas propostas pelo aux\u00edlio. Voc\u00eas sabem que o Aux\u00edlio [&hellip;]\" \/>\n<meta property=\"og:url\" content=\"https:\/\/aconteceunovale.com.br\/portal\/?p=189628\" \/>\n<meta property=\"og:site_name\" content=\"Aconteceu no Vale\" \/>\n<meta property=\"article:publisher\" content=\"https:\/\/www.facebook.com\/aconteceunovale\/\" \/>\n<meta property=\"article:published_time\" content=\"2022-08-04T23:19:55+00:00\" \/>\n<meta property=\"article:modified_time\" content=\"2022-08-05T12:21:05+00:00\" \/>\n<meta property=\"og:image\" content=\"https:\/\/aconteceunovale.com.br\/portal\/wp-content\/uploads\/2022\/08\/janones_lula2.jpg\" \/>\n\t<meta property=\"og:image:width\" content=\"678\" \/>\n\t<meta property=\"og:image:height\" content=\"398\" \/>\n\t<meta property=\"og:image:type\" content=\"image\/jpeg\" \/>\n<meta name=\"author\" content=\"Reda\u00e7\u00e3o Aconteceu no Vale\" \/>\n<meta name=\"twitter:card\" content=\"summary_large_image\" \/>\n<meta name=\"twitter:creator\" content=\"@noticiadosvales\" \/>\n<meta name=\"twitter:site\" content=\"@noticiadosvales\" \/>\n<meta name=\"twitter:label1\" content=\"Escrito por\" \/>\n\t<meta name=\"twitter:data1\" content=\"Reda\u00e7\u00e3o Aconteceu no Vale\" \/>\n\t<meta name=\"twitter:label2\" content=\"Est. tempo de leitura\" \/>\n\t<meta name=\"twitter:data2\" content=\"1 minuto\" \/>\n<script type=\"application\/ld+json\" class=\"yoast-schema-graph\">{\"@context\":\"https:\\\/\\\/schema.org\",\"@graph\":[{\"@type\":\"Article\",\"@id\":\"https:\\\/\\\/aconteceunovale.com.br\\\/portal\\\/?p=189628#article\",\"isPartOf\":{\"@id\":\"https:\\\/\\\/aconteceunovale.com.br\\\/portal\\\/?p=189628\"},\"author\":{\"name\":\"Reda\u00e7\u00e3o Aconteceu no Vale\",\"@id\":\"https:\\\/\\\/aconteceunovale.com.br\\\/portal\\\/#\\\/schema\\\/person\\\/7d2f26d1483f8a63de73da1ee0754d35\"},\"headline\":\"Janones desiste de candidatura presidencial e apoiar\u00e1 Lula\",\"datePublished\":\"2022-08-04T23:19:55+00:00\",\"dateModified\":\"2022-08-05T12:21:05+00:00\",\"mainEntityOfPage\":{\"@id\":\"https:\\\/\\\/aconteceunovale.com.br\\\/portal\\\/?p=189628\"},\"wordCount\":255,\"commentCount\":0,\"image\":{\"@id\":\"https:\\\/\\\/aconteceunovale.com.br\\\/portal\\\/?p=189628#primaryimage\"},\"thumbnailUrl\":\"https:\\\/\\\/aconteceunovale.com.br\\\/portal\\\/wp-content\\\/uploads\\\/2022\\\/08\\\/janones_lula2.jpg\",\"keywords\":[\"Alckmin\",\"Andr\u00e9 Janones\",\"Andr\u00e9 Lu\u00eds Gaspar Janones\",\"AVANTE\",\"Avante lan\u00e7a candidatura de Andr\u00e9 Janones \u00e0 Presid\u00eancia da Rep\u00fablica\",\"Belo Horizonte\",\"bh\",\"Candidato a presidente\",\"Chapa PT PSB\",\"destaque\",\"Disputa pela Presid\u00eancia do Brasil\",\"Elei\u00e7\u00f5es 2022\",\"elei\u00e7\u00f5es presidenciais\",\"Geraldo Alckmin\",\"Geraldo Alckmin vice de Lula\",\"Geraldo Alckmin vice do PT\",\"Gleisi Hoffmann\",\"Ituiutaba\",\"Janones\",\"Luiz In\u00e1cio Lula da Silva\",\"Lula\",\"Minas Gerais\",\"PSB\",\"PSB formaliza indica\u00e7\u00e3o de Geraldo Alckmin como vice na chapa de Lula\",\"PT\",\"PT oficializa chapa Lula-Alckmin para disputar a Presid\u00eancia do Brasil\"],\"articleSection\":[\"Brasil\",\"Elei\u00e7\u00f5es 2022\",\"Pol\u00edtica\"],\"inLanguage\":\"pt-BR\",\"potentialAction\":[{\"@type\":\"CommentAction\",\"name\":\"Comment\",\"target\":[\"https:\\\/\\\/aconteceunovale.com.br\\\/portal\\\/?p=189628#respond\"]}]},{\"@type\":\"WebPage\",\"@id\":\"https:\\\/\\\/aconteceunovale.com.br\\\/portal\\\/?p=189628\",\"url\":\"https:\\\/\\\/aconteceunovale.com.br\\\/portal\\\/?p=189628\",\"name\":\"Janones desiste de candidatura presidencial e apoiar\u00e1 Lula - Aconteceu no Vale\",\"isPartOf\":{\"@id\":\"https:\\\/\\\/aconteceunovale.com.br\\\/portal\\\/#website\"},\"primaryImageOfPage\":{\"@id\":\"https:\\\/\\\/aconteceunovale.com.br\\\/portal\\\/?p=189628#primaryimage\"},\"image\":{\"@id\":\"https:\\\/\\\/aconteceunovale.com.br\\\/portal\\\/?p=189628#primaryimage\"},\"thumbnailUrl\":\"https:\\\/\\\/aconteceunovale.com.br\\\/portal\\\/wp-content\\\/uploads\\\/2022\\\/08\\\/janones_lula2.jpg\",\"datePublished\":\"2022-08-04T23:19:55+00:00\",\"dateModified\":\"2022-08-05T12:21:05+00:00\",\"author\":{\"@id\":\"https:\\\/\\\/aconteceunovale.com.br\\\/portal\\\/#\\\/schema\\\/person\\\/7d2f26d1483f8a63de73da1ee0754d35\"},\"breadcrumb\":{\"@id\":\"https:\\\/\\\/aconteceunovale.com.br\\\/portal\\\/?p=189628#breadcrumb\"},\"inLanguage\":\"pt-BR\",\"potentialAction\":[{\"@type\":\"ReadAction\",\"target\":[\"https:\\\/\\\/aconteceunovale.com.br\\\/portal\\\/?p=189628\"]}]},{\"@type\":\"ImageObject\",\"inLanguage\":\"pt-BR\",\"@id\":\"https:\\\/\\\/aconteceunovale.com.br\\\/portal\\\/?p=189628#primaryimage\",\"url\":\"https:\\\/\\\/aconteceunovale.com.br\\\/portal\\\/wp-content\\\/uploads\\\/2022\\\/08\\\/janones_lula2.jpg\",\"contentUrl\":\"https:\\\/\\\/aconteceunovale.com.br\\\/portal\\\/wp-content\\\/uploads\\\/2022\\\/08\\\/janones_lula2.jpg\",\"width\":678,\"height\":398},{\"@type\":\"BreadcrumbList\",\"@id\":\"https:\\\/\\\/aconteceunovale.com.br\\\/portal\\\/?p=189628#breadcrumb\",\"itemListElement\":[{\"@type\":\"ListItem\",\"position\":1,\"name\":\"In\u00edcio\",\"item\":\"https:\\\/\\\/aconteceunovale.com.br\\\/portal\\\/\"},{\"@type\":\"ListItem\",\"position\":2,\"name\":\"Janones desiste de candidatura presidencial e apoiar\u00e1 Lula\"}]},{\"@type\":\"WebSite\",\"@id\":\"https:\\\/\\\/aconteceunovale.com.br\\\/portal\\\/#website\",\"url\":\"https:\\\/\\\/aconteceunovale.com.br\\\/portal\\\/\",\"name\":\"Aconteceu no Vale\",\"description\":\"Portal de Not\u00edcias\",\"potentialAction\":[{\"@type\":\"SearchAction\",\"target\":{\"@type\":\"EntryPoint\",\"urlTemplate\":\"https:\\\/\\\/aconteceunovale.com.br\\\/portal\\\/?s={search_term_string}\"},\"query-input\":{\"@type\":\"PropertyValueSpecification\",\"valueRequired\":true,\"valueName\":\"search_term_string\"}}],\"inLanguage\":\"pt-BR\"},{\"@type\":\"Person\",\"@id\":\"https:\\\/\\\/aconteceunovale.com.br\\\/portal\\\/#\\\/schema\\\/person\\\/7d2f26d1483f8a63de73da1ee0754d35\",\"name\":\"Reda\u00e7\u00e3o Aconteceu no Vale\",\"description\":\"Equipe de reportagem do Aconteceu no Vale, portal de not\u00edcias do Vale do Jequitinhonha, em Minas Gerais. Cobrimos as 51 cidades do Vale desde 2013. Sugest\u00f5es de pauta e pedidos de corre\u00e7\u00e3o: contato@aconteceunovale.com.br\",\"url\":\"https:\\\/\\\/aconteceunovale.com.br\\\/portal\\\/?author=4\"}]}<\/script>\n<!-- \/ Yoast SEO plugin. -->","yoast_head_json":{"title":"Janones desiste de candidatura presidencial e apoiar\u00e1 Lula - Aconteceu no Vale","robots":{"index":"index","follow":"follow","max-snippet":"max-snippet:-1","max-image-preview":"max-image-preview:large","max-video-preview":"max-video-preview:-1"},"canonical":"https:\/\/aconteceunovale.com.br\/portal\/?p=189628","og_locale":"pt_BR","og_type":"article","og_title":"Janones desiste de candidatura presidencial e apoiar\u00e1 Lula - Aconteceu no Vale","og_description":"O deputado federal Andr\u00e9 Janones (Avante-MG) oficializou nesta\u00a0quinta-feira (4) que saiu da disputa \u00e0 Presid\u00eancia da Rep\u00fablica para apoiar o ex-presidente Luiz In\u00e1cio Lula da Silva (PT). O an\u00fancio foi feito durante transmiss\u00e3o nas redes sociais do parlamentar, ao lado do ex-presidente. &#8220;Lula est\u00e1 encampando as nossas propostas pelo aux\u00edlio. Voc\u00eas sabem que o Aux\u00edlio [&hellip;]","og_url":"https:\/\/aconteceunovale.com.br\/portal\/?p=189628","og_site_name":"Aconteceu no Vale","article_publisher":"https:\/\/www.facebook.com\/aconteceunovale\/","article_published_time":"2022-08-04T23:19:55+00:00","article_modified_time":"2022-08-05T12:21:05+00:00","og_image":[{"width":678,"height":398,"url":"https:\/\/aconteceunovale.com.br\/portal\/wp-content\/uploads\/2022\/08\/janones_lula2.jpg","type":"image\/jpeg"}],"author":"Reda\u00e7\u00e3o Aconteceu no Vale","twitter_card":"summary_large_image","twitter_creator":"@noticiadosvales","twitter_site":"@noticiadosvales","twitter_misc":{"Escrito por":"Reda\u00e7\u00e3o Aconteceu no Vale","Est. tempo de leitura":"1 minuto"},"schema":{"@context":"https:\/\/schema.org","@graph":[{"@type":"Article","@id":"https:\/\/aconteceunovale.com.br\/portal\/?p=189628#article","isPartOf":{"@id":"https:\/\/aconteceunovale.com.br\/portal\/?p=189628"},"author":{"name":"Reda\u00e7\u00e3o Aconteceu no Vale","@id":"https:\/\/aconteceunovale.com.br\/portal\/#\/schema\/person\/7d2f26d1483f8a63de73da1ee0754d35"},"headline":"Janones desiste de candidatura presidencial e apoiar\u00e1 Lula","datePublished":"2022-08-04T23:19:55+00:00","dateModified":"2022-08-05T12:21:05+00:00","mainEntityOfPage":{"@id":"https:\/\/aconteceunovale.com.br\/portal\/?p=189628"},"wordCount":255,"commentCount":0,"image":{"@id":"https:\/\/aconteceunovale.com.br\/portal\/?p=189628#primaryimage"},"thumbnailUrl":"https:\/\/aconteceunovale.com.br\/portal\/wp-content\/uploads\/2022\/08\/janones_lula2.jpg","keywords":["Alckmin","Andr\u00e9 Janones","Andr\u00e9 Lu\u00eds Gaspar Janones","AVANTE","Avante lan\u00e7a candidatura de Andr\u00e9 Janones \u00e0 Presid\u00eancia da Rep\u00fablica","Belo Horizonte","bh","Candidato a presidente","Chapa PT PSB","destaque","Disputa pela Presid\u00eancia do Brasil","Elei\u00e7\u00f5es 2022","elei\u00e7\u00f5es presidenciais","Geraldo Alckmin","Geraldo Alckmin vice de Lula","Geraldo Alckmin vice do PT","Gleisi Hoffmann","Ituiutaba","Janones","Luiz In\u00e1cio Lula da Silva","Lula","Minas Gerais","PSB","PSB formaliza indica\u00e7\u00e3o de Geraldo Alckmin como vice na chapa de Lula","PT","PT oficializa chapa Lula-Alckmin para disputar a Presid\u00eancia do Brasil"],"articleSection":["Brasil","Elei\u00e7\u00f5es 2022","Pol\u00edtica"],"inLanguage":"pt-BR","potentialAction":[{"@type":"CommentAction","name":"Comment","target":["https:\/\/aconteceunovale.com.br\/portal\/?p=189628#respond"]}]},{"@type":"WebPage","@id":"https:\/\/aconteceunovale.com.br\/portal\/?p=189628","url":"https:\/\/aconteceunovale.com.br\/portal\/?p=189628","name":"Janones desiste de candidatura presidencial e apoiar\u00e1 Lula - Aconteceu no Vale","isPartOf":{"@id":"https:\/\/aconteceunovale.com.br\/portal\/#website"},"primaryImageOfPage":{"@id":"https:\/\/aconteceunovale.com.br\/portal\/?p=189628#primaryimage"},"image":{"@id":"https:\/\/aconteceunovale.com.br\/portal\/?p=189628#primaryimage"},"thumbnailUrl":"https:\/\/aconteceunovale.com.br\/portal\/wp-content\/uploads\/2022\/08\/janones_lula2.jpg","datePublished":"2022-08-04T23:19:55+00:00","dateModified":"2022-08-05T12:21:05+00:00","author":{"@id":"https:\/\/aconteceunovale.com.br\/portal\/#\/schema\/person\/7d2f26d1483f8a63de73da1ee0754d35"},"breadcrumb":{"@id":"https:\/\/aconteceunovale.com.br\/portal\/?p=189628#breadcrumb"},"inLanguage":"pt-BR","potentialAction":[{"@type":"ReadAction","target":["https:\/\/aconteceunovale.com.br\/portal\/?p=189628"]}]},{"@type":"ImageObject","inLanguage":"pt-BR","@id":"https:\/\/aconteceunovale.com.br\/portal\/?p=189628#primaryimage","url":"https:\/\/aconteceunovale.com.br\/portal\/wp-content\/uploads\/2022\/08\/janones_lula2.jpg","contentUrl":"https:\/\/aconteceunovale.com.br\/portal\/wp-content\/uploads\/2022\/08\/janones_lula2.jpg","width":678,"height":398},{"@type":"BreadcrumbList","@id":"https:\/\/aconteceunovale.com.br\/portal\/?p=189628#breadcrumb","itemListElement":[{"@type":"ListItem","position":1,"name":"In\u00edcio","item":"https:\/\/aconteceunovale.com.br\/portal\/"},{"@type":"ListItem","position":2,"name":"Janones desiste de candidatura presidencial e apoiar\u00e1 Lula"}]},{"@type":"WebSite","@id":"https:\/\/aconteceunovale.com.br\/portal\/#website","url":"https:\/\/aconteceunovale.com.br\/portal\/","name":"Aconteceu no Vale","description":"Portal de Not\u00edcias","potentialAction":[{"@type":"SearchAction","target":{"@type":"EntryPoint","urlTemplate":"https:\/\/aconteceunovale.com.br\/portal\/?s={search_term_string}"},"query-input":{"@type":"PropertyValueSpecification","valueRequired":true,"valueName":"search_term_string"}}],"inLanguage":"pt-BR"},{"@type":"Person","@id":"https:\/\/aconteceunovale.com.br\/portal\/#\/schema\/person\/7d2f26d1483f8a63de73da1ee0754d35","name":"Reda\u00e7\u00e3o Aconteceu no Vale","description":"Equipe de reportagem do Aconteceu no Vale, portal de not\u00edcias do Vale do Jequitinhonha, em Minas Gerais. Cobrimos as 51 cidades do Vale desde 2013. Sugest\u00f5es de pauta e pedidos de corre\u00e7\u00e3o: contato@aconteceunovale.com.br","url":"https:\/\/aconteceunovale.com.br\/portal\/?author=4"}]}},"_links":{"self":[{"href":"https:\/\/aconteceunovale.com.br\/portal\/index.php?rest_route=\/wp\/v2\/posts\/189628","targetHints":{"allow":["GET"]}}],"collection":[{"href":"https:\/\/aconteceunovale.com.br\/portal\/index.php?rest_route=\/wp\/v2\/posts"}],"about":[{"href":"https:\/\/aconteceunovale.com.br\/portal\/index.php?rest_route=\/wp\/v2\/types\/post"}],"author":[{"embeddable":true,"href":"https:\/\/aconteceunovale.com.br\/portal\/index.php?rest_route=\/wp\/v2\/users\/4"}],"replies":[{"embeddable":true,"href":"https:\/\/aconteceunovale.com.br\/portal\/index.php?rest_route=%2Fwp%2Fv2%2Fcomments&post=189628"}],"version-history":[{"count":1,"href":"https:\/\/aconteceunovale.com.br\/portal\/index.php?rest_route=\/wp\/v2\/posts\/189628\/revisions"}],"predecessor-version":[{"id":189631,"href":"https:\/\/aconteceunovale.com.br\/portal\/index.php?rest_route=\/wp\/v2\/posts\/189628\/revisions\/189631"}],"wp:featuredmedia":[{"embeddable":true,"href":"https:\/\/aconteceunovale.com.br\/portal\/index.php?rest_route=\/wp\/v2\/media\/189630"}],"wp:attachment":[{"href":"https:\/\/aconteceunovale.com.br\/portal\/index.php?rest_route=%2Fwp%2Fv2%2Fmedia&parent=189628"}],"wp:term":[{"taxonomy":"category","embeddable":true,"href":"https:\/\/aconteceunovale.com.br\/portal\/index.php?rest_route=%2Fwp%2Fv2%2Fcategories&post=189628"},{"taxonomy":"post_tag","embeddable":true,"href":"https:\/\/aconteceunovale.com.br\/portal\/index.php?rest_route=%2Fwp%2Fv2%2Ftags&post=189628"}],"curies":[{"name":"wp","href":"https:\/\/api.w.org\/{rel}","templated":true}]}}