{"id":189625,"date":"2022-08-04T20:14:27","date_gmt":"2022-08-04T23:14:27","guid":{"rendered":"https:\/\/aconteceunovale.com.br\/portal\/?p=189625"},"modified":"2022-08-05T09:15:23","modified_gmt":"2022-08-05T12:15:23","slug":"presidente-sanciona-piso-para-enfermagem","status":"publish","type":"post","link":"https:\/\/aconteceunovale.com.br\/portal\/?p=189625","title":{"rendered":"Presidente sanciona piso para enfermagem"},"content":{"rendered":"\n<p class=\"wp-block-paragraph\">O presidente Jair Bolsonaro sancionou nesta\u00a0quinta-feira (4), em cerim\u00f4nia no Pal\u00e1cio do Planalto, o projeto de lei (PL) 2564\/20, que institui o piso salarial nacional para enfermeiros, t\u00e9cnicos de enfermagem, auxiliares de enfermagem e parteiras. No caso dos primeiros, o piso passar\u00e1 a ser de R$ 4.750. Para t\u00e9cnicos, o valor deve ser correspondente a 70% dessa marca, enquanto auxiliares e parteiras\u00a0ter\u00e3o direito a 50%.<\/p>\n\n\n\n<figure class=\"wp-block-gallery has-nested-images columns-default is-cropped wp-block-gallery-1 is-layout-flex wp-block-gallery-is-layout-flex\">\n<figure class=\"wp-block-image size-large\"><img loading=\"lazy\" decoding=\"async\" width=\"678\" height=\"406\" data-id=\"189626\" src=\"https:\/\/aconteceunovale.com.br\/portal\/wp-content\/uploads\/2022\/08\/bolsonaro_piso_enfermagem.jpg\" alt=\"\" class=\"wp-image-189626\" srcset=\"https:\/\/aconteceunovale.com.br\/portal\/wp-content\/uploads\/2022\/08\/bolsonaro_piso_enfermagem.jpg 678w, https:\/\/aconteceunovale.com.br\/portal\/wp-content\/uploads\/2022\/08\/bolsonaro_piso_enfermagem-300x180.jpg 300w\" sizes=\"auto, (max-width: 678px) 100vw, 678px\" \/><figcaption><em><sub>Foto: Fabio Rodrigues-Pozzebom\/Ag\u00eancia Brasil<\/sub><\/em><\/figcaption><\/figure>\n<\/figure>\n\n\n\n<p class=\"wp-block-paragraph\">O texto foi&nbsp;aprovado pelo Congresso Nacional no m\u00eas passado. A institui\u00e7\u00e3o do patamar salarial era uma luta hist\u00f3rica da categoria, que representa cerca de 2,6 milh\u00f5es de trabalhadores.<\/p>\n\n\n\n<p class=\"wp-block-paragraph\">&#8220;Hoje&nbsp;\u00e9 um dia muito importante, n\u00e3o s\u00f3 para a enfermagem brasileira, mas para a sa\u00fade p\u00fablica do Brasil. N\u00e3o h\u00e1 sa\u00fade p\u00fablica sem a nossa enfermagem&#8221;, afirmou o ministro da Sa\u00fade, Marcelo Queiroga. Segundo ele, por raz\u00f5es de constitucionalidade, o presidente vetou um dos artigos do PL, que determinava um reajuste anual do novo piso com base no \u00cdndice Nacional de Pre\u00e7os ao Consumidor (INPC), um dos indicadores de infla\u00e7\u00e3o.<\/p>\n\n\n\n<p class=\"wp-block-paragraph\">De acordo com a presidente do Conselho Federal de Enfermagem (Cofen), Bet\u00e2nia Maria Pereira dos Santos, mais de 80% da categoria recebe valores inferiores ao novo piso, que agora \u00e9 lei. &#8220;Existe uma precariedade infinita com rela\u00e7\u00e3o a sal\u00e1rios da enfermagem. Agora, pela lei, vamos&nbsp;ter&nbsp;um piso, \u00e9 o m\u00ednimo&#8221;, afirmou, ap\u00f3s a cerim\u00f4nia.&nbsp; &nbsp;<\/p>\n\n\n\n<p class=\"wp-block-paragraph\">Para viabilizar a aprova\u00e7\u00e3o do piso nacional da enfermagem, o Congresso Nacional promulgou uma emenda constitucional\u00a0para dar seguran\u00e7a jur\u00eddica ao projeto, inserindo o tema na Constitui\u00e7\u00e3o Federal. Depois disso, o projeto de lei que efetivamente estabelece os novos valores foi aprovado com chancela da ampla maioria de lideran\u00e7as e bancadas partid\u00e1rias.\u00a0<\/p>\n\n\n\n<p class=\"wp-block-paragraph\">&#8212;&#8212;&#8212;&#8212;&#8212;&#8212;<br><br><strong>Sabia que o Aconteceu no Vale est\u00e1 tamb\u00e9m no Telegram? <a rel=\"noreferrer noopener\" href=\"https:\/\/t.me\/aconteceunovaleoficial\" target=\"_blank\">Inscreva-se no canal<\/a>.<\/strong><br><br><strong>J\u00e1 curtiu ou seguiu nossas p\u00e1ginas nas redes sociais?\u00a0Receba as not\u00edcias em primeira m\u00e3o:<\/strong><br>\u2022 <a rel=\"noreferrer noopener\" href=\"https:\/\/news.google.com\/publications\/CAAqBwgKMNjklQswi4etAw?hl=pt-BR&amp;gl=BR&amp;ceid=BR%3Apt-419\" target=\"_blank\">Google News<\/a><br>\u2022 <a rel=\"noreferrer noopener\" href=\"https:\/\/www.facebook.com\/aconteceunovale\/\" target=\"_blank\">Facebook<\/a><br>\u2022 <a rel=\"noreferrer noopener\" href=\"https:\/\/twitter.com\/noticiadosvales\" target=\"_blank\">Twitter<\/a><br>\u2022 <a rel=\"noreferrer noopener\" href=\"https:\/\/www.instagram.com\/aconteceunovale\" target=\"_blank\">Instagram<\/a><br>\u2022 <a rel=\"noreferrer noopener\" href=\"https:\/\/www.youtube.com\/AconteceunoValeOficial\" target=\"_blank\">Youtube<\/a><br>\u2022 <a rel=\"noreferrer noopener\" href=\"https:\/\/www.tiktok.com\/@aconteceunovale\" target=\"_blank\">TikTok<\/a><\/p>\n","protected":false},"excerpt":{"rendered":"<p>O presidente Jair Bolsonaro sancionou nesta\u00a0quinta-feira (4), em cerim\u00f4nia no Pal\u00e1cio do Planalto, o projeto de lei (PL) 2564\/20, que institui o piso salarial nacional para enfermeiros, t\u00e9cnicos de enfermagem, auxiliares de enfermagem e parteiras. No caso dos primeiros, o piso passar\u00e1 a ser de R$ 4.750. Para t\u00e9cnicos, o valor deve ser correspondente a [&hellip;]<\/p>\n","protected":false},"author":4,"featured_media":189626,"comment_status":"open","ping_status":"closed","sticky":false,"template":"","format":"standard","meta":{"amp_status":"","footnotes":""},"categories":[6,40240,40242],"tags":[100375,1018,26436,261876,261875,261877,205979,261874],"class_list":["post-189625","post","type-post","status-publish","format-standard","has-post-thumbnail","hentry","category-br","category-politica","category-saude-2","tag-bolsonaro","tag-destaque","tag-jair-bolsonaro","tag-novo-piso-salarial-para-enfermagem","tag-piso-para-enfermagem","tag-piso-salarial-para-enfermeiros-e-tecnicos-de-enfermagem","tag-presidente-do-brasil","tag-presidente-sanciona-piso-para-enfermagem"],"yoast_head":"<!-- This site is optimized with the Yoast SEO plugin v28.3 - https:\/\/yoast.com\/product\/yoast-seo-wordpress\/ -->\n<title>Presidente sanciona piso para enfermagem - Aconteceu no Vale<\/title>\n<meta name=\"robots\" content=\"index, follow, max-snippet:-1, max-image-preview:large, max-video-preview:-1\" \/>\n<link rel=\"canonical\" href=\"https:\/\/aconteceunovale.com.br\/portal\/?p=189625\" \/>\n<meta property=\"og:locale\" content=\"pt_BR\" \/>\n<meta property=\"og:type\" content=\"article\" \/>\n<meta property=\"og:title\" content=\"Presidente sanciona piso para enfermagem - Aconteceu no Vale\" \/>\n<meta property=\"og:description\" content=\"O presidente Jair Bolsonaro sancionou nesta\u00a0quinta-feira (4), em cerim\u00f4nia no Pal\u00e1cio do Planalto, o projeto de lei (PL) 2564\/20, que institui o piso salarial nacional para enfermeiros, t\u00e9cnicos de enfermagem, auxiliares de enfermagem e parteiras. No caso dos primeiros, o piso passar\u00e1 a ser de R$ 4.750. Para t\u00e9cnicos, o valor deve ser correspondente a [&hellip;]\" \/>\n<meta property=\"og:url\" content=\"https:\/\/aconteceunovale.com.br\/portal\/?p=189625\" \/>\n<meta property=\"og:site_name\" content=\"Aconteceu no Vale\" \/>\n<meta property=\"article:publisher\" content=\"https:\/\/www.facebook.com\/aconteceunovale\/\" \/>\n<meta property=\"article:published_time\" content=\"2022-08-04T23:14:27+00:00\" \/>\n<meta property=\"article:modified_time\" content=\"2022-08-05T12:15:23+00:00\" \/>\n<meta property=\"og:image\" content=\"https:\/\/aconteceunovale.com.br\/portal\/wp-content\/uploads\/2022\/08\/bolsonaro_piso_enfermagem.jpg\" \/>\n\t<meta property=\"og:image:width\" content=\"678\" \/>\n\t<meta property=\"og:image:height\" content=\"406\" \/>\n\t<meta property=\"og:image:type\" content=\"image\/jpeg\" \/>\n<meta name=\"author\" content=\"Reda\u00e7\u00e3o Aconteceu no Vale\" \/>\n<meta name=\"twitter:card\" content=\"summary_large_image\" \/>\n<meta name=\"twitter:creator\" content=\"@noticiadosvales\" \/>\n<meta name=\"twitter:site\" content=\"@noticiadosvales\" \/>\n<meta name=\"twitter:label1\" content=\"Escrito por\" \/>\n\t<meta name=\"twitter:data1\" content=\"Reda\u00e7\u00e3o Aconteceu no Vale\" \/>\n\t<meta name=\"twitter:label2\" content=\"Est. tempo de leitura\" \/>\n\t<meta name=\"twitter:data2\" content=\"2 minutos\" \/>\n<script type=\"application\/ld+json\" class=\"yoast-schema-graph\">{\"@context\":\"https:\\\/\\\/schema.org\",\"@graph\":[{\"@type\":\"Article\",\"@id\":\"https:\\\/\\\/aconteceunovale.com.br\\\/portal\\\/?p=189625#article\",\"isPartOf\":{\"@id\":\"https:\\\/\\\/aconteceunovale.com.br\\\/portal\\\/?p=189625\"},\"author\":{\"name\":\"Reda\u00e7\u00e3o Aconteceu no Vale\",\"@id\":\"https:\\\/\\\/aconteceunovale.com.br\\\/portal\\\/#\\\/schema\\\/person\\\/7d2f26d1483f8a63de73da1ee0754d35\"},\"headline\":\"Presidente sanciona piso para enfermagem\",\"datePublished\":\"2022-08-04T23:14:27+00:00\",\"dateModified\":\"2022-08-05T12:15:23+00:00\",\"mainEntityOfPage\":{\"@id\":\"https:\\\/\\\/aconteceunovale.com.br\\\/portal\\\/?p=189625\"},\"wordCount\":352,\"commentCount\":0,\"image\":{\"@id\":\"https:\\\/\\\/aconteceunovale.com.br\\\/portal\\\/?p=189625#primaryimage\"},\"thumbnailUrl\":\"https:\\\/\\\/aconteceunovale.com.br\\\/portal\\\/wp-content\\\/uploads\\\/2022\\\/08\\\/bolsonaro_piso_enfermagem.jpg\",\"keywords\":[\"Bolsonaro\",\"destaque\",\"Jair Bolsonaro\",\"Novo piso salarial para enfermagem\",\"Piso para enfermagem\",\"Piso salarial para enfermeiros e t\u00e9cnicos de enfermagem\",\"Presidente do Brasil\",\"Presidente sanciona piso para enfermagem\"],\"articleSection\":[\"Brasil\",\"Pol\u00edtica\",\"Sa\u00fade\"],\"inLanguage\":\"pt-BR\",\"potentialAction\":[{\"@type\":\"CommentAction\",\"name\":\"Comment\",\"target\":[\"https:\\\/\\\/aconteceunovale.com.br\\\/portal\\\/?p=189625#respond\"]}]},{\"@type\":\"WebPage\",\"@id\":\"https:\\\/\\\/aconteceunovale.com.br\\\/portal\\\/?p=189625\",\"url\":\"https:\\\/\\\/aconteceunovale.com.br\\\/portal\\\/?p=189625\",\"name\":\"Presidente sanciona piso para enfermagem - Aconteceu no Vale\",\"isPartOf\":{\"@id\":\"https:\\\/\\\/aconteceunovale.com.br\\\/portal\\\/#website\"},\"primaryImageOfPage\":{\"@id\":\"https:\\\/\\\/aconteceunovale.com.br\\\/portal\\\/?p=189625#primaryimage\"},\"image\":{\"@id\":\"https:\\\/\\\/aconteceunovale.com.br\\\/portal\\\/?p=189625#primaryimage\"},\"thumbnailUrl\":\"https:\\\/\\\/aconteceunovale.com.br\\\/portal\\\/wp-content\\\/uploads\\\/2022\\\/08\\\/bolsonaro_piso_enfermagem.jpg\",\"datePublished\":\"2022-08-04T23:14:27+00:00\",\"dateModified\":\"2022-08-05T12:15:23+00:00\",\"author\":{\"@id\":\"https:\\\/\\\/aconteceunovale.com.br\\\/portal\\\/#\\\/schema\\\/person\\\/7d2f26d1483f8a63de73da1ee0754d35\"},\"breadcrumb\":{\"@id\":\"https:\\\/\\\/aconteceunovale.com.br\\\/portal\\\/?p=189625#breadcrumb\"},\"inLanguage\":\"pt-BR\",\"potentialAction\":[{\"@type\":\"ReadAction\",\"target\":[\"https:\\\/\\\/aconteceunovale.com.br\\\/portal\\\/?p=189625\"]}]},{\"@type\":\"ImageObject\",\"inLanguage\":\"pt-BR\",\"@id\":\"https:\\\/\\\/aconteceunovale.com.br\\\/portal\\\/?p=189625#primaryimage\",\"url\":\"https:\\\/\\\/aconteceunovale.com.br\\\/portal\\\/wp-content\\\/uploads\\\/2022\\\/08\\\/bolsonaro_piso_enfermagem.jpg\",\"contentUrl\":\"https:\\\/\\\/aconteceunovale.com.br\\\/portal\\\/wp-content\\\/uploads\\\/2022\\\/08\\\/bolsonaro_piso_enfermagem.jpg\",\"width\":678,\"height\":406,\"caption\":\"A deputada Carmem Zanotto, primeira-dama do Brasil, Michelle Bolsonaro, o presidente da Rep\u00fablica, Jair Bolsonaro e a presidente do Conselho federal de Enfermagem, Bet\u00e2nia Maria dos Santos, durante san\u00e7\u00e3o projeto do piso salarial dos enfermeiros\"},{\"@type\":\"BreadcrumbList\",\"@id\":\"https:\\\/\\\/aconteceunovale.com.br\\\/portal\\\/?p=189625#breadcrumb\",\"itemListElement\":[{\"@type\":\"ListItem\",\"position\":1,\"name\":\"In\u00edcio\",\"item\":\"https:\\\/\\\/aconteceunovale.com.br\\\/portal\\\/\"},{\"@type\":\"ListItem\",\"position\":2,\"name\":\"Presidente sanciona piso para enfermagem\"}]},{\"@type\":\"WebSite\",\"@id\":\"https:\\\/\\\/aconteceunovale.com.br\\\/portal\\\/#website\",\"url\":\"https:\\\/\\\/aconteceunovale.com.br\\\/portal\\\/\",\"name\":\"Aconteceu no Vale\",\"description\":\"Portal de Not\u00edcias\",\"potentialAction\":[{\"@type\":\"SearchAction\",\"target\":{\"@type\":\"EntryPoint\",\"urlTemplate\":\"https:\\\/\\\/aconteceunovale.com.br\\\/portal\\\/?s={search_term_string}\"},\"query-input\":{\"@type\":\"PropertyValueSpecification\",\"valueRequired\":true,\"valueName\":\"search_term_string\"}}],\"inLanguage\":\"pt-BR\"},{\"@type\":\"Person\",\"@id\":\"https:\\\/\\\/aconteceunovale.com.br\\\/portal\\\/#\\\/schema\\\/person\\\/7d2f26d1483f8a63de73da1ee0754d35\",\"name\":\"Reda\u00e7\u00e3o Aconteceu no Vale\",\"description\":\"Equipe de reportagem do Aconteceu no Vale, portal de not\u00edcias do Vale do Jequitinhonha, em Minas Gerais. Cobrimos as 51 cidades do Vale desde 2013. Sugest\u00f5es de pauta e pedidos de corre\u00e7\u00e3o: contato@aconteceunovale.com.br\",\"url\":\"https:\\\/\\\/aconteceunovale.com.br\\\/portal\\\/?author=4\"}]}<\/script>\n<!-- \/ Yoast SEO plugin. -->","yoast_head_json":{"title":"Presidente sanciona piso para enfermagem - Aconteceu no Vale","robots":{"index":"index","follow":"follow","max-snippet":"max-snippet:-1","max-image-preview":"max-image-preview:large","max-video-preview":"max-video-preview:-1"},"canonical":"https:\/\/aconteceunovale.com.br\/portal\/?p=189625","og_locale":"pt_BR","og_type":"article","og_title":"Presidente sanciona piso para enfermagem - Aconteceu no Vale","og_description":"O presidente Jair Bolsonaro sancionou nesta\u00a0quinta-feira (4), em cerim\u00f4nia no Pal\u00e1cio do Planalto, o projeto de lei (PL) 2564\/20, que institui o piso salarial nacional para enfermeiros, t\u00e9cnicos de enfermagem, auxiliares de enfermagem e parteiras. No caso dos primeiros, o piso passar\u00e1 a ser de R$ 4.750. Para t\u00e9cnicos, o valor deve ser correspondente a [&hellip;]","og_url":"https:\/\/aconteceunovale.com.br\/portal\/?p=189625","og_site_name":"Aconteceu no Vale","article_publisher":"https:\/\/www.facebook.com\/aconteceunovale\/","article_published_time":"2022-08-04T23:14:27+00:00","article_modified_time":"2022-08-05T12:15:23+00:00","og_image":[{"width":678,"height":406,"url":"https:\/\/aconteceunovale.com.br\/portal\/wp-content\/uploads\/2022\/08\/bolsonaro_piso_enfermagem.jpg","type":"image\/jpeg"}],"author":"Reda\u00e7\u00e3o Aconteceu no Vale","twitter_card":"summary_large_image","twitter_creator":"@noticiadosvales","twitter_site":"@noticiadosvales","twitter_misc":{"Escrito por":"Reda\u00e7\u00e3o Aconteceu no Vale","Est. tempo de leitura":"2 minutos"},"schema":{"@context":"https:\/\/schema.org","@graph":[{"@type":"Article","@id":"https:\/\/aconteceunovale.com.br\/portal\/?p=189625#article","isPartOf":{"@id":"https:\/\/aconteceunovale.com.br\/portal\/?p=189625"},"author":{"name":"Reda\u00e7\u00e3o Aconteceu no Vale","@id":"https:\/\/aconteceunovale.com.br\/portal\/#\/schema\/person\/7d2f26d1483f8a63de73da1ee0754d35"},"headline":"Presidente sanciona piso para enfermagem","datePublished":"2022-08-04T23:14:27+00:00","dateModified":"2022-08-05T12:15:23+00:00","mainEntityOfPage":{"@id":"https:\/\/aconteceunovale.com.br\/portal\/?p=189625"},"wordCount":352,"commentCount":0,"image":{"@id":"https:\/\/aconteceunovale.com.br\/portal\/?p=189625#primaryimage"},"thumbnailUrl":"https:\/\/aconteceunovale.com.br\/portal\/wp-content\/uploads\/2022\/08\/bolsonaro_piso_enfermagem.jpg","keywords":["Bolsonaro","destaque","Jair Bolsonaro","Novo piso salarial para enfermagem","Piso para enfermagem","Piso salarial para enfermeiros e t\u00e9cnicos de enfermagem","Presidente do Brasil","Presidente sanciona piso para enfermagem"],"articleSection":["Brasil","Pol\u00edtica","Sa\u00fade"],"inLanguage":"pt-BR","potentialAction":[{"@type":"CommentAction","name":"Comment","target":["https:\/\/aconteceunovale.com.br\/portal\/?p=189625#respond"]}]},{"@type":"WebPage","@id":"https:\/\/aconteceunovale.com.br\/portal\/?p=189625","url":"https:\/\/aconteceunovale.com.br\/portal\/?p=189625","name":"Presidente sanciona piso para enfermagem - Aconteceu no Vale","isPartOf":{"@id":"https:\/\/aconteceunovale.com.br\/portal\/#website"},"primaryImageOfPage":{"@id":"https:\/\/aconteceunovale.com.br\/portal\/?p=189625#primaryimage"},"image":{"@id":"https:\/\/aconteceunovale.com.br\/portal\/?p=189625#primaryimage"},"thumbnailUrl":"https:\/\/aconteceunovale.com.br\/portal\/wp-content\/uploads\/2022\/08\/bolsonaro_piso_enfermagem.jpg","datePublished":"2022-08-04T23:14:27+00:00","dateModified":"2022-08-05T12:15:23+00:00","author":{"@id":"https:\/\/aconteceunovale.com.br\/portal\/#\/schema\/person\/7d2f26d1483f8a63de73da1ee0754d35"},"breadcrumb":{"@id":"https:\/\/aconteceunovale.com.br\/portal\/?p=189625#breadcrumb"},"inLanguage":"pt-BR","potentialAction":[{"@type":"ReadAction","target":["https:\/\/aconteceunovale.com.br\/portal\/?p=189625"]}]},{"@type":"ImageObject","inLanguage":"pt-BR","@id":"https:\/\/aconteceunovale.com.br\/portal\/?p=189625#primaryimage","url":"https:\/\/aconteceunovale.com.br\/portal\/wp-content\/uploads\/2022\/08\/bolsonaro_piso_enfermagem.jpg","contentUrl":"https:\/\/aconteceunovale.com.br\/portal\/wp-content\/uploads\/2022\/08\/bolsonaro_piso_enfermagem.jpg","width":678,"height":406,"caption":"A deputada Carmem Zanotto, primeira-dama do Brasil, Michelle Bolsonaro, o presidente da Rep\u00fablica, Jair Bolsonaro e a presidente do Conselho federal de Enfermagem, Bet\u00e2nia Maria dos Santos, durante san\u00e7\u00e3o projeto do piso salarial dos enfermeiros"},{"@type":"BreadcrumbList","@id":"https:\/\/aconteceunovale.com.br\/portal\/?p=189625#breadcrumb","itemListElement":[{"@type":"ListItem","position":1,"name":"In\u00edcio","item":"https:\/\/aconteceunovale.com.br\/portal\/"},{"@type":"ListItem","position":2,"name":"Presidente sanciona piso para enfermagem"}]},{"@type":"WebSite","@id":"https:\/\/aconteceunovale.com.br\/portal\/#website","url":"https:\/\/aconteceunovale.com.br\/portal\/","name":"Aconteceu no Vale","description":"Portal de Not\u00edcias","potentialAction":[{"@type":"SearchAction","target":{"@type":"EntryPoint","urlTemplate":"https:\/\/aconteceunovale.com.br\/portal\/?s={search_term_string}"},"query-input":{"@type":"PropertyValueSpecification","valueRequired":true,"valueName":"search_term_string"}}],"inLanguage":"pt-BR"},{"@type":"Person","@id":"https:\/\/aconteceunovale.com.br\/portal\/#\/schema\/person\/7d2f26d1483f8a63de73da1ee0754d35","name":"Reda\u00e7\u00e3o Aconteceu no Vale","description":"Equipe de reportagem do Aconteceu no Vale, portal de not\u00edcias do Vale do Jequitinhonha, em Minas Gerais. Cobrimos as 51 cidades do Vale desde 2013. Sugest\u00f5es de pauta e pedidos de corre\u00e7\u00e3o: contato@aconteceunovale.com.br","url":"https:\/\/aconteceunovale.com.br\/portal\/?author=4"}]}},"_links":{"self":[{"href":"https:\/\/aconteceunovale.com.br\/portal\/index.php?rest_route=\/wp\/v2\/posts\/189625","targetHints":{"allow":["GET"]}}],"collection":[{"href":"https:\/\/aconteceunovale.com.br\/portal\/index.php?rest_route=\/wp\/v2\/posts"}],"about":[{"href":"https:\/\/aconteceunovale.com.br\/portal\/index.php?rest_route=\/wp\/v2\/types\/post"}],"author":[{"embeddable":true,"href":"https:\/\/aconteceunovale.com.br\/portal\/index.php?rest_route=\/wp\/v2\/users\/4"}],"replies":[{"embeddable":true,"href":"https:\/\/aconteceunovale.com.br\/portal\/index.php?rest_route=%2Fwp%2Fv2%2Fcomments&post=189625"}],"version-history":[{"count":1,"href":"https:\/\/aconteceunovale.com.br\/portal\/index.php?rest_route=\/wp\/v2\/posts\/189625\/revisions"}],"predecessor-version":[{"id":189627,"href":"https:\/\/aconteceunovale.com.br\/portal\/index.php?rest_route=\/wp\/v2\/posts\/189625\/revisions\/189627"}],"wp:featuredmedia":[{"embeddable":true,"href":"https:\/\/aconteceunovale.com.br\/portal\/index.php?rest_route=\/wp\/v2\/media\/189626"}],"wp:attachment":[{"href":"https:\/\/aconteceunovale.com.br\/portal\/index.php?rest_route=%2Fwp%2Fv2%2Fmedia&parent=189625"}],"wp:term":[{"taxonomy":"category","embeddable":true,"href":"https:\/\/aconteceunovale.com.br\/portal\/index.php?rest_route=%2Fwp%2Fv2%2Fcategories&post=189625"},{"taxonomy":"post_tag","embeddable":true,"href":"https:\/\/aconteceunovale.com.br\/portal\/index.php?rest_route=%2Fwp%2Fv2%2Ftags&post=189625"}],"curies":[{"name":"wp","href":"https:\/\/api.w.org\/{rel}","templated":true}]}}