{"id":189621,"date":"2022-08-04T16:02:05","date_gmt":"2022-08-04T19:02:05","guid":{"rendered":"https:\/\/aconteceunovale.com.br\/portal\/?p=189621"},"modified":"2022-08-04T16:02:49","modified_gmt":"2022-08-04T19:02:49","slug":"loja-e-condenada-apos-gerente-sugerir-o-uso-de-roupa-de-gravida-a-empregada-obesa","status":"publish","type":"post","link":"https:\/\/aconteceunovale.com.br\/portal\/?p=189621","title":{"rendered":"Loja \u00e9 condenada ap\u00f3s gerente sugerir o uso de roupa de gr\u00e1vida a empregada obesa"},"content":{"rendered":"\n<p class=\"wp-block-paragraph\">Uma loja de departamento de roupas femininas, localizada na cidade de Pedro Leopoldo, na Regi\u00e3o Metropolitana de Belo Horizonte, ter\u00e1 que pagar indeniza\u00e7\u00e3o por danos morais no valor de R$ 5 mil a uma estoquista, v\u00edtima de gordofobia no ambiente de trabalho. Segundo a ex-empregada, ela foi constrangida e desrespeitada por uma gerente e alguns colegas em raz\u00e3o da forma f\u00edsica.&nbsp;<\/p>\n\n\n\n<p class=\"wp-block-paragraph\">Em depoimento, ela afirmou que \u201cpossui um problema de sa\u00fade no est\u00f4mago, que demanda a realiza\u00e7\u00e3o de cirurgia\u201d. Em raz\u00e3o dessa condi\u00e7\u00e3o pessoal, disse ter ouvido da gerente que ela receberia um uniforme de gr\u00e1vida, j\u00e1 que as roupas dela estavam \u201cestourando\u201d.&nbsp;<\/p>\n\n\n\n<p class=\"wp-block-paragraph\">A ex-empregada narrou ainda um epis\u00f3dio em que a gerente teria dito para outro empregado ter cuidado, pois ela quase \u201centalou\u201d em um pneu. Afirmou, tamb\u00e9m, que a mesma gerente chamou um colaborador para ajudar a profissional a puxar uma geladeira, sob a justificativa de que a trabalhadora poderia \u201centalar\u201d. Destacou que esse comportamento \u00e9 anterior, inclusive, \u00e0 chegada dessa coordenadora \u00e0 loja de Pedro Leopoldo.<\/p>\n\n\n\n<p class=\"wp-block-paragraph\">Testemunha confirmou o tratamento desrespeitoso com a profissional. Contou ter ouvido alguns coment\u00e1rios da gerente perguntando se a empregada estava gr\u00e1vida e afirmando que ela n\u00e3o conseguiria passar em determinados lugares. A testemunha informou ainda que outros colegas passaram a fazer o mesmo coment\u00e1rio sobre a profissional, que foi contratada na fun\u00e7\u00e3o de assistente de vendas s\u00eanior e, posteriormente, promovida a estoquista.<\/p>\n\n\n\n<p class=\"wp-block-paragraph\">O caso foi decidido pelo ju\u00edzo da 1\u00aa Vara do Trabalho de Pedro Leopoldo, que garantiu \u00e0 trabalhadora a indeniza\u00e7\u00e3o. A senten\u00e7a destacou que&nbsp;esses coment\u00e1rios n\u00e3o podem ter, como pano de fundo, alguma condi\u00e7\u00e3o fisiol\u00f3gica ou a apar\u00eancia do trabalhador, ainda mais quando s\u00e3o protagonizados por pessoa que det\u00e9m parte do poder diretivo da empresa por delega\u00e7\u00e3o, no caso, a gerente<em>. \u201cEssa conduta, al\u00e9m de inaceit\u00e1vel em qualquer contexto social e profissional, \u00e9 capaz, por si s\u00f3, de ferir a dignidade do trabalhador\u201d,&nbsp;<\/em>pontuou o juiz sentenciante<em>.<\/em><\/p>\n\n\n\n<p class=\"wp-block-paragraph\">A empregadora interp\u00f4s recurso, alegando nunca ter havido qualquer reclama\u00e7\u00e3o ou registro de brincadeiras impr\u00f3prias feitas com a profissional. Sucessivamente, requereu a redu\u00e7\u00e3o do valor da indeniza\u00e7\u00e3o para quantia correspondente a um sal\u00e1rio da trabalhadora.<\/p>\n\n\n\n<p class=\"wp-block-paragraph\">No julgamento de segundo grau, o relator, desembargador integrante da Segunda Turma do TRT-MG, Lucas Vanucci Lins, reconheceu que a atitude de chamar constantemente a estoquista de gorda, com os coment\u00e1rios, olhares e deboches de alguns empregados, \u00e9 fato que ultrapassa os meros dissabores di\u00e1rios e atinge diretamente o psicol\u00f3gico da trabalhadora. Para o julgador, foi provado o ato desrespeitoso contra a estoquista e, consequentemente, o dano moral sofrido, cabendo repara\u00e7\u00e3o, por meio de pagamento de indeniza\u00e7\u00e3o.<\/p>\n\n\n\n<p class=\"wp-block-paragraph\">O desembargador manteve a condena\u00e7\u00e3o, apenas reduzindo o valor da indeniza\u00e7\u00e3o, de R$ 10 mil para R$ 5 mil. Para o magistrado, o total fixado na origem \u00e9 excessivo, tendo em vista a prova produzida e os demais par\u00e2metros. Entre eles, afirmou que devem ser considerados: o fato lesivo, a culpa do empregador, a extens\u00e3o do dano sofrido, o nexo de causalidade, a for\u00e7a econ\u00f4mica do ofensor, sem perder de vista o car\u00e1ter de repara\u00e7\u00e3o. O processo aguarda decis\u00e3o de admissibilidade do recurso de revista.<\/p>\n\n\n\n<p class=\"wp-block-paragraph\">&#8212;&#8212;&#8212;&#8212;&#8212;&#8212;<br><br><strong>Sabia que o Aconteceu no Vale est\u00e1 tamb\u00e9m no Telegram? <a rel=\"noreferrer noopener\" href=\"https:\/\/t.me\/aconteceunovaleoficial\" target=\"_blank\">Inscreva-se no canal<\/a>.<\/strong><br><br><strong>J\u00e1 curtiu ou seguiu nossas p\u00e1ginas nas redes sociais?\u00a0Receba as not\u00edcias em primeira m\u00e3o:<\/strong><br>\u2022 <a rel=\"noreferrer noopener\" href=\"https:\/\/news.google.com\/publications\/CAAqBwgKMNjklQswi4etAw?hl=pt-BR&amp;gl=BR&amp;ceid=BR%3Apt-419\" target=\"_blank\">Google News<\/a><br>\u2022 <a rel=\"noreferrer noopener\" href=\"https:\/\/www.facebook.com\/aconteceunovale\/\" target=\"_blank\">Facebook<\/a><br>\u2022 <a rel=\"noreferrer noopener\" href=\"https:\/\/twitter.com\/noticiadosvales\" target=\"_blank\">Twitter<\/a><br>\u2022 <a rel=\"noreferrer noopener\" href=\"https:\/\/www.instagram.com\/aconteceunovale\" target=\"_blank\">Instagram<\/a><br>\u2022 <a rel=\"noreferrer noopener\" href=\"https:\/\/www.youtube.com\/AconteceunoValeOficial\" target=\"_blank\">Youtube<\/a><br>\u2022 <a rel=\"noreferrer noopener\" href=\"https:\/\/www.tiktok.com\/@aconteceunovale\" target=\"_blank\">TikTok<\/a><\/p>\n","protected":false},"excerpt":{"rendered":"<p>Uma loja de departamento de roupas femininas, localizada na cidade de Pedro Leopoldo, na Regi\u00e3o Metropolitana de Belo Horizonte, ter\u00e1 que pagar indeniza\u00e7\u00e3o por danos morais no valor de R$ 5 mil a uma estoquista, v\u00edtima de gordofobia no ambiente de trabalho. Segundo a ex-empregada, ela foi constrangida e desrespeitada por uma gerente e alguns [&hellip;]<\/p>\n","protected":false},"author":4,"featured_media":153477,"comment_status":"open","ping_status":"closed","sticky":false,"template":"","format":"standard","meta":{"amp_status":"","footnotes":""},"categories":[40236,123],"tags":[194,1017,261868,261867,24023,105047,261866,3065,261869,63697,243069],"class_list":["post-189621","post","type-post","status-publish","format-standard","has-post-thumbnail","hentry","category-empregos-2","category-gerais","tag-belo-horizonte","tag-bh","tag-condenacao-por-gordofobia","tag-condenado-por-gordofobia","tag-gordofobia","tag-justica-do-trabalho","tag-loja-e-condenada-apos-gerente-sugerir-o-uso-de-roupa-de-gravida-a-empregada-obesa","tag-pedro-leopoldo","tag-processo-por-gordofobia","tag-trt-mg","tag-vara-do-trabalho-de-pedro-leopoldo"],"yoast_head":"<!-- This site is optimized with the Yoast SEO plugin v28.3 - https:\/\/yoast.com\/product\/yoast-seo-wordpress\/ -->\n<title>Loja \u00e9 condenada ap\u00f3s gerente sugerir o uso de roupa de gr\u00e1vida a empregada obesa - Aconteceu no Vale<\/title>\n<meta name=\"robots\" content=\"index, follow, max-snippet:-1, max-image-preview:large, max-video-preview:-1\" \/>\n<link rel=\"canonical\" href=\"https:\/\/aconteceunovale.com.br\/portal\/?p=189621\" \/>\n<meta property=\"og:locale\" content=\"pt_BR\" \/>\n<meta property=\"og:type\" content=\"article\" \/>\n<meta property=\"og:title\" content=\"Loja \u00e9 condenada ap\u00f3s gerente sugerir o uso de roupa de gr\u00e1vida a empregada obesa - Aconteceu no Vale\" \/>\n<meta property=\"og:description\" content=\"Uma loja de departamento de roupas femininas, localizada na cidade de Pedro Leopoldo, na Regi\u00e3o Metropolitana de Belo Horizonte, ter\u00e1 que pagar indeniza\u00e7\u00e3o por danos morais no valor de R$ 5 mil a uma estoquista, v\u00edtima de gordofobia no ambiente de trabalho. Segundo a ex-empregada, ela foi constrangida e desrespeitada por uma gerente e alguns [&hellip;]\" \/>\n<meta property=\"og:url\" content=\"https:\/\/aconteceunovale.com.br\/portal\/?p=189621\" \/>\n<meta property=\"og:site_name\" content=\"Aconteceu no Vale\" \/>\n<meta property=\"article:publisher\" content=\"https:\/\/www.facebook.com\/aconteceunovale\/\" \/>\n<meta property=\"article:published_time\" content=\"2022-08-04T19:02:05+00:00\" \/>\n<meta property=\"article:modified_time\" content=\"2022-08-04T19:02:49+00:00\" \/>\n<meta property=\"og:image\" content=\"https:\/\/aconteceunovale.com.br\/portal\/wp-content\/uploads\/2019\/10\/condenado.jpg\" \/>\n\t<meta property=\"og:image:width\" content=\"678\" \/>\n\t<meta property=\"og:image:height\" content=\"394\" \/>\n\t<meta property=\"og:image:type\" content=\"image\/jpeg\" \/>\n<meta name=\"author\" content=\"Reda\u00e7\u00e3o Aconteceu no Vale\" \/>\n<meta name=\"twitter:card\" content=\"summary_large_image\" \/>\n<meta name=\"twitter:creator\" content=\"@noticiadosvales\" \/>\n<meta name=\"twitter:site\" content=\"@noticiadosvales\" \/>\n<meta name=\"twitter:label1\" content=\"Escrito por\" \/>\n\t<meta name=\"twitter:data1\" content=\"Reda\u00e7\u00e3o Aconteceu no Vale\" \/>\n\t<meta name=\"twitter:label2\" content=\"Est. tempo de leitura\" \/>\n\t<meta name=\"twitter:data2\" content=\"3 minutos\" \/>\n<script type=\"application\/ld+json\" class=\"yoast-schema-graph\">{\"@context\":\"https:\\\/\\\/schema.org\",\"@graph\":[{\"@type\":\"Article\",\"@id\":\"https:\\\/\\\/aconteceunovale.com.br\\\/portal\\\/?p=189621#article\",\"isPartOf\":{\"@id\":\"https:\\\/\\\/aconteceunovale.com.br\\\/portal\\\/?p=189621\"},\"author\":{\"name\":\"Reda\u00e7\u00e3o Aconteceu no Vale\",\"@id\":\"https:\\\/\\\/aconteceunovale.com.br\\\/portal\\\/#\\\/schema\\\/person\\\/7d2f26d1483f8a63de73da1ee0754d35\"},\"headline\":\"Loja \u00e9 condenada ap\u00f3s gerente sugerir o uso de roupa de gr\u00e1vida a empregada obesa\",\"datePublished\":\"2022-08-04T19:02:05+00:00\",\"dateModified\":\"2022-08-04T19:02:49+00:00\",\"mainEntityOfPage\":{\"@id\":\"https:\\\/\\\/aconteceunovale.com.br\\\/portal\\\/?p=189621\"},\"wordCount\":617,\"commentCount\":0,\"image\":{\"@id\":\"https:\\\/\\\/aconteceunovale.com.br\\\/portal\\\/?p=189621#primaryimage\"},\"thumbnailUrl\":\"https:\\\/\\\/aconteceunovale.com.br\\\/portal\\\/wp-content\\\/uploads\\\/2019\\\/10\\\/condenado.jpg\",\"keywords\":[\"Belo Horizonte\",\"bh\",\"Condena\u00e7\u00e3o por gordofobia\",\"Condenado por gordofobia\",\"gordofobia\",\"Justi\u00e7a do Trabalho\",\"Loja \u00e9 condenada ap\u00f3s gerente sugerir o uso de roupa de gr\u00e1vida a empregada obesa\",\"Pedro Leopoldo\",\"Processo por gordofobia\",\"TRT-MG\",\"Vara do Trabalho de Pedro Leopoldo\"],\"articleSection\":[\"Empregos\",\"Minas Gerais\"],\"inLanguage\":\"pt-BR\",\"potentialAction\":[{\"@type\":\"CommentAction\",\"name\":\"Comment\",\"target\":[\"https:\\\/\\\/aconteceunovale.com.br\\\/portal\\\/?p=189621#respond\"]}]},{\"@type\":\"WebPage\",\"@id\":\"https:\\\/\\\/aconteceunovale.com.br\\\/portal\\\/?p=189621\",\"url\":\"https:\\\/\\\/aconteceunovale.com.br\\\/portal\\\/?p=189621\",\"name\":\"Loja \u00e9 condenada ap\u00f3s gerente sugerir o uso de roupa de gr\u00e1vida a empregada obesa - Aconteceu no Vale\",\"isPartOf\":{\"@id\":\"https:\\\/\\\/aconteceunovale.com.br\\\/portal\\\/#website\"},\"primaryImageOfPage\":{\"@id\":\"https:\\\/\\\/aconteceunovale.com.br\\\/portal\\\/?p=189621#primaryimage\"},\"image\":{\"@id\":\"https:\\\/\\\/aconteceunovale.com.br\\\/portal\\\/?p=189621#primaryimage\"},\"thumbnailUrl\":\"https:\\\/\\\/aconteceunovale.com.br\\\/portal\\\/wp-content\\\/uploads\\\/2019\\\/10\\\/condenado.jpg\",\"datePublished\":\"2022-08-04T19:02:05+00:00\",\"dateModified\":\"2022-08-04T19:02:49+00:00\",\"author\":{\"@id\":\"https:\\\/\\\/aconteceunovale.com.br\\\/portal\\\/#\\\/schema\\\/person\\\/7d2f26d1483f8a63de73da1ee0754d35\"},\"breadcrumb\":{\"@id\":\"https:\\\/\\\/aconteceunovale.com.br\\\/portal\\\/?p=189621#breadcrumb\"},\"inLanguage\":\"pt-BR\",\"potentialAction\":[{\"@type\":\"ReadAction\",\"target\":[\"https:\\\/\\\/aconteceunovale.com.br\\\/portal\\\/?p=189621\"]}]},{\"@type\":\"ImageObject\",\"inLanguage\":\"pt-BR\",\"@id\":\"https:\\\/\\\/aconteceunovale.com.br\\\/portal\\\/?p=189621#primaryimage\",\"url\":\"https:\\\/\\\/aconteceunovale.com.br\\\/portal\\\/wp-content\\\/uploads\\\/2019\\\/10\\\/condenado.jpg\",\"contentUrl\":\"https:\\\/\\\/aconteceunovale.com.br\\\/portal\\\/wp-content\\\/uploads\\\/2019\\\/10\\\/condenado.jpg\",\"width\":678,\"height\":394},{\"@type\":\"BreadcrumbList\",\"@id\":\"https:\\\/\\\/aconteceunovale.com.br\\\/portal\\\/?p=189621#breadcrumb\",\"itemListElement\":[{\"@type\":\"ListItem\",\"position\":1,\"name\":\"In\u00edcio\",\"item\":\"https:\\\/\\\/aconteceunovale.com.br\\\/portal\\\/\"},{\"@type\":\"ListItem\",\"position\":2,\"name\":\"Loja \u00e9 condenada ap\u00f3s gerente sugerir o uso de roupa de gr\u00e1vida a empregada obesa\"}]},{\"@type\":\"WebSite\",\"@id\":\"https:\\\/\\\/aconteceunovale.com.br\\\/portal\\\/#website\",\"url\":\"https:\\\/\\\/aconteceunovale.com.br\\\/portal\\\/\",\"name\":\"Aconteceu no Vale\",\"description\":\"Portal de Not\u00edcias\",\"potentialAction\":[{\"@type\":\"SearchAction\",\"target\":{\"@type\":\"EntryPoint\",\"urlTemplate\":\"https:\\\/\\\/aconteceunovale.com.br\\\/portal\\\/?s={search_term_string}\"},\"query-input\":{\"@type\":\"PropertyValueSpecification\",\"valueRequired\":true,\"valueName\":\"search_term_string\"}}],\"inLanguage\":\"pt-BR\"},{\"@type\":\"Person\",\"@id\":\"https:\\\/\\\/aconteceunovale.com.br\\\/portal\\\/#\\\/schema\\\/person\\\/7d2f26d1483f8a63de73da1ee0754d35\",\"name\":\"Reda\u00e7\u00e3o Aconteceu no Vale\",\"description\":\"Equipe de reportagem do Aconteceu no Vale, portal de not\u00edcias do Vale do Jequitinhonha, em Minas Gerais. Cobrimos as 51 cidades do Vale desde 2013. Sugest\u00f5es de pauta e pedidos de corre\u00e7\u00e3o: contato@aconteceunovale.com.br\",\"url\":\"https:\\\/\\\/aconteceunovale.com.br\\\/portal\\\/?author=4\"}]}<\/script>\n<!-- \/ Yoast SEO plugin. -->","yoast_head_json":{"title":"Loja \u00e9 condenada ap\u00f3s gerente sugerir o uso de roupa de gr\u00e1vida a empregada obesa - Aconteceu no Vale","robots":{"index":"index","follow":"follow","max-snippet":"max-snippet:-1","max-image-preview":"max-image-preview:large","max-video-preview":"max-video-preview:-1"},"canonical":"https:\/\/aconteceunovale.com.br\/portal\/?p=189621","og_locale":"pt_BR","og_type":"article","og_title":"Loja \u00e9 condenada ap\u00f3s gerente sugerir o uso de roupa de gr\u00e1vida a empregada obesa - Aconteceu no Vale","og_description":"Uma loja de departamento de roupas femininas, localizada na cidade de Pedro Leopoldo, na Regi\u00e3o Metropolitana de Belo Horizonte, ter\u00e1 que pagar indeniza\u00e7\u00e3o por danos morais no valor de R$ 5 mil a uma estoquista, v\u00edtima de gordofobia no ambiente de trabalho. Segundo a ex-empregada, ela foi constrangida e desrespeitada por uma gerente e alguns [&hellip;]","og_url":"https:\/\/aconteceunovale.com.br\/portal\/?p=189621","og_site_name":"Aconteceu no Vale","article_publisher":"https:\/\/www.facebook.com\/aconteceunovale\/","article_published_time":"2022-08-04T19:02:05+00:00","article_modified_time":"2022-08-04T19:02:49+00:00","og_image":[{"width":678,"height":394,"url":"https:\/\/aconteceunovale.com.br\/portal\/wp-content\/uploads\/2019\/10\/condenado.jpg","type":"image\/jpeg"}],"author":"Reda\u00e7\u00e3o Aconteceu no Vale","twitter_card":"summary_large_image","twitter_creator":"@noticiadosvales","twitter_site":"@noticiadosvales","twitter_misc":{"Escrito por":"Reda\u00e7\u00e3o Aconteceu no Vale","Est. tempo de leitura":"3 minutos"},"schema":{"@context":"https:\/\/schema.org","@graph":[{"@type":"Article","@id":"https:\/\/aconteceunovale.com.br\/portal\/?p=189621#article","isPartOf":{"@id":"https:\/\/aconteceunovale.com.br\/portal\/?p=189621"},"author":{"name":"Reda\u00e7\u00e3o Aconteceu no Vale","@id":"https:\/\/aconteceunovale.com.br\/portal\/#\/schema\/person\/7d2f26d1483f8a63de73da1ee0754d35"},"headline":"Loja \u00e9 condenada ap\u00f3s gerente sugerir o uso de roupa de gr\u00e1vida a empregada obesa","datePublished":"2022-08-04T19:02:05+00:00","dateModified":"2022-08-04T19:02:49+00:00","mainEntityOfPage":{"@id":"https:\/\/aconteceunovale.com.br\/portal\/?p=189621"},"wordCount":617,"commentCount":0,"image":{"@id":"https:\/\/aconteceunovale.com.br\/portal\/?p=189621#primaryimage"},"thumbnailUrl":"https:\/\/aconteceunovale.com.br\/portal\/wp-content\/uploads\/2019\/10\/condenado.jpg","keywords":["Belo Horizonte","bh","Condena\u00e7\u00e3o por gordofobia","Condenado por gordofobia","gordofobia","Justi\u00e7a do Trabalho","Loja \u00e9 condenada ap\u00f3s gerente sugerir o uso de roupa de gr\u00e1vida a empregada obesa","Pedro Leopoldo","Processo por gordofobia","TRT-MG","Vara do Trabalho de Pedro Leopoldo"],"articleSection":["Empregos","Minas Gerais"],"inLanguage":"pt-BR","potentialAction":[{"@type":"CommentAction","name":"Comment","target":["https:\/\/aconteceunovale.com.br\/portal\/?p=189621#respond"]}]},{"@type":"WebPage","@id":"https:\/\/aconteceunovale.com.br\/portal\/?p=189621","url":"https:\/\/aconteceunovale.com.br\/portal\/?p=189621","name":"Loja \u00e9 condenada ap\u00f3s gerente sugerir o uso de roupa de gr\u00e1vida a empregada obesa - Aconteceu no Vale","isPartOf":{"@id":"https:\/\/aconteceunovale.com.br\/portal\/#website"},"primaryImageOfPage":{"@id":"https:\/\/aconteceunovale.com.br\/portal\/?p=189621#primaryimage"},"image":{"@id":"https:\/\/aconteceunovale.com.br\/portal\/?p=189621#primaryimage"},"thumbnailUrl":"https:\/\/aconteceunovale.com.br\/portal\/wp-content\/uploads\/2019\/10\/condenado.jpg","datePublished":"2022-08-04T19:02:05+00:00","dateModified":"2022-08-04T19:02:49+00:00","author":{"@id":"https:\/\/aconteceunovale.com.br\/portal\/#\/schema\/person\/7d2f26d1483f8a63de73da1ee0754d35"},"breadcrumb":{"@id":"https:\/\/aconteceunovale.com.br\/portal\/?p=189621#breadcrumb"},"inLanguage":"pt-BR","potentialAction":[{"@type":"ReadAction","target":["https:\/\/aconteceunovale.com.br\/portal\/?p=189621"]}]},{"@type":"ImageObject","inLanguage":"pt-BR","@id":"https:\/\/aconteceunovale.com.br\/portal\/?p=189621#primaryimage","url":"https:\/\/aconteceunovale.com.br\/portal\/wp-content\/uploads\/2019\/10\/condenado.jpg","contentUrl":"https:\/\/aconteceunovale.com.br\/portal\/wp-content\/uploads\/2019\/10\/condenado.jpg","width":678,"height":394},{"@type":"BreadcrumbList","@id":"https:\/\/aconteceunovale.com.br\/portal\/?p=189621#breadcrumb","itemListElement":[{"@type":"ListItem","position":1,"name":"In\u00edcio","item":"https:\/\/aconteceunovale.com.br\/portal\/"},{"@type":"ListItem","position":2,"name":"Loja \u00e9 condenada ap\u00f3s gerente sugerir o uso de roupa de gr\u00e1vida a empregada obesa"}]},{"@type":"WebSite","@id":"https:\/\/aconteceunovale.com.br\/portal\/#website","url":"https:\/\/aconteceunovale.com.br\/portal\/","name":"Aconteceu no Vale","description":"Portal de Not\u00edcias","potentialAction":[{"@type":"SearchAction","target":{"@type":"EntryPoint","urlTemplate":"https:\/\/aconteceunovale.com.br\/portal\/?s={search_term_string}"},"query-input":{"@type":"PropertyValueSpecification","valueRequired":true,"valueName":"search_term_string"}}],"inLanguage":"pt-BR"},{"@type":"Person","@id":"https:\/\/aconteceunovale.com.br\/portal\/#\/schema\/person\/7d2f26d1483f8a63de73da1ee0754d35","name":"Reda\u00e7\u00e3o Aconteceu no Vale","description":"Equipe de reportagem do Aconteceu no Vale, portal de not\u00edcias do Vale do Jequitinhonha, em Minas Gerais. Cobrimos as 51 cidades do Vale desde 2013. Sugest\u00f5es de pauta e pedidos de corre\u00e7\u00e3o: contato@aconteceunovale.com.br","url":"https:\/\/aconteceunovale.com.br\/portal\/?author=4"}]}},"_links":{"self":[{"href":"https:\/\/aconteceunovale.com.br\/portal\/index.php?rest_route=\/wp\/v2\/posts\/189621","targetHints":{"allow":["GET"]}}],"collection":[{"href":"https:\/\/aconteceunovale.com.br\/portal\/index.php?rest_route=\/wp\/v2\/posts"}],"about":[{"href":"https:\/\/aconteceunovale.com.br\/portal\/index.php?rest_route=\/wp\/v2\/types\/post"}],"author":[{"embeddable":true,"href":"https:\/\/aconteceunovale.com.br\/portal\/index.php?rest_route=\/wp\/v2\/users\/4"}],"replies":[{"embeddable":true,"href":"https:\/\/aconteceunovale.com.br\/portal\/index.php?rest_route=%2Fwp%2Fv2%2Fcomments&post=189621"}],"version-history":[{"count":1,"href":"https:\/\/aconteceunovale.com.br\/portal\/index.php?rest_route=\/wp\/v2\/posts\/189621\/revisions"}],"predecessor-version":[{"id":189622,"href":"https:\/\/aconteceunovale.com.br\/portal\/index.php?rest_route=\/wp\/v2\/posts\/189621\/revisions\/189622"}],"wp:featuredmedia":[{"embeddable":true,"href":"https:\/\/aconteceunovale.com.br\/portal\/index.php?rest_route=\/wp\/v2\/media\/153477"}],"wp:attachment":[{"href":"https:\/\/aconteceunovale.com.br\/portal\/index.php?rest_route=%2Fwp%2Fv2%2Fmedia&parent=189621"}],"wp:term":[{"taxonomy":"category","embeddable":true,"href":"https:\/\/aconteceunovale.com.br\/portal\/index.php?rest_route=%2Fwp%2Fv2%2Fcategories&post=189621"},{"taxonomy":"post_tag","embeddable":true,"href":"https:\/\/aconteceunovale.com.br\/portal\/index.php?rest_route=%2Fwp%2Fv2%2Ftags&post=189621"}],"curies":[{"name":"wp","href":"https:\/\/api.w.org\/{rel}","templated":true}]}}