{"id":189618,"date":"2022-08-04T15:56:53","date_gmt":"2022-08-04T18:56:53","guid":{"rendered":"https:\/\/aconteceunovale.com.br\/portal\/?p=189618"},"modified":"2022-08-04T15:57:30","modified_gmt":"2022-08-04T18:57:30","slug":"motorista-e-condenado-a-oito-anos-por-atingir-motociclista-intencionalmente","status":"publish","type":"post","link":"https:\/\/aconteceunovale.com.br\/portal\/?p=189618","title":{"rendered":"Motorista \u00e9 condenado a oito anos por atingir motociclista intencionalmente"},"content":{"rendered":"\n<p class=\"wp-block-paragraph\">Um motorista foi condenado a oito anos e dois meses de pris\u00e3o, em regime fechado, pelo crime de tentativa de homic\u00eddio qualificado praticado na dire\u00e7\u00e3o de um carro contra um motociclista em Belo Horizonte (MG). O crime ocorreu em outubro de 2013 e, na ocasi\u00e3o, um pedestre que estava no canteiro central de uma avenida tamb\u00e9m foi atingido e ferido.<\/p>\n\n\n\n<p class=\"wp-block-paragraph\">De acordo com a den\u00fancia, naquela data, v\u00edtima e acusado haviam se envolvido em uma discuss\u00e3o de tr\u00e2nsito em fun\u00e7\u00e3o de uma manobra ocorrida alguns quil\u00f4metros antes do local do epis\u00f3dio, pr\u00f3ximo \u00e0 Pra\u00e7a da Cemig.<\/p>\n\n\n\n<p class=\"wp-block-paragraph\">O motorista do carro, segundo a den\u00fancia do Minist\u00e9rio P\u00fablico, passou a perseguir o motociclista pela Avenida Amazonas e, no cruzamento com a rua Zurick, altura do bairro Nova Su\u00ed\u00e7a, atingiu a motocicleta violentamente por tr\u00e1s, no momento em que o piloto estava parado no sinal de tr\u00e2nsito.<\/p>\n\n\n\n<p class=\"wp-block-paragraph\">Com o impacto, o piloto da moto&nbsp;foi arremessado&nbsp;para o lado oposto da avenida e atingiu a segunda v\u00edtima, um pedestre que aguardava no canteiro central para atravessar.<\/p>\n\n\n\n<p class=\"wp-block-paragraph\">O motorista do carro foi denunciado por tentativa de homic\u00eddio duplamente qualificado, com motivo f\u00fatil e utilizando recurso que dificultou a defesa da v\u00edtima. Tamb\u00e9m foi denunciado por uma segunda&nbsp;tentativa de homic\u00eddio, por erro de execu\u00e7\u00e3o, em rela\u00e7\u00e3o ao pedestre, que n\u00e3o era o alvo do crime, mas sofreu as consequ\u00eancias .<\/p>\n\n\n\n<p class=\"wp-block-paragraph\">Ao estipular a senten\u00e7a de oito anos e dois meses de pris\u00e3o, a ju\u00edza Juliana Miranda Pagano\u00a0considerou ainda a censurabilidade da conduta do motorista, que perseguiu a v\u00edtima, em \u201chor\u00e1rio de pico\u201d, \u00e0s 17h, na avenida Amazonas, uma das principais vias da capital.<\/p>\n\n\n\n<p class=\"wp-block-paragraph\">&#8212;&#8212;&#8212;&#8212;&#8212;&#8212;<br><br><strong>Sabia que o Aconteceu no Vale est\u00e1 tamb\u00e9m no Telegram? <a rel=\"noreferrer noopener\" href=\"https:\/\/t.me\/aconteceunovaleoficial\" target=\"_blank\">Inscreva-se no canal<\/a>.<\/strong><br><br><strong>J\u00e1 curtiu ou seguiu nossas p\u00e1ginas nas redes sociais?\u00a0Receba as not\u00edcias em primeira m\u00e3o:<\/strong><br>\u2022 <a rel=\"noreferrer noopener\" href=\"https:\/\/news.google.com\/publications\/CAAqBwgKMNjklQswi4etAw?hl=pt-BR&amp;gl=BR&amp;ceid=BR%3Apt-419\" target=\"_blank\">Google News<\/a><br>\u2022 <a rel=\"noreferrer noopener\" href=\"https:\/\/www.facebook.com\/aconteceunovale\/\" target=\"_blank\">Facebook<\/a><br>\u2022 <a rel=\"noreferrer noopener\" href=\"https:\/\/twitter.com\/noticiadosvales\" target=\"_blank\">Twitter<\/a><br>\u2022 <a rel=\"noreferrer noopener\" href=\"https:\/\/www.instagram.com\/aconteceunovale\" target=\"_blank\">Instagram<\/a><br>\u2022 <a rel=\"noreferrer noopener\" href=\"https:\/\/www.youtube.com\/AconteceunoValeOficial\" target=\"_blank\">Youtube<\/a><br>\u2022 <a rel=\"noreferrer noopener\" href=\"https:\/\/www.tiktok.com\/@aconteceunovale\" target=\"_blank\">TikTok<\/a><\/p>\n","protected":false},"excerpt":{"rendered":"<p>Um motorista foi condenado a oito anos e dois meses de pris\u00e3o, em regime fechado, pelo crime de tentativa de homic\u00eddio qualificado praticado na dire\u00e7\u00e3o de um carro contra um motociclista em Belo Horizonte (MG). O crime ocorreu em outubro de 2013 e, na ocasi\u00e3o, um pedestre que estava no canteiro central de uma avenida [&hellip;]<\/p>\n","protected":false},"author":4,"featured_media":189619,"comment_status":"open","ping_status":"closed","sticky":false,"template":"","format":"standard","meta":{"amp_status":"","footnotes":""},"categories":[123],"tags":[194,1017,261865,261863,1018,261862,261864],"class_list":["post-189618","post","type-post","status-publish","format-standard","has-post-thumbnail","hentry","category-gerais","tag-belo-horizonte","tag-bh","tag-condenacao-de-motorista-por-acidente","tag-condenado-por-acidente-de-transito","tag-destaque","tag-motorista-e-condenado-a-oito-anos-por-atingir-motociclista-intencionalmente","tag-punicao-por-acidente-de-transito"],"yoast_head":"<!-- This site is optimized with the Yoast SEO plugin v28.3 - https:\/\/yoast.com\/product\/yoast-seo-wordpress\/ -->\n<title>Motorista \u00e9 condenado a oito anos por atingir motociclista intencionalmente - Aconteceu no Vale<\/title>\n<meta name=\"robots\" content=\"index, follow, max-snippet:-1, max-image-preview:large, max-video-preview:-1\" \/>\n<link rel=\"canonical\" href=\"https:\/\/aconteceunovale.com.br\/portal\/?p=189618\" \/>\n<meta property=\"og:locale\" content=\"pt_BR\" \/>\n<meta property=\"og:type\" content=\"article\" \/>\n<meta property=\"og:title\" content=\"Motorista \u00e9 condenado a oito anos por atingir motociclista intencionalmente - Aconteceu no Vale\" \/>\n<meta property=\"og:description\" content=\"Um motorista foi condenado a oito anos e dois meses de pris\u00e3o, em regime fechado, pelo crime de tentativa de homic\u00eddio qualificado praticado na dire\u00e7\u00e3o de um carro contra um motociclista em Belo Horizonte (MG). O crime ocorreu em outubro de 2013 e, na ocasi\u00e3o, um pedestre que estava no canteiro central de uma avenida [&hellip;]\" \/>\n<meta property=\"og:url\" content=\"https:\/\/aconteceunovale.com.br\/portal\/?p=189618\" \/>\n<meta property=\"og:site_name\" content=\"Aconteceu no Vale\" \/>\n<meta property=\"article:publisher\" content=\"https:\/\/www.facebook.com\/aconteceunovale\/\" \/>\n<meta property=\"article:published_time\" content=\"2022-08-04T18:56:53+00:00\" \/>\n<meta property=\"article:modified_time\" content=\"2022-08-04T18:57:30+00:00\" \/>\n<meta property=\"og:image\" content=\"https:\/\/aconteceunovale.com.br\/portal\/wp-content\/uploads\/2022\/08\/acidente_transito.jpg\" \/>\n\t<meta property=\"og:image:width\" content=\"675\" \/>\n\t<meta property=\"og:image:height\" content=\"450\" \/>\n\t<meta property=\"og:image:type\" content=\"image\/jpeg\" \/>\n<meta name=\"author\" content=\"Reda\u00e7\u00e3o Aconteceu no Vale\" \/>\n<meta name=\"twitter:card\" content=\"summary_large_image\" \/>\n<meta name=\"twitter:creator\" content=\"@noticiadosvales\" \/>\n<meta name=\"twitter:site\" content=\"@noticiadosvales\" \/>\n<meta name=\"twitter:label1\" content=\"Escrito por\" \/>\n\t<meta name=\"twitter:data1\" content=\"Reda\u00e7\u00e3o Aconteceu no Vale\" \/>\n\t<meta name=\"twitter:label2\" content=\"Est. tempo de leitura\" \/>\n\t<meta name=\"twitter:data2\" content=\"2 minutos\" \/>\n<script type=\"application\/ld+json\" class=\"yoast-schema-graph\">{\"@context\":\"https:\\\/\\\/schema.org\",\"@graph\":[{\"@type\":\"Article\",\"@id\":\"https:\\\/\\\/aconteceunovale.com.br\\\/portal\\\/?p=189618#article\",\"isPartOf\":{\"@id\":\"https:\\\/\\\/aconteceunovale.com.br\\\/portal\\\/?p=189618\"},\"author\":{\"name\":\"Reda\u00e7\u00e3o Aconteceu no Vale\",\"@id\":\"https:\\\/\\\/aconteceunovale.com.br\\\/portal\\\/#\\\/schema\\\/person\\\/7d2f26d1483f8a63de73da1ee0754d35\"},\"headline\":\"Motorista \u00e9 condenado a oito anos por atingir motociclista intencionalmente\",\"datePublished\":\"2022-08-04T18:56:53+00:00\",\"dateModified\":\"2022-08-04T18:57:30+00:00\",\"mainEntityOfPage\":{\"@id\":\"https:\\\/\\\/aconteceunovale.com.br\\\/portal\\\/?p=189618\"},\"wordCount\":354,\"commentCount\":0,\"image\":{\"@id\":\"https:\\\/\\\/aconteceunovale.com.br\\\/portal\\\/?p=189618#primaryimage\"},\"thumbnailUrl\":\"https:\\\/\\\/aconteceunovale.com.br\\\/portal\\\/wp-content\\\/uploads\\\/2022\\\/08\\\/acidente_transito.jpg\",\"keywords\":[\"Belo Horizonte\",\"bh\",\"Condena\u00e7\u00e3o de motorista por acidente\",\"Condenado por acidente de tr\u00e2nsito\",\"destaque\",\"Motorista \u00e9 condenado a oito anos por atingir motociclista intencionalmente\",\"Puni\u00e7\u00e3o por acidente de tr\u00e2nsito\"],\"articleSection\":[\"Minas Gerais\"],\"inLanguage\":\"pt-BR\",\"potentialAction\":[{\"@type\":\"CommentAction\",\"name\":\"Comment\",\"target\":[\"https:\\\/\\\/aconteceunovale.com.br\\\/portal\\\/?p=189618#respond\"]}]},{\"@type\":\"WebPage\",\"@id\":\"https:\\\/\\\/aconteceunovale.com.br\\\/portal\\\/?p=189618\",\"url\":\"https:\\\/\\\/aconteceunovale.com.br\\\/portal\\\/?p=189618\",\"name\":\"Motorista \u00e9 condenado a oito anos por atingir motociclista intencionalmente - Aconteceu no Vale\",\"isPartOf\":{\"@id\":\"https:\\\/\\\/aconteceunovale.com.br\\\/portal\\\/#website\"},\"primaryImageOfPage\":{\"@id\":\"https:\\\/\\\/aconteceunovale.com.br\\\/portal\\\/?p=189618#primaryimage\"},\"image\":{\"@id\":\"https:\\\/\\\/aconteceunovale.com.br\\\/portal\\\/?p=189618#primaryimage\"},\"thumbnailUrl\":\"https:\\\/\\\/aconteceunovale.com.br\\\/portal\\\/wp-content\\\/uploads\\\/2022\\\/08\\\/acidente_transito.jpg\",\"datePublished\":\"2022-08-04T18:56:53+00:00\",\"dateModified\":\"2022-08-04T18:57:30+00:00\",\"author\":{\"@id\":\"https:\\\/\\\/aconteceunovale.com.br\\\/portal\\\/#\\\/schema\\\/person\\\/7d2f26d1483f8a63de73da1ee0754d35\"},\"breadcrumb\":{\"@id\":\"https:\\\/\\\/aconteceunovale.com.br\\\/portal\\\/?p=189618#breadcrumb\"},\"inLanguage\":\"pt-BR\",\"potentialAction\":[{\"@type\":\"ReadAction\",\"target\":[\"https:\\\/\\\/aconteceunovale.com.br\\\/portal\\\/?p=189618\"]}]},{\"@type\":\"ImageObject\",\"inLanguage\":\"pt-BR\",\"@id\":\"https:\\\/\\\/aconteceunovale.com.br\\\/portal\\\/?p=189618#primaryimage\",\"url\":\"https:\\\/\\\/aconteceunovale.com.br\\\/portal\\\/wp-content\\\/uploads\\\/2022\\\/08\\\/acidente_transito.jpg\",\"contentUrl\":\"https:\\\/\\\/aconteceunovale.com.br\\\/portal\\\/wp-content\\\/uploads\\\/2022\\\/08\\\/acidente_transito.jpg\",\"width\":675,\"height\":450},{\"@type\":\"BreadcrumbList\",\"@id\":\"https:\\\/\\\/aconteceunovale.com.br\\\/portal\\\/?p=189618#breadcrumb\",\"itemListElement\":[{\"@type\":\"ListItem\",\"position\":1,\"name\":\"In\u00edcio\",\"item\":\"https:\\\/\\\/aconteceunovale.com.br\\\/portal\\\/\"},{\"@type\":\"ListItem\",\"position\":2,\"name\":\"Motorista \u00e9 condenado a oito anos por atingir motociclista intencionalmente\"}]},{\"@type\":\"WebSite\",\"@id\":\"https:\\\/\\\/aconteceunovale.com.br\\\/portal\\\/#website\",\"url\":\"https:\\\/\\\/aconteceunovale.com.br\\\/portal\\\/\",\"name\":\"Aconteceu no Vale\",\"description\":\"Portal de Not\u00edcias\",\"potentialAction\":[{\"@type\":\"SearchAction\",\"target\":{\"@type\":\"EntryPoint\",\"urlTemplate\":\"https:\\\/\\\/aconteceunovale.com.br\\\/portal\\\/?s={search_term_string}\"},\"query-input\":{\"@type\":\"PropertyValueSpecification\",\"valueRequired\":true,\"valueName\":\"search_term_string\"}}],\"inLanguage\":\"pt-BR\"},{\"@type\":\"Person\",\"@id\":\"https:\\\/\\\/aconteceunovale.com.br\\\/portal\\\/#\\\/schema\\\/person\\\/7d2f26d1483f8a63de73da1ee0754d35\",\"name\":\"Reda\u00e7\u00e3o Aconteceu no Vale\",\"description\":\"Equipe de reportagem do Aconteceu no Vale, portal de not\u00edcias do Vale do Jequitinhonha, em Minas Gerais. Cobrimos as 51 cidades do Vale desde 2013. Sugest\u00f5es de pauta e pedidos de corre\u00e7\u00e3o: contato@aconteceunovale.com.br\",\"url\":\"https:\\\/\\\/aconteceunovale.com.br\\\/portal\\\/?author=4\"}]}<\/script>\n<!-- \/ Yoast SEO plugin. -->","yoast_head_json":{"title":"Motorista \u00e9 condenado a oito anos por atingir motociclista intencionalmente - Aconteceu no Vale","robots":{"index":"index","follow":"follow","max-snippet":"max-snippet:-1","max-image-preview":"max-image-preview:large","max-video-preview":"max-video-preview:-1"},"canonical":"https:\/\/aconteceunovale.com.br\/portal\/?p=189618","og_locale":"pt_BR","og_type":"article","og_title":"Motorista \u00e9 condenado a oito anos por atingir motociclista intencionalmente - Aconteceu no Vale","og_description":"Um motorista foi condenado a oito anos e dois meses de pris\u00e3o, em regime fechado, pelo crime de tentativa de homic\u00eddio qualificado praticado na dire\u00e7\u00e3o de um carro contra um motociclista em Belo Horizonte (MG). O crime ocorreu em outubro de 2013 e, na ocasi\u00e3o, um pedestre que estava no canteiro central de uma avenida [&hellip;]","og_url":"https:\/\/aconteceunovale.com.br\/portal\/?p=189618","og_site_name":"Aconteceu no Vale","article_publisher":"https:\/\/www.facebook.com\/aconteceunovale\/","article_published_time":"2022-08-04T18:56:53+00:00","article_modified_time":"2022-08-04T18:57:30+00:00","og_image":[{"width":675,"height":450,"url":"https:\/\/aconteceunovale.com.br\/portal\/wp-content\/uploads\/2022\/08\/acidente_transito.jpg","type":"image\/jpeg"}],"author":"Reda\u00e7\u00e3o Aconteceu no Vale","twitter_card":"summary_large_image","twitter_creator":"@noticiadosvales","twitter_site":"@noticiadosvales","twitter_misc":{"Escrito por":"Reda\u00e7\u00e3o Aconteceu no Vale","Est. tempo de leitura":"2 minutos"},"schema":{"@context":"https:\/\/schema.org","@graph":[{"@type":"Article","@id":"https:\/\/aconteceunovale.com.br\/portal\/?p=189618#article","isPartOf":{"@id":"https:\/\/aconteceunovale.com.br\/portal\/?p=189618"},"author":{"name":"Reda\u00e7\u00e3o Aconteceu no Vale","@id":"https:\/\/aconteceunovale.com.br\/portal\/#\/schema\/person\/7d2f26d1483f8a63de73da1ee0754d35"},"headline":"Motorista \u00e9 condenado a oito anos por atingir motociclista intencionalmente","datePublished":"2022-08-04T18:56:53+00:00","dateModified":"2022-08-04T18:57:30+00:00","mainEntityOfPage":{"@id":"https:\/\/aconteceunovale.com.br\/portal\/?p=189618"},"wordCount":354,"commentCount":0,"image":{"@id":"https:\/\/aconteceunovale.com.br\/portal\/?p=189618#primaryimage"},"thumbnailUrl":"https:\/\/aconteceunovale.com.br\/portal\/wp-content\/uploads\/2022\/08\/acidente_transito.jpg","keywords":["Belo Horizonte","bh","Condena\u00e7\u00e3o de motorista por acidente","Condenado por acidente de tr\u00e2nsito","destaque","Motorista \u00e9 condenado a oito anos por atingir motociclista intencionalmente","Puni\u00e7\u00e3o por acidente de tr\u00e2nsito"],"articleSection":["Minas Gerais"],"inLanguage":"pt-BR","potentialAction":[{"@type":"CommentAction","name":"Comment","target":["https:\/\/aconteceunovale.com.br\/portal\/?p=189618#respond"]}]},{"@type":"WebPage","@id":"https:\/\/aconteceunovale.com.br\/portal\/?p=189618","url":"https:\/\/aconteceunovale.com.br\/portal\/?p=189618","name":"Motorista \u00e9 condenado a oito anos por atingir motociclista intencionalmente - Aconteceu no Vale","isPartOf":{"@id":"https:\/\/aconteceunovale.com.br\/portal\/#website"},"primaryImageOfPage":{"@id":"https:\/\/aconteceunovale.com.br\/portal\/?p=189618#primaryimage"},"image":{"@id":"https:\/\/aconteceunovale.com.br\/portal\/?p=189618#primaryimage"},"thumbnailUrl":"https:\/\/aconteceunovale.com.br\/portal\/wp-content\/uploads\/2022\/08\/acidente_transito.jpg","datePublished":"2022-08-04T18:56:53+00:00","dateModified":"2022-08-04T18:57:30+00:00","author":{"@id":"https:\/\/aconteceunovale.com.br\/portal\/#\/schema\/person\/7d2f26d1483f8a63de73da1ee0754d35"},"breadcrumb":{"@id":"https:\/\/aconteceunovale.com.br\/portal\/?p=189618#breadcrumb"},"inLanguage":"pt-BR","potentialAction":[{"@type":"ReadAction","target":["https:\/\/aconteceunovale.com.br\/portal\/?p=189618"]}]},{"@type":"ImageObject","inLanguage":"pt-BR","@id":"https:\/\/aconteceunovale.com.br\/portal\/?p=189618#primaryimage","url":"https:\/\/aconteceunovale.com.br\/portal\/wp-content\/uploads\/2022\/08\/acidente_transito.jpg","contentUrl":"https:\/\/aconteceunovale.com.br\/portal\/wp-content\/uploads\/2022\/08\/acidente_transito.jpg","width":675,"height":450},{"@type":"BreadcrumbList","@id":"https:\/\/aconteceunovale.com.br\/portal\/?p=189618#breadcrumb","itemListElement":[{"@type":"ListItem","position":1,"name":"In\u00edcio","item":"https:\/\/aconteceunovale.com.br\/portal\/"},{"@type":"ListItem","position":2,"name":"Motorista \u00e9 condenado a oito anos por atingir motociclista intencionalmente"}]},{"@type":"WebSite","@id":"https:\/\/aconteceunovale.com.br\/portal\/#website","url":"https:\/\/aconteceunovale.com.br\/portal\/","name":"Aconteceu no Vale","description":"Portal de Not\u00edcias","potentialAction":[{"@type":"SearchAction","target":{"@type":"EntryPoint","urlTemplate":"https:\/\/aconteceunovale.com.br\/portal\/?s={search_term_string}"},"query-input":{"@type":"PropertyValueSpecification","valueRequired":true,"valueName":"search_term_string"}}],"inLanguage":"pt-BR"},{"@type":"Person","@id":"https:\/\/aconteceunovale.com.br\/portal\/#\/schema\/person\/7d2f26d1483f8a63de73da1ee0754d35","name":"Reda\u00e7\u00e3o Aconteceu no Vale","description":"Equipe de reportagem do Aconteceu no Vale, portal de not\u00edcias do Vale do Jequitinhonha, em Minas Gerais. Cobrimos as 51 cidades do Vale desde 2013. Sugest\u00f5es de pauta e pedidos de corre\u00e7\u00e3o: contato@aconteceunovale.com.br","url":"https:\/\/aconteceunovale.com.br\/portal\/?author=4"}]}},"_links":{"self":[{"href":"https:\/\/aconteceunovale.com.br\/portal\/index.php?rest_route=\/wp\/v2\/posts\/189618","targetHints":{"allow":["GET"]}}],"collection":[{"href":"https:\/\/aconteceunovale.com.br\/portal\/index.php?rest_route=\/wp\/v2\/posts"}],"about":[{"href":"https:\/\/aconteceunovale.com.br\/portal\/index.php?rest_route=\/wp\/v2\/types\/post"}],"author":[{"embeddable":true,"href":"https:\/\/aconteceunovale.com.br\/portal\/index.php?rest_route=\/wp\/v2\/users\/4"}],"replies":[{"embeddable":true,"href":"https:\/\/aconteceunovale.com.br\/portal\/index.php?rest_route=%2Fwp%2Fv2%2Fcomments&post=189618"}],"version-history":[{"count":1,"href":"https:\/\/aconteceunovale.com.br\/portal\/index.php?rest_route=\/wp\/v2\/posts\/189618\/revisions"}],"predecessor-version":[{"id":189620,"href":"https:\/\/aconteceunovale.com.br\/portal\/index.php?rest_route=\/wp\/v2\/posts\/189618\/revisions\/189620"}],"wp:featuredmedia":[{"embeddable":true,"href":"https:\/\/aconteceunovale.com.br\/portal\/index.php?rest_route=\/wp\/v2\/media\/189619"}],"wp:attachment":[{"href":"https:\/\/aconteceunovale.com.br\/portal\/index.php?rest_route=%2Fwp%2Fv2%2Fmedia&parent=189618"}],"wp:term":[{"taxonomy":"category","embeddable":true,"href":"https:\/\/aconteceunovale.com.br\/portal\/index.php?rest_route=%2Fwp%2Fv2%2Fcategories&post=189618"},{"taxonomy":"post_tag","embeddable":true,"href":"https:\/\/aconteceunovale.com.br\/portal\/index.php?rest_route=%2Fwp%2Fv2%2Ftags&post=189618"}],"curies":[{"name":"wp","href":"https:\/\/api.w.org\/{rel}","templated":true}]}}