{"id":189610,"date":"2022-08-04T15:45:43","date_gmt":"2022-08-04T18:45:43","guid":{"rendered":"https:\/\/aconteceunovale.com.br\/portal\/?p=189610"},"modified":"2022-08-04T15:46:20","modified_gmt":"2022-08-04T18:46:20","slug":"aviso-de-previsao-de-abertura-de-processo-seletivo","status":"publish","type":"post","link":"https:\/\/aconteceunovale.com.br\/portal\/?p=189610","title":{"rendered":"Aviso de Previs\u00e3o de Abertura de Processo Seletivo"},"content":{"rendered":"\n<p class=\"wp-block-paragraph\"><em><strong>Belo Horizonte (MG) &#8211;\u00a0<\/strong>O Minist\u00e9rio P\u00fablico do Trabalho &#8211; Procuradoria Regional do Trabalho da 3\u00aa Regi\u00e3o\/MG torna p\u00fablica a previs\u00e3o de realiza\u00e7\u00e3o de processo seletivo de estagi\u00e1rios para suas unidades (Sede e PTMs). As institui\u00e7\u00f5es de ensino que desejarem firmar conv\u00eanio com esta Regional poder\u00e3o faz\u00ea-lo, seguindo os prazos e procedimentos informados na\u00a0<a href=\"https:\/\/www.prt3.mpt.mp.br\/images\/Ascom\/2022\/07_julho\/Nota_Convocat%C3%B3aria_assinada.pdf\" target=\"_blank\" rel=\"noreferrer noopener\">Nota Convocat\u00f3ria e rela\u00e7\u00e3o de institui\u00e7\u00f5es de ensino conveniadas<\/a>.<\/em><\/p>\n\n\n\n<p class=\"wp-block-paragraph\"><em>O prazo para as faculdades firmarem conv\u00eanios com o MPT para est\u00e1gio acad\u00eamico \u00e9 de 3\/8\/2022 a 18\/8\/2022.<\/em><\/p>\n\n\n\n<p class=\"wp-block-paragraph\"><em>Para informa\u00e7\u00f5es sobre a celebra\u00e7\u00e3o de conv\u00eanios com institui\u00e7\u00f5es de ensino e sobre o processo seletivo de estagi\u00e1rios, contate a Divis\u00e3o de Gest\u00e3o de Pessoas por meio do e-mail:\u00a0prt03.dgp-lista@mpt.mp.br\u00a0ou pelo telefone (31) 3304-6212.<\/em><\/p>\n","protected":false},"excerpt":{"rendered":"<p>Belo Horizonte (MG) &#8211;\u00a0O Minist\u00e9rio P\u00fablico do Trabalho &#8211; Procuradoria Regional do Trabalho da 3\u00aa Regi\u00e3o\/MG torna p\u00fablica a previs\u00e3o de realiza\u00e7\u00e3o de processo seletivo de estagi\u00e1rios para suas unidades (Sede e PTMs). As institui\u00e7\u00f5es de ensino que desejarem firmar conv\u00eanio com esta Regional poder\u00e3o faz\u00ea-lo, seguindo os prazos e procedimentos informados na\u00a0Nota Convocat\u00f3ria e [&hellip;]<\/p>\n","protected":false},"author":4,"featured_media":189611,"comment_status":"open","ping_status":"closed","sticky":false,"template":"","format":"standard","meta":{"amp_status":"","footnotes":""},"categories":[155260],"tags":[261853,194,1017,128066,152120,261854],"class_list":["post-189610","post","type-post","status-publish","format-standard","has-post-thumbnail","hentry","category-editais","tag-aviso-de-previsao-de-abertura-de-processo-seletivo","tag-belo-horizonte","tag-bh","tag-ministerio-publico-do-trabalho","tag-mpt-mg","tag-processo-seletivo-do-mpt-mg"],"yoast_head":"<!-- This site is optimized with the Yoast SEO plugin v28.3 - https:\/\/yoast.com\/product\/yoast-seo-wordpress\/ -->\n<title>Aviso de Previs\u00e3o de Abertura de Processo Seletivo - Aconteceu no Vale<\/title>\n<meta name=\"robots\" content=\"index, follow, max-snippet:-1, max-image-preview:large, max-video-preview:-1\" \/>\n<link rel=\"canonical\" href=\"https:\/\/aconteceunovale.com.br\/portal\/?p=189610\" \/>\n<meta property=\"og:locale\" content=\"pt_BR\" \/>\n<meta property=\"og:type\" content=\"article\" \/>\n<meta property=\"og:title\" content=\"Aviso de Previs\u00e3o de Abertura de Processo Seletivo - Aconteceu no Vale\" \/>\n<meta property=\"og:description\" content=\"Belo Horizonte (MG) &#8211;\u00a0O Minist\u00e9rio P\u00fablico do Trabalho &#8211; Procuradoria Regional do Trabalho da 3\u00aa Regi\u00e3o\/MG torna p\u00fablica a previs\u00e3o de realiza\u00e7\u00e3o de processo seletivo de estagi\u00e1rios para suas unidades (Sede e PTMs). As institui\u00e7\u00f5es de ensino que desejarem firmar conv\u00eanio com esta Regional poder\u00e3o faz\u00ea-lo, seguindo os prazos e procedimentos informados na\u00a0Nota Convocat\u00f3ria e [&hellip;]\" \/>\n<meta property=\"og:url\" content=\"https:\/\/aconteceunovale.com.br\/portal\/?p=189610\" \/>\n<meta property=\"og:site_name\" content=\"Aconteceu no Vale\" \/>\n<meta property=\"article:publisher\" content=\"https:\/\/www.facebook.com\/aconteceunovale\/\" \/>\n<meta property=\"article:published_time\" content=\"2022-08-04T18:45:43+00:00\" \/>\n<meta property=\"article:modified_time\" content=\"2022-08-04T18:46:20+00:00\" \/>\n<meta property=\"og:image\" content=\"https:\/\/aconteceunovale.com.br\/portal\/wp-content\/uploads\/2022\/08\/estagio_mpt_mg.jpg\" \/>\n\t<meta property=\"og:image:width\" content=\"623\" \/>\n\t<meta property=\"og:image:height\" content=\"400\" \/>\n\t<meta property=\"og:image:type\" content=\"image\/jpeg\" \/>\n<meta name=\"author\" content=\"Reda\u00e7\u00e3o Aconteceu no Vale\" \/>\n<meta name=\"twitter:card\" content=\"summary_large_image\" \/>\n<meta name=\"twitter:creator\" content=\"@noticiadosvales\" \/>\n<meta name=\"twitter:site\" content=\"@noticiadosvales\" \/>\n<meta name=\"twitter:label1\" content=\"Escrito por\" \/>\n\t<meta name=\"twitter:data1\" content=\"Reda\u00e7\u00e3o Aconteceu no Vale\" \/>\n\t<meta name=\"twitter:label2\" content=\"Est. tempo de leitura\" \/>\n\t<meta name=\"twitter:data2\" content=\"1 minuto\" \/>\n<script type=\"application\/ld+json\" class=\"yoast-schema-graph\">{\"@context\":\"https:\\\/\\\/schema.org\",\"@graph\":[{\"@type\":\"Article\",\"@id\":\"https:\\\/\\\/aconteceunovale.com.br\\\/portal\\\/?p=189610#article\",\"isPartOf\":{\"@id\":\"https:\\\/\\\/aconteceunovale.com.br\\\/portal\\\/?p=189610\"},\"author\":{\"name\":\"Reda\u00e7\u00e3o Aconteceu no Vale\",\"@id\":\"https:\\\/\\\/aconteceunovale.com.br\\\/portal\\\/#\\\/schema\\\/person\\\/7d2f26d1483f8a63de73da1ee0754d35\"},\"headline\":\"Aviso de Previs\u00e3o de Abertura de Processo Seletivo\",\"datePublished\":\"2022-08-04T18:45:43+00:00\",\"dateModified\":\"2022-08-04T18:46:20+00:00\",\"mainEntityOfPage\":{\"@id\":\"https:\\\/\\\/aconteceunovale.com.br\\\/portal\\\/?p=189610\"},\"wordCount\":149,\"commentCount\":0,\"image\":{\"@id\":\"https:\\\/\\\/aconteceunovale.com.br\\\/portal\\\/?p=189610#primaryimage\"},\"thumbnailUrl\":\"https:\\\/\\\/aconteceunovale.com.br\\\/portal\\\/wp-content\\\/uploads\\\/2022\\\/08\\\/estagio_mpt_mg.jpg\",\"keywords\":[\"Aviso de Previs\u00e3o de Abertura de Processo Seletivo\",\"Belo Horizonte\",\"bh\",\"Minist\u00e9rio P\u00fablico do Trabalho\",\"MPT-MG\",\"Processo seletivo do MPT-MG\"],\"articleSection\":[\"Editais\"],\"inLanguage\":\"pt-BR\",\"potentialAction\":[{\"@type\":\"CommentAction\",\"name\":\"Comment\",\"target\":[\"https:\\\/\\\/aconteceunovale.com.br\\\/portal\\\/?p=189610#respond\"]}]},{\"@type\":\"WebPage\",\"@id\":\"https:\\\/\\\/aconteceunovale.com.br\\\/portal\\\/?p=189610\",\"url\":\"https:\\\/\\\/aconteceunovale.com.br\\\/portal\\\/?p=189610\",\"name\":\"Aviso de Previs\u00e3o de Abertura de Processo Seletivo - Aconteceu no Vale\",\"isPartOf\":{\"@id\":\"https:\\\/\\\/aconteceunovale.com.br\\\/portal\\\/#website\"},\"primaryImageOfPage\":{\"@id\":\"https:\\\/\\\/aconteceunovale.com.br\\\/portal\\\/?p=189610#primaryimage\"},\"image\":{\"@id\":\"https:\\\/\\\/aconteceunovale.com.br\\\/portal\\\/?p=189610#primaryimage\"},\"thumbnailUrl\":\"https:\\\/\\\/aconteceunovale.com.br\\\/portal\\\/wp-content\\\/uploads\\\/2022\\\/08\\\/estagio_mpt_mg.jpg\",\"datePublished\":\"2022-08-04T18:45:43+00:00\",\"dateModified\":\"2022-08-04T18:46:20+00:00\",\"author\":{\"@id\":\"https:\\\/\\\/aconteceunovale.com.br\\\/portal\\\/#\\\/schema\\\/person\\\/7d2f26d1483f8a63de73da1ee0754d35\"},\"breadcrumb\":{\"@id\":\"https:\\\/\\\/aconteceunovale.com.br\\\/portal\\\/?p=189610#breadcrumb\"},\"inLanguage\":\"pt-BR\",\"potentialAction\":[{\"@type\":\"ReadAction\",\"target\":[\"https:\\\/\\\/aconteceunovale.com.br\\\/portal\\\/?p=189610\"]}]},{\"@type\":\"ImageObject\",\"inLanguage\":\"pt-BR\",\"@id\":\"https:\\\/\\\/aconteceunovale.com.br\\\/portal\\\/?p=189610#primaryimage\",\"url\":\"https:\\\/\\\/aconteceunovale.com.br\\\/portal\\\/wp-content\\\/uploads\\\/2022\\\/08\\\/estagio_mpt_mg.jpg\",\"contentUrl\":\"https:\\\/\\\/aconteceunovale.com.br\\\/portal\\\/wp-content\\\/uploads\\\/2022\\\/08\\\/estagio_mpt_mg.jpg\",\"width\":623,\"height\":400},{\"@type\":\"BreadcrumbList\",\"@id\":\"https:\\\/\\\/aconteceunovale.com.br\\\/portal\\\/?p=189610#breadcrumb\",\"itemListElement\":[{\"@type\":\"ListItem\",\"position\":1,\"name\":\"In\u00edcio\",\"item\":\"https:\\\/\\\/aconteceunovale.com.br\\\/portal\\\/\"},{\"@type\":\"ListItem\",\"position\":2,\"name\":\"Aviso de Previs\u00e3o de Abertura de Processo Seletivo\"}]},{\"@type\":\"WebSite\",\"@id\":\"https:\\\/\\\/aconteceunovale.com.br\\\/portal\\\/#website\",\"url\":\"https:\\\/\\\/aconteceunovale.com.br\\\/portal\\\/\",\"name\":\"Aconteceu no Vale\",\"description\":\"Portal de Not\u00edcias\",\"potentialAction\":[{\"@type\":\"SearchAction\",\"target\":{\"@type\":\"EntryPoint\",\"urlTemplate\":\"https:\\\/\\\/aconteceunovale.com.br\\\/portal\\\/?s={search_term_string}\"},\"query-input\":{\"@type\":\"PropertyValueSpecification\",\"valueRequired\":true,\"valueName\":\"search_term_string\"}}],\"inLanguage\":\"pt-BR\"},{\"@type\":\"Person\",\"@id\":\"https:\\\/\\\/aconteceunovale.com.br\\\/portal\\\/#\\\/schema\\\/person\\\/7d2f26d1483f8a63de73da1ee0754d35\",\"name\":\"Reda\u00e7\u00e3o Aconteceu no Vale\",\"description\":\"Equipe de reportagem do Aconteceu no Vale, portal de not\u00edcias do Vale do Jequitinhonha, em Minas Gerais. Cobrimos as 51 cidades do Vale desde 2013. Sugest\u00f5es de pauta e pedidos de corre\u00e7\u00e3o: contato@aconteceunovale.com.br\",\"url\":\"https:\\\/\\\/aconteceunovale.com.br\\\/portal\\\/?author=4\"}]}<\/script>\n<!-- \/ Yoast SEO plugin. -->","yoast_head_json":{"title":"Aviso de Previs\u00e3o de Abertura de Processo Seletivo - Aconteceu no Vale","robots":{"index":"index","follow":"follow","max-snippet":"max-snippet:-1","max-image-preview":"max-image-preview:large","max-video-preview":"max-video-preview:-1"},"canonical":"https:\/\/aconteceunovale.com.br\/portal\/?p=189610","og_locale":"pt_BR","og_type":"article","og_title":"Aviso de Previs\u00e3o de Abertura de Processo Seletivo - Aconteceu no Vale","og_description":"Belo Horizonte (MG) &#8211;\u00a0O Minist\u00e9rio P\u00fablico do Trabalho &#8211; Procuradoria Regional do Trabalho da 3\u00aa Regi\u00e3o\/MG torna p\u00fablica a previs\u00e3o de realiza\u00e7\u00e3o de processo seletivo de estagi\u00e1rios para suas unidades (Sede e PTMs). As institui\u00e7\u00f5es de ensino que desejarem firmar conv\u00eanio com esta Regional poder\u00e3o faz\u00ea-lo, seguindo os prazos e procedimentos informados na\u00a0Nota Convocat\u00f3ria e [&hellip;]","og_url":"https:\/\/aconteceunovale.com.br\/portal\/?p=189610","og_site_name":"Aconteceu no Vale","article_publisher":"https:\/\/www.facebook.com\/aconteceunovale\/","article_published_time":"2022-08-04T18:45:43+00:00","article_modified_time":"2022-08-04T18:46:20+00:00","og_image":[{"width":623,"height":400,"url":"https:\/\/aconteceunovale.com.br\/portal\/wp-content\/uploads\/2022\/08\/estagio_mpt_mg.jpg","type":"image\/jpeg"}],"author":"Reda\u00e7\u00e3o Aconteceu no Vale","twitter_card":"summary_large_image","twitter_creator":"@noticiadosvales","twitter_site":"@noticiadosvales","twitter_misc":{"Escrito por":"Reda\u00e7\u00e3o Aconteceu no Vale","Est. tempo de leitura":"1 minuto"},"schema":{"@context":"https:\/\/schema.org","@graph":[{"@type":"Article","@id":"https:\/\/aconteceunovale.com.br\/portal\/?p=189610#article","isPartOf":{"@id":"https:\/\/aconteceunovale.com.br\/portal\/?p=189610"},"author":{"name":"Reda\u00e7\u00e3o Aconteceu no Vale","@id":"https:\/\/aconteceunovale.com.br\/portal\/#\/schema\/person\/7d2f26d1483f8a63de73da1ee0754d35"},"headline":"Aviso de Previs\u00e3o de Abertura de Processo Seletivo","datePublished":"2022-08-04T18:45:43+00:00","dateModified":"2022-08-04T18:46:20+00:00","mainEntityOfPage":{"@id":"https:\/\/aconteceunovale.com.br\/portal\/?p=189610"},"wordCount":149,"commentCount":0,"image":{"@id":"https:\/\/aconteceunovale.com.br\/portal\/?p=189610#primaryimage"},"thumbnailUrl":"https:\/\/aconteceunovale.com.br\/portal\/wp-content\/uploads\/2022\/08\/estagio_mpt_mg.jpg","keywords":["Aviso de Previs\u00e3o de Abertura de Processo Seletivo","Belo Horizonte","bh","Minist\u00e9rio P\u00fablico do Trabalho","MPT-MG","Processo seletivo do MPT-MG"],"articleSection":["Editais"],"inLanguage":"pt-BR","potentialAction":[{"@type":"CommentAction","name":"Comment","target":["https:\/\/aconteceunovale.com.br\/portal\/?p=189610#respond"]}]},{"@type":"WebPage","@id":"https:\/\/aconteceunovale.com.br\/portal\/?p=189610","url":"https:\/\/aconteceunovale.com.br\/portal\/?p=189610","name":"Aviso de Previs\u00e3o de Abertura de Processo Seletivo - Aconteceu no Vale","isPartOf":{"@id":"https:\/\/aconteceunovale.com.br\/portal\/#website"},"primaryImageOfPage":{"@id":"https:\/\/aconteceunovale.com.br\/portal\/?p=189610#primaryimage"},"image":{"@id":"https:\/\/aconteceunovale.com.br\/portal\/?p=189610#primaryimage"},"thumbnailUrl":"https:\/\/aconteceunovale.com.br\/portal\/wp-content\/uploads\/2022\/08\/estagio_mpt_mg.jpg","datePublished":"2022-08-04T18:45:43+00:00","dateModified":"2022-08-04T18:46:20+00:00","author":{"@id":"https:\/\/aconteceunovale.com.br\/portal\/#\/schema\/person\/7d2f26d1483f8a63de73da1ee0754d35"},"breadcrumb":{"@id":"https:\/\/aconteceunovale.com.br\/portal\/?p=189610#breadcrumb"},"inLanguage":"pt-BR","potentialAction":[{"@type":"ReadAction","target":["https:\/\/aconteceunovale.com.br\/portal\/?p=189610"]}]},{"@type":"ImageObject","inLanguage":"pt-BR","@id":"https:\/\/aconteceunovale.com.br\/portal\/?p=189610#primaryimage","url":"https:\/\/aconteceunovale.com.br\/portal\/wp-content\/uploads\/2022\/08\/estagio_mpt_mg.jpg","contentUrl":"https:\/\/aconteceunovale.com.br\/portal\/wp-content\/uploads\/2022\/08\/estagio_mpt_mg.jpg","width":623,"height":400},{"@type":"BreadcrumbList","@id":"https:\/\/aconteceunovale.com.br\/portal\/?p=189610#breadcrumb","itemListElement":[{"@type":"ListItem","position":1,"name":"In\u00edcio","item":"https:\/\/aconteceunovale.com.br\/portal\/"},{"@type":"ListItem","position":2,"name":"Aviso de Previs\u00e3o de Abertura de Processo Seletivo"}]},{"@type":"WebSite","@id":"https:\/\/aconteceunovale.com.br\/portal\/#website","url":"https:\/\/aconteceunovale.com.br\/portal\/","name":"Aconteceu no Vale","description":"Portal de Not\u00edcias","potentialAction":[{"@type":"SearchAction","target":{"@type":"EntryPoint","urlTemplate":"https:\/\/aconteceunovale.com.br\/portal\/?s={search_term_string}"},"query-input":{"@type":"PropertyValueSpecification","valueRequired":true,"valueName":"search_term_string"}}],"inLanguage":"pt-BR"},{"@type":"Person","@id":"https:\/\/aconteceunovale.com.br\/portal\/#\/schema\/person\/7d2f26d1483f8a63de73da1ee0754d35","name":"Reda\u00e7\u00e3o Aconteceu no Vale","description":"Equipe de reportagem do Aconteceu no Vale, portal de not\u00edcias do Vale do Jequitinhonha, em Minas Gerais. Cobrimos as 51 cidades do Vale desde 2013. Sugest\u00f5es de pauta e pedidos de corre\u00e7\u00e3o: contato@aconteceunovale.com.br","url":"https:\/\/aconteceunovale.com.br\/portal\/?author=4"}]}},"_links":{"self":[{"href":"https:\/\/aconteceunovale.com.br\/portal\/index.php?rest_route=\/wp\/v2\/posts\/189610","targetHints":{"allow":["GET"]}}],"collection":[{"href":"https:\/\/aconteceunovale.com.br\/portal\/index.php?rest_route=\/wp\/v2\/posts"}],"about":[{"href":"https:\/\/aconteceunovale.com.br\/portal\/index.php?rest_route=\/wp\/v2\/types\/post"}],"author":[{"embeddable":true,"href":"https:\/\/aconteceunovale.com.br\/portal\/index.php?rest_route=\/wp\/v2\/users\/4"}],"replies":[{"embeddable":true,"href":"https:\/\/aconteceunovale.com.br\/portal\/index.php?rest_route=%2Fwp%2Fv2%2Fcomments&post=189610"}],"version-history":[{"count":1,"href":"https:\/\/aconteceunovale.com.br\/portal\/index.php?rest_route=\/wp\/v2\/posts\/189610\/revisions"}],"predecessor-version":[{"id":189612,"href":"https:\/\/aconteceunovale.com.br\/portal\/index.php?rest_route=\/wp\/v2\/posts\/189610\/revisions\/189612"}],"wp:featuredmedia":[{"embeddable":true,"href":"https:\/\/aconteceunovale.com.br\/portal\/index.php?rest_route=\/wp\/v2\/media\/189611"}],"wp:attachment":[{"href":"https:\/\/aconteceunovale.com.br\/portal\/index.php?rest_route=%2Fwp%2Fv2%2Fmedia&parent=189610"}],"wp:term":[{"taxonomy":"category","embeddable":true,"href":"https:\/\/aconteceunovale.com.br\/portal\/index.php?rest_route=%2Fwp%2Fv2%2Fcategories&post=189610"},{"taxonomy":"post_tag","embeddable":true,"href":"https:\/\/aconteceunovale.com.br\/portal\/index.php?rest_route=%2Fwp%2Fv2%2Ftags&post=189610"}],"curies":[{"name":"wp","href":"https:\/\/api.w.org\/{rel}","templated":true}]}}