{"id":189598,"date":"2022-08-03T08:23:12","date_gmt":"2022-08-03T11:23:12","guid":{"rendered":"https:\/\/aconteceunovale.com.br\/portal\/?p=189598"},"modified":"2022-08-04T08:30:04","modified_gmt":"2022-08-04T11:30:04","slug":"galo-e-palmeiras-comecam-a-decidir-futuro-na-libertadores","status":"publish","type":"post","link":"https:\/\/aconteceunovale.com.br\/portal\/?p=189598","title":{"rendered":"Galo e Palmeiras come\u00e7am a decidir futuro na Libertadores"},"content":{"rendered":"\n<p class=\"wp-block-paragraph\">No ano passado, Atl\u00e9tico-MG e Palmeiras disputaram um lugar na final da Libertadores. Nesta\u00a0quarta-feira (3\/8\/2022), Galo e Verd\u00e3o come\u00e7am a decidir, novamente, uma classifica\u00e7\u00e3o no principal torneio de clubes do continente:\u00a0desta vez disputa as semifinais. A bola rola para o primeiro duelo entre alvinegros e alviverdes a partir das 21h30 (hor\u00e1rio de Bras\u00edlia), no Mineir\u00e3o, em Belo Horizonte.<\/p>\n\n\n\n<figure class=\"wp-block-gallery has-nested-images columns-default is-cropped wp-block-gallery-1 is-layout-flex wp-block-gallery-is-layout-flex\">\n<figure class=\"wp-block-image size-large\"><img loading=\"lazy\" decoding=\"async\" width=\"678\" height=\"406\" data-id=\"189599\" src=\"https:\/\/aconteceunovale.com.br\/portal\/wp-content\/uploads\/2022\/08\/atletico_palmeiras.jpg\" alt=\"\" class=\"wp-image-189599\" srcset=\"https:\/\/aconteceunovale.com.br\/portal\/wp-content\/uploads\/2022\/08\/atletico_palmeiras.jpg 678w, https:\/\/aconteceunovale.com.br\/portal\/wp-content\/uploads\/2022\/08\/atletico_palmeiras-300x180.jpg 300w\" sizes=\"auto, (max-width: 678px) 100vw, 678px\" \/><figcaption><em><sub>Foto: Cesar Greco\/Palmeiras<\/sub><\/em><\/figcaption><\/figure>\n<\/figure>\n\n\n\n<p class=\"wp-block-paragraph\">Em 2021, os paulistas levaram a melhor. Na partida de ida, no Allianz Parque, as equipes empataram sem gols. Na de volta, no Mineir\u00e3o, nova igualdade, agora por 1 a 1, com gols dos atacantes Eduardo Vargas para o Atl\u00e9tico e Dudu a favor do Palmeiras. O crit\u00e9rio do gol fora de casa (que n\u00e3o consta no regulamento deste ano) decidiu a classifica\u00e7\u00e3o do Verd\u00e3o, que ainda conquistaria o terceiro t\u00edtulo sul-americano, sendo o segundo consecutivo, ao ganhar do Flamengo na decis\u00e3o, em Montevid\u00e9u (Uruguai).<\/p>\n\n\n\n<p class=\"wp-block-paragraph\">O cen\u00e1rio do confronto deste ano \u00e9 diferente do ano passado. Em 2021, al\u00e9m de&nbsp;ter&nbsp;a melhor campanha daquela Libertadores, o Atl\u00e9tico liderava o Brasileir\u00e3o (o Palmeiras estava em segundo) e tamb\u00e9m vinha forte na Copa do Brasil (onde o Verd\u00e3o caiu na terceira fase, para o CRB). Os mineiros, inclusive, venceram os dois torneios. Desta vez, \u00e9 o time paulista que encabe\u00e7a a tabela do campeonato nacional (o Galo \u00e9 o s\u00e9timo) e chega ao duelo como melhor time do torneio sul-americano, com 100% de aproveitamento ap\u00f3s oito partidas.<\/p>\n\n\n\n<p class=\"wp-block-paragraph\">T\u00e9cnico que levou o Atl\u00e9tico aos t\u00edtulos brasileiro e da Copa do Brasil em 2021, Cuca foi recontratado ap\u00f3s a demiss\u00e3o de Antonio &#8220;El Turco&#8221; Mohamed, mas a reestreia foi amarga: derrota por 3 a 0 para o Internacional, no Beira-Rio, em Porto Alegre, no \u00faltimo&nbsp;domingo&nbsp;(31), pela 20\u00aa rodada do campeonato nacional. Para complicar, o lateral Guilherme Arana saiu de campo&nbsp;reclamando de dores na&nbsp;coxa e virou d\u00favida &#8211; Dod\u00f4 \u00e9 op\u00e7\u00e3o. O volante Allan, que ainda cumpre suspens\u00e3o pela expuls\u00e3o no empate por 1 a 1 com o Emelec, em Guayaquil (Equador), no primeiro jogo do confronto das oitavas de final, est\u00e1 fora e deve dar a lugar a Ot\u00e1vio.<\/p>\n\n\n\n<p class=\"wp-block-paragraph\">No reencontro de Cuca com a torcida no Mineir\u00e3o, o Galo deve ir a campo com: Everson; Mariano, Nathan Silva, Junior Alonso e Guga (Guilherme Arana); Ot\u00e1vio, Jair e Nacho Fern\u00e1ndez; Ademir, Keno e Hulk.<\/p>\n\n\n\n<p class=\"wp-block-paragraph\">No Palmeiras, o t\u00e9cnico Abel Ferreira ainda n\u00e3o sabe se poder\u00e1 contar com Rony, que est\u00e1 recuperado de uma les\u00e3o na coxa, mas sem ritmo de jogo. Na vit\u00f3ria por 2 a 1 sobre o Cear\u00e1, no&nbsp;s\u00e1bado&nbsp;passado (30), na Arena Castel\u00e3o, em Fortaleza, pelo Brasileiro, Jos\u00e9 L\u00f3pez foi escolhido como substituto do atacante. Na ocasi\u00e3o, o treinador portugu\u00eas escalou o Verd\u00e3o com for\u00e7a m\u00e1xima.<\/p>\n\n\n\n<p class=\"wp-block-paragraph\">A prov\u00e1vel forma\u00e7\u00e3o alviverde\u00a0ter\u00e1 Weverton; Marcos Rocha, Gustavo G\u00f3mez, Murilo e Joaqu\u00edn Piquerez; Danilo, Z\u00e9 Rafael, Raphael Veiga e Gustavo Scarpa; Dudu e Jos\u00e9 L\u00f3pez.<\/p>\n\n\n\n<p class=\"wp-block-paragraph\">&#8212;&#8212;&#8212;&#8212;&#8212;&#8212;<br><br><strong>Sabia que o Aconteceu no Vale est\u00e1 tamb\u00e9m no Telegram? <a rel=\"noreferrer noopener\" href=\"https:\/\/t.me\/aconteceunovaleoficial\" target=\"_blank\">Inscreva-se no canal<\/a>.<\/strong><br><br><strong>J\u00e1 curtiu ou seguiu nossas p\u00e1ginas nas redes sociais?\u00a0Receba as not\u00edcias em primeira m\u00e3o:<\/strong><br>\u2022 <a rel=\"noreferrer noopener\" href=\"https:\/\/news.google.com\/publications\/CAAqBwgKMNjklQswi4etAw?hl=pt-BR&amp;gl=BR&amp;ceid=BR%3Apt-419\" target=\"_blank\">Google News<\/a><br>\u2022 <a rel=\"noreferrer noopener\" href=\"https:\/\/www.facebook.com\/aconteceunovale\/\" target=\"_blank\">Facebook<\/a><br>\u2022 <a rel=\"noreferrer noopener\" href=\"https:\/\/twitter.com\/noticiadosvales\" target=\"_blank\">Twitter<\/a><br>\u2022 <a rel=\"noreferrer noopener\" href=\"https:\/\/www.instagram.com\/aconteceunovale\" target=\"_blank\">Instagram<\/a><br>\u2022 <a rel=\"noreferrer noopener\" href=\"https:\/\/www.youtube.com\/AconteceunoValeOficial\" target=\"_blank\">Youtube<\/a><br>\u2022 <a rel=\"noreferrer noopener\" href=\"https:\/\/www.tiktok.com\/@aconteceunovale\" target=\"_blank\">TikTok<\/a><\/p>\n","protected":false},"excerpt":{"rendered":"<p>No ano passado, Atl\u00e9tico-MG e Palmeiras disputaram um lugar na final da Libertadores. Nesta\u00a0quarta-feira (3\/8\/2022), Galo e Verd\u00e3o come\u00e7am a decidir, novamente, uma classifica\u00e7\u00e3o no principal torneio de clubes do continente:\u00a0desta vez disputa as semifinais. A bola rola para o primeiro duelo entre alvinegros e alviverdes a partir das 21h30 (hor\u00e1rio de Bras\u00edlia), no Mineir\u00e3o, [&hellip;]<\/p>\n","protected":false},"author":4,"featured_media":189599,"comment_status":"open","ping_status":"closed","sticky":false,"template":"","format":"standard","meta":{"amp_status":"","footnotes":""},"categories":[6,59,123],"tags":[44394,12311,2741,40575,194,1017,35552,12312,261845,34438,16500,1093,251606,251602,252039,106706,251604,251605,251603,2382,249538,34071],"class_list":["post-189598","post","type-post","status-publish","format-standard","has-post-thumbnail","hentry","category-br","category-esportes","category-gerais","tag-allianz-parque","tag-atletico","tag-atletico-mineiro","tag-atletico-mg","tag-belo-horizonte","tag-bh","tag-copa-libertadores","tag-galo","tag-galo-e-palmeiras-comecam-a-decidir-futuro-na-libertadores","tag-libertadores","tag-mineirao","tag-palmeiras","tag-palmeiras-e-atletico","tag-palmeiras-e-atletico-iniciam-disputa-por-vaga-na-final-da-libertadores-com-empate-sem-gols","tag-palmeiras-elimina-o-atletico-mg-da-libertadores","tag-palmeiras-x-atletico","tag-palmeiras-x-atletico-mineiro","tag-palmeiras-x-atletico-mg","tag-palmeiras-x-galo","tag-sao-paulo","tag-semifinal-da-libertadores","tag-taca-libertadores"],"yoast_head":"<!-- This site is optimized with the Yoast SEO plugin v28.3 - https:\/\/yoast.com\/product\/yoast-seo-wordpress\/ -->\n<title>Galo e Palmeiras come\u00e7am a decidir futuro na Libertadores - Aconteceu no Vale<\/title>\n<meta name=\"robots\" content=\"index, follow, max-snippet:-1, max-image-preview:large, max-video-preview:-1\" \/>\n<link rel=\"canonical\" href=\"https:\/\/aconteceunovale.com.br\/portal\/?p=189598\" \/>\n<meta property=\"og:locale\" content=\"pt_BR\" \/>\n<meta property=\"og:type\" content=\"article\" \/>\n<meta property=\"og:title\" content=\"Galo e Palmeiras come\u00e7am a decidir futuro na Libertadores - Aconteceu no Vale\" \/>\n<meta property=\"og:description\" content=\"No ano passado, Atl\u00e9tico-MG e Palmeiras disputaram um lugar na final da Libertadores. Nesta\u00a0quarta-feira (3\/8\/2022), Galo e Verd\u00e3o come\u00e7am a decidir, novamente, uma classifica\u00e7\u00e3o no principal torneio de clubes do continente:\u00a0desta vez disputa as semifinais. A bola rola para o primeiro duelo entre alvinegros e alviverdes a partir das 21h30 (hor\u00e1rio de Bras\u00edlia), no Mineir\u00e3o, [&hellip;]\" \/>\n<meta property=\"og:url\" content=\"https:\/\/aconteceunovale.com.br\/portal\/?p=189598\" \/>\n<meta property=\"og:site_name\" content=\"Aconteceu no Vale\" \/>\n<meta property=\"article:publisher\" content=\"https:\/\/www.facebook.com\/aconteceunovale\/\" \/>\n<meta property=\"article:published_time\" content=\"2022-08-03T11:23:12+00:00\" \/>\n<meta property=\"article:modified_time\" content=\"2022-08-04T11:30:04+00:00\" \/>\n<meta property=\"og:image\" content=\"https:\/\/aconteceunovale.com.br\/portal\/wp-content\/uploads\/2022\/08\/atletico_palmeiras.jpg\" \/>\n\t<meta property=\"og:image:width\" content=\"678\" \/>\n\t<meta property=\"og:image:height\" content=\"406\" \/>\n\t<meta property=\"og:image:type\" content=\"image\/jpeg\" \/>\n<meta name=\"author\" content=\"Reda\u00e7\u00e3o Aconteceu no Vale\" \/>\n<meta name=\"twitter:card\" content=\"summary_large_image\" \/>\n<meta name=\"twitter:creator\" content=\"@noticiadosvales\" \/>\n<meta name=\"twitter:site\" content=\"@noticiadosvales\" \/>\n<meta name=\"twitter:label1\" content=\"Escrito por\" \/>\n\t<meta name=\"twitter:data1\" content=\"Reda\u00e7\u00e3o Aconteceu no Vale\" \/>\n\t<meta name=\"twitter:label2\" content=\"Est. tempo de leitura\" \/>\n\t<meta name=\"twitter:data2\" content=\"3 minutos\" \/>\n<script type=\"application\/ld+json\" class=\"yoast-schema-graph\">{\"@context\":\"https:\\\/\\\/schema.org\",\"@graph\":[{\"@type\":\"Article\",\"@id\":\"https:\\\/\\\/aconteceunovale.com.br\\\/portal\\\/?p=189598#article\",\"isPartOf\":{\"@id\":\"https:\\\/\\\/aconteceunovale.com.br\\\/portal\\\/?p=189598\"},\"author\":{\"name\":\"Reda\u00e7\u00e3o Aconteceu no Vale\",\"@id\":\"https:\\\/\\\/aconteceunovale.com.br\\\/portal\\\/#\\\/schema\\\/person\\\/7d2f26d1483f8a63de73da1ee0754d35\"},\"headline\":\"Galo e Palmeiras come\u00e7am a decidir futuro na Libertadores\",\"datePublished\":\"2022-08-03T11:23:12+00:00\",\"dateModified\":\"2022-08-04T11:30:04+00:00\",\"mainEntityOfPage\":{\"@id\":\"https:\\\/\\\/aconteceunovale.com.br\\\/portal\\\/?p=189598\"},\"wordCount\":574,\"commentCount\":0,\"image\":{\"@id\":\"https:\\\/\\\/aconteceunovale.com.br\\\/portal\\\/?p=189598#primaryimage\"},\"thumbnailUrl\":\"https:\\\/\\\/aconteceunovale.com.br\\\/portal\\\/wp-content\\\/uploads\\\/2022\\\/08\\\/atletico_palmeiras.jpg\",\"keywords\":[\"Allianz Parque\",\"Atl\u00e9tico\",\"Atl\u00e9tico Mineiro\",\"Atl\u00e9tico-MG\",\"Belo Horizonte\",\"bh\",\"Copa Libertadores\",\"galo\",\"Galo e Palmeiras come\u00e7am a decidir futuro na Libertadores\",\"Libertadores\",\"Mineir\u00e3o\",\"palmeiras\",\"Palmeiras e Atl\u00e9tico\",\"Palmeiras e Atl\u00e9tico iniciam disputa por vaga na final da Libertadores com empate sem gols\",\"Palmeiras elimina o Atl\u00e9tico-MG da Libertadores\",\"Palmeiras x Atl\u00e9tico\",\"Palmeiras x Atl\u00e9tico Mineiro\",\"Palmeiras x Atl\u00e9tico-MG\",\"Palmeiras x Galo\",\"S\u00e3o Paulo\",\"Semifinal da Libertadores\",\"Ta\u00e7a Libertadores\"],\"articleSection\":[\"Brasil\",\"Esportes\",\"Minas Gerais\"],\"inLanguage\":\"pt-BR\",\"potentialAction\":[{\"@type\":\"CommentAction\",\"name\":\"Comment\",\"target\":[\"https:\\\/\\\/aconteceunovale.com.br\\\/portal\\\/?p=189598#respond\"]}]},{\"@type\":\"WebPage\",\"@id\":\"https:\\\/\\\/aconteceunovale.com.br\\\/portal\\\/?p=189598\",\"url\":\"https:\\\/\\\/aconteceunovale.com.br\\\/portal\\\/?p=189598\",\"name\":\"Galo e Palmeiras come\u00e7am a decidir futuro na Libertadores - Aconteceu no Vale\",\"isPartOf\":{\"@id\":\"https:\\\/\\\/aconteceunovale.com.br\\\/portal\\\/#website\"},\"primaryImageOfPage\":{\"@id\":\"https:\\\/\\\/aconteceunovale.com.br\\\/portal\\\/?p=189598#primaryimage\"},\"image\":{\"@id\":\"https:\\\/\\\/aconteceunovale.com.br\\\/portal\\\/?p=189598#primaryimage\"},\"thumbnailUrl\":\"https:\\\/\\\/aconteceunovale.com.br\\\/portal\\\/wp-content\\\/uploads\\\/2022\\\/08\\\/atletico_palmeiras.jpg\",\"datePublished\":\"2022-08-03T11:23:12+00:00\",\"dateModified\":\"2022-08-04T11:30:04+00:00\",\"author\":{\"@id\":\"https:\\\/\\\/aconteceunovale.com.br\\\/portal\\\/#\\\/schema\\\/person\\\/7d2f26d1483f8a63de73da1ee0754d35\"},\"breadcrumb\":{\"@id\":\"https:\\\/\\\/aconteceunovale.com.br\\\/portal\\\/?p=189598#breadcrumb\"},\"inLanguage\":\"pt-BR\",\"potentialAction\":[{\"@type\":\"ReadAction\",\"target\":[\"https:\\\/\\\/aconteceunovale.com.br\\\/portal\\\/?p=189598\"]}]},{\"@type\":\"ImageObject\",\"inLanguage\":\"pt-BR\",\"@id\":\"https:\\\/\\\/aconteceunovale.com.br\\\/portal\\\/?p=189598#primaryimage\",\"url\":\"https:\\\/\\\/aconteceunovale.com.br\\\/portal\\\/wp-content\\\/uploads\\\/2022\\\/08\\\/atletico_palmeiras.jpg\",\"contentUrl\":\"https:\\\/\\\/aconteceunovale.com.br\\\/portal\\\/wp-content\\\/uploads\\\/2022\\\/08\\\/atletico_palmeiras.jpg\",\"width\":678,\"height\":406},{\"@type\":\"BreadcrumbList\",\"@id\":\"https:\\\/\\\/aconteceunovale.com.br\\\/portal\\\/?p=189598#breadcrumb\",\"itemListElement\":[{\"@type\":\"ListItem\",\"position\":1,\"name\":\"In\u00edcio\",\"item\":\"https:\\\/\\\/aconteceunovale.com.br\\\/portal\\\/\"},{\"@type\":\"ListItem\",\"position\":2,\"name\":\"Galo e Palmeiras come\u00e7am a decidir futuro na Libertadores\"}]},{\"@type\":\"WebSite\",\"@id\":\"https:\\\/\\\/aconteceunovale.com.br\\\/portal\\\/#website\",\"url\":\"https:\\\/\\\/aconteceunovale.com.br\\\/portal\\\/\",\"name\":\"Aconteceu no Vale\",\"description\":\"Portal de Not\u00edcias\",\"potentialAction\":[{\"@type\":\"SearchAction\",\"target\":{\"@type\":\"EntryPoint\",\"urlTemplate\":\"https:\\\/\\\/aconteceunovale.com.br\\\/portal\\\/?s={search_term_string}\"},\"query-input\":{\"@type\":\"PropertyValueSpecification\",\"valueRequired\":true,\"valueName\":\"search_term_string\"}}],\"inLanguage\":\"pt-BR\"},{\"@type\":\"Person\",\"@id\":\"https:\\\/\\\/aconteceunovale.com.br\\\/portal\\\/#\\\/schema\\\/person\\\/7d2f26d1483f8a63de73da1ee0754d35\",\"name\":\"Reda\u00e7\u00e3o Aconteceu no Vale\",\"description\":\"Equipe de reportagem do Aconteceu no Vale, portal de not\u00edcias do Vale do Jequitinhonha, em Minas Gerais. Cobrimos as 51 cidades do Vale desde 2013. Sugest\u00f5es de pauta e pedidos de corre\u00e7\u00e3o: contato@aconteceunovale.com.br\",\"url\":\"https:\\\/\\\/aconteceunovale.com.br\\\/portal\\\/?author=4\"}]}<\/script>\n<!-- \/ Yoast SEO plugin. -->","yoast_head_json":{"title":"Galo e Palmeiras come\u00e7am a decidir futuro na Libertadores - Aconteceu no Vale","robots":{"index":"index","follow":"follow","max-snippet":"max-snippet:-1","max-image-preview":"max-image-preview:large","max-video-preview":"max-video-preview:-1"},"canonical":"https:\/\/aconteceunovale.com.br\/portal\/?p=189598","og_locale":"pt_BR","og_type":"article","og_title":"Galo e Palmeiras come\u00e7am a decidir futuro na Libertadores - Aconteceu no Vale","og_description":"No ano passado, Atl\u00e9tico-MG e Palmeiras disputaram um lugar na final da Libertadores. Nesta\u00a0quarta-feira (3\/8\/2022), Galo e Verd\u00e3o come\u00e7am a decidir, novamente, uma classifica\u00e7\u00e3o no principal torneio de clubes do continente:\u00a0desta vez disputa as semifinais. A bola rola para o primeiro duelo entre alvinegros e alviverdes a partir das 21h30 (hor\u00e1rio de Bras\u00edlia), no Mineir\u00e3o, [&hellip;]","og_url":"https:\/\/aconteceunovale.com.br\/portal\/?p=189598","og_site_name":"Aconteceu no Vale","article_publisher":"https:\/\/www.facebook.com\/aconteceunovale\/","article_published_time":"2022-08-03T11:23:12+00:00","article_modified_time":"2022-08-04T11:30:04+00:00","og_image":[{"width":678,"height":406,"url":"https:\/\/aconteceunovale.com.br\/portal\/wp-content\/uploads\/2022\/08\/atletico_palmeiras.jpg","type":"image\/jpeg"}],"author":"Reda\u00e7\u00e3o Aconteceu no Vale","twitter_card":"summary_large_image","twitter_creator":"@noticiadosvales","twitter_site":"@noticiadosvales","twitter_misc":{"Escrito por":"Reda\u00e7\u00e3o Aconteceu no Vale","Est. tempo de leitura":"3 minutos"},"schema":{"@context":"https:\/\/schema.org","@graph":[{"@type":"Article","@id":"https:\/\/aconteceunovale.com.br\/portal\/?p=189598#article","isPartOf":{"@id":"https:\/\/aconteceunovale.com.br\/portal\/?p=189598"},"author":{"name":"Reda\u00e7\u00e3o Aconteceu no Vale","@id":"https:\/\/aconteceunovale.com.br\/portal\/#\/schema\/person\/7d2f26d1483f8a63de73da1ee0754d35"},"headline":"Galo e Palmeiras come\u00e7am a decidir futuro na Libertadores","datePublished":"2022-08-03T11:23:12+00:00","dateModified":"2022-08-04T11:30:04+00:00","mainEntityOfPage":{"@id":"https:\/\/aconteceunovale.com.br\/portal\/?p=189598"},"wordCount":574,"commentCount":0,"image":{"@id":"https:\/\/aconteceunovale.com.br\/portal\/?p=189598#primaryimage"},"thumbnailUrl":"https:\/\/aconteceunovale.com.br\/portal\/wp-content\/uploads\/2022\/08\/atletico_palmeiras.jpg","keywords":["Allianz Parque","Atl\u00e9tico","Atl\u00e9tico Mineiro","Atl\u00e9tico-MG","Belo Horizonte","bh","Copa Libertadores","galo","Galo e Palmeiras come\u00e7am a decidir futuro na Libertadores","Libertadores","Mineir\u00e3o","palmeiras","Palmeiras e Atl\u00e9tico","Palmeiras e Atl\u00e9tico iniciam disputa por vaga na final da Libertadores com empate sem gols","Palmeiras elimina o Atl\u00e9tico-MG da Libertadores","Palmeiras x Atl\u00e9tico","Palmeiras x Atl\u00e9tico Mineiro","Palmeiras x Atl\u00e9tico-MG","Palmeiras x Galo","S\u00e3o Paulo","Semifinal da Libertadores","Ta\u00e7a Libertadores"],"articleSection":["Brasil","Esportes","Minas Gerais"],"inLanguage":"pt-BR","potentialAction":[{"@type":"CommentAction","name":"Comment","target":["https:\/\/aconteceunovale.com.br\/portal\/?p=189598#respond"]}]},{"@type":"WebPage","@id":"https:\/\/aconteceunovale.com.br\/portal\/?p=189598","url":"https:\/\/aconteceunovale.com.br\/portal\/?p=189598","name":"Galo e Palmeiras come\u00e7am a decidir futuro na Libertadores - Aconteceu no Vale","isPartOf":{"@id":"https:\/\/aconteceunovale.com.br\/portal\/#website"},"primaryImageOfPage":{"@id":"https:\/\/aconteceunovale.com.br\/portal\/?p=189598#primaryimage"},"image":{"@id":"https:\/\/aconteceunovale.com.br\/portal\/?p=189598#primaryimage"},"thumbnailUrl":"https:\/\/aconteceunovale.com.br\/portal\/wp-content\/uploads\/2022\/08\/atletico_palmeiras.jpg","datePublished":"2022-08-03T11:23:12+00:00","dateModified":"2022-08-04T11:30:04+00:00","author":{"@id":"https:\/\/aconteceunovale.com.br\/portal\/#\/schema\/person\/7d2f26d1483f8a63de73da1ee0754d35"},"breadcrumb":{"@id":"https:\/\/aconteceunovale.com.br\/portal\/?p=189598#breadcrumb"},"inLanguage":"pt-BR","potentialAction":[{"@type":"ReadAction","target":["https:\/\/aconteceunovale.com.br\/portal\/?p=189598"]}]},{"@type":"ImageObject","inLanguage":"pt-BR","@id":"https:\/\/aconteceunovale.com.br\/portal\/?p=189598#primaryimage","url":"https:\/\/aconteceunovale.com.br\/portal\/wp-content\/uploads\/2022\/08\/atletico_palmeiras.jpg","contentUrl":"https:\/\/aconteceunovale.com.br\/portal\/wp-content\/uploads\/2022\/08\/atletico_palmeiras.jpg","width":678,"height":406},{"@type":"BreadcrumbList","@id":"https:\/\/aconteceunovale.com.br\/portal\/?p=189598#breadcrumb","itemListElement":[{"@type":"ListItem","position":1,"name":"In\u00edcio","item":"https:\/\/aconteceunovale.com.br\/portal\/"},{"@type":"ListItem","position":2,"name":"Galo e Palmeiras come\u00e7am a decidir futuro na Libertadores"}]},{"@type":"WebSite","@id":"https:\/\/aconteceunovale.com.br\/portal\/#website","url":"https:\/\/aconteceunovale.com.br\/portal\/","name":"Aconteceu no Vale","description":"Portal de Not\u00edcias","potentialAction":[{"@type":"SearchAction","target":{"@type":"EntryPoint","urlTemplate":"https:\/\/aconteceunovale.com.br\/portal\/?s={search_term_string}"},"query-input":{"@type":"PropertyValueSpecification","valueRequired":true,"valueName":"search_term_string"}}],"inLanguage":"pt-BR"},{"@type":"Person","@id":"https:\/\/aconteceunovale.com.br\/portal\/#\/schema\/person\/7d2f26d1483f8a63de73da1ee0754d35","name":"Reda\u00e7\u00e3o Aconteceu no Vale","description":"Equipe de reportagem do Aconteceu no Vale, portal de not\u00edcias do Vale do Jequitinhonha, em Minas Gerais. Cobrimos as 51 cidades do Vale desde 2013. Sugest\u00f5es de pauta e pedidos de corre\u00e7\u00e3o: contato@aconteceunovale.com.br","url":"https:\/\/aconteceunovale.com.br\/portal\/?author=4"}]}},"_links":{"self":[{"href":"https:\/\/aconteceunovale.com.br\/portal\/index.php?rest_route=\/wp\/v2\/posts\/189598","targetHints":{"allow":["GET"]}}],"collection":[{"href":"https:\/\/aconteceunovale.com.br\/portal\/index.php?rest_route=\/wp\/v2\/posts"}],"about":[{"href":"https:\/\/aconteceunovale.com.br\/portal\/index.php?rest_route=\/wp\/v2\/types\/post"}],"author":[{"embeddable":true,"href":"https:\/\/aconteceunovale.com.br\/portal\/index.php?rest_route=\/wp\/v2\/users\/4"}],"replies":[{"embeddable":true,"href":"https:\/\/aconteceunovale.com.br\/portal\/index.php?rest_route=%2Fwp%2Fv2%2Fcomments&post=189598"}],"version-history":[{"count":1,"href":"https:\/\/aconteceunovale.com.br\/portal\/index.php?rest_route=\/wp\/v2\/posts\/189598\/revisions"}],"predecessor-version":[{"id":189600,"href":"https:\/\/aconteceunovale.com.br\/portal\/index.php?rest_route=\/wp\/v2\/posts\/189598\/revisions\/189600"}],"wp:featuredmedia":[{"embeddable":true,"href":"https:\/\/aconteceunovale.com.br\/portal\/index.php?rest_route=\/wp\/v2\/media\/189599"}],"wp:attachment":[{"href":"https:\/\/aconteceunovale.com.br\/portal\/index.php?rest_route=%2Fwp%2Fv2%2Fmedia&parent=189598"}],"wp:term":[{"taxonomy":"category","embeddable":true,"href":"https:\/\/aconteceunovale.com.br\/portal\/index.php?rest_route=%2Fwp%2Fv2%2Fcategories&post=189598"},{"taxonomy":"post_tag","embeddable":true,"href":"https:\/\/aconteceunovale.com.br\/portal\/index.php?rest_route=%2Fwp%2Fv2%2Ftags&post=189598"}],"curies":[{"name":"wp","href":"https:\/\/api.w.org\/{rel}","templated":true}]}}