{"id":189592,"date":"2022-08-02T16:47:33","date_gmt":"2022-08-02T19:47:33","guid":{"rendered":"https:\/\/aconteceunovale.com.br\/portal\/?p=189592"},"modified":"2022-08-02T16:54:37","modified_gmt":"2022-08-02T19:54:37","slug":"auxilio-gas-sera-de-r-110-em-agosto-informa-caixa","status":"publish","type":"post","link":"https:\/\/aconteceunovale.com.br\/portal\/?p=189592","title":{"rendered":"Aux\u00edlio G\u00e1s ser\u00e1 de R$ 110 em agosto, informa Caixa"},"content":{"rendered":"\n<p class=\"wp-block-paragraph\">Cerca de 5,6 milh\u00f5es de fam\u00edlias receber\u00e3o R$ 110 de Aux\u00edlio G\u00e1s em agosto, anunciou hoje (2) a Caixa Econ\u00f4mica Federal. At\u00e9 dezembro, o benef\u00edcio ter\u00e1 o valor dobrado por causa da\u00a0emenda constitucional que elevou benef\u00edcios\u00a0sociais.<\/p>\n\n\n\n<p class=\"wp-block-paragraph\">O pagamento ocorrer\u00e1 de 9 a 22 de agosto, com base no d\u00edgito final do N\u00famero de Inscri\u00e7\u00e3o Social (NIS). As datas s\u00e3o as mesmas datas das parcelas do Aux\u00edlio Brasil, que teve o calend\u00e1rio de pagamento deste m\u00eas\u00a0antecipado.<\/p>\n\n\n\n<p class=\"wp-block-paragraph\">Tradicionalmente, os dois benef\u00edcios s\u00e3o pagos nos \u00faltimos dez dias \u00fateis do m\u00eas, sendo que o Aux\u00edlio G\u00e1s \u00e9 bimestral, pago a cada dois meses. Originalmente, a parcela de agosto seria paga entre os dias 18 e 31, mas foi antecipada.<\/p>\n\n\n\n<p class=\"wp-block-paragraph\">Com a emenda constitucional que elevou benef\u00edcios sociais, o Aux\u00edlio G\u00e1s teve o valor dobrado, equivalendo a 100% do valor m\u00e9dio do botij\u00e3o de 13 quilos nas parcelas de agosto, outubro e dezembro. Em 2023, o benef\u00edcio voltar\u00e1 a valer metade do pre\u00e7o m\u00e9dio do botij\u00e3o.<\/p>\n\n\n\n<h2 class=\"wp-block-heading\">C\u00e1lculo<\/h2>\n\n\n\n<p class=\"wp-block-paragraph\">Para calcular o benef\u00edcio, a Caixa Econ\u00f4mica Federal baseia-se nas pesquisas da Ag\u00eancia Nacional do Petr\u00f3leo, G\u00e1s Natural e Biocombust\u00edveis (ANP), que at\u00e9 o d\u00e9cimo dia \u00fatil de cada m\u00eas divulga o pre\u00e7o m\u00e9dio dos seis meses anteriores do botij\u00e3o de 13 quilos de g\u00e1s liquefeito de petr\u00f3leo (GLP). Dessa forma, a cada dois meses, o benef\u00edcio muda de valor.<\/p>\n\n\n\n<p class=\"wp-block-paragraph\">O Aux\u00edlio G\u00e1s totalizou R$ 52 em janeiro, R$ 51 em abril e R$ 53 em junho, quando equivalia a 50% do pre\u00e7o m\u00e9dio do botij\u00e3o. Tradicionalmente, o benef\u00edcio \u00e9 pago a cada dois meses, mas a parcela de fevereiro foi antecipada para janeiro.<\/p>\n\n\n\n<h2 class=\"wp-block-heading\">Dura\u00e7\u00e3o<\/h2>\n\n\n\n<p class=\"wp-block-paragraph\">Com dura\u00e7\u00e3o prevista de cinco anos, o programa beneficiar\u00e1 5,6 milh\u00f5es de fam\u00edlias, at\u00e9 o fim de 2026, com o pagamento de 50% do pre\u00e7o m\u00e9dio do botij\u00e3o de 13 quilos a cada dois meses (100% de agosto a dezembro). Para este ano, o Aux\u00edlio G\u00e1s tinha or\u00e7amento de R$ 1,9 bilh\u00e3o, mas a verba subiu para R$ 2,95 bilh\u00f5es com a emenda constitucional.<\/p>\n\n\n\n<p class=\"wp-block-paragraph\">S\u00f3 pode fazer parte do programa quem est\u00e1 inclu\u00eddo no Cadastro \u00danico para Programas Sociais do Governo Federal (Cad\u00danico) e tenha pelo menos um membro da fam\u00edlia que receba o Benef\u00edcio de Presta\u00e7\u00e3o Continuada (BPC). A lei que criou o programa definiu que a mulher respons\u00e1vel pela fam\u00edlia ter\u00e1 prefer\u00eancia, assim como mulheres v\u00edtimas de viol\u00eancia dom\u00e9stica.<\/p>\n\n\n\n<h2 class=\"wp-block-heading\">Caixa Tem<\/h2>\n\n\n\n<p class=\"wp-block-paragraph\">O Aux\u00edlio G\u00e1s \u00e9 pago com os mesmos cart\u00f5es e as mesmas senhas do Aux\u00edlio Brasil, podendo ser sacado em lot\u00e9ricas, terminais de autoatendimento e correspondentes banc\u00e1rios Caixa Aqui. O benef\u00edcio tamb\u00e9m pode ser depositado nas contas poupan\u00e7a digitais, criadas para o pagamento do Aux\u00edlio Emergencial em 2020, e movimentado por meio do aplicativo Caixa Tem.<\/p>\n\n\n\n<p class=\"wp-block-paragraph\">O benefici\u00e1rio precisa ficar atento. Caso n\u00e3o saque o Aux\u00edlio G\u00e1s em 120 dias ap\u00f3s a data do pagamento, o dinheiro volta para a conta do governo. Quem tiver d\u00favidas sobre a situa\u00e7\u00e3o do benef\u00edcio pode fazer uma consulta nos aplicativos Caixa Tem e Aux\u00edlio Brasil ou ligar para a central de atendimento da Caixa, no n\u00famero 111. Caso tenha d\u00favidas sobre o cadastro ou sobre o pagamento, o cidad\u00e3o pode ligar para o Minist\u00e9rio da Cidadania, no telefone 121.<\/p>\n\n\n\n<p class=\"wp-block-paragraph\">&#8212;&#8212;&#8212;&#8212;&#8212;&#8212;<br><br><strong>Sabia que o Aconteceu no Vale est\u00e1 tamb\u00e9m no Telegram? <a rel=\"noreferrer noopener\" href=\"https:\/\/t.me\/aconteceunovaleoficial\" target=\"_blank\">Inscreva-se no canal<\/a>.<\/strong><br><br><strong>J\u00e1 curtiu ou seguiu nossas p\u00e1ginas nas redes sociais?\u00a0Receba as not\u00edcias em primeira m\u00e3o:<\/strong><br>\u2022 <a rel=\"noreferrer noopener\" href=\"https:\/\/news.google.com\/publications\/CAAqBwgKMNjklQswi4etAw?hl=pt-BR&amp;gl=BR&amp;ceid=BR%3Apt-419\" target=\"_blank\">Google News<\/a><br>\u2022 <a rel=\"noreferrer noopener\" href=\"https:\/\/www.facebook.com\/aconteceunovale\/\" target=\"_blank\">Facebook<\/a><br>\u2022 <a rel=\"noreferrer noopener\" href=\"https:\/\/twitter.com\/noticiadosvales\" target=\"_blank\">Twitter<\/a><br>\u2022 <a rel=\"noreferrer noopener\" href=\"https:\/\/www.instagram.com\/aconteceunovale\" target=\"_blank\">Instagram<\/a><br>\u2022 <a rel=\"noreferrer noopener\" href=\"https:\/\/www.youtube.com\/AconteceunoValeOficial\" target=\"_blank\">Youtube<\/a><br>\u2022 <a rel=\"noreferrer noopener\" href=\"https:\/\/www.tiktok.com\/@aconteceunovale\" target=\"_blank\">TikTok<\/a><\/p>\n","protected":false},"excerpt":{"rendered":"<p>Cerca de 5,6 milh\u00f5es de fam\u00edlias receber\u00e3o R$ 110 de Aux\u00edlio G\u00e1s em agosto, anunciou hoje (2) a Caixa Econ\u00f4mica Federal. At\u00e9 dezembro, o benef\u00edcio ter\u00e1 o valor dobrado por causa da\u00a0emenda constitucional que elevou benef\u00edcios\u00a0sociais. O pagamento ocorrer\u00e1 de 9 a 22 de agosto, com base no d\u00edgito final do N\u00famero de Inscri\u00e7\u00e3o Social [&hellip;]<\/p>\n","protected":false},"author":4,"featured_media":189593,"comment_status":"open","ping_status":"closed","sticky":false,"template":"","format":"standard","meta":{"amp_status":"","footnotes":""},"categories":[6],"tags":[252069,252067,20922,48796,252071,1018,252070,252068,254687,190881,255046,255045,255044,255043,21938,203331],"class_list":["post-189592","post","type-post","status-publish","format-standard","has-post-thumbnail","hentry","category-br","tag-auxilio-gas-de-cozinha","tag-auxilio-gas-social","tag-camara-dos-deputados","tag-congresso-nacional","tag-deputado-christiano-aureo","tag-destaque","tag-gas-de-cozinha-para-familias-de-baixa-renda","tag-gas-social","tag-lei-que-institui-o-auxilio-gas-e-sancionada","tag-ministerio-da-cidadania","tag-qual-o-valor-do-vale-gas","tag-quando-comeca-a-pagar-o-vale-gas","tag-quando-sera-pago-o-vale-gas","tag-quem-tem-direito-ao-vale-gas","tag-senado","tag-vale-gas"],"yoast_head":"<!-- This site is optimized with the Yoast SEO plugin v28.3 - https:\/\/yoast.com\/product\/yoast-seo-wordpress\/ -->\n<title>Aux\u00edlio G\u00e1s ser\u00e1 de R$ 110 em agosto, informa Caixa - Aconteceu no Vale<\/title>\n<meta name=\"robots\" content=\"index, follow, max-snippet:-1, max-image-preview:large, max-video-preview:-1\" \/>\n<link rel=\"canonical\" href=\"https:\/\/aconteceunovale.com.br\/portal\/?p=189592\" \/>\n<meta property=\"og:locale\" content=\"pt_BR\" \/>\n<meta property=\"og:type\" content=\"article\" \/>\n<meta property=\"og:title\" content=\"Aux\u00edlio G\u00e1s ser\u00e1 de R$ 110 em agosto, informa Caixa - Aconteceu no Vale\" \/>\n<meta property=\"og:description\" content=\"Cerca de 5,6 milh\u00f5es de fam\u00edlias receber\u00e3o R$ 110 de Aux\u00edlio G\u00e1s em agosto, anunciou hoje (2) a Caixa Econ\u00f4mica Federal. At\u00e9 dezembro, o benef\u00edcio ter\u00e1 o valor dobrado por causa da\u00a0emenda constitucional que elevou benef\u00edcios\u00a0sociais. O pagamento ocorrer\u00e1 de 9 a 22 de agosto, com base no d\u00edgito final do N\u00famero de Inscri\u00e7\u00e3o Social [&hellip;]\" \/>\n<meta property=\"og:url\" content=\"https:\/\/aconteceunovale.com.br\/portal\/?p=189592\" \/>\n<meta property=\"og:site_name\" content=\"Aconteceu no Vale\" \/>\n<meta property=\"article:publisher\" content=\"https:\/\/www.facebook.com\/aconteceunovale\/\" \/>\n<meta property=\"article:published_time\" content=\"2022-08-02T19:47:33+00:00\" \/>\n<meta property=\"article:modified_time\" content=\"2022-08-02T19:54:37+00:00\" \/>\n<meta property=\"og:image\" content=\"https:\/\/aconteceunovale.com.br\/portal\/wp-content\/uploads\/2022\/08\/gas_de_cozinha.jpg\" \/>\n\t<meta property=\"og:image:width\" content=\"678\" \/>\n\t<meta property=\"og:image:height\" content=\"406\" \/>\n\t<meta property=\"og:image:type\" content=\"image\/jpeg\" \/>\n<meta name=\"author\" content=\"Reda\u00e7\u00e3o Aconteceu no Vale\" \/>\n<meta name=\"twitter:card\" content=\"summary_large_image\" \/>\n<meta name=\"twitter:creator\" content=\"@noticiadosvales\" \/>\n<meta name=\"twitter:site\" content=\"@noticiadosvales\" \/>\n<meta name=\"twitter:label1\" content=\"Escrito por\" \/>\n\t<meta name=\"twitter:data1\" content=\"Reda\u00e7\u00e3o Aconteceu no Vale\" \/>\n\t<meta name=\"twitter:label2\" content=\"Est. tempo de leitura\" \/>\n\t<meta name=\"twitter:data2\" content=\"3 minutos\" \/>\n<script type=\"application\/ld+json\" class=\"yoast-schema-graph\">{\"@context\":\"https:\\\/\\\/schema.org\",\"@graph\":[{\"@type\":\"Article\",\"@id\":\"https:\\\/\\\/aconteceunovale.com.br\\\/portal\\\/?p=189592#article\",\"isPartOf\":{\"@id\":\"https:\\\/\\\/aconteceunovale.com.br\\\/portal\\\/?p=189592\"},\"author\":{\"name\":\"Reda\u00e7\u00e3o Aconteceu no Vale\",\"@id\":\"https:\\\/\\\/aconteceunovale.com.br\\\/portal\\\/#\\\/schema\\\/person\\\/7d2f26d1483f8a63de73da1ee0754d35\"},\"headline\":\"Aux\u00edlio G\u00e1s ser\u00e1 de R$ 110 em agosto, informa Caixa\",\"datePublished\":\"2022-08-02T19:47:33+00:00\",\"dateModified\":\"2022-08-02T19:54:37+00:00\",\"mainEntityOfPage\":{\"@id\":\"https:\\\/\\\/aconteceunovale.com.br\\\/portal\\\/?p=189592\"},\"wordCount\":648,\"commentCount\":0,\"image\":{\"@id\":\"https:\\\/\\\/aconteceunovale.com.br\\\/portal\\\/?p=189592#primaryimage\"},\"thumbnailUrl\":\"https:\\\/\\\/aconteceunovale.com.br\\\/portal\\\/wp-content\\\/uploads\\\/2022\\\/08\\\/gas_de_cozinha.jpg\",\"keywords\":[\"Aux\u00edlio g\u00e1s de cozinha\",\"Aux\u00edlio G\u00e1s Social\",\"C\u00e2mara dos Deputados\",\"Congresso Nacional\",\"Deputado Christiano Aureo\",\"destaque\",\"G\u00e1s de cozinha para fam\u00edlias de baixa renda\",\"G\u00e1s Social\",\"Lei que institui o aux\u00edlio g\u00e1s \u00e9 sancionada\",\"Minist\u00e9rio da Cidadania\",\"Qual o valor do vale-g\u00e1s\",\"Quando come\u00e7a a pagar o vale-g\u00e1s\",\"Quando ser\u00e1 pago o vale-g\u00e1s\",\"Quem tem direito ao vale-g\u00e1s\",\"Senado\",\"Vale G\u00e1s\"],\"articleSection\":[\"Brasil\"],\"inLanguage\":\"pt-BR\",\"potentialAction\":[{\"@type\":\"CommentAction\",\"name\":\"Comment\",\"target\":[\"https:\\\/\\\/aconteceunovale.com.br\\\/portal\\\/?p=189592#respond\"]}]},{\"@type\":\"WebPage\",\"@id\":\"https:\\\/\\\/aconteceunovale.com.br\\\/portal\\\/?p=189592\",\"url\":\"https:\\\/\\\/aconteceunovale.com.br\\\/portal\\\/?p=189592\",\"name\":\"Aux\u00edlio G\u00e1s ser\u00e1 de R$ 110 em agosto, informa Caixa - Aconteceu no Vale\",\"isPartOf\":{\"@id\":\"https:\\\/\\\/aconteceunovale.com.br\\\/portal\\\/#website\"},\"primaryImageOfPage\":{\"@id\":\"https:\\\/\\\/aconteceunovale.com.br\\\/portal\\\/?p=189592#primaryimage\"},\"image\":{\"@id\":\"https:\\\/\\\/aconteceunovale.com.br\\\/portal\\\/?p=189592#primaryimage\"},\"thumbnailUrl\":\"https:\\\/\\\/aconteceunovale.com.br\\\/portal\\\/wp-content\\\/uploads\\\/2022\\\/08\\\/gas_de_cozinha.jpg\",\"datePublished\":\"2022-08-02T19:47:33+00:00\",\"dateModified\":\"2022-08-02T19:54:37+00:00\",\"author\":{\"@id\":\"https:\\\/\\\/aconteceunovale.com.br\\\/portal\\\/#\\\/schema\\\/person\\\/7d2f26d1483f8a63de73da1ee0754d35\"},\"breadcrumb\":{\"@id\":\"https:\\\/\\\/aconteceunovale.com.br\\\/portal\\\/?p=189592#breadcrumb\"},\"inLanguage\":\"pt-BR\",\"potentialAction\":[{\"@type\":\"ReadAction\",\"target\":[\"https:\\\/\\\/aconteceunovale.com.br\\\/portal\\\/?p=189592\"]}]},{\"@type\":\"ImageObject\",\"inLanguage\":\"pt-BR\",\"@id\":\"https:\\\/\\\/aconteceunovale.com.br\\\/portal\\\/?p=189592#primaryimage\",\"url\":\"https:\\\/\\\/aconteceunovale.com.br\\\/portal\\\/wp-content\\\/uploads\\\/2022\\\/08\\\/gas_de_cozinha.jpg\",\"contentUrl\":\"https:\\\/\\\/aconteceunovale.com.br\\\/portal\\\/wp-content\\\/uploads\\\/2022\\\/08\\\/gas_de_cozinha.jpg\",\"width\":678,\"height\":406,\"caption\":\"botij\u00e3o de 13 quilos de g\u00e1s de cozinha\"},{\"@type\":\"BreadcrumbList\",\"@id\":\"https:\\\/\\\/aconteceunovale.com.br\\\/portal\\\/?p=189592#breadcrumb\",\"itemListElement\":[{\"@type\":\"ListItem\",\"position\":1,\"name\":\"In\u00edcio\",\"item\":\"https:\\\/\\\/aconteceunovale.com.br\\\/portal\\\/\"},{\"@type\":\"ListItem\",\"position\":2,\"name\":\"Aux\u00edlio G\u00e1s ser\u00e1 de R$ 110 em agosto, informa Caixa\"}]},{\"@type\":\"WebSite\",\"@id\":\"https:\\\/\\\/aconteceunovale.com.br\\\/portal\\\/#website\",\"url\":\"https:\\\/\\\/aconteceunovale.com.br\\\/portal\\\/\",\"name\":\"Aconteceu no Vale\",\"description\":\"Portal de Not\u00edcias\",\"potentialAction\":[{\"@type\":\"SearchAction\",\"target\":{\"@type\":\"EntryPoint\",\"urlTemplate\":\"https:\\\/\\\/aconteceunovale.com.br\\\/portal\\\/?s={search_term_string}\"},\"query-input\":{\"@type\":\"PropertyValueSpecification\",\"valueRequired\":true,\"valueName\":\"search_term_string\"}}],\"inLanguage\":\"pt-BR\"},{\"@type\":\"Person\",\"@id\":\"https:\\\/\\\/aconteceunovale.com.br\\\/portal\\\/#\\\/schema\\\/person\\\/7d2f26d1483f8a63de73da1ee0754d35\",\"name\":\"Reda\u00e7\u00e3o Aconteceu no Vale\",\"description\":\"Equipe de reportagem do Aconteceu no Vale, portal de not\u00edcias do Vale do Jequitinhonha, em Minas Gerais. Cobrimos as 51 cidades do Vale desde 2013. Sugest\u00f5es de pauta e pedidos de corre\u00e7\u00e3o: contato@aconteceunovale.com.br\",\"url\":\"https:\\\/\\\/aconteceunovale.com.br\\\/portal\\\/?author=4\"}]}<\/script>\n<!-- \/ Yoast SEO plugin. -->","yoast_head_json":{"title":"Aux\u00edlio G\u00e1s ser\u00e1 de R$ 110 em agosto, informa Caixa - Aconteceu no Vale","robots":{"index":"index","follow":"follow","max-snippet":"max-snippet:-1","max-image-preview":"max-image-preview:large","max-video-preview":"max-video-preview:-1"},"canonical":"https:\/\/aconteceunovale.com.br\/portal\/?p=189592","og_locale":"pt_BR","og_type":"article","og_title":"Aux\u00edlio G\u00e1s ser\u00e1 de R$ 110 em agosto, informa Caixa - Aconteceu no Vale","og_description":"Cerca de 5,6 milh\u00f5es de fam\u00edlias receber\u00e3o R$ 110 de Aux\u00edlio G\u00e1s em agosto, anunciou hoje (2) a Caixa Econ\u00f4mica Federal. At\u00e9 dezembro, o benef\u00edcio ter\u00e1 o valor dobrado por causa da\u00a0emenda constitucional que elevou benef\u00edcios\u00a0sociais. O pagamento ocorrer\u00e1 de 9 a 22 de agosto, com base no d\u00edgito final do N\u00famero de Inscri\u00e7\u00e3o Social [&hellip;]","og_url":"https:\/\/aconteceunovale.com.br\/portal\/?p=189592","og_site_name":"Aconteceu no Vale","article_publisher":"https:\/\/www.facebook.com\/aconteceunovale\/","article_published_time":"2022-08-02T19:47:33+00:00","article_modified_time":"2022-08-02T19:54:37+00:00","og_image":[{"width":678,"height":406,"url":"https:\/\/aconteceunovale.com.br\/portal\/wp-content\/uploads\/2022\/08\/gas_de_cozinha.jpg","type":"image\/jpeg"}],"author":"Reda\u00e7\u00e3o Aconteceu no Vale","twitter_card":"summary_large_image","twitter_creator":"@noticiadosvales","twitter_site":"@noticiadosvales","twitter_misc":{"Escrito por":"Reda\u00e7\u00e3o Aconteceu no Vale","Est. tempo de leitura":"3 minutos"},"schema":{"@context":"https:\/\/schema.org","@graph":[{"@type":"Article","@id":"https:\/\/aconteceunovale.com.br\/portal\/?p=189592#article","isPartOf":{"@id":"https:\/\/aconteceunovale.com.br\/portal\/?p=189592"},"author":{"name":"Reda\u00e7\u00e3o Aconteceu no Vale","@id":"https:\/\/aconteceunovale.com.br\/portal\/#\/schema\/person\/7d2f26d1483f8a63de73da1ee0754d35"},"headline":"Aux\u00edlio G\u00e1s ser\u00e1 de R$ 110 em agosto, informa Caixa","datePublished":"2022-08-02T19:47:33+00:00","dateModified":"2022-08-02T19:54:37+00:00","mainEntityOfPage":{"@id":"https:\/\/aconteceunovale.com.br\/portal\/?p=189592"},"wordCount":648,"commentCount":0,"image":{"@id":"https:\/\/aconteceunovale.com.br\/portal\/?p=189592#primaryimage"},"thumbnailUrl":"https:\/\/aconteceunovale.com.br\/portal\/wp-content\/uploads\/2022\/08\/gas_de_cozinha.jpg","keywords":["Aux\u00edlio g\u00e1s de cozinha","Aux\u00edlio G\u00e1s Social","C\u00e2mara dos Deputados","Congresso Nacional","Deputado Christiano Aureo","destaque","G\u00e1s de cozinha para fam\u00edlias de baixa renda","G\u00e1s Social","Lei que institui o aux\u00edlio g\u00e1s \u00e9 sancionada","Minist\u00e9rio da Cidadania","Qual o valor do vale-g\u00e1s","Quando come\u00e7a a pagar o vale-g\u00e1s","Quando ser\u00e1 pago o vale-g\u00e1s","Quem tem direito ao vale-g\u00e1s","Senado","Vale G\u00e1s"],"articleSection":["Brasil"],"inLanguage":"pt-BR","potentialAction":[{"@type":"CommentAction","name":"Comment","target":["https:\/\/aconteceunovale.com.br\/portal\/?p=189592#respond"]}]},{"@type":"WebPage","@id":"https:\/\/aconteceunovale.com.br\/portal\/?p=189592","url":"https:\/\/aconteceunovale.com.br\/portal\/?p=189592","name":"Aux\u00edlio G\u00e1s ser\u00e1 de R$ 110 em agosto, informa Caixa - Aconteceu no Vale","isPartOf":{"@id":"https:\/\/aconteceunovale.com.br\/portal\/#website"},"primaryImageOfPage":{"@id":"https:\/\/aconteceunovale.com.br\/portal\/?p=189592#primaryimage"},"image":{"@id":"https:\/\/aconteceunovale.com.br\/portal\/?p=189592#primaryimage"},"thumbnailUrl":"https:\/\/aconteceunovale.com.br\/portal\/wp-content\/uploads\/2022\/08\/gas_de_cozinha.jpg","datePublished":"2022-08-02T19:47:33+00:00","dateModified":"2022-08-02T19:54:37+00:00","author":{"@id":"https:\/\/aconteceunovale.com.br\/portal\/#\/schema\/person\/7d2f26d1483f8a63de73da1ee0754d35"},"breadcrumb":{"@id":"https:\/\/aconteceunovale.com.br\/portal\/?p=189592#breadcrumb"},"inLanguage":"pt-BR","potentialAction":[{"@type":"ReadAction","target":["https:\/\/aconteceunovale.com.br\/portal\/?p=189592"]}]},{"@type":"ImageObject","inLanguage":"pt-BR","@id":"https:\/\/aconteceunovale.com.br\/portal\/?p=189592#primaryimage","url":"https:\/\/aconteceunovale.com.br\/portal\/wp-content\/uploads\/2022\/08\/gas_de_cozinha.jpg","contentUrl":"https:\/\/aconteceunovale.com.br\/portal\/wp-content\/uploads\/2022\/08\/gas_de_cozinha.jpg","width":678,"height":406,"caption":"botij\u00e3o de 13 quilos de g\u00e1s de cozinha"},{"@type":"BreadcrumbList","@id":"https:\/\/aconteceunovale.com.br\/portal\/?p=189592#breadcrumb","itemListElement":[{"@type":"ListItem","position":1,"name":"In\u00edcio","item":"https:\/\/aconteceunovale.com.br\/portal\/"},{"@type":"ListItem","position":2,"name":"Aux\u00edlio G\u00e1s ser\u00e1 de R$ 110 em agosto, informa Caixa"}]},{"@type":"WebSite","@id":"https:\/\/aconteceunovale.com.br\/portal\/#website","url":"https:\/\/aconteceunovale.com.br\/portal\/","name":"Aconteceu no Vale","description":"Portal de Not\u00edcias","potentialAction":[{"@type":"SearchAction","target":{"@type":"EntryPoint","urlTemplate":"https:\/\/aconteceunovale.com.br\/portal\/?s={search_term_string}"},"query-input":{"@type":"PropertyValueSpecification","valueRequired":true,"valueName":"search_term_string"}}],"inLanguage":"pt-BR"},{"@type":"Person","@id":"https:\/\/aconteceunovale.com.br\/portal\/#\/schema\/person\/7d2f26d1483f8a63de73da1ee0754d35","name":"Reda\u00e7\u00e3o Aconteceu no Vale","description":"Equipe de reportagem do Aconteceu no Vale, portal de not\u00edcias do Vale do Jequitinhonha, em Minas Gerais. Cobrimos as 51 cidades do Vale desde 2013. Sugest\u00f5es de pauta e pedidos de corre\u00e7\u00e3o: contato@aconteceunovale.com.br","url":"https:\/\/aconteceunovale.com.br\/portal\/?author=4"}]}},"_links":{"self":[{"href":"https:\/\/aconteceunovale.com.br\/portal\/index.php?rest_route=\/wp\/v2\/posts\/189592","targetHints":{"allow":["GET"]}}],"collection":[{"href":"https:\/\/aconteceunovale.com.br\/portal\/index.php?rest_route=\/wp\/v2\/posts"}],"about":[{"href":"https:\/\/aconteceunovale.com.br\/portal\/index.php?rest_route=\/wp\/v2\/types\/post"}],"author":[{"embeddable":true,"href":"https:\/\/aconteceunovale.com.br\/portal\/index.php?rest_route=\/wp\/v2\/users\/4"}],"replies":[{"embeddable":true,"href":"https:\/\/aconteceunovale.com.br\/portal\/index.php?rest_route=%2Fwp%2Fv2%2Fcomments&post=189592"}],"version-history":[{"count":1,"href":"https:\/\/aconteceunovale.com.br\/portal\/index.php?rest_route=\/wp\/v2\/posts\/189592\/revisions"}],"predecessor-version":[{"id":189594,"href":"https:\/\/aconteceunovale.com.br\/portal\/index.php?rest_route=\/wp\/v2\/posts\/189592\/revisions\/189594"}],"wp:featuredmedia":[{"embeddable":true,"href":"https:\/\/aconteceunovale.com.br\/portal\/index.php?rest_route=\/wp\/v2\/media\/189593"}],"wp:attachment":[{"href":"https:\/\/aconteceunovale.com.br\/portal\/index.php?rest_route=%2Fwp%2Fv2%2Fmedia&parent=189592"}],"wp:term":[{"taxonomy":"category","embeddable":true,"href":"https:\/\/aconteceunovale.com.br\/portal\/index.php?rest_route=%2Fwp%2Fv2%2Fcategories&post=189592"},{"taxonomy":"post_tag","embeddable":true,"href":"https:\/\/aconteceunovale.com.br\/portal\/index.php?rest_route=%2Fwp%2Fv2%2Ftags&post=189592"}],"curies":[{"name":"wp","href":"https:\/\/api.w.org\/{rel}","templated":true}]}}