{"id":189583,"date":"2022-08-02T15:40:09","date_gmt":"2022-08-02T18:40:09","guid":{"rendered":"https:\/\/aconteceunovale.com.br\/portal\/?p=189583"},"modified":"2022-08-02T15:40:50","modified_gmt":"2022-08-02T18:40:50","slug":"mara-gabrilli-sera-vice-na-chapa-de-simone-tebet","status":"publish","type":"post","link":"https:\/\/aconteceunovale.com.br\/portal\/?p=189583","title":{"rendered":"Mara Gabrilli ser\u00e1 vice na chapa de Simone Tebet"},"content":{"rendered":"\n<p class=\"wp-block-paragraph\">A candidata do MDB \u00e0 Presid\u00eancia da Rep\u00fablica, Simone Tebet, anunciou hoje (2) o nome da senadora Mara Gabrilli (PSDB) como vice de sua chapa para as elei\u00e7\u00f5es de 2022. O an\u00fancio foi feito no Diret\u00f3rio Estadual do PSDB em S\u00e3o Paulo, em cerim\u00f4nia transmitida pelo Twitter da candidata emedebista. O lan\u00e7amento da candidatura foi feito ap\u00f3s reuni\u00e3o de Simone Tebet e Mara Gabrilli com os presidentes dos tr\u00eas partidos da alian\u00e7a pol\u00edtica &#8211; Baleia Rossi (MDB), Bruno Ara\u00fajo (PSDB), Roberto Freire (Cidadania) &#8211; e o senador Tasso Jereissati (PSDB), que era um dos contados para chapa.<\/p>\n\n\n\n<figure class=\"wp-block-gallery has-nested-images columns-default is-cropped wp-block-gallery-1 is-layout-flex wp-block-gallery-is-layout-flex\">\n<figure class=\"wp-block-image size-large\"><img loading=\"lazy\" decoding=\"async\" width=\"678\" height=\"406\" data-id=\"189584\" src=\"https:\/\/aconteceunovale.com.br\/portal\/wp-content\/uploads\/2022\/08\/simone_tebet.jpeg\" alt=\"\" class=\"wp-image-189584\" srcset=\"https:\/\/aconteceunovale.com.br\/portal\/wp-content\/uploads\/2022\/08\/simone_tebet.jpeg 678w, https:\/\/aconteceunovale.com.br\/portal\/wp-content\/uploads\/2022\/08\/simone_tebet-300x180.jpeg 300w\" sizes=\"auto, (max-width: 678px) 100vw, 678px\" \/><figcaption><em><sub>Foto: Twitter Oficial do PSDB \/ Divulga\u00e7\u00e3o<\/sub><\/em><\/figcaption><\/figure>\n<\/figure>\n\n\n\n<p class=\"wp-block-paragraph\">Durante o discurso, Simone Tebet disse que Mara Gabrilli &#8220;n\u00e3o ser\u00e1 uma vice coadjuvante&#8221; e, ao prometer &#8220;um governo afetivo&#8221;, acrescentou que a tucana ter\u00e1 papel relevante para se atingir esse objetivo. Tamb\u00e9m em discurso, Gabrilli disse que atuar\u00e1 &#8220;pela justi\u00e7a social e para que todos tenham oportunidades&#8221;, inclusive pessoas com defici\u00eancia, e que se dedicar\u00e1 \u00e0 &#8220;luta contra a fome e contra o racismo&#8221;. &#8220;Uma cidade, um estado, um pa\u00eds que \u00e9 bom para uma pessoa com defici\u00eancia, \u00e9 maravilhoso para toda a popula\u00e7\u00e3o. Isso se estende para a educa\u00e7\u00e3o: um professor que \u00e9 preparado para ensinar um aluno autista \u00e9 muito mais preparado para ensinar qualquer aluno&#8221;, afirmou.<\/p>\n\n\n\n<p class=\"wp-block-paragraph\">A confirma\u00e7\u00e3o de Tebet como\u00a0candidata pelo MDB foi no dia 27 de julho, quando ainda n\u00e3o havia sido definido o nome de quem seria vice na chapa. A chapa \u00e9 apoiada pela federa\u00e7\u00e3o partid\u00e1ria PSDB-Cidadania.<\/p>\n\n\n\n<h2 class=\"wp-block-heading\">Perfil<\/h2>\n\n\n\n<p class=\"wp-block-paragraph\">Simone Tebet tem 52 anos. Nascida em Tr\u00eas Lagoas (MS), ela \u00e9 formada em direito e come\u00e7ou sua carreira pol\u00edtica em 2003 como deputada estadual. De 2005 a 2010, foi prefeita de sua cidade natal por dois mandatos. Deixou o cargo para ser vice-governadora de Mato Grosso do Sul. Ela \u00e9 filha do ex-presidente do Senado Ramez Tebet, falecido em 2006. De 2013 a 2014, foi secret\u00e1ria de Governo at\u00e9 que, em 2015, foi empossada como senadora. Tebet ganhou proje\u00e7\u00e3o nacional especialmente depois da forte atua\u00e7\u00e3o na Comiss\u00e3o Parlamentar de Inqu\u00e9rito (CPI) da Pandemia do Senado, no ano passado.<\/p>\n\n\n\n<p class=\"wp-block-paragraph\">Senadora pelo PSDB de S\u00e3o Paulo, Mara Gabrilli, 53, \u00e9 publicit\u00e1ria e psic\u00f3loga. Foi vereadora da capital paulista de 2007 e 2010, ap\u00f3s ter sido secret\u00e1ria municipal da Pessoa com Defici\u00eancia, de 2005 e 2007. Foi deputada federal de 2011 e 2015, sendo eleita novamente em 2015 para mandato at\u00e9 2019. Em 1994, Mara Gabrilli sofreu um acidente de carro que a deixou tetrapl\u00e9gica. Foram cinco meses meses de interna\u00e7\u00e3o.<\/p>\n\n\n\n<p class=\"wp-block-paragraph\">&#8212;&#8212;&#8212;&#8212;&#8212;&#8212;<br><br><strong>Sabia que o Aconteceu no Vale est\u00e1 tamb\u00e9m no Telegram? <a rel=\"noreferrer noopener\" href=\"https:\/\/t.me\/aconteceunovaleoficial\" target=\"_blank\">Inscreva-se no canal<\/a>.<\/strong><br><br><strong>J\u00e1 curtiu ou seguiu nossas p\u00e1ginas nas redes sociais?\u00a0Receba as not\u00edcias em primeira m\u00e3o:<\/strong><br>\u2022 <a rel=\"noreferrer noopener\" href=\"https:\/\/news.google.com\/publications\/CAAqBwgKMNjklQswi4etAw?hl=pt-BR&amp;gl=BR&amp;ceid=BR%3Apt-419\" target=\"_blank\">Google News<\/a><br>\u2022 <a rel=\"noreferrer noopener\" href=\"https:\/\/www.facebook.com\/aconteceunovale\/\" target=\"_blank\">Facebook<\/a><br>\u2022 <a rel=\"noreferrer noopener\" href=\"https:\/\/twitter.com\/noticiadosvales\" target=\"_blank\">Twitter<\/a><br>\u2022 <a rel=\"noreferrer noopener\" href=\"https:\/\/www.instagram.com\/aconteceunovale\" target=\"_blank\">Instagram<\/a><br>\u2022 <a rel=\"noreferrer noopener\" href=\"https:\/\/www.youtube.com\/AconteceunoValeOficial\" target=\"_blank\">Youtube<\/a><br>\u2022 <a rel=\"noreferrer noopener\" href=\"https:\/\/www.tiktok.com\/@aconteceunovale\" target=\"_blank\">TikTok<\/a><\/p>\n","protected":false},"excerpt":{"rendered":"<p>A candidata do MDB \u00e0 Presid\u00eancia da Rep\u00fablica, Simone Tebet, anunciou hoje (2) o nome da senadora Mara Gabrilli (PSDB) como vice de sua chapa para as elei\u00e7\u00f5es de 2022. O an\u00fancio foi feito no Diret\u00f3rio Estadual do PSDB em S\u00e3o Paulo, em cerim\u00f4nia transmitida pelo Twitter da candidata emedebista. O lan\u00e7amento da candidatura foi [&hellip;]<\/p>\n","protected":false},"author":4,"featured_media":189584,"comment_status":"open","ping_status":"closed","sticky":false,"template":"","format":"standard","meta":{"amp_status":"","footnotes":""},"categories":[6,249933,40240],"tags":[4606,89104,7872,242518,1018,261745,261746,252238,261773,261772,261682,36036,261828,101954,177500,261743,40919,61731,7882,261749,261747,261744,236023,261748,11063,261829],"class_list":["post-189583","post","type-post","status-publish","format-standard","has-post-thumbnail","hentry","category-br","category-eleicoes-2022","category-politica","tag-brasilia","tag-bruno-araujo","tag-cidadania","tag-cpi-da-pandemia","tag-destaque","tag-disputa-para-presidente-do-brasil","tag-eleicao-para-presidente-do-brasil","tag-eleicoes-2022","tag-eleicoes-para-presidencia-do-brasil","tag-eleicoes-para-presidente-do-brasil","tag-eleicoes-presidenciais-2022","tag-mara-gabrilli","tag-mara-gabrilli-sera-vice-na-chapa-de-simone-tebet","tag-mato-grosso-do-sul","tag-mdb","tag-mdb-confirma-simone-tebet-na-corrida-presidencial","tag-ms","tag-palacio-do-planalto","tag-psdb","tag-ramez-tebet","tag-roberto-freire","tag-senadora-simone-tebet","tag-simone-tebet","tag-tasso-jereissati","tag-tres-lagoas","tag-vice-de-simone-tebet"],"yoast_head":"<!-- This site is optimized with the Yoast SEO plugin v28.3 - https:\/\/yoast.com\/product\/yoast-seo-wordpress\/ -->\n<title>Mara Gabrilli ser\u00e1 vice na chapa de Simone Tebet - Aconteceu no Vale<\/title>\n<meta name=\"robots\" content=\"index, follow, max-snippet:-1, max-image-preview:large, max-video-preview:-1\" \/>\n<link rel=\"canonical\" href=\"https:\/\/aconteceunovale.com.br\/portal\/?p=189583\" \/>\n<meta property=\"og:locale\" content=\"pt_BR\" \/>\n<meta property=\"og:type\" content=\"article\" \/>\n<meta property=\"og:title\" content=\"Mara Gabrilli ser\u00e1 vice na chapa de Simone Tebet - Aconteceu no Vale\" \/>\n<meta property=\"og:description\" content=\"A candidata do MDB \u00e0 Presid\u00eancia da Rep\u00fablica, Simone Tebet, anunciou hoje (2) o nome da senadora Mara Gabrilli (PSDB) como vice de sua chapa para as elei\u00e7\u00f5es de 2022. O an\u00fancio foi feito no Diret\u00f3rio Estadual do PSDB em S\u00e3o Paulo, em cerim\u00f4nia transmitida pelo Twitter da candidata emedebista. O lan\u00e7amento da candidatura foi [&hellip;]\" \/>\n<meta property=\"og:url\" content=\"https:\/\/aconteceunovale.com.br\/portal\/?p=189583\" \/>\n<meta property=\"og:site_name\" content=\"Aconteceu no Vale\" \/>\n<meta property=\"article:publisher\" content=\"https:\/\/www.facebook.com\/aconteceunovale\/\" \/>\n<meta property=\"article:published_time\" content=\"2022-08-02T18:40:09+00:00\" \/>\n<meta property=\"article:modified_time\" content=\"2022-08-02T18:40:50+00:00\" \/>\n<meta property=\"og:image\" content=\"https:\/\/aconteceunovale.com.br\/portal\/wp-content\/uploads\/2022\/08\/simone_tebet.jpeg\" \/>\n\t<meta property=\"og:image:width\" content=\"678\" \/>\n\t<meta property=\"og:image:height\" content=\"406\" \/>\n\t<meta property=\"og:image:type\" content=\"image\/jpeg\" \/>\n<meta name=\"author\" content=\"Reda\u00e7\u00e3o Aconteceu no Vale\" \/>\n<meta name=\"twitter:card\" content=\"summary_large_image\" \/>\n<meta name=\"twitter:creator\" content=\"@noticiadosvales\" \/>\n<meta name=\"twitter:site\" content=\"@noticiadosvales\" \/>\n<meta name=\"twitter:label1\" content=\"Escrito por\" \/>\n\t<meta name=\"twitter:data1\" content=\"Reda\u00e7\u00e3o Aconteceu no Vale\" \/>\n\t<meta name=\"twitter:label2\" content=\"Est. tempo de leitura\" \/>\n\t<meta name=\"twitter:data2\" content=\"2 minutos\" \/>\n<script type=\"application\/ld+json\" class=\"yoast-schema-graph\">{\"@context\":\"https:\\\/\\\/schema.org\",\"@graph\":[{\"@type\":\"Article\",\"@id\":\"https:\\\/\\\/aconteceunovale.com.br\\\/portal\\\/?p=189583#article\",\"isPartOf\":{\"@id\":\"https:\\\/\\\/aconteceunovale.com.br\\\/portal\\\/?p=189583\"},\"author\":{\"name\":\"Reda\u00e7\u00e3o Aconteceu no Vale\",\"@id\":\"https:\\\/\\\/aconteceunovale.com.br\\\/portal\\\/#\\\/schema\\\/person\\\/7d2f26d1483f8a63de73da1ee0754d35\"},\"headline\":\"Mara Gabrilli ser\u00e1 vice na chapa de Simone Tebet\",\"datePublished\":\"2022-08-02T18:40:09+00:00\",\"dateModified\":\"2022-08-02T18:40:50+00:00\",\"mainEntityOfPage\":{\"@id\":\"https:\\\/\\\/aconteceunovale.com.br\\\/portal\\\/?p=189583\"},\"wordCount\":480,\"commentCount\":0,\"image\":{\"@id\":\"https:\\\/\\\/aconteceunovale.com.br\\\/portal\\\/?p=189583#primaryimage\"},\"thumbnailUrl\":\"https:\\\/\\\/aconteceunovale.com.br\\\/portal\\\/wp-content\\\/uploads\\\/2022\\\/08\\\/simone_tebet.jpeg\",\"keywords\":[\"Bras\u00edlia\",\"Bruno Ara\u00fajo\",\"cidadania\",\"CPI da Pandemia\",\"destaque\",\"Disputa para presidente do Brasil\",\"Elei\u00e7\u00e3o para presidente do Brasil\",\"Elei\u00e7\u00f5es 2022\",\"Elei\u00e7\u00f5es para Presid\u00eancia do Brasil\",\"Elei\u00e7\u00f5es para presidente do Brasil\",\"Elei\u00e7\u00f5es Presidenciais 2022\",\"Mara Gabrilli\",\"Mara Gabrilli ser\u00e1 vice na chapa de Simone Tebet\",\"Mato Grosso do Sul\",\"MDB\",\"MDB confirma Simone Tebet na corrida presidencial\",\"MS\",\"Pal\u00e1cio do Planalto\",\"psdb\",\"Ramez Tebet\",\"Roberto Freire\",\"Senadora Simone Tebet\",\"Simone Tebet\",\"Tasso Jereissati\",\"Tr\u00eas Lagoas\",\"Vice de Simone Tebet\"],\"articleSection\":[\"Brasil\",\"Elei\u00e7\u00f5es 2022\",\"Pol\u00edtica\"],\"inLanguage\":\"pt-BR\",\"potentialAction\":[{\"@type\":\"CommentAction\",\"name\":\"Comment\",\"target\":[\"https:\\\/\\\/aconteceunovale.com.br\\\/portal\\\/?p=189583#respond\"]}]},{\"@type\":\"WebPage\",\"@id\":\"https:\\\/\\\/aconteceunovale.com.br\\\/portal\\\/?p=189583\",\"url\":\"https:\\\/\\\/aconteceunovale.com.br\\\/portal\\\/?p=189583\",\"name\":\"Mara Gabrilli ser\u00e1 vice na chapa de Simone Tebet - Aconteceu no Vale\",\"isPartOf\":{\"@id\":\"https:\\\/\\\/aconteceunovale.com.br\\\/portal\\\/#website\"},\"primaryImageOfPage\":{\"@id\":\"https:\\\/\\\/aconteceunovale.com.br\\\/portal\\\/?p=189583#primaryimage\"},\"image\":{\"@id\":\"https:\\\/\\\/aconteceunovale.com.br\\\/portal\\\/?p=189583#primaryimage\"},\"thumbnailUrl\":\"https:\\\/\\\/aconteceunovale.com.br\\\/portal\\\/wp-content\\\/uploads\\\/2022\\\/08\\\/simone_tebet.jpeg\",\"datePublished\":\"2022-08-02T18:40:09+00:00\",\"dateModified\":\"2022-08-02T18:40:50+00:00\",\"author\":{\"@id\":\"https:\\\/\\\/aconteceunovale.com.br\\\/portal\\\/#\\\/schema\\\/person\\\/7d2f26d1483f8a63de73da1ee0754d35\"},\"breadcrumb\":{\"@id\":\"https:\\\/\\\/aconteceunovale.com.br\\\/portal\\\/?p=189583#breadcrumb\"},\"inLanguage\":\"pt-BR\",\"potentialAction\":[{\"@type\":\"ReadAction\",\"target\":[\"https:\\\/\\\/aconteceunovale.com.br\\\/portal\\\/?p=189583\"]}]},{\"@type\":\"ImageObject\",\"inLanguage\":\"pt-BR\",\"@id\":\"https:\\\/\\\/aconteceunovale.com.br\\\/portal\\\/?p=189583#primaryimage\",\"url\":\"https:\\\/\\\/aconteceunovale.com.br\\\/portal\\\/wp-content\\\/uploads\\\/2022\\\/08\\\/simone_tebet.jpeg\",\"contentUrl\":\"https:\\\/\\\/aconteceunovale.com.br\\\/portal\\\/wp-content\\\/uploads\\\/2022\\\/08\\\/simone_tebet.jpeg\",\"width\":678,\"height\":406},{\"@type\":\"BreadcrumbList\",\"@id\":\"https:\\\/\\\/aconteceunovale.com.br\\\/portal\\\/?p=189583#breadcrumb\",\"itemListElement\":[{\"@type\":\"ListItem\",\"position\":1,\"name\":\"In\u00edcio\",\"item\":\"https:\\\/\\\/aconteceunovale.com.br\\\/portal\\\/\"},{\"@type\":\"ListItem\",\"position\":2,\"name\":\"Mara Gabrilli ser\u00e1 vice na chapa de Simone Tebet\"}]},{\"@type\":\"WebSite\",\"@id\":\"https:\\\/\\\/aconteceunovale.com.br\\\/portal\\\/#website\",\"url\":\"https:\\\/\\\/aconteceunovale.com.br\\\/portal\\\/\",\"name\":\"Aconteceu no Vale\",\"description\":\"Portal de Not\u00edcias\",\"potentialAction\":[{\"@type\":\"SearchAction\",\"target\":{\"@type\":\"EntryPoint\",\"urlTemplate\":\"https:\\\/\\\/aconteceunovale.com.br\\\/portal\\\/?s={search_term_string}\"},\"query-input\":{\"@type\":\"PropertyValueSpecification\",\"valueRequired\":true,\"valueName\":\"search_term_string\"}}],\"inLanguage\":\"pt-BR\"},{\"@type\":\"Person\",\"@id\":\"https:\\\/\\\/aconteceunovale.com.br\\\/portal\\\/#\\\/schema\\\/person\\\/7d2f26d1483f8a63de73da1ee0754d35\",\"name\":\"Reda\u00e7\u00e3o Aconteceu no Vale\",\"description\":\"Equipe de reportagem do Aconteceu no Vale, portal de not\u00edcias do Vale do Jequitinhonha, em Minas Gerais. Cobrimos as 51 cidades do Vale desde 2013. Sugest\u00f5es de pauta e pedidos de corre\u00e7\u00e3o: contato@aconteceunovale.com.br\",\"url\":\"https:\\\/\\\/aconteceunovale.com.br\\\/portal\\\/?author=4\"}]}<\/script>\n<!-- \/ Yoast SEO plugin. -->","yoast_head_json":{"title":"Mara Gabrilli ser\u00e1 vice na chapa de Simone Tebet - Aconteceu no Vale","robots":{"index":"index","follow":"follow","max-snippet":"max-snippet:-1","max-image-preview":"max-image-preview:large","max-video-preview":"max-video-preview:-1"},"canonical":"https:\/\/aconteceunovale.com.br\/portal\/?p=189583","og_locale":"pt_BR","og_type":"article","og_title":"Mara Gabrilli ser\u00e1 vice na chapa de Simone Tebet - Aconteceu no Vale","og_description":"A candidata do MDB \u00e0 Presid\u00eancia da Rep\u00fablica, Simone Tebet, anunciou hoje (2) o nome da senadora Mara Gabrilli (PSDB) como vice de sua chapa para as elei\u00e7\u00f5es de 2022. O an\u00fancio foi feito no Diret\u00f3rio Estadual do PSDB em S\u00e3o Paulo, em cerim\u00f4nia transmitida pelo Twitter da candidata emedebista. O lan\u00e7amento da candidatura foi [&hellip;]","og_url":"https:\/\/aconteceunovale.com.br\/portal\/?p=189583","og_site_name":"Aconteceu no Vale","article_publisher":"https:\/\/www.facebook.com\/aconteceunovale\/","article_published_time":"2022-08-02T18:40:09+00:00","article_modified_time":"2022-08-02T18:40:50+00:00","og_image":[{"width":678,"height":406,"url":"https:\/\/aconteceunovale.com.br\/portal\/wp-content\/uploads\/2022\/08\/simone_tebet.jpeg","type":"image\/jpeg"}],"author":"Reda\u00e7\u00e3o Aconteceu no Vale","twitter_card":"summary_large_image","twitter_creator":"@noticiadosvales","twitter_site":"@noticiadosvales","twitter_misc":{"Escrito por":"Reda\u00e7\u00e3o Aconteceu no Vale","Est. tempo de leitura":"2 minutos"},"schema":{"@context":"https:\/\/schema.org","@graph":[{"@type":"Article","@id":"https:\/\/aconteceunovale.com.br\/portal\/?p=189583#article","isPartOf":{"@id":"https:\/\/aconteceunovale.com.br\/portal\/?p=189583"},"author":{"name":"Reda\u00e7\u00e3o Aconteceu no Vale","@id":"https:\/\/aconteceunovale.com.br\/portal\/#\/schema\/person\/7d2f26d1483f8a63de73da1ee0754d35"},"headline":"Mara Gabrilli ser\u00e1 vice na chapa de Simone Tebet","datePublished":"2022-08-02T18:40:09+00:00","dateModified":"2022-08-02T18:40:50+00:00","mainEntityOfPage":{"@id":"https:\/\/aconteceunovale.com.br\/portal\/?p=189583"},"wordCount":480,"commentCount":0,"image":{"@id":"https:\/\/aconteceunovale.com.br\/portal\/?p=189583#primaryimage"},"thumbnailUrl":"https:\/\/aconteceunovale.com.br\/portal\/wp-content\/uploads\/2022\/08\/simone_tebet.jpeg","keywords":["Bras\u00edlia","Bruno Ara\u00fajo","cidadania","CPI da Pandemia","destaque","Disputa para presidente do Brasil","Elei\u00e7\u00e3o para presidente do Brasil","Elei\u00e7\u00f5es 2022","Elei\u00e7\u00f5es para Presid\u00eancia do Brasil","Elei\u00e7\u00f5es para presidente do Brasil","Elei\u00e7\u00f5es Presidenciais 2022","Mara Gabrilli","Mara Gabrilli ser\u00e1 vice na chapa de Simone Tebet","Mato Grosso do Sul","MDB","MDB confirma Simone Tebet na corrida presidencial","MS","Pal\u00e1cio do Planalto","psdb","Ramez Tebet","Roberto Freire","Senadora Simone Tebet","Simone Tebet","Tasso Jereissati","Tr\u00eas Lagoas","Vice de Simone Tebet"],"articleSection":["Brasil","Elei\u00e7\u00f5es 2022","Pol\u00edtica"],"inLanguage":"pt-BR","potentialAction":[{"@type":"CommentAction","name":"Comment","target":["https:\/\/aconteceunovale.com.br\/portal\/?p=189583#respond"]}]},{"@type":"WebPage","@id":"https:\/\/aconteceunovale.com.br\/portal\/?p=189583","url":"https:\/\/aconteceunovale.com.br\/portal\/?p=189583","name":"Mara Gabrilli ser\u00e1 vice na chapa de Simone Tebet - Aconteceu no Vale","isPartOf":{"@id":"https:\/\/aconteceunovale.com.br\/portal\/#website"},"primaryImageOfPage":{"@id":"https:\/\/aconteceunovale.com.br\/portal\/?p=189583#primaryimage"},"image":{"@id":"https:\/\/aconteceunovale.com.br\/portal\/?p=189583#primaryimage"},"thumbnailUrl":"https:\/\/aconteceunovale.com.br\/portal\/wp-content\/uploads\/2022\/08\/simone_tebet.jpeg","datePublished":"2022-08-02T18:40:09+00:00","dateModified":"2022-08-02T18:40:50+00:00","author":{"@id":"https:\/\/aconteceunovale.com.br\/portal\/#\/schema\/person\/7d2f26d1483f8a63de73da1ee0754d35"},"breadcrumb":{"@id":"https:\/\/aconteceunovale.com.br\/portal\/?p=189583#breadcrumb"},"inLanguage":"pt-BR","potentialAction":[{"@type":"ReadAction","target":["https:\/\/aconteceunovale.com.br\/portal\/?p=189583"]}]},{"@type":"ImageObject","inLanguage":"pt-BR","@id":"https:\/\/aconteceunovale.com.br\/portal\/?p=189583#primaryimage","url":"https:\/\/aconteceunovale.com.br\/portal\/wp-content\/uploads\/2022\/08\/simone_tebet.jpeg","contentUrl":"https:\/\/aconteceunovale.com.br\/portal\/wp-content\/uploads\/2022\/08\/simone_tebet.jpeg","width":678,"height":406},{"@type":"BreadcrumbList","@id":"https:\/\/aconteceunovale.com.br\/portal\/?p=189583#breadcrumb","itemListElement":[{"@type":"ListItem","position":1,"name":"In\u00edcio","item":"https:\/\/aconteceunovale.com.br\/portal\/"},{"@type":"ListItem","position":2,"name":"Mara Gabrilli ser\u00e1 vice na chapa de Simone Tebet"}]},{"@type":"WebSite","@id":"https:\/\/aconteceunovale.com.br\/portal\/#website","url":"https:\/\/aconteceunovale.com.br\/portal\/","name":"Aconteceu no Vale","description":"Portal de Not\u00edcias","potentialAction":[{"@type":"SearchAction","target":{"@type":"EntryPoint","urlTemplate":"https:\/\/aconteceunovale.com.br\/portal\/?s={search_term_string}"},"query-input":{"@type":"PropertyValueSpecification","valueRequired":true,"valueName":"search_term_string"}}],"inLanguage":"pt-BR"},{"@type":"Person","@id":"https:\/\/aconteceunovale.com.br\/portal\/#\/schema\/person\/7d2f26d1483f8a63de73da1ee0754d35","name":"Reda\u00e7\u00e3o Aconteceu no Vale","description":"Equipe de reportagem do Aconteceu no Vale, portal de not\u00edcias do Vale do Jequitinhonha, em Minas Gerais. Cobrimos as 51 cidades do Vale desde 2013. Sugest\u00f5es de pauta e pedidos de corre\u00e7\u00e3o: contato@aconteceunovale.com.br","url":"https:\/\/aconteceunovale.com.br\/portal\/?author=4"}]}},"_links":{"self":[{"href":"https:\/\/aconteceunovale.com.br\/portal\/index.php?rest_route=\/wp\/v2\/posts\/189583","targetHints":{"allow":["GET"]}}],"collection":[{"href":"https:\/\/aconteceunovale.com.br\/portal\/index.php?rest_route=\/wp\/v2\/posts"}],"about":[{"href":"https:\/\/aconteceunovale.com.br\/portal\/index.php?rest_route=\/wp\/v2\/types\/post"}],"author":[{"embeddable":true,"href":"https:\/\/aconteceunovale.com.br\/portal\/index.php?rest_route=\/wp\/v2\/users\/4"}],"replies":[{"embeddable":true,"href":"https:\/\/aconteceunovale.com.br\/portal\/index.php?rest_route=%2Fwp%2Fv2%2Fcomments&post=189583"}],"version-history":[{"count":1,"href":"https:\/\/aconteceunovale.com.br\/portal\/index.php?rest_route=\/wp\/v2\/posts\/189583\/revisions"}],"predecessor-version":[{"id":189585,"href":"https:\/\/aconteceunovale.com.br\/portal\/index.php?rest_route=\/wp\/v2\/posts\/189583\/revisions\/189585"}],"wp:featuredmedia":[{"embeddable":true,"href":"https:\/\/aconteceunovale.com.br\/portal\/index.php?rest_route=\/wp\/v2\/media\/189584"}],"wp:attachment":[{"href":"https:\/\/aconteceunovale.com.br\/portal\/index.php?rest_route=%2Fwp%2Fv2%2Fmedia&parent=189583"}],"wp:term":[{"taxonomy":"category","embeddable":true,"href":"https:\/\/aconteceunovale.com.br\/portal\/index.php?rest_route=%2Fwp%2Fv2%2Fcategories&post=189583"},{"taxonomy":"post_tag","embeddable":true,"href":"https:\/\/aconteceunovale.com.br\/portal\/index.php?rest_route=%2Fwp%2Fv2%2Ftags&post=189583"}],"curies":[{"name":"wp","href":"https:\/\/api.w.org\/{rel}","templated":true}]}}