{"id":18958,"date":"2014-01-20T21:30:02","date_gmt":"2014-01-20T23:30:02","guid":{"rendered":"http:\/\/aconteceunovale.com.br\/portal\/?p=18958"},"modified":"2014-01-20T21:34:10","modified_gmt":"2014-01-20T23:34:10","slug":"acidente-com-van-do-transporte-de-saude-de-chapada-do-norte-deixa-uma-vitima-fatal-e-6-feridas","status":"publish","type":"post","link":"https:\/\/aconteceunovale.com.br\/portal\/?p=18958","title":{"rendered":"Acidente com van do transporte de sa\u00fade de Chapada do Norte deixa uma v\u00edtima fatal e 6 feridas"},"content":{"rendered":"<p><em><strong>Por Vicente Alves, Portal Aconteceu no Vale (*)<\/strong><\/em><\/p>\n<p>Uma pessoa morreu e outras 6 ficaram feridas em um grave acidente envolvendo uma van da sa\u00fade do munic\u00edpio de Chapada do Norte, no Vale do Jequitinhonha. Segundo informa\u00e7\u00f5es o fato aconteceu por volta das 14h20min da tarde deste domingo (19\/01), na BR-040, pr\u00f3ximo a Sete Lagoas.<\/p>\n<p>O ve\u00edculo da prefeitura municipal de Chapada do Norte fazia o transporte de 12 pessoas para atendimento m\u00e9dico em Belo Horizonte\/MG. Segundo os policiais que atenderam a ocorr\u00eancia o acidente pode ter sido causado por excesso de velocidade, pois a van capotou v\u00e1rias vezes em uma curva. Chovia no momento do ocorrido.<\/p>\n<p>Uma senhora que n\u00e3o teve o nome divulgado morreu no local, segundo informa\u00e7\u00f5es de passageiros que estavam com ela no ve\u00edculo, ela n\u00e3o usava o cinto de seguran\u00e7a e por isso foi arremessada para fora do ve\u00edculo. Outros seis passageiros que ficaram feridos foram encaminhados pelo Corpo de Bombeiros a hospitais da regi\u00e3o. <strong><em>(*Com colabora\u00e7\u00e3o de Paulo Cezar)<\/strong><\/em><\/p>\n<p><strong>GALERIA DE FOTOS:<\/strong><br \/>\n<em>(Fotos: Paulo Cezar)<\/em><\/p>\n<p><img decoding=\"async\" src=\"http:\/\/aconteceunovale.com.br\/portal\/wp-content\/uploads\/2014\/01\/moldura.jpgacidente_van_chapada_do_norte_4.jpg\" alt=\"\" \/><\/p>\n<p><img decoding=\"async\" src=\"http:\/\/aconteceunovale.com.br\/portal\/wp-content\/uploads\/2014\/01\/acidente_van_chapada_do_norte_1.jpg\" alt=\"\" \/><\/p>\n<p><img decoding=\"async\" src=\"http:\/\/aconteceunovale.com.br\/portal\/wp-content\/uploads\/2014\/01\/acidente_van_chapada_do_norte_2.jpg\" alt=\"\" \/><\/p>\n<p><img decoding=\"async\" src=\"http:\/\/aconteceunovale.com.br\/portal\/wp-content\/uploads\/2014\/01\/moldura.jpgacidente_van_chapada_do_norte_3.jpg\" alt=\"\" \/><\/p>\n<p><img decoding=\"async\" src=\"http:\/\/aconteceunovale.com.br\/portal\/wp-content\/uploads\/2014\/01\/moldura.jpgacidente_van_chapada_do_norte_4.jpg\" alt=\"\" \/><\/p>\n<p><img decoding=\"async\" src=\"http:\/\/aconteceunovale.com.br\/portal\/wp-content\/uploads\/2014\/01\/moldura.jpgacidente_van_chapada_do_norte_5.jpg\" alt=\"\" \/><\/p>\n<p><img decoding=\"async\" src=\"http:\/\/aconteceunovale.com.br\/portal\/wp-content\/uploads\/2014\/01\/moldura.jpgacidente_van_chapada_do_norte_6.jpg\" alt=\"\" \/><\/p>\n<p><img decoding=\"async\" src=\"http:\/\/aconteceunovale.com.br\/portal\/wp-content\/uploads\/2014\/01\/moldura.jpgacidente_van_chapada_do_norte_7.jpg\" alt=\"\" \/><\/p>\n<p><img decoding=\"async\" src=\"http:\/\/aconteceunovale.com.br\/portal\/wp-content\/uploads\/2014\/01\/moldura.jpgacidente_van_chapada_do_norte_8.jpg\" alt=\"\" \/><\/p>\n<p><img decoding=\"async\" src=\"http:\/\/aconteceunovale.com.br\/portal\/wp-content\/uploads\/2014\/01\/moldura.jpgacidente_van_chapada_do_norte_9.jpg\" alt=\"\" \/><\/p>\n<p><img decoding=\"async\" src=\"http:\/\/aconteceunovale.com.br\/portal\/wp-content\/uploads\/2014\/01\/acidente_van_chapada_do_norte_10.jpg\" alt=\"\" \/><\/p>\n<p><img decoding=\"async\" src=\"http:\/\/aconteceunovale.com.br\/portal\/wp-content\/uploads\/2014\/01\/acidente_van_chapada_do_norte_11.jpg\" alt=\"\" \/><\/p>\n<p><img decoding=\"async\" src=\"http:\/\/aconteceunovale.com.br\/portal\/wp-content\/uploads\/2014\/01\/acidente_van_chapada_do_norte_12.jpg\" alt=\"\" \/><\/p>\n<p><img decoding=\"async\" src=\"http:\/\/aconteceunovale.com.br\/portal\/wp-content\/uploads\/2014\/01\/acidente_van_chapada_do_norte_13.jpg\" alt=\"\" \/><\/p>\n","protected":false},"excerpt":{"rendered":"<p>Por Vicente Alves, Portal Aconteceu no Vale (*) Uma pessoa morreu e outras 6 ficaram feridas em um grave acidente envolvendo uma van da sa\u00fade do munic\u00edpio de Chapada do Norte, no Vale do Jequitinhonha. Segundo informa\u00e7\u00f5es o fato aconteceu por volta das 14h20min da tarde deste domingo (19\/01), na BR-040, pr\u00f3ximo a Sete Lagoas. [&hellip;]<\/p>\n","protected":false},"author":1,"featured_media":18960,"comment_status":"open","ping_status":"closed","sticky":false,"template":"","format":"standard","meta":{"amp_status":"","footnotes":""},"categories":[120],"tags":[3256,3258,3259,481,3257],"class_list":["post-18958","post","type-post","status-publish","format-standard","has-post-thumbnail","hentry","category-jequi","tag-acidente-com-van-da-saude-de-chapada-do-norte-deixa-uma-vitima-fatal-e-6-feridas","tag-acidente-com-van-do-transporte-de-saude-de-chapada-do-norte","tag-acidente-com-van-do-transporte-de-saude-de-chapada-do-norte-deixa-uma-vitima-fatal-e-6-feridas","tag-chapada-do-norte","tag-fotos-acidente-com-van-do-transporte-de-saude-de-chapada-do-norte"],"_links":{"self":[{"href":"https:\/\/aconteceunovale.com.br\/portal\/index.php?rest_route=\/wp\/v2\/posts\/18958","targetHints":{"allow":["GET"]}}],"collection":[{"href":"https:\/\/aconteceunovale.com.br\/portal\/index.php?rest_route=\/wp\/v2\/posts"}],"about":[{"href":"https:\/\/aconteceunovale.com.br\/portal\/index.php?rest_route=\/wp\/v2\/types\/post"}],"author":[{"embeddable":true,"href":"https:\/\/aconteceunovale.com.br\/portal\/index.php?rest_route=\/wp\/v2\/users\/1"}],"replies":[{"embeddable":true,"href":"https:\/\/aconteceunovale.com.br\/portal\/index.php?rest_route=%2Fwp%2Fv2%2Fcomments&post=18958"}],"version-history":[{"count":0,"href":"https:\/\/aconteceunovale.com.br\/portal\/index.php?rest_route=\/wp\/v2\/posts\/18958\/revisions"}],"wp:featuredmedia":[{"embeddable":true,"href":"https:\/\/aconteceunovale.com.br\/portal\/index.php?rest_route=\/wp\/v2\/media\/18960"}],"wp:attachment":[{"href":"https:\/\/aconteceunovale.com.br\/portal\/index.php?rest_route=%2Fwp%2Fv2%2Fmedia&parent=18958"}],"wp:term":[{"taxonomy":"category","embeddable":true,"href":"https:\/\/aconteceunovale.com.br\/portal\/index.php?rest_route=%2Fwp%2Fv2%2Fcategories&post=18958"},{"taxonomy":"post_tag","embeddable":true,"href":"https:\/\/aconteceunovale.com.br\/portal\/index.php?rest_route=%2Fwp%2Fv2%2Ftags&post=18958"}],"curies":[{"name":"wp","href":"https:\/\/api.w.org\/{rel}","templated":true}]}}