{"id":189568,"date":"2022-08-01T08:40:57","date_gmt":"2022-08-01T11:40:57","guid":{"rendered":"https:\/\/aconteceunovale.com.br\/portal\/?p=189568"},"modified":"2022-08-01T08:44:01","modified_gmt":"2022-08-01T11:44:01","slug":"motorista-de-mg-com-atraso-no-ipva-pode-parcelar-debito-em-ate-12-vezes","status":"publish","type":"post","link":"https:\/\/aconteceunovale.com.br\/portal\/?p=189568","title":{"rendered":"Motorista de MG com atraso no IPVA pode parcelar d\u00e9bito em at\u00e9 12 vezes"},"content":{"rendered":"\n<h3 class=\"has-text-align-center wp-block-heading\"><em>O parcelamento pode ser feito diretamente no site da Secretaria de Estado da Fazenda de Minas Gerais, saiba mais<\/em><\/h3>\n\n\n\n<figure class=\"wp-block-gallery has-nested-images columns-default is-cropped wp-block-gallery-1 is-layout-flex wp-block-gallery-is-layout-flex\">\n<figure class=\"wp-block-image size-large\"><img loading=\"lazy\" decoding=\"async\" width=\"675\" height=\"450\" data-id=\"189569\" src=\"https:\/\/aconteceunovale.com.br\/portal\/wp-content\/uploads\/2022\/08\/ipva_veiculos.jpeg\" alt=\"\" class=\"wp-image-189569\" srcset=\"https:\/\/aconteceunovale.com.br\/portal\/wp-content\/uploads\/2022\/08\/ipva_veiculos.jpeg 675w, https:\/\/aconteceunovale.com.br\/portal\/wp-content\/uploads\/2022\/08\/ipva_veiculos-300x200.jpeg 300w, https:\/\/aconteceunovale.com.br\/portal\/wp-content\/uploads\/2022\/08\/ipva_veiculos-630x420.jpeg 630w\" sizes=\"auto, (max-width: 675px) 100vw, 675px\" \/><figcaption><em><sub>Cr\u00e9ditos: Divulga\u00e7\u00e3o<\/sub><\/em><\/figcaption><\/figure>\n<\/figure>\n\n\n\n<p class=\"wp-block-paragraph\">O Imposto sobre a Propriedade de Ve\u00edculos Automotores, ou apenas IPVA, \u00e9 um dos principais impostos que um dono de autom\u00f3vel (exceto barcos e avi\u00f5es) precisa pagar. Normalmente, ele \u00e9 cobrado uma vez ao ano com base no valor do ve\u00edculo.<\/p>\n\n\n\n<p class=\"wp-block-paragraph\">Aqueles que est\u00e3o com o IPVA de 2022 atrasado e querem regularizar a situa\u00e7\u00e3o, podem dividir o pagamento em at\u00e9 12 vezes, desde que as parcelas sejam maiores que R$200. Dispon\u00edvel tamb\u00e9m para pend\u00eancia de anos anteriores inscritas ou n\u00e3o em d\u00edvida ativa.<\/p>\n\n\n\n<p class=\"wp-block-paragraph\">Essa iniciativa de parcelamento \u00e9 da Secretaria de Estado da Fazenda de Minas Gerais (SEF\/MG). Segundo o \u00f3rg\u00e3o, at\u00e9 o dia 31 de maio de 2022 dos R$7,1 bilh\u00f5es esperados pelo governo, somente R$5,1 bilh\u00f5es foram quitados.<\/p>\n\n\n\n<p class=\"wp-block-paragraph\">Esses n\u00fameros equivalem a 71,7% do valor total e ainda, h\u00e1 mais de R$ 1 bilh\u00e3o em IPVA atrasado, com rela\u00e7\u00e3o aos inadimplentes de anos anteriores.<\/p>\n\n\n\n<p class=\"wp-block-paragraph\"><strong>O que acontece se o IPVA n\u00e3o for pago?<\/strong><\/p>\n\n\n\n<p class=\"wp-block-paragraph\">Quando o propriet\u00e1rio n\u00e3o realiza o pagamento, existem chances de perder o ve\u00edculo, o direito de licenciar o carro, al\u00e9m de receber multas.<\/p>\n\n\n\n<p class=\"wp-block-paragraph\">As multas s\u00e3o de 0,33% por dia de atraso sobre o valor do imposto mais juros, quando o atraso chega a ultrapassar mais de 60 dias, o percentual sobe para 20%.<\/p>\n\n\n\n<p class=\"wp-block-paragraph\">Outro problema importante a comentar \u00e9 o risco de ter seu nome inscrito na d\u00edvida ativa do estado e em \u00f3rg\u00e3os de prote\u00e7\u00e3o ao cr\u00e9dito, como SPC e Serasa.<\/p>\n\n\n\n<p class=\"wp-block-paragraph\"><strong>Saiba como parcelar IPVA<\/strong><\/p>\n\n\n\n<p class=\"wp-block-paragraph\">O parcelamento do IPVA \u00e9 feito de forma online, e para fazer a simula\u00e7\u00e3o, entender melhor as presta\u00e7\u00f5es, prazos e valores, \u00e9 preciso acessar o portal da Secretaria de Estado da Fazenda, sendo poss\u00edvel tamb\u00e9m fazer a quita\u00e7\u00e3o \u00e0 vista.<\/p>\n\n\n\n<p class=\"wp-block-paragraph\"><a><\/a>Ao acessar o portal da Secretaria de Estado da Fazenda, tenha em m\u00e3os o CPF ou CNPJ do propriet\u00e1rio e o Registro Nacional de Ve\u00edculos Automotores (Renavam). O sistema ir\u00e1 calcular automaticamente o valor do imposto ajustado com multas e juros e o motorista precisar\u00e1 aceitar as condi\u00e7\u00f5es.<\/p>\n\n\n\n<p class=\"wp-block-paragraph\">Ap\u00f3s isso, ser\u00e1 emitido o Documento de Arrecada\u00e7\u00e3o Estadual (DAE), ficando dispon\u00edvel para fazer o pagamento nos bancos credenciados. <\/p>\n\n\n\n<p class=\"wp-block-paragraph\">Aten\u00e7\u00e3o: N\u00e3o \u00e9 poss\u00edvel entrar no sistema e retirar de uma s\u00f3 vez todos os boletos a pagar do IPVA, ser\u00e1 necess\u00e1rio acessar a plataforma mensalmente para emiti-los. H\u00e1, ainda outros caminhos, <a href=\"https:\/\/usezapay.com.br\/\" target=\"_blank\" rel=\"noreferrer noopener\"><strong>como parcelar o IPVA<\/strong><\/a> por empresas privadas, conveniadas aos Estados, como a Zapay.<\/p>\n","protected":false},"excerpt":{"rendered":"<p>O parcelamento pode ser feito diretamente no site da Secretaria de Estado da Fazenda de Minas Gerais, saiba mais O Imposto sobre a Propriedade de Ve\u00edculos Automotores, ou apenas IPVA, \u00e9 um dos principais impostos que um dono de autom\u00f3vel (exceto barcos e avi\u00f5es) precisa pagar. Normalmente, ele \u00e9 cobrado uma vez ao ano com [&hellip;]<\/p>\n","protected":false},"author":4,"featured_media":189569,"comment_status":"open","ping_status":"closed","sticky":false,"template":"","format":"standard","meta":{"amp_status":"","footnotes":""},"categories":[123],"tags":[3677,752,255956,131434,1600,255957,18473,255960,255959,255958,282,255965,210134,235192,234312,239081,251992,255963,255966,239080,67287,255964,234342,209323,1018,256858,256857,78450,1595,6546,164784,258873,255961,256698,259740,67930,204,205,131,55486,261802,261803,31132,261804,106397,255962,1508],"class_list":["post-189568","post","type-post","status-publish","format-standard","has-post-thumbnail","hentry","category-gerais","tag-alem-paraiba","tag-almg","tag-almg-aprova-projeto-que-congela-aumento-do-ipva","tag-assembleia-de-minas","tag-astolfo-dutra","tag-aumento-do-ipva-em-minas-gerais","tag-bom-sucesso","tag-calculo-do-ipva-em-minas-gerais","tag-congelamento-da-tabela-do-ipva-em-minas-gerais","tag-congelamento-do-ipva-em-minas-gerais","tag-conselheiro-pena","tag-deputada-ana-paula-siqueira","tag-deputada-beatriz-cerqueira","tag-deputado-agostinho-patrus","tag-deputado-andre-quintao","tag-deputado-barto","tag-deputado-bruno-engler","tag-deputado-cassio-soares","tag-deputado-dalmo-ribeiro","tag-deputado-guilherme-da-cunha","tag-deputado-roberto-andrade","tag-deputado-ulysses-gomes","tag-deputado-ze-guilherme","tag-deputado-ze-reis","tag-destaque","tag-escala-do-ipva-2022-em-minas-gerais","tag-escala-do-ipva-2022-em-minas-gerais-comeca-em-21-de-marco","tag-estrela-dalva","tag-fervedouro","tag-governo-de-minas","tag-ibitiura","tag-ipva-2022-e-lancado-oficialmente-pelo-estado","tag-ipva-2022-em-minas-gerais","tag-ipva-2022-em-minas-gerais-nao-tera-reajuste-e-escala-de-pagamento-comecara-em-marco","tag-ipva-deve-ser-quitado-a-partir-do-dia-21-deste-mes","tag-ipva-em-minas-gerais","tag-janauba","tag-januaria","tag-minas-gerais","tag-minduri","tag-motorista-de-mg-com-atraso-no-ipva-pode-parcelar-debito-em-ate-12-vezes","tag-parcelamento-do-ipva-em-minas-gerais","tag-piranguinho","tag-saiba-como-parcela-o-ipva-em-minas-gerais","tag-sao-sebastiao-do-rio-verde","tag-tabela-do-ipva-2022-em-minas-gerais","tag-tres-pontas"],"yoast_head":"<!-- This site is optimized with the Yoast SEO plugin v28.3 - https:\/\/yoast.com\/product\/yoast-seo-wordpress\/ -->\n<title>Motorista de MG com atraso no IPVA pode parcelar d\u00e9bito em at\u00e9 12 vezes - Aconteceu no Vale<\/title>\n<meta name=\"robots\" content=\"index, follow, max-snippet:-1, max-image-preview:large, max-video-preview:-1\" \/>\n<link rel=\"canonical\" href=\"https:\/\/aconteceunovale.com.br\/portal\/?p=189568\" \/>\n<meta property=\"og:locale\" content=\"pt_BR\" \/>\n<meta property=\"og:type\" content=\"article\" \/>\n<meta property=\"og:title\" content=\"Motorista de MG com atraso no IPVA pode parcelar d\u00e9bito em at\u00e9 12 vezes - Aconteceu no Vale\" \/>\n<meta property=\"og:description\" content=\"O parcelamento pode ser feito diretamente no site da Secretaria de Estado da Fazenda de Minas Gerais, saiba mais O Imposto sobre a Propriedade de Ve\u00edculos Automotores, ou apenas IPVA, \u00e9 um dos principais impostos que um dono de autom\u00f3vel (exceto barcos e avi\u00f5es) precisa pagar. Normalmente, ele \u00e9 cobrado uma vez ao ano com [&hellip;]\" \/>\n<meta property=\"og:url\" content=\"https:\/\/aconteceunovale.com.br\/portal\/?p=189568\" \/>\n<meta property=\"og:site_name\" content=\"Aconteceu no Vale\" \/>\n<meta property=\"article:publisher\" content=\"https:\/\/www.facebook.com\/aconteceunovale\/\" \/>\n<meta property=\"article:published_time\" content=\"2022-08-01T11:40:57+00:00\" \/>\n<meta property=\"article:modified_time\" content=\"2022-08-01T11:44:01+00:00\" \/>\n<meta property=\"og:image\" content=\"https:\/\/aconteceunovale.com.br\/portal\/wp-content\/uploads\/2022\/08\/ipva_veiculos.jpeg\" \/>\n\t<meta property=\"og:image:width\" content=\"675\" \/>\n\t<meta property=\"og:image:height\" content=\"450\" \/>\n\t<meta property=\"og:image:type\" content=\"image\/jpeg\" \/>\n<meta name=\"author\" content=\"Reda\u00e7\u00e3o Aconteceu no Vale\" \/>\n<meta name=\"twitter:card\" content=\"summary_large_image\" \/>\n<meta name=\"twitter:creator\" content=\"@noticiadosvales\" \/>\n<meta name=\"twitter:site\" content=\"@noticiadosvales\" \/>\n<meta name=\"twitter:label1\" content=\"Escrito por\" \/>\n\t<meta name=\"twitter:data1\" content=\"Reda\u00e7\u00e3o Aconteceu no Vale\" \/>\n\t<meta name=\"twitter:label2\" content=\"Est. tempo de leitura\" \/>\n\t<meta name=\"twitter:data2\" content=\"2 minutos\" \/>\n<script type=\"application\/ld+json\" class=\"yoast-schema-graph\">{\"@context\":\"https:\\\/\\\/schema.org\",\"@graph\":[{\"@type\":\"Article\",\"@id\":\"https:\\\/\\\/aconteceunovale.com.br\\\/portal\\\/?p=189568#article\",\"isPartOf\":{\"@id\":\"https:\\\/\\\/aconteceunovale.com.br\\\/portal\\\/?p=189568\"},\"author\":{\"name\":\"Reda\u00e7\u00e3o Aconteceu no Vale\",\"@id\":\"https:\\\/\\\/aconteceunovale.com.br\\\/portal\\\/#\\\/schema\\\/person\\\/7d2f26d1483f8a63de73da1ee0754d35\"},\"headline\":\"Motorista de MG com atraso no IPVA pode parcelar d\u00e9bito em at\u00e9 12 vezes\",\"datePublished\":\"2022-08-01T11:40:57+00:00\",\"dateModified\":\"2022-08-01T11:44:01+00:00\",\"mainEntityOfPage\":{\"@id\":\"https:\\\/\\\/aconteceunovale.com.br\\\/portal\\\/?p=189568\"},\"wordCount\":459,\"commentCount\":0,\"image\":{\"@id\":\"https:\\\/\\\/aconteceunovale.com.br\\\/portal\\\/?p=189568#primaryimage\"},\"thumbnailUrl\":\"https:\\\/\\\/aconteceunovale.com.br\\\/portal\\\/wp-content\\\/uploads\\\/2022\\\/08\\\/ipva_veiculos.jpeg\",\"keywords\":[\"Al\u00e9m Para\u00edba\",\"ALMG\",\"ALMG aprova projeto que congela aumento do IPVA\",\"Assembleia de Minas\",\"Astolfo Dutra\",\"Aumento do IPVA em Minas Gerais\",\"Bom Sucesso\",\"C\u00e1lculo do IPVA em Minas Gerais\",\"Congelamento da tabela do IPVA em Minas Gerais\",\"Congelamento do IPVA em Minas Gerais\",\"Conselheiro Pena\",\"Deputada Ana Paula Siqueira\",\"Deputada Beatriz Cerqueira\",\"Deputado Agostinho Patrus\",\"Deputado Andr\u00e9 Quint\u00e3o\",\"Deputado Bart\u00f4\",\"Deputado Bruno Engler\",\"Deputado C\u00e1ssio Soares\",\"Deputado Dalmo Ribeiro\",\"Deputado Guilherme da Cunha\",\"Deputado Roberto Andrade\",\"Deputado Ulysses Gomes\",\"Deputado Z\u00e9 Guilherme\",\"Deputado Z\u00e9 Reis\",\"destaque\",\"Escala do IPVA 2022 em Minas Gerais\",\"Escala do IPVA 2022 em Minas Gerais come\u00e7a em 21 de mar\u00e7o\",\"Estrela Dalva\",\"Fervedouro\",\"Governo de Minas\",\"Ibiti\u00fara\",\"IPVA 2022 \u00e9 lan\u00e7ado oficialmente pelo Estado\",\"IPVA 2022 em Minas Gerais\",\"IPVA 2022 em Minas Gerais n\u00e3o ter\u00e1 reajuste e escala de pagamento come\u00e7ar\u00e1 em mar\u00e7o\",\"IPVA deve ser quitado a partir do dia 21 deste m\u00eas\",\"IPVA em minas gerais\",\"Jana\u00faba\",\"Janu\u00e1ria\",\"Minas Gerais\",\"Minduri\",\"Motorista de MG com atraso no IPVA pode parcelar d\u00e9bito em at\u00e9 12 vezes\",\"Parcelamento do IPVA em Minas Gerais\",\"Piranguinho\",\"Saiba como parcela o IPVA em Minas Gerais\",\"S\u00e3o Sebasti\u00e3o do Rio Verde\",\"Tabela do IPVA 2022 em Minas Gerais\",\"Tr\u00eas Pontas\"],\"articleSection\":[\"Minas Gerais\"],\"inLanguage\":\"pt-BR\",\"potentialAction\":[{\"@type\":\"CommentAction\",\"name\":\"Comment\",\"target\":[\"https:\\\/\\\/aconteceunovale.com.br\\\/portal\\\/?p=189568#respond\"]}]},{\"@type\":\"WebPage\",\"@id\":\"https:\\\/\\\/aconteceunovale.com.br\\\/portal\\\/?p=189568\",\"url\":\"https:\\\/\\\/aconteceunovale.com.br\\\/portal\\\/?p=189568\",\"name\":\"Motorista de MG com atraso no IPVA pode parcelar d\u00e9bito em at\u00e9 12 vezes - Aconteceu no Vale\",\"isPartOf\":{\"@id\":\"https:\\\/\\\/aconteceunovale.com.br\\\/portal\\\/#website\"},\"primaryImageOfPage\":{\"@id\":\"https:\\\/\\\/aconteceunovale.com.br\\\/portal\\\/?p=189568#primaryimage\"},\"image\":{\"@id\":\"https:\\\/\\\/aconteceunovale.com.br\\\/portal\\\/?p=189568#primaryimage\"},\"thumbnailUrl\":\"https:\\\/\\\/aconteceunovale.com.br\\\/portal\\\/wp-content\\\/uploads\\\/2022\\\/08\\\/ipva_veiculos.jpeg\",\"datePublished\":\"2022-08-01T11:40:57+00:00\",\"dateModified\":\"2022-08-01T11:44:01+00:00\",\"author\":{\"@id\":\"https:\\\/\\\/aconteceunovale.com.br\\\/portal\\\/#\\\/schema\\\/person\\\/7d2f26d1483f8a63de73da1ee0754d35\"},\"breadcrumb\":{\"@id\":\"https:\\\/\\\/aconteceunovale.com.br\\\/portal\\\/?p=189568#breadcrumb\"},\"inLanguage\":\"pt-BR\",\"potentialAction\":[{\"@type\":\"ReadAction\",\"target\":[\"https:\\\/\\\/aconteceunovale.com.br\\\/portal\\\/?p=189568\"]}]},{\"@type\":\"ImageObject\",\"inLanguage\":\"pt-BR\",\"@id\":\"https:\\\/\\\/aconteceunovale.com.br\\\/portal\\\/?p=189568#primaryimage\",\"url\":\"https:\\\/\\\/aconteceunovale.com.br\\\/portal\\\/wp-content\\\/uploads\\\/2022\\\/08\\\/ipva_veiculos.jpeg\",\"contentUrl\":\"https:\\\/\\\/aconteceunovale.com.br\\\/portal\\\/wp-content\\\/uploads\\\/2022\\\/08\\\/ipva_veiculos.jpeg\",\"width\":675,\"height\":450},{\"@type\":\"BreadcrumbList\",\"@id\":\"https:\\\/\\\/aconteceunovale.com.br\\\/portal\\\/?p=189568#breadcrumb\",\"itemListElement\":[{\"@type\":\"ListItem\",\"position\":1,\"name\":\"In\u00edcio\",\"item\":\"https:\\\/\\\/aconteceunovale.com.br\\\/portal\\\/\"},{\"@type\":\"ListItem\",\"position\":2,\"name\":\"Motorista de MG com atraso no IPVA pode parcelar d\u00e9bito em at\u00e9 12 vezes\"}]},{\"@type\":\"WebSite\",\"@id\":\"https:\\\/\\\/aconteceunovale.com.br\\\/portal\\\/#website\",\"url\":\"https:\\\/\\\/aconteceunovale.com.br\\\/portal\\\/\",\"name\":\"Aconteceu no Vale\",\"description\":\"Portal de Not\u00edcias\",\"potentialAction\":[{\"@type\":\"SearchAction\",\"target\":{\"@type\":\"EntryPoint\",\"urlTemplate\":\"https:\\\/\\\/aconteceunovale.com.br\\\/portal\\\/?s={search_term_string}\"},\"query-input\":{\"@type\":\"PropertyValueSpecification\",\"valueRequired\":true,\"valueName\":\"search_term_string\"}}],\"inLanguage\":\"pt-BR\"},{\"@type\":\"Person\",\"@id\":\"https:\\\/\\\/aconteceunovale.com.br\\\/portal\\\/#\\\/schema\\\/person\\\/7d2f26d1483f8a63de73da1ee0754d35\",\"name\":\"Reda\u00e7\u00e3o Aconteceu no Vale\",\"description\":\"Equipe de reportagem do Aconteceu no Vale, portal de not\u00edcias do Vale do Jequitinhonha, em Minas Gerais. Cobrimos as 51 cidades do Vale desde 2013. Sugest\u00f5es de pauta e pedidos de corre\u00e7\u00e3o: contato@aconteceunovale.com.br\",\"url\":\"https:\\\/\\\/aconteceunovale.com.br\\\/portal\\\/?author=4\"}]}<\/script>\n<!-- \/ Yoast SEO plugin. -->","yoast_head_json":{"title":"Motorista de MG com atraso no IPVA pode parcelar d\u00e9bito em at\u00e9 12 vezes - Aconteceu no Vale","robots":{"index":"index","follow":"follow","max-snippet":"max-snippet:-1","max-image-preview":"max-image-preview:large","max-video-preview":"max-video-preview:-1"},"canonical":"https:\/\/aconteceunovale.com.br\/portal\/?p=189568","og_locale":"pt_BR","og_type":"article","og_title":"Motorista de MG com atraso no IPVA pode parcelar d\u00e9bito em at\u00e9 12 vezes - Aconteceu no Vale","og_description":"O parcelamento pode ser feito diretamente no site da Secretaria de Estado da Fazenda de Minas Gerais, saiba mais O Imposto sobre a Propriedade de Ve\u00edculos Automotores, ou apenas IPVA, \u00e9 um dos principais impostos que um dono de autom\u00f3vel (exceto barcos e avi\u00f5es) precisa pagar. Normalmente, ele \u00e9 cobrado uma vez ao ano com [&hellip;]","og_url":"https:\/\/aconteceunovale.com.br\/portal\/?p=189568","og_site_name":"Aconteceu no Vale","article_publisher":"https:\/\/www.facebook.com\/aconteceunovale\/","article_published_time":"2022-08-01T11:40:57+00:00","article_modified_time":"2022-08-01T11:44:01+00:00","og_image":[{"width":675,"height":450,"url":"https:\/\/aconteceunovale.com.br\/portal\/wp-content\/uploads\/2022\/08\/ipva_veiculos.jpeg","type":"image\/jpeg"}],"author":"Reda\u00e7\u00e3o Aconteceu no Vale","twitter_card":"summary_large_image","twitter_creator":"@noticiadosvales","twitter_site":"@noticiadosvales","twitter_misc":{"Escrito por":"Reda\u00e7\u00e3o Aconteceu no Vale","Est. tempo de leitura":"2 minutos"},"schema":{"@context":"https:\/\/schema.org","@graph":[{"@type":"Article","@id":"https:\/\/aconteceunovale.com.br\/portal\/?p=189568#article","isPartOf":{"@id":"https:\/\/aconteceunovale.com.br\/portal\/?p=189568"},"author":{"name":"Reda\u00e7\u00e3o Aconteceu no Vale","@id":"https:\/\/aconteceunovale.com.br\/portal\/#\/schema\/person\/7d2f26d1483f8a63de73da1ee0754d35"},"headline":"Motorista de MG com atraso no IPVA pode parcelar d\u00e9bito em at\u00e9 12 vezes","datePublished":"2022-08-01T11:40:57+00:00","dateModified":"2022-08-01T11:44:01+00:00","mainEntityOfPage":{"@id":"https:\/\/aconteceunovale.com.br\/portal\/?p=189568"},"wordCount":459,"commentCount":0,"image":{"@id":"https:\/\/aconteceunovale.com.br\/portal\/?p=189568#primaryimage"},"thumbnailUrl":"https:\/\/aconteceunovale.com.br\/portal\/wp-content\/uploads\/2022\/08\/ipva_veiculos.jpeg","keywords":["Al\u00e9m Para\u00edba","ALMG","ALMG aprova projeto que congela aumento do IPVA","Assembleia de Minas","Astolfo Dutra","Aumento do IPVA em Minas Gerais","Bom Sucesso","C\u00e1lculo do IPVA em Minas Gerais","Congelamento da tabela do IPVA em Minas Gerais","Congelamento do IPVA em Minas Gerais","Conselheiro Pena","Deputada Ana Paula Siqueira","Deputada Beatriz Cerqueira","Deputado Agostinho Patrus","Deputado Andr\u00e9 Quint\u00e3o","Deputado Bart\u00f4","Deputado Bruno Engler","Deputado C\u00e1ssio Soares","Deputado Dalmo Ribeiro","Deputado Guilherme da Cunha","Deputado Roberto Andrade","Deputado Ulysses Gomes","Deputado Z\u00e9 Guilherme","Deputado Z\u00e9 Reis","destaque","Escala do IPVA 2022 em Minas Gerais","Escala do IPVA 2022 em Minas Gerais come\u00e7a em 21 de mar\u00e7o","Estrela Dalva","Fervedouro","Governo de Minas","Ibiti\u00fara","IPVA 2022 \u00e9 lan\u00e7ado oficialmente pelo Estado","IPVA 2022 em Minas Gerais","IPVA 2022 em Minas Gerais n\u00e3o ter\u00e1 reajuste e escala de pagamento come\u00e7ar\u00e1 em mar\u00e7o","IPVA deve ser quitado a partir do dia 21 deste m\u00eas","IPVA em minas gerais","Jana\u00faba","Janu\u00e1ria","Minas Gerais","Minduri","Motorista de MG com atraso no IPVA pode parcelar d\u00e9bito em at\u00e9 12 vezes","Parcelamento do IPVA em Minas Gerais","Piranguinho","Saiba como parcela o IPVA em Minas Gerais","S\u00e3o Sebasti\u00e3o do Rio Verde","Tabela do IPVA 2022 em Minas Gerais","Tr\u00eas Pontas"],"articleSection":["Minas Gerais"],"inLanguage":"pt-BR","potentialAction":[{"@type":"CommentAction","name":"Comment","target":["https:\/\/aconteceunovale.com.br\/portal\/?p=189568#respond"]}]},{"@type":"WebPage","@id":"https:\/\/aconteceunovale.com.br\/portal\/?p=189568","url":"https:\/\/aconteceunovale.com.br\/portal\/?p=189568","name":"Motorista de MG com atraso no IPVA pode parcelar d\u00e9bito em at\u00e9 12 vezes - Aconteceu no Vale","isPartOf":{"@id":"https:\/\/aconteceunovale.com.br\/portal\/#website"},"primaryImageOfPage":{"@id":"https:\/\/aconteceunovale.com.br\/portal\/?p=189568#primaryimage"},"image":{"@id":"https:\/\/aconteceunovale.com.br\/portal\/?p=189568#primaryimage"},"thumbnailUrl":"https:\/\/aconteceunovale.com.br\/portal\/wp-content\/uploads\/2022\/08\/ipva_veiculos.jpeg","datePublished":"2022-08-01T11:40:57+00:00","dateModified":"2022-08-01T11:44:01+00:00","author":{"@id":"https:\/\/aconteceunovale.com.br\/portal\/#\/schema\/person\/7d2f26d1483f8a63de73da1ee0754d35"},"breadcrumb":{"@id":"https:\/\/aconteceunovale.com.br\/portal\/?p=189568#breadcrumb"},"inLanguage":"pt-BR","potentialAction":[{"@type":"ReadAction","target":["https:\/\/aconteceunovale.com.br\/portal\/?p=189568"]}]},{"@type":"ImageObject","inLanguage":"pt-BR","@id":"https:\/\/aconteceunovale.com.br\/portal\/?p=189568#primaryimage","url":"https:\/\/aconteceunovale.com.br\/portal\/wp-content\/uploads\/2022\/08\/ipva_veiculos.jpeg","contentUrl":"https:\/\/aconteceunovale.com.br\/portal\/wp-content\/uploads\/2022\/08\/ipva_veiculos.jpeg","width":675,"height":450},{"@type":"BreadcrumbList","@id":"https:\/\/aconteceunovale.com.br\/portal\/?p=189568#breadcrumb","itemListElement":[{"@type":"ListItem","position":1,"name":"In\u00edcio","item":"https:\/\/aconteceunovale.com.br\/portal\/"},{"@type":"ListItem","position":2,"name":"Motorista de MG com atraso no IPVA pode parcelar d\u00e9bito em at\u00e9 12 vezes"}]},{"@type":"WebSite","@id":"https:\/\/aconteceunovale.com.br\/portal\/#website","url":"https:\/\/aconteceunovale.com.br\/portal\/","name":"Aconteceu no Vale","description":"Portal de Not\u00edcias","potentialAction":[{"@type":"SearchAction","target":{"@type":"EntryPoint","urlTemplate":"https:\/\/aconteceunovale.com.br\/portal\/?s={search_term_string}"},"query-input":{"@type":"PropertyValueSpecification","valueRequired":true,"valueName":"search_term_string"}}],"inLanguage":"pt-BR"},{"@type":"Person","@id":"https:\/\/aconteceunovale.com.br\/portal\/#\/schema\/person\/7d2f26d1483f8a63de73da1ee0754d35","name":"Reda\u00e7\u00e3o Aconteceu no Vale","description":"Equipe de reportagem do Aconteceu no Vale, portal de not\u00edcias do Vale do Jequitinhonha, em Minas Gerais. Cobrimos as 51 cidades do Vale desde 2013. Sugest\u00f5es de pauta e pedidos de corre\u00e7\u00e3o: contato@aconteceunovale.com.br","url":"https:\/\/aconteceunovale.com.br\/portal\/?author=4"}]}},"_links":{"self":[{"href":"https:\/\/aconteceunovale.com.br\/portal\/index.php?rest_route=\/wp\/v2\/posts\/189568","targetHints":{"allow":["GET"]}}],"collection":[{"href":"https:\/\/aconteceunovale.com.br\/portal\/index.php?rest_route=\/wp\/v2\/posts"}],"about":[{"href":"https:\/\/aconteceunovale.com.br\/portal\/index.php?rest_route=\/wp\/v2\/types\/post"}],"author":[{"embeddable":true,"href":"https:\/\/aconteceunovale.com.br\/portal\/index.php?rest_route=\/wp\/v2\/users\/4"}],"replies":[{"embeddable":true,"href":"https:\/\/aconteceunovale.com.br\/portal\/index.php?rest_route=%2Fwp%2Fv2%2Fcomments&post=189568"}],"version-history":[{"count":1,"href":"https:\/\/aconteceunovale.com.br\/portal\/index.php?rest_route=\/wp\/v2\/posts\/189568\/revisions"}],"predecessor-version":[{"id":189570,"href":"https:\/\/aconteceunovale.com.br\/portal\/index.php?rest_route=\/wp\/v2\/posts\/189568\/revisions\/189570"}],"wp:featuredmedia":[{"embeddable":true,"href":"https:\/\/aconteceunovale.com.br\/portal\/index.php?rest_route=\/wp\/v2\/media\/189569"}],"wp:attachment":[{"href":"https:\/\/aconteceunovale.com.br\/portal\/index.php?rest_route=%2Fwp%2Fv2%2Fmedia&parent=189568"}],"wp:term":[{"taxonomy":"category","embeddable":true,"href":"https:\/\/aconteceunovale.com.br\/portal\/index.php?rest_route=%2Fwp%2Fv2%2Fcategories&post=189568"},{"taxonomy":"post_tag","embeddable":true,"href":"https:\/\/aconteceunovale.com.br\/portal\/index.php?rest_route=%2Fwp%2Fv2%2Ftags&post=189568"}],"curies":[{"name":"wp","href":"https:\/\/api.w.org\/{rel}","templated":true}]}}