{"id":189565,"date":"2022-07-30T13:45:52","date_gmt":"2022-07-30T16:45:52","guid":{"rendered":"https:\/\/aconteceunovale.com.br\/portal\/?p=189565"},"modified":"2022-07-31T21:11:56","modified_gmt":"2022-08-01T00:11:56","slug":"pcb-homologa-candidatura-de-sofia-manzano-a-presidencia","status":"publish","type":"post","link":"https:\/\/aconteceunovale.com.br\/portal\/?p=189565","title":{"rendered":"PCB homologa candidatura de Sofia Manzano \u00e0 Presid\u00eancia"},"content":{"rendered":"\n<p class=\"wp-block-paragraph\">O Partido Comunista Brasileiro (PCB) homologou\u00a0hoje\u00a0(30) como candidata \u00e0 Presid\u00eancia da Rep\u00fablica nas elei\u00e7\u00f5es de 2022 a professora e economista Sofia Manzano. A chapa\u00a0ter\u00e1, como vice-presidente, o sindicalista Ant\u00f4nio Alves. Para as elei\u00e7\u00f5es majorit\u00e1rias, o partido optou por n\u00e3o fazer coliga\u00e7\u00f5es com outras legendas. A cerim\u00f4nia de homologa\u00e7\u00e3o foi no bairro do\u00a0Tatuap\u00e9, em S\u00e3o Paulo.<\/p>\n\n\n\n<figure class=\"wp-block-gallery has-nested-images columns-default is-cropped wp-block-gallery-1 is-layout-flex wp-block-gallery-is-layout-flex\">\n<figure class=\"wp-block-image size-large\"><img loading=\"lazy\" decoding=\"async\" width=\"600\" height=\"450\" data-id=\"189566\" src=\"https:\/\/aconteceunovale.com.br\/portal\/wp-content\/uploads\/2022\/07\/sofia_pcb.jpg\" alt=\"\" class=\"wp-image-189566\" srcset=\"https:\/\/aconteceunovale.com.br\/portal\/wp-content\/uploads\/2022\/07\/sofia_pcb.jpg 600w, https:\/\/aconteceunovale.com.br\/portal\/wp-content\/uploads\/2022\/07\/sofia_pcb-300x225.jpg 300w, https:\/\/aconteceunovale.com.br\/portal\/wp-content\/uploads\/2022\/07\/sofia_pcb-80x60.jpg 80w, https:\/\/aconteceunovale.com.br\/portal\/wp-content\/uploads\/2022\/07\/sofia_pcb-265x198.jpg 265w, https:\/\/aconteceunovale.com.br\/portal\/wp-content\/uploads\/2022\/07\/sofia_pcb-560x420.jpg 560w\" sizes=\"auto, (max-width: 600px) 100vw, 600px\" \/><figcaption><em><sub>Foto: Facebook Renata Regina \/ Divulga\u00e7\u00e3o PCB<\/sub><\/em><\/figcaption><\/figure>\n<\/figure>\n\n\n\n<p class=\"wp-block-paragraph\">As propostas do PCB abrangem revoga\u00e7\u00e3o de \u201ccontrarreformas e de toda a legisla\u00e7\u00e3o neoliberal contr\u00e1ria aos interesses dos trabalhadores, da juventude e da popula\u00e7\u00e3o pobre\u201d, o que inclui a Lei de Responsabilidade Fiscal e do teto dos gastos e a cria\u00e7\u00e3o de uma Lei de Responsabilidade Social, que garanta recursos para investimento p\u00fablico no desenvolvimento do pa\u00eds e nas \u00e1reas sociais.<\/p>\n\n\n\n<p class=\"wp-block-paragraph\">A reforma tribut\u00e1ria defendida pelo partido \u00e9 \u201cprogressiva\u201d, taxando lucros e dividendos, grandes fortunas, heran\u00e7as e&nbsp;transa\u00e7\u00f5es financeiras, al\u00e9m de isentar&nbsp;quem ganha at\u00e9 cinco sal\u00e1rios m\u00ednimos da cobran\u00e7a do Imposto de Renda. A pol\u00edtica defendida pelo PCB \u00e9 de \u201crecomposi\u00e7\u00e3o das perdas salariais e valoriza\u00e7\u00e3o do sal\u00e1rio m\u00ednimo, aliada a uma reforma agr\u00e1ria sob o controle popular e ao combate permanente a todas formas de opress\u00e3o.<\/p>\n\n\n\n<p class=\"wp-block-paragraph\">Durante o discurso, Sofia Manzano falou sobre os 100 anos de hist\u00f3ria do \u201cpartid\u00e3o nas ruas, denunciando as mazelas de um capitalismo que n\u00e3o deu certo por destruir seres humanos e meio ambiente\u201d. Ela defendeu a redu\u00e7\u00e3o da jornada de trabalho para 30 horas semanais sem redu\u00e7\u00e3o salarial. Abordou tamb\u00e9m algumas quest\u00f5es pol\u00eamicas como a descriminaliza\u00e7\u00e3o das drogas e do aborto.<\/p>\n\n\n\n<p class=\"wp-block-paragraph\">\u201cSomos a \u00fanica candidatura que defende a descriminaliza\u00e7\u00e3o das drogas porque a pol\u00edtica de guerra \u00e0s drogas \u00e9 na verdade uma pol\u00edtica de matan\u00e7a e encarceramento da popula\u00e7\u00e3o negra e jovem. E somos a \u00fanica candidatura que defende a legaliza\u00e7\u00e3o do aborto, porque o aborto em nosso pa\u00eds s\u00f3 \u00e9 ilegal e criminalizado para a popula\u00e7\u00e3o pobre. Para mulheres ricas ele n\u00e3o \u00e9 criminalizado, porque \u00e9 tranquilamente praticado nas estruturas do mais alto luxo da sa\u00fade privada\u201d.&nbsp; Ant\u00f4nio Alves reiterou o compromisso de levar a palavra do PCB a favelas, comunidades, locais de trabalho e de estudo, moradias e aldeias ind\u00edgenas. \u201cVamos estar onde o povo est\u00e1\u201d, disse.<\/p>\n\n\n\n<h2 class=\"wp-block-heading\">Perfil<\/h2>\n\n\n\n<p class=\"wp-block-paragraph\">Sofia Manzano nasceu em&nbsp;19 de maio&nbsp;de 1971 na cidade de S\u00e3o Paulo. Graduada em ci\u00eancias econ\u00f4micas pela PUC\/SP, \u00e9 mestra em desenvolvimento econ\u00f4mico pelo Instituto de Economia da Unicamp e doutora em hist\u00f3ria econ\u00f4mica pela USP. Foi aprovada em primeiro lugar em concurso p\u00fablico para professora do curso de Economia da&nbsp;Universidade Estadual do Sudoeste da Bahia (UESB), motivo pelo qual mudou-se para Vit\u00f3ria da Conquista em 2013.<\/p>\n\n\n\n<p class=\"wp-block-paragraph\">Desenvolve pesquisas sobre mercado de trabalho e desigualdade social no capitalismo. A milit\u00e2ncia no PCB teve in\u00edcio durante a campanha presidencial de 1989. Foi tamb\u00e9m atuante no movimento sindical. Integrou alguns sindicatos de professores, chegando a ser eleita vice-presidente da Associa\u00e7\u00e3o de Docentes da Universidade de S\u00e3o Paulo entre 2015 e 2016.<\/p>\n\n\n\n<p class=\"wp-block-paragraph\">&#8212;&#8212;&#8212;&#8212;&#8212;&#8212;<br><br><strong>Sabia que o Aconteceu no Vale est\u00e1 tamb\u00e9m no Telegram? <a rel=\"noreferrer noopener\" href=\"https:\/\/t.me\/aconteceunovaleoficial\" target=\"_blank\">Inscreva-se no canal<\/a>.<\/strong><br><br><strong>J\u00e1 curtiu ou seguiu nossas p\u00e1ginas nas redes sociais?\u00a0Receba as not\u00edcias em primeira m\u00e3o:<\/strong><br>\u2022 <a rel=\"noreferrer noopener\" href=\"https:\/\/news.google.com\/publications\/CAAqBwgKMNjklQswi4etAw?hl=pt-BR&amp;gl=BR&amp;ceid=BR%3Apt-419\" target=\"_blank\">Google News<\/a><br>\u2022 <a rel=\"noreferrer noopener\" href=\"https:\/\/www.facebook.com\/aconteceunovale\/\" target=\"_blank\">Facebook<\/a><br>\u2022 <a rel=\"noreferrer noopener\" href=\"https:\/\/twitter.com\/noticiadosvales\" target=\"_blank\">Twitter<\/a><br>\u2022 <a rel=\"noreferrer noopener\" href=\"https:\/\/www.instagram.com\/aconteceunovale\" target=\"_blank\">Instagram<\/a><br>\u2022 <a rel=\"noreferrer noopener\" href=\"https:\/\/www.youtube.com\/AconteceunoValeOficial\" target=\"_blank\">Youtube<\/a><br>\u2022 <a rel=\"noreferrer noopener\" href=\"https:\/\/www.tiktok.com\/@aconteceunovale\" target=\"_blank\">TikTok<\/a><\/p>\n","protected":false},"excerpt":{"rendered":"<p>O Partido Comunista Brasileiro (PCB) homologou\u00a0hoje\u00a0(30) como candidata \u00e0 Presid\u00eancia da Rep\u00fablica nas elei\u00e7\u00f5es de 2022 a professora e economista Sofia Manzano. A chapa\u00a0ter\u00e1, como vice-presidente, o sindicalista Ant\u00f4nio Alves. Para as elei\u00e7\u00f5es majorit\u00e1rias, o partido optou por n\u00e3o fazer coliga\u00e7\u00f5es com outras legendas. A cerim\u00f4nia de homologa\u00e7\u00e3o foi no bairro do\u00a0Tatuap\u00e9, em S\u00e3o Paulo. [&hellip;]<\/p>\n","protected":false},"author":4,"featured_media":189566,"comment_status":"open","ping_status":"closed","sticky":false,"template":"","format":"standard","meta":{"amp_status":"","footnotes":""},"categories":[6,249933,40240],"tags":[177094,252238,261773,261772,261682,261801,13966,261799,2382,261800],"class_list":["post-189565","post","type-post","status-publish","format-standard","has-post-thumbnail","hentry","category-br","category-eleicoes-2022","category-politica","tag-antonio-alves","tag-eleicoes-2022","tag-eleicoes-para-presidencia-do-brasil","tag-eleicoes-para-presidente-do-brasil","tag-eleicoes-presidenciais-2022","tag-partido-comunista-brasileiro","tag-pcb","tag-pcb-homologa-candidatura-de-sofia-manzano-a-presidencia","tag-sao-paulo","tag-sofia-manzano"],"yoast_head":"<!-- This site is optimized with the Yoast SEO plugin v28.3 - https:\/\/yoast.com\/product\/yoast-seo-wordpress\/ -->\n<title>PCB homologa candidatura de Sofia Manzano \u00e0 Presid\u00eancia - Aconteceu no Vale<\/title>\n<meta name=\"robots\" content=\"index, follow, max-snippet:-1, max-image-preview:large, max-video-preview:-1\" \/>\n<link rel=\"canonical\" href=\"https:\/\/aconteceunovale.com.br\/portal\/?p=189565\" \/>\n<meta property=\"og:locale\" content=\"pt_BR\" \/>\n<meta property=\"og:type\" content=\"article\" \/>\n<meta property=\"og:title\" content=\"PCB homologa candidatura de Sofia Manzano \u00e0 Presid\u00eancia - Aconteceu no Vale\" \/>\n<meta property=\"og:description\" content=\"O Partido Comunista Brasileiro (PCB) homologou\u00a0hoje\u00a0(30) como candidata \u00e0 Presid\u00eancia da Rep\u00fablica nas elei\u00e7\u00f5es de 2022 a professora e economista Sofia Manzano. A chapa\u00a0ter\u00e1, como vice-presidente, o sindicalista Ant\u00f4nio Alves. Para as elei\u00e7\u00f5es majorit\u00e1rias, o partido optou por n\u00e3o fazer coliga\u00e7\u00f5es com outras legendas. A cerim\u00f4nia de homologa\u00e7\u00e3o foi no bairro do\u00a0Tatuap\u00e9, em S\u00e3o Paulo. [&hellip;]\" \/>\n<meta property=\"og:url\" content=\"https:\/\/aconteceunovale.com.br\/portal\/?p=189565\" \/>\n<meta property=\"og:site_name\" content=\"Aconteceu no Vale\" \/>\n<meta property=\"article:publisher\" content=\"https:\/\/www.facebook.com\/aconteceunovale\/\" \/>\n<meta property=\"article:published_time\" content=\"2022-07-30T16:45:52+00:00\" \/>\n<meta property=\"article:modified_time\" content=\"2022-08-01T00:11:56+00:00\" \/>\n<meta property=\"og:image\" content=\"https:\/\/aconteceunovale.com.br\/portal\/wp-content\/uploads\/2022\/07\/sofia_pcb.jpg\" \/>\n\t<meta property=\"og:image:width\" content=\"600\" \/>\n\t<meta property=\"og:image:height\" content=\"450\" \/>\n\t<meta property=\"og:image:type\" content=\"image\/jpeg\" \/>\n<meta name=\"author\" content=\"Reda\u00e7\u00e3o Aconteceu no Vale\" \/>\n<meta name=\"twitter:card\" content=\"summary_large_image\" \/>\n<meta name=\"twitter:creator\" content=\"@noticiadosvales\" \/>\n<meta name=\"twitter:site\" content=\"@noticiadosvales\" \/>\n<meta name=\"twitter:label1\" content=\"Escrito por\" \/>\n\t<meta name=\"twitter:data1\" content=\"Reda\u00e7\u00e3o Aconteceu no Vale\" \/>\n\t<meta name=\"twitter:label2\" content=\"Est. tempo de leitura\" \/>\n\t<meta name=\"twitter:data2\" content=\"3 minutos\" \/>\n<script type=\"application\/ld+json\" class=\"yoast-schema-graph\">{\"@context\":\"https:\\\/\\\/schema.org\",\"@graph\":[{\"@type\":\"Article\",\"@id\":\"https:\\\/\\\/aconteceunovale.com.br\\\/portal\\\/?p=189565#article\",\"isPartOf\":{\"@id\":\"https:\\\/\\\/aconteceunovale.com.br\\\/portal\\\/?p=189565\"},\"author\":{\"name\":\"Reda\u00e7\u00e3o Aconteceu no Vale\",\"@id\":\"https:\\\/\\\/aconteceunovale.com.br\\\/portal\\\/#\\\/schema\\\/person\\\/7d2f26d1483f8a63de73da1ee0754d35\"},\"headline\":\"PCB homologa candidatura de Sofia Manzano \u00e0 Presid\u00eancia\",\"datePublished\":\"2022-07-30T16:45:52+00:00\",\"dateModified\":\"2022-08-01T00:11:56+00:00\",\"mainEntityOfPage\":{\"@id\":\"https:\\\/\\\/aconteceunovale.com.br\\\/portal\\\/?p=189565\"},\"wordCount\":589,\"commentCount\":0,\"image\":{\"@id\":\"https:\\\/\\\/aconteceunovale.com.br\\\/portal\\\/?p=189565#primaryimage\"},\"thumbnailUrl\":\"https:\\\/\\\/aconteceunovale.com.br\\\/portal\\\/wp-content\\\/uploads\\\/2022\\\/07\\\/sofia_pcb.jpg\",\"keywords\":[\"Ant\u00f4nio Alves\",\"Elei\u00e7\u00f5es 2022\",\"Elei\u00e7\u00f5es para Presid\u00eancia do Brasil\",\"Elei\u00e7\u00f5es para presidente do Brasil\",\"Elei\u00e7\u00f5es Presidenciais 2022\",\"Partido Comunista Brasileiro\",\"PCB\",\"PCB homologa candidatura de Sofia Manzano \u00e0 Presid\u00eancia\",\"S\u00e3o Paulo\",\"Sofia Manzano\"],\"articleSection\":[\"Brasil\",\"Elei\u00e7\u00f5es 2022\",\"Pol\u00edtica\"],\"inLanguage\":\"pt-BR\",\"potentialAction\":[{\"@type\":\"CommentAction\",\"name\":\"Comment\",\"target\":[\"https:\\\/\\\/aconteceunovale.com.br\\\/portal\\\/?p=189565#respond\"]}]},{\"@type\":\"WebPage\",\"@id\":\"https:\\\/\\\/aconteceunovale.com.br\\\/portal\\\/?p=189565\",\"url\":\"https:\\\/\\\/aconteceunovale.com.br\\\/portal\\\/?p=189565\",\"name\":\"PCB homologa candidatura de Sofia Manzano \u00e0 Presid\u00eancia - Aconteceu no Vale\",\"isPartOf\":{\"@id\":\"https:\\\/\\\/aconteceunovale.com.br\\\/portal\\\/#website\"},\"primaryImageOfPage\":{\"@id\":\"https:\\\/\\\/aconteceunovale.com.br\\\/portal\\\/?p=189565#primaryimage\"},\"image\":{\"@id\":\"https:\\\/\\\/aconteceunovale.com.br\\\/portal\\\/?p=189565#primaryimage\"},\"thumbnailUrl\":\"https:\\\/\\\/aconteceunovale.com.br\\\/portal\\\/wp-content\\\/uploads\\\/2022\\\/07\\\/sofia_pcb.jpg\",\"datePublished\":\"2022-07-30T16:45:52+00:00\",\"dateModified\":\"2022-08-01T00:11:56+00:00\",\"author\":{\"@id\":\"https:\\\/\\\/aconteceunovale.com.br\\\/portal\\\/#\\\/schema\\\/person\\\/7d2f26d1483f8a63de73da1ee0754d35\"},\"breadcrumb\":{\"@id\":\"https:\\\/\\\/aconteceunovale.com.br\\\/portal\\\/?p=189565#breadcrumb\"},\"inLanguage\":\"pt-BR\",\"potentialAction\":[{\"@type\":\"ReadAction\",\"target\":[\"https:\\\/\\\/aconteceunovale.com.br\\\/portal\\\/?p=189565\"]}]},{\"@type\":\"ImageObject\",\"inLanguage\":\"pt-BR\",\"@id\":\"https:\\\/\\\/aconteceunovale.com.br\\\/portal\\\/?p=189565#primaryimage\",\"url\":\"https:\\\/\\\/aconteceunovale.com.br\\\/portal\\\/wp-content\\\/uploads\\\/2022\\\/07\\\/sofia_pcb.jpg\",\"contentUrl\":\"https:\\\/\\\/aconteceunovale.com.br\\\/portal\\\/wp-content\\\/uploads\\\/2022\\\/07\\\/sofia_pcb.jpg\",\"width\":600,\"height\":450},{\"@type\":\"BreadcrumbList\",\"@id\":\"https:\\\/\\\/aconteceunovale.com.br\\\/portal\\\/?p=189565#breadcrumb\",\"itemListElement\":[{\"@type\":\"ListItem\",\"position\":1,\"name\":\"In\u00edcio\",\"item\":\"https:\\\/\\\/aconteceunovale.com.br\\\/portal\\\/\"},{\"@type\":\"ListItem\",\"position\":2,\"name\":\"PCB homologa candidatura de Sofia Manzano \u00e0 Presid\u00eancia\"}]},{\"@type\":\"WebSite\",\"@id\":\"https:\\\/\\\/aconteceunovale.com.br\\\/portal\\\/#website\",\"url\":\"https:\\\/\\\/aconteceunovale.com.br\\\/portal\\\/\",\"name\":\"Aconteceu no Vale\",\"description\":\"Portal de Not\u00edcias\",\"potentialAction\":[{\"@type\":\"SearchAction\",\"target\":{\"@type\":\"EntryPoint\",\"urlTemplate\":\"https:\\\/\\\/aconteceunovale.com.br\\\/portal\\\/?s={search_term_string}\"},\"query-input\":{\"@type\":\"PropertyValueSpecification\",\"valueRequired\":true,\"valueName\":\"search_term_string\"}}],\"inLanguage\":\"pt-BR\"},{\"@type\":\"Person\",\"@id\":\"https:\\\/\\\/aconteceunovale.com.br\\\/portal\\\/#\\\/schema\\\/person\\\/7d2f26d1483f8a63de73da1ee0754d35\",\"name\":\"Reda\u00e7\u00e3o Aconteceu no Vale\",\"description\":\"Equipe de reportagem do Aconteceu no Vale, portal de not\u00edcias do Vale do Jequitinhonha, em Minas Gerais. Cobrimos as 51 cidades do Vale desde 2013. Sugest\u00f5es de pauta e pedidos de corre\u00e7\u00e3o: contato@aconteceunovale.com.br\",\"url\":\"https:\\\/\\\/aconteceunovale.com.br\\\/portal\\\/?author=4\"}]}<\/script>\n<!-- \/ Yoast SEO plugin. -->","yoast_head_json":{"title":"PCB homologa candidatura de Sofia Manzano \u00e0 Presid\u00eancia - Aconteceu no Vale","robots":{"index":"index","follow":"follow","max-snippet":"max-snippet:-1","max-image-preview":"max-image-preview:large","max-video-preview":"max-video-preview:-1"},"canonical":"https:\/\/aconteceunovale.com.br\/portal\/?p=189565","og_locale":"pt_BR","og_type":"article","og_title":"PCB homologa candidatura de Sofia Manzano \u00e0 Presid\u00eancia - Aconteceu no Vale","og_description":"O Partido Comunista Brasileiro (PCB) homologou\u00a0hoje\u00a0(30) como candidata \u00e0 Presid\u00eancia da Rep\u00fablica nas elei\u00e7\u00f5es de 2022 a professora e economista Sofia Manzano. A chapa\u00a0ter\u00e1, como vice-presidente, o sindicalista Ant\u00f4nio Alves. Para as elei\u00e7\u00f5es majorit\u00e1rias, o partido optou por n\u00e3o fazer coliga\u00e7\u00f5es com outras legendas. A cerim\u00f4nia de homologa\u00e7\u00e3o foi no bairro do\u00a0Tatuap\u00e9, em S\u00e3o Paulo. [&hellip;]","og_url":"https:\/\/aconteceunovale.com.br\/portal\/?p=189565","og_site_name":"Aconteceu no Vale","article_publisher":"https:\/\/www.facebook.com\/aconteceunovale\/","article_published_time":"2022-07-30T16:45:52+00:00","article_modified_time":"2022-08-01T00:11:56+00:00","og_image":[{"width":600,"height":450,"url":"https:\/\/aconteceunovale.com.br\/portal\/wp-content\/uploads\/2022\/07\/sofia_pcb.jpg","type":"image\/jpeg"}],"author":"Reda\u00e7\u00e3o Aconteceu no Vale","twitter_card":"summary_large_image","twitter_creator":"@noticiadosvales","twitter_site":"@noticiadosvales","twitter_misc":{"Escrito por":"Reda\u00e7\u00e3o Aconteceu no Vale","Est. tempo de leitura":"3 minutos"},"schema":{"@context":"https:\/\/schema.org","@graph":[{"@type":"Article","@id":"https:\/\/aconteceunovale.com.br\/portal\/?p=189565#article","isPartOf":{"@id":"https:\/\/aconteceunovale.com.br\/portal\/?p=189565"},"author":{"name":"Reda\u00e7\u00e3o Aconteceu no Vale","@id":"https:\/\/aconteceunovale.com.br\/portal\/#\/schema\/person\/7d2f26d1483f8a63de73da1ee0754d35"},"headline":"PCB homologa candidatura de Sofia Manzano \u00e0 Presid\u00eancia","datePublished":"2022-07-30T16:45:52+00:00","dateModified":"2022-08-01T00:11:56+00:00","mainEntityOfPage":{"@id":"https:\/\/aconteceunovale.com.br\/portal\/?p=189565"},"wordCount":589,"commentCount":0,"image":{"@id":"https:\/\/aconteceunovale.com.br\/portal\/?p=189565#primaryimage"},"thumbnailUrl":"https:\/\/aconteceunovale.com.br\/portal\/wp-content\/uploads\/2022\/07\/sofia_pcb.jpg","keywords":["Ant\u00f4nio Alves","Elei\u00e7\u00f5es 2022","Elei\u00e7\u00f5es para Presid\u00eancia do Brasil","Elei\u00e7\u00f5es para presidente do Brasil","Elei\u00e7\u00f5es Presidenciais 2022","Partido Comunista Brasileiro","PCB","PCB homologa candidatura de Sofia Manzano \u00e0 Presid\u00eancia","S\u00e3o Paulo","Sofia Manzano"],"articleSection":["Brasil","Elei\u00e7\u00f5es 2022","Pol\u00edtica"],"inLanguage":"pt-BR","potentialAction":[{"@type":"CommentAction","name":"Comment","target":["https:\/\/aconteceunovale.com.br\/portal\/?p=189565#respond"]}]},{"@type":"WebPage","@id":"https:\/\/aconteceunovale.com.br\/portal\/?p=189565","url":"https:\/\/aconteceunovale.com.br\/portal\/?p=189565","name":"PCB homologa candidatura de Sofia Manzano \u00e0 Presid\u00eancia - Aconteceu no Vale","isPartOf":{"@id":"https:\/\/aconteceunovale.com.br\/portal\/#website"},"primaryImageOfPage":{"@id":"https:\/\/aconteceunovale.com.br\/portal\/?p=189565#primaryimage"},"image":{"@id":"https:\/\/aconteceunovale.com.br\/portal\/?p=189565#primaryimage"},"thumbnailUrl":"https:\/\/aconteceunovale.com.br\/portal\/wp-content\/uploads\/2022\/07\/sofia_pcb.jpg","datePublished":"2022-07-30T16:45:52+00:00","dateModified":"2022-08-01T00:11:56+00:00","author":{"@id":"https:\/\/aconteceunovale.com.br\/portal\/#\/schema\/person\/7d2f26d1483f8a63de73da1ee0754d35"},"breadcrumb":{"@id":"https:\/\/aconteceunovale.com.br\/portal\/?p=189565#breadcrumb"},"inLanguage":"pt-BR","potentialAction":[{"@type":"ReadAction","target":["https:\/\/aconteceunovale.com.br\/portal\/?p=189565"]}]},{"@type":"ImageObject","inLanguage":"pt-BR","@id":"https:\/\/aconteceunovale.com.br\/portal\/?p=189565#primaryimage","url":"https:\/\/aconteceunovale.com.br\/portal\/wp-content\/uploads\/2022\/07\/sofia_pcb.jpg","contentUrl":"https:\/\/aconteceunovale.com.br\/portal\/wp-content\/uploads\/2022\/07\/sofia_pcb.jpg","width":600,"height":450},{"@type":"BreadcrumbList","@id":"https:\/\/aconteceunovale.com.br\/portal\/?p=189565#breadcrumb","itemListElement":[{"@type":"ListItem","position":1,"name":"In\u00edcio","item":"https:\/\/aconteceunovale.com.br\/portal\/"},{"@type":"ListItem","position":2,"name":"PCB homologa candidatura de Sofia Manzano \u00e0 Presid\u00eancia"}]},{"@type":"WebSite","@id":"https:\/\/aconteceunovale.com.br\/portal\/#website","url":"https:\/\/aconteceunovale.com.br\/portal\/","name":"Aconteceu no Vale","description":"Portal de Not\u00edcias","potentialAction":[{"@type":"SearchAction","target":{"@type":"EntryPoint","urlTemplate":"https:\/\/aconteceunovale.com.br\/portal\/?s={search_term_string}"},"query-input":{"@type":"PropertyValueSpecification","valueRequired":true,"valueName":"search_term_string"}}],"inLanguage":"pt-BR"},{"@type":"Person","@id":"https:\/\/aconteceunovale.com.br\/portal\/#\/schema\/person\/7d2f26d1483f8a63de73da1ee0754d35","name":"Reda\u00e7\u00e3o Aconteceu no Vale","description":"Equipe de reportagem do Aconteceu no Vale, portal de not\u00edcias do Vale do Jequitinhonha, em Minas Gerais. Cobrimos as 51 cidades do Vale desde 2013. Sugest\u00f5es de pauta e pedidos de corre\u00e7\u00e3o: contato@aconteceunovale.com.br","url":"https:\/\/aconteceunovale.com.br\/portal\/?author=4"}]}},"_links":{"self":[{"href":"https:\/\/aconteceunovale.com.br\/portal\/index.php?rest_route=\/wp\/v2\/posts\/189565","targetHints":{"allow":["GET"]}}],"collection":[{"href":"https:\/\/aconteceunovale.com.br\/portal\/index.php?rest_route=\/wp\/v2\/posts"}],"about":[{"href":"https:\/\/aconteceunovale.com.br\/portal\/index.php?rest_route=\/wp\/v2\/types\/post"}],"author":[{"embeddable":true,"href":"https:\/\/aconteceunovale.com.br\/portal\/index.php?rest_route=\/wp\/v2\/users\/4"}],"replies":[{"embeddable":true,"href":"https:\/\/aconteceunovale.com.br\/portal\/index.php?rest_route=%2Fwp%2Fv2%2Fcomments&post=189565"}],"version-history":[{"count":1,"href":"https:\/\/aconteceunovale.com.br\/portal\/index.php?rest_route=\/wp\/v2\/posts\/189565\/revisions"}],"predecessor-version":[{"id":189567,"href":"https:\/\/aconteceunovale.com.br\/portal\/index.php?rest_route=\/wp\/v2\/posts\/189565\/revisions\/189567"}],"wp:featuredmedia":[{"embeddable":true,"href":"https:\/\/aconteceunovale.com.br\/portal\/index.php?rest_route=\/wp\/v2\/media\/189566"}],"wp:attachment":[{"href":"https:\/\/aconteceunovale.com.br\/portal\/index.php?rest_route=%2Fwp%2Fv2%2Fmedia&parent=189565"}],"wp:term":[{"taxonomy":"category","embeddable":true,"href":"https:\/\/aconteceunovale.com.br\/portal\/index.php?rest_route=%2Fwp%2Fv2%2Fcategories&post=189565"},{"taxonomy":"post_tag","embeddable":true,"href":"https:\/\/aconteceunovale.com.br\/portal\/index.php?rest_route=%2Fwp%2Fv2%2Ftags&post=189565"}],"curies":[{"name":"wp","href":"https:\/\/api.w.org\/{rel}","templated":true}]}}