{"id":189550,"date":"2022-07-31T16:32:43","date_gmt":"2022-07-31T19:32:43","guid":{"rendered":"https:\/\/aconteceunovale.com.br\/portal\/?p=189550"},"modified":"2022-07-31T20:43:40","modified_gmt":"2022-07-31T23:43:40","slug":"pros-oficializa-candidatura-de-pablo-marcal-a-presidencia-do-brasil","status":"publish","type":"post","link":"https:\/\/aconteceunovale.com.br\/portal\/?p=189550","title":{"rendered":"PROS oficializa candidatura de Pablo Mar\u00e7al \u00e0 Presid\u00eancia do Brasil"},"content":{"rendered":"\n<p class=\"wp-block-paragraph\">O Partido Republicano da Ordem Social (Pros) oficializou, hoje (31), a candidatura do empres\u00e1rio e influenciador digital Pablo Mar\u00e7al \u00e0 Presid\u00eancia da Rep\u00fablica. N\u00e3o ocorreu an\u00fancio do nome do vice.<\/p>\n\n\n\n<figure class=\"wp-block-gallery has-nested-images columns-default is-cropped wp-block-gallery-1 is-layout-flex wp-block-gallery-is-layout-flex\">\n<figure class=\"wp-block-image size-large\"><img loading=\"lazy\" decoding=\"async\" width=\"678\" height=\"406\" data-id=\"189551\" src=\"https:\/\/aconteceunovale.com.br\/portal\/wp-content\/uploads\/2022\/07\/pablo_marcal_pros.jpg\" alt=\"\" class=\"wp-image-189551\" srcset=\"https:\/\/aconteceunovale.com.br\/portal\/wp-content\/uploads\/2022\/07\/pablo_marcal_pros.jpg 678w, https:\/\/aconteceunovale.com.br\/portal\/wp-content\/uploads\/2022\/07\/pablo_marcal_pros-300x180.jpg 300w\" sizes=\"auto, (max-width: 678px) 100vw, 678px\" \/><figcaption><em><sub>Foto: Marcelo Camargo\/Ag\u00eancia Brasil<\/sub><\/em><\/figcaption><\/figure>\n<\/figure>\n\n\n\n<p class=\"wp-block-paragraph\">A confirma\u00e7\u00e3o do nome de Mar\u00e7al, que destacou que \u00e9 crist\u00e3o, ocorreu em meio a hinos de louvor; discursos de membros da diretoria nacional do Pros e gritos de &#8220;eu acredito&#8221;. O evento serviu tamb\u00e9m para que o partido pedisse que as pessoas votem tamb\u00e9m nos candidatos a cargos proporcionais da legenda &#8211; que, pela primeira vez, tenta chegar \u00e0 presid\u00eancia da Rep\u00fablica. Em todo o pa\u00eds, mais de 1,5 mil filiados ao Pros disputar\u00e3o os votos dos eleitores brasileiros nas pr\u00f3ximas elei\u00e7\u00f5es, em 2 de outubro.<\/p>\n\n\n\n<p class=\"wp-block-paragraph\">&#8220;As polariza\u00e7\u00f5es nunca v\u00e3o acabar. Elas t\u00eam que ser perfuradas&#8221;, disse Mar\u00e7al sobre uma de suas motiva\u00e7\u00f5es para ingressar na pol\u00edtica. Classificando a si pr\u00f3prio como &#8220;o candidato de terceira via que ningu\u00e9m tem a coragem de assumir&#8221;, Mar\u00e7al diz j\u00e1 ter um plano de governo com 90 diretrizes. Entre suas prioridades est\u00e1 a mudan\u00e7a das regras tribut\u00e1rias e eleitorais. &#8220;N\u00e3o se faz uma reforma tribut\u00e1ria se n\u00e3o fizer uma eleitoral primeiro&#8221;, comentou Mar\u00e7al, prometendo que, se eleito, estimular\u00e1 as empresas e as exporta\u00e7\u00f5es brasileiras.<\/p>\n\n\n\n<p class=\"wp-block-paragraph\">&#8220;Temos que focar absolutamente nas empresas, pois s\u00e3o elas que geram empregos, n\u00e3o [o setor] pol\u00edtico&#8221;, ponderou Mar\u00e7al, antes de se posicionar favoravelmente \u00e0 &#8220;desestatiza\u00e7\u00e3o&#8221; da Petrobras e da Eletrobras. &#8220;Se voc\u00ea desestatiza uma companhia e a entrega a grupos empresariais, eu mesmo quero ser o primeiro da fila a compr\u00e1-la. Porque a Petrobras, por exemplo, \u00e9 a companhia energ\u00e9tica que d\u00e1 o maior lucro em todo o mundo&#8221;.<\/p>\n\n\n\n<p class=\"wp-block-paragraph\">Mar\u00e7al tamb\u00e9m afirma que, se eleito, vai estimular \u00e0 participa\u00e7\u00e3o pol\u00edtica dos cidad\u00e3os e defender o direito do feto \u00e0 vida. &#8220;Vamos fazer uma pequena mudan\u00e7a no C\u00f3digo Penal e aborto passar\u00e1 a ser chamado de assassinato de vida inocente&#8221;, disse, declarando, contudo, que \u00e9 favor\u00e1vel \u00e0 manuten\u00e7\u00e3o dos caso em que a lei permite o aborto (em casos da gesta\u00e7\u00e3o ser resultado de estupro ou ofere\u00e7a risco de vida \u00e0 mulher).<\/p>\n\n\n\n<h2 class=\"wp-block-heading\">Perfil<\/h2>\n\n\n\n<p class=\"wp-block-paragraph\">Esta \u00e9 a primeira vez que Mar\u00e7al disputa a um cargo p\u00fablico. Bacharel em Direito e empres\u00e1rio, o goiano de 35 anos \u00e9 casado e tem quatro filhos. Ele \u00e9 conhecido como autor de livros de &#8220;auto gest\u00e3o&#8221; e por palestras e v\u00eddeos motivacionais. Em sua p\u00e1gina na internet, ele tamb\u00e9m se apresenta como empreendedor imobili\u00e1rio e digital, estrategista de neg\u00f3cios e especialista em gest\u00e3o de marcas (<em>branding<\/em>).<\/p>\n\n\n\n<p class=\"wp-block-paragraph\">&#8212;&#8212;&#8212;&#8212;&#8212;&#8212;<br><br><strong>Sabia que o Aconteceu no Vale est\u00e1 tamb\u00e9m no Telegram? <a rel=\"noreferrer noopener\" href=\"https:\/\/t.me\/aconteceunovaleoficial\" target=\"_blank\">Inscreva-se no canal<\/a>.<\/strong><br><br><strong>J\u00e1 curtiu ou seguiu nossas p\u00e1ginas nas redes sociais?\u00a0Receba as not\u00edcias em primeira m\u00e3o:<\/strong><br>\u2022 <a rel=\"noreferrer noopener\" href=\"https:\/\/news.google.com\/publications\/CAAqBwgKMNjklQswi4etAw?hl=pt-BR&amp;gl=BR&amp;ceid=BR%3Apt-419\" target=\"_blank\">Google News<\/a><br>\u2022 <a rel=\"noreferrer noopener\" href=\"https:\/\/www.facebook.com\/aconteceunovale\/\" target=\"_blank\">Facebook<\/a><br>\u2022 <a rel=\"noreferrer noopener\" href=\"https:\/\/twitter.com\/noticiadosvales\" target=\"_blank\">Twitter<\/a><br>\u2022 <a rel=\"noreferrer noopener\" href=\"https:\/\/www.instagram.com\/aconteceunovale\" target=\"_blank\">Instagram<\/a><br>\u2022 <a rel=\"noreferrer noopener\" href=\"https:\/\/www.youtube.com\/AconteceunoValeOficial\" target=\"_blank\">Youtube<\/a><br>\u2022 <a rel=\"noreferrer noopener\" href=\"https:\/\/www.tiktok.com\/@aconteceunovale\" target=\"_blank\">TikTok<\/a><\/p>\n","protected":false},"excerpt":{"rendered":"<p>O Partido Republicano da Ordem Social (Pros) oficializou, hoje (31), a candidatura do empres\u00e1rio e influenciador digital Pablo Mar\u00e7al \u00e0 Presid\u00eancia da Rep\u00fablica. N\u00e3o ocorreu an\u00fancio do nome do vice. A confirma\u00e7\u00e3o do nome de Mar\u00e7al, que destacou que \u00e9 crist\u00e3o, ocorreu em meio a hinos de louvor; discursos de membros da diretoria nacional do [&hellip;]<\/p>\n","protected":false},"author":4,"featured_media":189551,"comment_status":"open","ping_status":"closed","sticky":false,"template":"","format":"standard","meta":{"amp_status":"","footnotes":""},"categories":[6,249933,40240],"tags":[1018,252238,261773,261772,261682,14426,261788,261787,54315,261786],"class_list":["post-189550","post","type-post","status-publish","format-standard","has-post-thumbnail","hentry","category-br","category-eleicoes-2022","category-politica","tag-destaque","tag-eleicoes-2022","tag-eleicoes-para-presidencia-do-brasil","tag-eleicoes-para-presidente-do-brasil","tag-eleicoes-presidenciais-2022","tag-goias","tag-pablo-marcal","tag-partido-republicano-da-ordem-social","tag-pros","tag-pros-oficializa-candidatura-de-pablo-marcal-a-presidencia-do-brasil"],"yoast_head":"<!-- This site is optimized with the Yoast SEO plugin v28.3 - https:\/\/yoast.com\/product\/yoast-seo-wordpress\/ -->\n<title>PROS oficializa candidatura de Pablo Mar\u00e7al \u00e0 Presid\u00eancia do Brasil - Aconteceu no Vale<\/title>\n<meta name=\"robots\" content=\"index, follow, max-snippet:-1, max-image-preview:large, max-video-preview:-1\" \/>\n<link rel=\"canonical\" href=\"https:\/\/aconteceunovale.com.br\/portal\/?p=189550\" \/>\n<meta property=\"og:locale\" content=\"pt_BR\" \/>\n<meta property=\"og:type\" content=\"article\" \/>\n<meta property=\"og:title\" content=\"PROS oficializa candidatura de Pablo Mar\u00e7al \u00e0 Presid\u00eancia do Brasil - Aconteceu no Vale\" \/>\n<meta property=\"og:description\" content=\"O Partido Republicano da Ordem Social (Pros) oficializou, hoje (31), a candidatura do empres\u00e1rio e influenciador digital Pablo Mar\u00e7al \u00e0 Presid\u00eancia da Rep\u00fablica. N\u00e3o ocorreu an\u00fancio do nome do vice. A confirma\u00e7\u00e3o do nome de Mar\u00e7al, que destacou que \u00e9 crist\u00e3o, ocorreu em meio a hinos de louvor; discursos de membros da diretoria nacional do [&hellip;]\" \/>\n<meta property=\"og:url\" content=\"https:\/\/aconteceunovale.com.br\/portal\/?p=189550\" \/>\n<meta property=\"og:site_name\" content=\"Aconteceu no Vale\" \/>\n<meta property=\"article:publisher\" content=\"https:\/\/www.facebook.com\/aconteceunovale\/\" \/>\n<meta property=\"article:published_time\" content=\"2022-07-31T19:32:43+00:00\" \/>\n<meta property=\"article:modified_time\" content=\"2022-07-31T23:43:40+00:00\" \/>\n<meta property=\"og:image\" content=\"https:\/\/aconteceunovale.com.br\/portal\/wp-content\/uploads\/2022\/07\/pablo_marcal_pros.jpg\" \/>\n\t<meta property=\"og:image:width\" content=\"678\" \/>\n\t<meta property=\"og:image:height\" content=\"406\" \/>\n\t<meta property=\"og:image:type\" content=\"image\/jpeg\" \/>\n<meta name=\"author\" content=\"Reda\u00e7\u00e3o Aconteceu no Vale\" \/>\n<meta name=\"twitter:card\" content=\"summary_large_image\" \/>\n<meta name=\"twitter:creator\" content=\"@noticiadosvales\" \/>\n<meta name=\"twitter:site\" content=\"@noticiadosvales\" \/>\n<meta name=\"twitter:label1\" content=\"Escrito por\" \/>\n\t<meta name=\"twitter:data1\" content=\"Reda\u00e7\u00e3o Aconteceu no Vale\" \/>\n\t<meta name=\"twitter:label2\" content=\"Est. tempo de leitura\" \/>\n\t<meta name=\"twitter:data2\" content=\"3 minutos\" \/>\n<script type=\"application\/ld+json\" class=\"yoast-schema-graph\">{\"@context\":\"https:\\\/\\\/schema.org\",\"@graph\":[{\"@type\":\"Article\",\"@id\":\"https:\\\/\\\/aconteceunovale.com.br\\\/portal\\\/?p=189550#article\",\"isPartOf\":{\"@id\":\"https:\\\/\\\/aconteceunovale.com.br\\\/portal\\\/?p=189550\"},\"author\":{\"name\":\"Reda\u00e7\u00e3o Aconteceu no Vale\",\"@id\":\"https:\\\/\\\/aconteceunovale.com.br\\\/portal\\\/#\\\/schema\\\/person\\\/7d2f26d1483f8a63de73da1ee0754d35\"},\"headline\":\"PROS oficializa candidatura de Pablo Mar\u00e7al \u00e0 Presid\u00eancia do Brasil\",\"datePublished\":\"2022-07-31T19:32:43+00:00\",\"dateModified\":\"2022-07-31T23:43:40+00:00\",\"mainEntityOfPage\":{\"@id\":\"https:\\\/\\\/aconteceunovale.com.br\\\/portal\\\/?p=189550\"},\"wordCount\":512,\"commentCount\":0,\"image\":{\"@id\":\"https:\\\/\\\/aconteceunovale.com.br\\\/portal\\\/?p=189550#primaryimage\"},\"thumbnailUrl\":\"https:\\\/\\\/aconteceunovale.com.br\\\/portal\\\/wp-content\\\/uploads\\\/2022\\\/07\\\/pablo_marcal_pros.jpg\",\"keywords\":[\"destaque\",\"Elei\u00e7\u00f5es 2022\",\"Elei\u00e7\u00f5es para Presid\u00eancia do Brasil\",\"Elei\u00e7\u00f5es para presidente do Brasil\",\"Elei\u00e7\u00f5es Presidenciais 2022\",\"Goi\u00e1s\",\"Pablo Mar\u00e7al\",\"Partido Republicano da Ordem Social\",\"PROS\",\"PROS oficializa candidatura de Pablo Mar\u00e7al \u00e0 Presid\u00eancia do Brasil\"],\"articleSection\":[\"Brasil\",\"Elei\u00e7\u00f5es 2022\",\"Pol\u00edtica\"],\"inLanguage\":\"pt-BR\",\"potentialAction\":[{\"@type\":\"CommentAction\",\"name\":\"Comment\",\"target\":[\"https:\\\/\\\/aconteceunovale.com.br\\\/portal\\\/?p=189550#respond\"]}]},{\"@type\":\"WebPage\",\"@id\":\"https:\\\/\\\/aconteceunovale.com.br\\\/portal\\\/?p=189550\",\"url\":\"https:\\\/\\\/aconteceunovale.com.br\\\/portal\\\/?p=189550\",\"name\":\"PROS oficializa candidatura de Pablo Mar\u00e7al \u00e0 Presid\u00eancia do Brasil - Aconteceu no Vale\",\"isPartOf\":{\"@id\":\"https:\\\/\\\/aconteceunovale.com.br\\\/portal\\\/#website\"},\"primaryImageOfPage\":{\"@id\":\"https:\\\/\\\/aconteceunovale.com.br\\\/portal\\\/?p=189550#primaryimage\"},\"image\":{\"@id\":\"https:\\\/\\\/aconteceunovale.com.br\\\/portal\\\/?p=189550#primaryimage\"},\"thumbnailUrl\":\"https:\\\/\\\/aconteceunovale.com.br\\\/portal\\\/wp-content\\\/uploads\\\/2022\\\/07\\\/pablo_marcal_pros.jpg\",\"datePublished\":\"2022-07-31T19:32:43+00:00\",\"dateModified\":\"2022-07-31T23:43:40+00:00\",\"author\":{\"@id\":\"https:\\\/\\\/aconteceunovale.com.br\\\/portal\\\/#\\\/schema\\\/person\\\/7d2f26d1483f8a63de73da1ee0754d35\"},\"breadcrumb\":{\"@id\":\"https:\\\/\\\/aconteceunovale.com.br\\\/portal\\\/?p=189550#breadcrumb\"},\"inLanguage\":\"pt-BR\",\"potentialAction\":[{\"@type\":\"ReadAction\",\"target\":[\"https:\\\/\\\/aconteceunovale.com.br\\\/portal\\\/?p=189550\"]}]},{\"@type\":\"ImageObject\",\"inLanguage\":\"pt-BR\",\"@id\":\"https:\\\/\\\/aconteceunovale.com.br\\\/portal\\\/?p=189550#primaryimage\",\"url\":\"https:\\\/\\\/aconteceunovale.com.br\\\/portal\\\/wp-content\\\/uploads\\\/2022\\\/07\\\/pablo_marcal_pros.jpg\",\"contentUrl\":\"https:\\\/\\\/aconteceunovale.com.br\\\/portal\\\/wp-content\\\/uploads\\\/2022\\\/07\\\/pablo_marcal_pros.jpg\",\"width\":678,\"height\":406,\"caption\":\"O Partido Republicano da Ordem Social (Pros) realiza conven\u00e7\u00e3o naciona para oficializar o nome de Pablo Mar\u00e7al como candidato do partido a presidente da Rep\u00fablica nas Elei\u00e7\u00f5es 2022.\"},{\"@type\":\"BreadcrumbList\",\"@id\":\"https:\\\/\\\/aconteceunovale.com.br\\\/portal\\\/?p=189550#breadcrumb\",\"itemListElement\":[{\"@type\":\"ListItem\",\"position\":1,\"name\":\"In\u00edcio\",\"item\":\"https:\\\/\\\/aconteceunovale.com.br\\\/portal\\\/\"},{\"@type\":\"ListItem\",\"position\":2,\"name\":\"PROS oficializa candidatura de Pablo Mar\u00e7al \u00e0 Presid\u00eancia do Brasil\"}]},{\"@type\":\"WebSite\",\"@id\":\"https:\\\/\\\/aconteceunovale.com.br\\\/portal\\\/#website\",\"url\":\"https:\\\/\\\/aconteceunovale.com.br\\\/portal\\\/\",\"name\":\"Aconteceu no Vale\",\"description\":\"Portal de Not\u00edcias\",\"potentialAction\":[{\"@type\":\"SearchAction\",\"target\":{\"@type\":\"EntryPoint\",\"urlTemplate\":\"https:\\\/\\\/aconteceunovale.com.br\\\/portal\\\/?s={search_term_string}\"},\"query-input\":{\"@type\":\"PropertyValueSpecification\",\"valueRequired\":true,\"valueName\":\"search_term_string\"}}],\"inLanguage\":\"pt-BR\"},{\"@type\":\"Person\",\"@id\":\"https:\\\/\\\/aconteceunovale.com.br\\\/portal\\\/#\\\/schema\\\/person\\\/7d2f26d1483f8a63de73da1ee0754d35\",\"name\":\"Reda\u00e7\u00e3o Aconteceu no Vale\",\"description\":\"Equipe de reportagem do Aconteceu no Vale, portal de not\u00edcias do Vale do Jequitinhonha, em Minas Gerais. Cobrimos as 51 cidades do Vale desde 2013. Sugest\u00f5es de pauta e pedidos de corre\u00e7\u00e3o: contato@aconteceunovale.com.br\",\"url\":\"https:\\\/\\\/aconteceunovale.com.br\\\/portal\\\/?author=4\"}]}<\/script>\n<!-- \/ Yoast SEO plugin. -->","yoast_head_json":{"title":"PROS oficializa candidatura de Pablo Mar\u00e7al \u00e0 Presid\u00eancia do Brasil - Aconteceu no Vale","robots":{"index":"index","follow":"follow","max-snippet":"max-snippet:-1","max-image-preview":"max-image-preview:large","max-video-preview":"max-video-preview:-1"},"canonical":"https:\/\/aconteceunovale.com.br\/portal\/?p=189550","og_locale":"pt_BR","og_type":"article","og_title":"PROS oficializa candidatura de Pablo Mar\u00e7al \u00e0 Presid\u00eancia do Brasil - Aconteceu no Vale","og_description":"O Partido Republicano da Ordem Social (Pros) oficializou, hoje (31), a candidatura do empres\u00e1rio e influenciador digital Pablo Mar\u00e7al \u00e0 Presid\u00eancia da Rep\u00fablica. N\u00e3o ocorreu an\u00fancio do nome do vice. A confirma\u00e7\u00e3o do nome de Mar\u00e7al, que destacou que \u00e9 crist\u00e3o, ocorreu em meio a hinos de louvor; discursos de membros da diretoria nacional do [&hellip;]","og_url":"https:\/\/aconteceunovale.com.br\/portal\/?p=189550","og_site_name":"Aconteceu no Vale","article_publisher":"https:\/\/www.facebook.com\/aconteceunovale\/","article_published_time":"2022-07-31T19:32:43+00:00","article_modified_time":"2022-07-31T23:43:40+00:00","og_image":[{"width":678,"height":406,"url":"https:\/\/aconteceunovale.com.br\/portal\/wp-content\/uploads\/2022\/07\/pablo_marcal_pros.jpg","type":"image\/jpeg"}],"author":"Reda\u00e7\u00e3o Aconteceu no Vale","twitter_card":"summary_large_image","twitter_creator":"@noticiadosvales","twitter_site":"@noticiadosvales","twitter_misc":{"Escrito por":"Reda\u00e7\u00e3o Aconteceu no Vale","Est. tempo de leitura":"3 minutos"},"schema":{"@context":"https:\/\/schema.org","@graph":[{"@type":"Article","@id":"https:\/\/aconteceunovale.com.br\/portal\/?p=189550#article","isPartOf":{"@id":"https:\/\/aconteceunovale.com.br\/portal\/?p=189550"},"author":{"name":"Reda\u00e7\u00e3o Aconteceu no Vale","@id":"https:\/\/aconteceunovale.com.br\/portal\/#\/schema\/person\/7d2f26d1483f8a63de73da1ee0754d35"},"headline":"PROS oficializa candidatura de Pablo Mar\u00e7al \u00e0 Presid\u00eancia do Brasil","datePublished":"2022-07-31T19:32:43+00:00","dateModified":"2022-07-31T23:43:40+00:00","mainEntityOfPage":{"@id":"https:\/\/aconteceunovale.com.br\/portal\/?p=189550"},"wordCount":512,"commentCount":0,"image":{"@id":"https:\/\/aconteceunovale.com.br\/portal\/?p=189550#primaryimage"},"thumbnailUrl":"https:\/\/aconteceunovale.com.br\/portal\/wp-content\/uploads\/2022\/07\/pablo_marcal_pros.jpg","keywords":["destaque","Elei\u00e7\u00f5es 2022","Elei\u00e7\u00f5es para Presid\u00eancia do Brasil","Elei\u00e7\u00f5es para presidente do Brasil","Elei\u00e7\u00f5es Presidenciais 2022","Goi\u00e1s","Pablo Mar\u00e7al","Partido Republicano da Ordem Social","PROS","PROS oficializa candidatura de Pablo Mar\u00e7al \u00e0 Presid\u00eancia do Brasil"],"articleSection":["Brasil","Elei\u00e7\u00f5es 2022","Pol\u00edtica"],"inLanguage":"pt-BR","potentialAction":[{"@type":"CommentAction","name":"Comment","target":["https:\/\/aconteceunovale.com.br\/portal\/?p=189550#respond"]}]},{"@type":"WebPage","@id":"https:\/\/aconteceunovale.com.br\/portal\/?p=189550","url":"https:\/\/aconteceunovale.com.br\/portal\/?p=189550","name":"PROS oficializa candidatura de Pablo Mar\u00e7al \u00e0 Presid\u00eancia do Brasil - Aconteceu no Vale","isPartOf":{"@id":"https:\/\/aconteceunovale.com.br\/portal\/#website"},"primaryImageOfPage":{"@id":"https:\/\/aconteceunovale.com.br\/portal\/?p=189550#primaryimage"},"image":{"@id":"https:\/\/aconteceunovale.com.br\/portal\/?p=189550#primaryimage"},"thumbnailUrl":"https:\/\/aconteceunovale.com.br\/portal\/wp-content\/uploads\/2022\/07\/pablo_marcal_pros.jpg","datePublished":"2022-07-31T19:32:43+00:00","dateModified":"2022-07-31T23:43:40+00:00","author":{"@id":"https:\/\/aconteceunovale.com.br\/portal\/#\/schema\/person\/7d2f26d1483f8a63de73da1ee0754d35"},"breadcrumb":{"@id":"https:\/\/aconteceunovale.com.br\/portal\/?p=189550#breadcrumb"},"inLanguage":"pt-BR","potentialAction":[{"@type":"ReadAction","target":["https:\/\/aconteceunovale.com.br\/portal\/?p=189550"]}]},{"@type":"ImageObject","inLanguage":"pt-BR","@id":"https:\/\/aconteceunovale.com.br\/portal\/?p=189550#primaryimage","url":"https:\/\/aconteceunovale.com.br\/portal\/wp-content\/uploads\/2022\/07\/pablo_marcal_pros.jpg","contentUrl":"https:\/\/aconteceunovale.com.br\/portal\/wp-content\/uploads\/2022\/07\/pablo_marcal_pros.jpg","width":678,"height":406,"caption":"O Partido Republicano da Ordem Social (Pros) realiza conven\u00e7\u00e3o naciona para oficializar o nome de Pablo Mar\u00e7al como candidato do partido a presidente da Rep\u00fablica nas Elei\u00e7\u00f5es 2022."},{"@type":"BreadcrumbList","@id":"https:\/\/aconteceunovale.com.br\/portal\/?p=189550#breadcrumb","itemListElement":[{"@type":"ListItem","position":1,"name":"In\u00edcio","item":"https:\/\/aconteceunovale.com.br\/portal\/"},{"@type":"ListItem","position":2,"name":"PROS oficializa candidatura de Pablo Mar\u00e7al \u00e0 Presid\u00eancia do Brasil"}]},{"@type":"WebSite","@id":"https:\/\/aconteceunovale.com.br\/portal\/#website","url":"https:\/\/aconteceunovale.com.br\/portal\/","name":"Aconteceu no Vale","description":"Portal de Not\u00edcias","potentialAction":[{"@type":"SearchAction","target":{"@type":"EntryPoint","urlTemplate":"https:\/\/aconteceunovale.com.br\/portal\/?s={search_term_string}"},"query-input":{"@type":"PropertyValueSpecification","valueRequired":true,"valueName":"search_term_string"}}],"inLanguage":"pt-BR"},{"@type":"Person","@id":"https:\/\/aconteceunovale.com.br\/portal\/#\/schema\/person\/7d2f26d1483f8a63de73da1ee0754d35","name":"Reda\u00e7\u00e3o Aconteceu no Vale","description":"Equipe de reportagem do Aconteceu no Vale, portal de not\u00edcias do Vale do Jequitinhonha, em Minas Gerais. Cobrimos as 51 cidades do Vale desde 2013. Sugest\u00f5es de pauta e pedidos de corre\u00e7\u00e3o: contato@aconteceunovale.com.br","url":"https:\/\/aconteceunovale.com.br\/portal\/?author=4"}]}},"_links":{"self":[{"href":"https:\/\/aconteceunovale.com.br\/portal\/index.php?rest_route=\/wp\/v2\/posts\/189550","targetHints":{"allow":["GET"]}}],"collection":[{"href":"https:\/\/aconteceunovale.com.br\/portal\/index.php?rest_route=\/wp\/v2\/posts"}],"about":[{"href":"https:\/\/aconteceunovale.com.br\/portal\/index.php?rest_route=\/wp\/v2\/types\/post"}],"author":[{"embeddable":true,"href":"https:\/\/aconteceunovale.com.br\/portal\/index.php?rest_route=\/wp\/v2\/users\/4"}],"replies":[{"embeddable":true,"href":"https:\/\/aconteceunovale.com.br\/portal\/index.php?rest_route=%2Fwp%2Fv2%2Fcomments&post=189550"}],"version-history":[{"count":1,"href":"https:\/\/aconteceunovale.com.br\/portal\/index.php?rest_route=\/wp\/v2\/posts\/189550\/revisions"}],"predecessor-version":[{"id":189552,"href":"https:\/\/aconteceunovale.com.br\/portal\/index.php?rest_route=\/wp\/v2\/posts\/189550\/revisions\/189552"}],"wp:featuredmedia":[{"embeddable":true,"href":"https:\/\/aconteceunovale.com.br\/portal\/index.php?rest_route=\/wp\/v2\/media\/189551"}],"wp:attachment":[{"href":"https:\/\/aconteceunovale.com.br\/portal\/index.php?rest_route=%2Fwp%2Fv2%2Fmedia&parent=189550"}],"wp:term":[{"taxonomy":"category","embeddable":true,"href":"https:\/\/aconteceunovale.com.br\/portal\/index.php?rest_route=%2Fwp%2Fv2%2Fcategories&post=189550"},{"taxonomy":"post_tag","embeddable":true,"href":"https:\/\/aconteceunovale.com.br\/portal\/index.php?rest_route=%2Fwp%2Fv2%2Ftags&post=189550"}],"curies":[{"name":"wp","href":"https:\/\/api.w.org\/{rel}","templated":true}]}}