{"id":18955,"date":"2014-01-20T20:34:49","date_gmt":"2014-01-20T22:34:49","guid":{"rendered":"http:\/\/aconteceunovale.com.br\/portal\/?p=18955"},"modified":"2014-01-20T20:34:49","modified_gmt":"2014-01-20T22:34:49","slug":"cavalos-sao-apreendidos-dentro-do-parque-estadual-da-lapa-grande","status":"publish","type":"post","link":"https:\/\/aconteceunovale.com.br\/portal\/?p=18955","title":{"rendered":"Cavalos s\u00e3o apreendidos dentro do Parque Estadual da Lapa Grande"},"content":{"rendered":"<p>A Pol\u00edcia de Meio Ambiente e Tr\u00e2nsito em parceira com o IEF (Instituto Estadual de Florestas) realizou nesta segunda-feria, 20, uma opera\u00e7\u00e3o de retirada de 13 cavalos que estavam irregularmente dentro da \u00e1rea do Parque Estadual da Lapa Grande. A \u00e1rea de preserva\u00e7\u00e3o permanente fica distante cerca de cinco quil\u00f4metros da \u00e1rea central de Montes Claros.<\/p>\n<p><img decoding=\"async\" src=\"http:\/\/aconteceunovale.com.br\/portal\/wp-content\/uploads\/2014\/01\/cavalos_apreendidos_parque_moc.jpg\" alt=\"\" \/><br \/>\n<em><strong>Animais foram apreendidos dentro do Parque Estadual da Lapa Grande<\/strong><\/em><\/p>\n<p>De acordo com os militares, ap\u00f3s intensa fiscaliza\u00e7\u00e3o, os animais foram identificados e apreendidos. Eles foram levados para o curral municipal da cidade.<\/p>\n<p>Ainda segundo a Policia de Meio Ambiente, os propriet\u00e1rios est\u00e3o sendo identificados e ser\u00e3o multados em R$ 145,58 e mais R$$ 29 por animal apreendido.<\/p>\n<p>Os donos podem ainda serem condenados de um a cinco anos de pris\u00e3o pela infra\u00e7\u00e3o de deixar animais em \u00e1rea de preserva\u00e7\u00e3o ambiental permanente. No curral municipal, a multa para cada animal apreendido, \u00e9 de R$ 54,4 al\u00e9m de uma a di\u00e1ria de R$ 17,24.<\/p>\n<p><em><strong>(Informa\u00e7\u00f5es da Pol\u00edcia Militar de Meio Ambiente, via Inter TV Grande Minas)<\/strong><\/em><\/p>\n","protected":false},"excerpt":{"rendered":"<p>A Pol\u00edcia de Meio Ambiente e Tr\u00e2nsito em parceira com o IEF (Instituto Estadual de Florestas) realizou nesta segunda-feria, 20, uma opera\u00e7\u00e3o de retirada de 13 cavalos que estavam irregularmente dentro da \u00e1rea do Parque Estadual da Lapa Grande. A \u00e1rea de preserva\u00e7\u00e3o permanente fica distante cerca de cinco quil\u00f4metros da \u00e1rea central de Montes [&hellip;]<\/p>\n","protected":false},"author":1,"featured_media":18956,"comment_status":"open","ping_status":"closed","sticky":false,"template":"","format":"standard","meta":{"amp_status":"","footnotes":""},"categories":[1236],"tags":[3254,210,3255],"class_list":["post-18955","post","type-post","status-publish","format-standard","has-post-thumbnail","hentry","category-norte_de_minas","tag-cavalos-sao-apreendidos-dentro-do-parque-estadual-da-lapa-grande","tag-montes-claros","tag-parque-estadual-da-lapa-grande"],"_links":{"self":[{"href":"https:\/\/aconteceunovale.com.br\/portal\/index.php?rest_route=\/wp\/v2\/posts\/18955","targetHints":{"allow":["GET"]}}],"collection":[{"href":"https:\/\/aconteceunovale.com.br\/portal\/index.php?rest_route=\/wp\/v2\/posts"}],"about":[{"href":"https:\/\/aconteceunovale.com.br\/portal\/index.php?rest_route=\/wp\/v2\/types\/post"}],"author":[{"embeddable":true,"href":"https:\/\/aconteceunovale.com.br\/portal\/index.php?rest_route=\/wp\/v2\/users\/1"}],"replies":[{"embeddable":true,"href":"https:\/\/aconteceunovale.com.br\/portal\/index.php?rest_route=%2Fwp%2Fv2%2Fcomments&post=18955"}],"version-history":[{"count":0,"href":"https:\/\/aconteceunovale.com.br\/portal\/index.php?rest_route=\/wp\/v2\/posts\/18955\/revisions"}],"wp:featuredmedia":[{"embeddable":true,"href":"https:\/\/aconteceunovale.com.br\/portal\/index.php?rest_route=\/wp\/v2\/media\/18956"}],"wp:attachment":[{"href":"https:\/\/aconteceunovale.com.br\/portal\/index.php?rest_route=%2Fwp%2Fv2%2Fmedia&parent=18955"}],"wp:term":[{"taxonomy":"category","embeddable":true,"href":"https:\/\/aconteceunovale.com.br\/portal\/index.php?rest_route=%2Fwp%2Fv2%2Fcategories&post=18955"},{"taxonomy":"post_tag","embeddable":true,"href":"https:\/\/aconteceunovale.com.br\/portal\/index.php?rest_route=%2Fwp%2Fv2%2Ftags&post=18955"}],"curies":[{"name":"wp","href":"https:\/\/api.w.org\/{rel}","templated":true}]}}