{"id":189547,"date":"2022-07-31T18:08:16","date_gmt":"2022-07-31T21:08:16","guid":{"rendered":"https:\/\/aconteceunovale.com.br\/portal\/?p=189547"},"modified":"2022-07-31T20:40:13","modified_gmt":"2022-07-31T23:40:13","slug":"pstu-oficializa-vera-lucia-como-candidata-a-presidencia","status":"publish","type":"post","link":"https:\/\/aconteceunovale.com.br\/portal\/?p=189547","title":{"rendered":"PSTU oficializa Vera L\u00facia como candidata \u00e0 Presid\u00eancia"},"content":{"rendered":"\n<p class=\"wp-block-paragraph\">O Partido Socialista dos Trabalhadores Unificado (PSTU) oficializou\u00a0hoje\u00a0(31), em conven\u00e7\u00e3o nacional, na capital paulista, o nome da oper\u00e1ria sapateira Vera L\u00facia como candidata \u00e0 Presid\u00eancia da Rep\u00fablica nas elei\u00e7\u00f5es\u00a0de outubro. O partido tamb\u00e9m referendou o nome da ind\u00edgena Kun\u00e3 Ypor\u00e3 (Raquel Trememb\u00e9), da etnia Trememb\u00e9, do Maranh\u00e3o, como candidata a vice-presidente.<\/p>\n\n\n\n<figure class=\"wp-block-gallery has-nested-images columns-default is-cropped wp-block-gallery-1 is-layout-flex wp-block-gallery-is-layout-flex\">\n<figure class=\"wp-block-image size-large\"><img loading=\"lazy\" decoding=\"async\" width=\"726\" height=\"418\" data-id=\"189548\" src=\"https:\/\/aconteceunovale.com.br\/portal\/wp-content\/uploads\/2022\/07\/pstu_candidata.jpg\" alt=\"\" class=\"wp-image-189548\" srcset=\"https:\/\/aconteceunovale.com.br\/portal\/wp-content\/uploads\/2022\/07\/pstu_candidata.jpg 726w, https:\/\/aconteceunovale.com.br\/portal\/wp-content\/uploads\/2022\/07\/pstu_candidata-300x173.jpg 300w, https:\/\/aconteceunovale.com.br\/portal\/wp-content\/uploads\/2022\/07\/pstu_candidata-696x401.jpg 696w\" sizes=\"auto, (max-width: 726px) 100vw, 726px\" \/><figcaption><em><sub>Foto: Reprodu\u00e7\u00e3o \/ Facebook<\/sub><\/em><\/figcaption><\/figure>\n<\/figure>\n\n\n\n<p class=\"wp-block-paragraph\">Durante seu discurso Vera L\u00facia defendeu a estatiza\u00e7\u00e3o das 110 maiores empresas do pa\u00eds, os bancos e a agroind\u00fastria, al\u00e9m da revoga\u00e7\u00e3o das reformas e leis que retiraram direitos dos trabalhadores. Segundo ela, a chapa composta por ela e Raquel Trememb\u00e9, \u00e9 uma chapa ind\u00edgena, negra e oper\u00e1ria, que responde aos setores mais oprimidos da classe trabalhadora brasileira.<\/p>\n\n\n\n<p class=\"wp-block-paragraph\">&#8220;N\u00f3s somos a maioria dos desempregados e precisamos construir um governo e, ao mesmo tempo, organizar a classe trabalhadora para controlar esse governo. N\u00f3s queremos governar o pa\u00eds com a classe trabalhadora e os ind\u00edgenas, porque precisamos devolver suas terras, assim como precisamos devolver as terras dos quilombolas e os direitos que foram conquistados por n\u00f3s&#8221;, afirmou.<\/p>\n\n\n\n<h2 class=\"wp-block-heading\">Perfil<\/h2>\n\n\n\n<p class=\"wp-block-paragraph\">Kun\u00e3 Ypor\u00e3 (Raquel Trememb\u00e9) tem 39 anos de idade, \u00e9 ind\u00edgena da etnia Trememb\u00e9, do estado do Maranh\u00e3o, e \u00e9 pedagoga. \u00c9 integrante da Associa\u00e7\u00e3o de Mulheres Ind\u00edgenas Guerreiras da Ancestralidade (Anmiga) e membro da Secretaria Executiva Nacional da CSP-Conlutas. Kun\u00e3 Ypor\u00e3 (Raquel Trememb\u00e9) \u00e9 parte atuante das mobiliza\u00e7\u00f5es dos povos ind\u00edgenas na oposi\u00e7\u00e3o ao governo atual.<\/p>\n\n\n\n<p class=\"wp-block-paragraph\">Vera L\u00facia, tem 54 anos e \u00e9 natural de Inaj\u00e1, Pernambuco. Oper\u00e1ria sapateira, \u00e9 formada em ci\u00eancias sociais pela Universidade Federal de Sergipe. Iniciou sua milit\u00e2ncia ao come\u00e7ar a trabalhar em uma f\u00e1brica de cal\u00e7ados, aos 19 anos. Est\u00e1 no PSTU desde a sua funda\u00e7\u00e3o, em 1994.<\/p>\n\n\n\n<p class=\"wp-block-paragraph\">Vera j\u00e1 foi candidata ao governo de Sergipe, \u00e0 prefeitura de Aracaju e \u00e0 C\u00e2mara dos Deputados. Em 2018, foi candidata \u00e0 presid\u00eancia da Rep\u00fablica e teve como vice o professor Hertz Dias, do Maranh\u00e3o. Em 2020, Vera foi a primeira mulher negra a disputar a\u00a0prefeitura de S\u00e3o Paulo (SP), cidade onde mora atualmente.<\/p>\n\n\n\n<p class=\"wp-block-paragraph\">&#8212;&#8212;&#8212;&#8212;&#8212;&#8212;<br><br><strong>Sabia que o Aconteceu no Vale est\u00e1 tamb\u00e9m no Telegram? <a rel=\"noreferrer noopener\" href=\"https:\/\/t.me\/aconteceunovaleoficial\" target=\"_blank\">Inscreva-se no canal<\/a>.<\/strong><br><br><strong>J\u00e1 curtiu ou seguiu nossas p\u00e1ginas nas redes sociais?\u00a0Receba as not\u00edcias em primeira m\u00e3o:<\/strong><br>\u2022 <a rel=\"noreferrer noopener\" href=\"https:\/\/news.google.com\/publications\/CAAqBwgKMNjklQswi4etAw?hl=pt-BR&amp;gl=BR&amp;ceid=BR%3Apt-419\" target=\"_blank\">Google News<\/a><br>\u2022 <a rel=\"noreferrer noopener\" href=\"https:\/\/www.facebook.com\/aconteceunovale\/\" target=\"_blank\">Facebook<\/a><br>\u2022 <a rel=\"noreferrer noopener\" href=\"https:\/\/twitter.com\/noticiadosvales\" target=\"_blank\">Twitter<\/a><br>\u2022 <a rel=\"noreferrer noopener\" href=\"https:\/\/www.instagram.com\/aconteceunovale\" target=\"_blank\">Instagram<\/a><br>\u2022 <a rel=\"noreferrer noopener\" href=\"https:\/\/www.youtube.com\/AconteceunoValeOficial\" target=\"_blank\">Youtube<\/a><br>\u2022 <a rel=\"noreferrer noopener\" href=\"https:\/\/www.tiktok.com\/@aconteceunovale\" target=\"_blank\">TikTok<\/a><\/p>\n","protected":false},"excerpt":{"rendered":"<p>O Partido Socialista dos Trabalhadores Unificado (PSTU) oficializou\u00a0hoje\u00a0(31), em conven\u00e7\u00e3o nacional, na capital paulista, o nome da oper\u00e1ria sapateira Vera L\u00facia como candidata \u00e0 Presid\u00eancia da Rep\u00fablica nas elei\u00e7\u00f5es\u00a0de outubro. O partido tamb\u00e9m referendou o nome da ind\u00edgena Kun\u00e3 Ypor\u00e3 (Raquel Trememb\u00e9), da etnia Trememb\u00e9, do Maranh\u00e3o, como candidata a vice-presidente. Durante seu discurso Vera [&hellip;]<\/p>\n","protected":false},"author":4,"featured_media":189548,"comment_status":"open","ping_status":"closed","sticky":false,"template":"","format":"standard","meta":{"amp_status":"","footnotes":""},"categories":[6,249933,40240],"tags":[252238,261773,261772,261682,261785,261782,15365,261780,261784,261778,261779,261783,35137,261781],"class_list":["post-189547","post","type-post","status-publish","format-standard","has-post-thumbnail","hentry","category-br","category-eleicoes-2022","category-politica","tag-eleicoes-2022","tag-eleicoes-para-presidencia-do-brasil","tag-eleicoes-para-presidente-do-brasil","tag-eleicoes-presidenciais-2022","tag-inaja","tag-kuna-ypora","tag-maranhao","tag-partido-pstu","tag-partido-socialista-dos-trabalhadores-unificado","tag-pstu-oficializa-vera-lucia-como-candidata-a-presidencia","tag-psu","tag-raquel-tremembe","tag-tremembe","tag-vera-lucia-pstu"],"yoast_head":"<!-- This site is optimized with the Yoast SEO plugin v28.3 - https:\/\/yoast.com\/product\/yoast-seo-wordpress\/ -->\n<title>PSTU oficializa Vera L\u00facia como candidata \u00e0 Presid\u00eancia - Aconteceu no Vale<\/title>\n<meta name=\"robots\" content=\"index, follow, max-snippet:-1, max-image-preview:large, max-video-preview:-1\" \/>\n<link rel=\"canonical\" href=\"https:\/\/aconteceunovale.com.br\/portal\/?p=189547\" \/>\n<meta property=\"og:locale\" content=\"pt_BR\" \/>\n<meta property=\"og:type\" content=\"article\" \/>\n<meta property=\"og:title\" content=\"PSTU oficializa Vera L\u00facia como candidata \u00e0 Presid\u00eancia - Aconteceu no Vale\" \/>\n<meta property=\"og:description\" content=\"O Partido Socialista dos Trabalhadores Unificado (PSTU) oficializou\u00a0hoje\u00a0(31), em conven\u00e7\u00e3o nacional, na capital paulista, o nome da oper\u00e1ria sapateira Vera L\u00facia como candidata \u00e0 Presid\u00eancia da Rep\u00fablica nas elei\u00e7\u00f5es\u00a0de outubro. O partido tamb\u00e9m referendou o nome da ind\u00edgena Kun\u00e3 Ypor\u00e3 (Raquel Trememb\u00e9), da etnia Trememb\u00e9, do Maranh\u00e3o, como candidata a vice-presidente. Durante seu discurso Vera [&hellip;]\" \/>\n<meta property=\"og:url\" content=\"https:\/\/aconteceunovale.com.br\/portal\/?p=189547\" \/>\n<meta property=\"og:site_name\" content=\"Aconteceu no Vale\" \/>\n<meta property=\"article:publisher\" content=\"https:\/\/www.facebook.com\/aconteceunovale\/\" \/>\n<meta property=\"article:published_time\" content=\"2022-07-31T21:08:16+00:00\" \/>\n<meta property=\"article:modified_time\" content=\"2022-07-31T23:40:13+00:00\" \/>\n<meta property=\"og:image\" content=\"https:\/\/aconteceunovale.com.br\/portal\/wp-content\/uploads\/2022\/07\/pstu_candidata.jpg\" \/>\n\t<meta property=\"og:image:width\" content=\"726\" \/>\n\t<meta property=\"og:image:height\" content=\"418\" \/>\n\t<meta property=\"og:image:type\" content=\"image\/jpeg\" \/>\n<meta name=\"author\" content=\"Reda\u00e7\u00e3o Aconteceu no Vale\" \/>\n<meta name=\"twitter:card\" content=\"summary_large_image\" \/>\n<meta name=\"twitter:creator\" content=\"@noticiadosvales\" \/>\n<meta name=\"twitter:site\" content=\"@noticiadosvales\" \/>\n<meta name=\"twitter:label1\" content=\"Escrito por\" \/>\n\t<meta name=\"twitter:data1\" content=\"Reda\u00e7\u00e3o Aconteceu no Vale\" \/>\n\t<meta name=\"twitter:label2\" content=\"Est. tempo de leitura\" \/>\n\t<meta name=\"twitter:data2\" content=\"2 minutos\" \/>\n<script type=\"application\/ld+json\" class=\"yoast-schema-graph\">{\"@context\":\"https:\\\/\\\/schema.org\",\"@graph\":[{\"@type\":\"Article\",\"@id\":\"https:\\\/\\\/aconteceunovale.com.br\\\/portal\\\/?p=189547#article\",\"isPartOf\":{\"@id\":\"https:\\\/\\\/aconteceunovale.com.br\\\/portal\\\/?p=189547\"},\"author\":{\"name\":\"Reda\u00e7\u00e3o Aconteceu no Vale\",\"@id\":\"https:\\\/\\\/aconteceunovale.com.br\\\/portal\\\/#\\\/schema\\\/person\\\/7d2f26d1483f8a63de73da1ee0754d35\"},\"headline\":\"PSTU oficializa Vera L\u00facia como candidata \u00e0 Presid\u00eancia\",\"datePublished\":\"2022-07-31T21:08:16+00:00\",\"dateModified\":\"2022-07-31T23:40:13+00:00\",\"mainEntityOfPage\":{\"@id\":\"https:\\\/\\\/aconteceunovale.com.br\\\/portal\\\/?p=189547\"},\"wordCount\":405,\"commentCount\":0,\"image\":{\"@id\":\"https:\\\/\\\/aconteceunovale.com.br\\\/portal\\\/?p=189547#primaryimage\"},\"thumbnailUrl\":\"https:\\\/\\\/aconteceunovale.com.br\\\/portal\\\/wp-content\\\/uploads\\\/2022\\\/07\\\/pstu_candidata.jpg\",\"keywords\":[\"Elei\u00e7\u00f5es 2022\",\"Elei\u00e7\u00f5es para Presid\u00eancia do Brasil\",\"Elei\u00e7\u00f5es para presidente do Brasil\",\"Elei\u00e7\u00f5es Presidenciais 2022\",\"Inaj\u00e1\",\"Kun\u00e3 Ypor\u00e3\",\"Maranh\u00e3o\",\"Partido PSTU\",\"Partido Socialista dos Trabalhadores Unificado\",\"PSTU oficializa Vera L\u00facia como candidata \u00e0 Presid\u00eancia\",\"PSU\",\"Raquel Trememb\u00e9\",\"Trememb\u00e9\",\"Vera L\u00facia PSTU\"],\"articleSection\":[\"Brasil\",\"Elei\u00e7\u00f5es 2022\",\"Pol\u00edtica\"],\"inLanguage\":\"pt-BR\",\"potentialAction\":[{\"@type\":\"CommentAction\",\"name\":\"Comment\",\"target\":[\"https:\\\/\\\/aconteceunovale.com.br\\\/portal\\\/?p=189547#respond\"]}]},{\"@type\":\"WebPage\",\"@id\":\"https:\\\/\\\/aconteceunovale.com.br\\\/portal\\\/?p=189547\",\"url\":\"https:\\\/\\\/aconteceunovale.com.br\\\/portal\\\/?p=189547\",\"name\":\"PSTU oficializa Vera L\u00facia como candidata \u00e0 Presid\u00eancia - Aconteceu no Vale\",\"isPartOf\":{\"@id\":\"https:\\\/\\\/aconteceunovale.com.br\\\/portal\\\/#website\"},\"primaryImageOfPage\":{\"@id\":\"https:\\\/\\\/aconteceunovale.com.br\\\/portal\\\/?p=189547#primaryimage\"},\"image\":{\"@id\":\"https:\\\/\\\/aconteceunovale.com.br\\\/portal\\\/?p=189547#primaryimage\"},\"thumbnailUrl\":\"https:\\\/\\\/aconteceunovale.com.br\\\/portal\\\/wp-content\\\/uploads\\\/2022\\\/07\\\/pstu_candidata.jpg\",\"datePublished\":\"2022-07-31T21:08:16+00:00\",\"dateModified\":\"2022-07-31T23:40:13+00:00\",\"author\":{\"@id\":\"https:\\\/\\\/aconteceunovale.com.br\\\/portal\\\/#\\\/schema\\\/person\\\/7d2f26d1483f8a63de73da1ee0754d35\"},\"breadcrumb\":{\"@id\":\"https:\\\/\\\/aconteceunovale.com.br\\\/portal\\\/?p=189547#breadcrumb\"},\"inLanguage\":\"pt-BR\",\"potentialAction\":[{\"@type\":\"ReadAction\",\"target\":[\"https:\\\/\\\/aconteceunovale.com.br\\\/portal\\\/?p=189547\"]}]},{\"@type\":\"ImageObject\",\"inLanguage\":\"pt-BR\",\"@id\":\"https:\\\/\\\/aconteceunovale.com.br\\\/portal\\\/?p=189547#primaryimage\",\"url\":\"https:\\\/\\\/aconteceunovale.com.br\\\/portal\\\/wp-content\\\/uploads\\\/2022\\\/07\\\/pstu_candidata.jpg\",\"contentUrl\":\"https:\\\/\\\/aconteceunovale.com.br\\\/portal\\\/wp-content\\\/uploads\\\/2022\\\/07\\\/pstu_candidata.jpg\",\"width\":726,\"height\":418},{\"@type\":\"BreadcrumbList\",\"@id\":\"https:\\\/\\\/aconteceunovale.com.br\\\/portal\\\/?p=189547#breadcrumb\",\"itemListElement\":[{\"@type\":\"ListItem\",\"position\":1,\"name\":\"In\u00edcio\",\"item\":\"https:\\\/\\\/aconteceunovale.com.br\\\/portal\\\/\"},{\"@type\":\"ListItem\",\"position\":2,\"name\":\"PSTU oficializa Vera L\u00facia como candidata \u00e0 Presid\u00eancia\"}]},{\"@type\":\"WebSite\",\"@id\":\"https:\\\/\\\/aconteceunovale.com.br\\\/portal\\\/#website\",\"url\":\"https:\\\/\\\/aconteceunovale.com.br\\\/portal\\\/\",\"name\":\"Aconteceu no Vale\",\"description\":\"Portal de Not\u00edcias\",\"potentialAction\":[{\"@type\":\"SearchAction\",\"target\":{\"@type\":\"EntryPoint\",\"urlTemplate\":\"https:\\\/\\\/aconteceunovale.com.br\\\/portal\\\/?s={search_term_string}\"},\"query-input\":{\"@type\":\"PropertyValueSpecification\",\"valueRequired\":true,\"valueName\":\"search_term_string\"}}],\"inLanguage\":\"pt-BR\"},{\"@type\":\"Person\",\"@id\":\"https:\\\/\\\/aconteceunovale.com.br\\\/portal\\\/#\\\/schema\\\/person\\\/7d2f26d1483f8a63de73da1ee0754d35\",\"name\":\"Reda\u00e7\u00e3o Aconteceu no Vale\",\"description\":\"Equipe de reportagem do Aconteceu no Vale, portal de not\u00edcias do Vale do Jequitinhonha, em Minas Gerais. Cobrimos as 51 cidades do Vale desde 2013. Sugest\u00f5es de pauta e pedidos de corre\u00e7\u00e3o: contato@aconteceunovale.com.br\",\"url\":\"https:\\\/\\\/aconteceunovale.com.br\\\/portal\\\/?author=4\"}]}<\/script>\n<!-- \/ Yoast SEO plugin. -->","yoast_head_json":{"title":"PSTU oficializa Vera L\u00facia como candidata \u00e0 Presid\u00eancia - Aconteceu no Vale","robots":{"index":"index","follow":"follow","max-snippet":"max-snippet:-1","max-image-preview":"max-image-preview:large","max-video-preview":"max-video-preview:-1"},"canonical":"https:\/\/aconteceunovale.com.br\/portal\/?p=189547","og_locale":"pt_BR","og_type":"article","og_title":"PSTU oficializa Vera L\u00facia como candidata \u00e0 Presid\u00eancia - Aconteceu no Vale","og_description":"O Partido Socialista dos Trabalhadores Unificado (PSTU) oficializou\u00a0hoje\u00a0(31), em conven\u00e7\u00e3o nacional, na capital paulista, o nome da oper\u00e1ria sapateira Vera L\u00facia como candidata \u00e0 Presid\u00eancia da Rep\u00fablica nas elei\u00e7\u00f5es\u00a0de outubro. O partido tamb\u00e9m referendou o nome da ind\u00edgena Kun\u00e3 Ypor\u00e3 (Raquel Trememb\u00e9), da etnia Trememb\u00e9, do Maranh\u00e3o, como candidata a vice-presidente. Durante seu discurso Vera [&hellip;]","og_url":"https:\/\/aconteceunovale.com.br\/portal\/?p=189547","og_site_name":"Aconteceu no Vale","article_publisher":"https:\/\/www.facebook.com\/aconteceunovale\/","article_published_time":"2022-07-31T21:08:16+00:00","article_modified_time":"2022-07-31T23:40:13+00:00","og_image":[{"width":726,"height":418,"url":"https:\/\/aconteceunovale.com.br\/portal\/wp-content\/uploads\/2022\/07\/pstu_candidata.jpg","type":"image\/jpeg"}],"author":"Reda\u00e7\u00e3o Aconteceu no Vale","twitter_card":"summary_large_image","twitter_creator":"@noticiadosvales","twitter_site":"@noticiadosvales","twitter_misc":{"Escrito por":"Reda\u00e7\u00e3o Aconteceu no Vale","Est. tempo de leitura":"2 minutos"},"schema":{"@context":"https:\/\/schema.org","@graph":[{"@type":"Article","@id":"https:\/\/aconteceunovale.com.br\/portal\/?p=189547#article","isPartOf":{"@id":"https:\/\/aconteceunovale.com.br\/portal\/?p=189547"},"author":{"name":"Reda\u00e7\u00e3o Aconteceu no Vale","@id":"https:\/\/aconteceunovale.com.br\/portal\/#\/schema\/person\/7d2f26d1483f8a63de73da1ee0754d35"},"headline":"PSTU oficializa Vera L\u00facia como candidata \u00e0 Presid\u00eancia","datePublished":"2022-07-31T21:08:16+00:00","dateModified":"2022-07-31T23:40:13+00:00","mainEntityOfPage":{"@id":"https:\/\/aconteceunovale.com.br\/portal\/?p=189547"},"wordCount":405,"commentCount":0,"image":{"@id":"https:\/\/aconteceunovale.com.br\/portal\/?p=189547#primaryimage"},"thumbnailUrl":"https:\/\/aconteceunovale.com.br\/portal\/wp-content\/uploads\/2022\/07\/pstu_candidata.jpg","keywords":["Elei\u00e7\u00f5es 2022","Elei\u00e7\u00f5es para Presid\u00eancia do Brasil","Elei\u00e7\u00f5es para presidente do Brasil","Elei\u00e7\u00f5es Presidenciais 2022","Inaj\u00e1","Kun\u00e3 Ypor\u00e3","Maranh\u00e3o","Partido PSTU","Partido Socialista dos Trabalhadores Unificado","PSTU oficializa Vera L\u00facia como candidata \u00e0 Presid\u00eancia","PSU","Raquel Trememb\u00e9","Trememb\u00e9","Vera L\u00facia PSTU"],"articleSection":["Brasil","Elei\u00e7\u00f5es 2022","Pol\u00edtica"],"inLanguage":"pt-BR","potentialAction":[{"@type":"CommentAction","name":"Comment","target":["https:\/\/aconteceunovale.com.br\/portal\/?p=189547#respond"]}]},{"@type":"WebPage","@id":"https:\/\/aconteceunovale.com.br\/portal\/?p=189547","url":"https:\/\/aconteceunovale.com.br\/portal\/?p=189547","name":"PSTU oficializa Vera L\u00facia como candidata \u00e0 Presid\u00eancia - Aconteceu no Vale","isPartOf":{"@id":"https:\/\/aconteceunovale.com.br\/portal\/#website"},"primaryImageOfPage":{"@id":"https:\/\/aconteceunovale.com.br\/portal\/?p=189547#primaryimage"},"image":{"@id":"https:\/\/aconteceunovale.com.br\/portal\/?p=189547#primaryimage"},"thumbnailUrl":"https:\/\/aconteceunovale.com.br\/portal\/wp-content\/uploads\/2022\/07\/pstu_candidata.jpg","datePublished":"2022-07-31T21:08:16+00:00","dateModified":"2022-07-31T23:40:13+00:00","author":{"@id":"https:\/\/aconteceunovale.com.br\/portal\/#\/schema\/person\/7d2f26d1483f8a63de73da1ee0754d35"},"breadcrumb":{"@id":"https:\/\/aconteceunovale.com.br\/portal\/?p=189547#breadcrumb"},"inLanguage":"pt-BR","potentialAction":[{"@type":"ReadAction","target":["https:\/\/aconteceunovale.com.br\/portal\/?p=189547"]}]},{"@type":"ImageObject","inLanguage":"pt-BR","@id":"https:\/\/aconteceunovale.com.br\/portal\/?p=189547#primaryimage","url":"https:\/\/aconteceunovale.com.br\/portal\/wp-content\/uploads\/2022\/07\/pstu_candidata.jpg","contentUrl":"https:\/\/aconteceunovale.com.br\/portal\/wp-content\/uploads\/2022\/07\/pstu_candidata.jpg","width":726,"height":418},{"@type":"BreadcrumbList","@id":"https:\/\/aconteceunovale.com.br\/portal\/?p=189547#breadcrumb","itemListElement":[{"@type":"ListItem","position":1,"name":"In\u00edcio","item":"https:\/\/aconteceunovale.com.br\/portal\/"},{"@type":"ListItem","position":2,"name":"PSTU oficializa Vera L\u00facia como candidata \u00e0 Presid\u00eancia"}]},{"@type":"WebSite","@id":"https:\/\/aconteceunovale.com.br\/portal\/#website","url":"https:\/\/aconteceunovale.com.br\/portal\/","name":"Aconteceu no Vale","description":"Portal de Not\u00edcias","potentialAction":[{"@type":"SearchAction","target":{"@type":"EntryPoint","urlTemplate":"https:\/\/aconteceunovale.com.br\/portal\/?s={search_term_string}"},"query-input":{"@type":"PropertyValueSpecification","valueRequired":true,"valueName":"search_term_string"}}],"inLanguage":"pt-BR"},{"@type":"Person","@id":"https:\/\/aconteceunovale.com.br\/portal\/#\/schema\/person\/7d2f26d1483f8a63de73da1ee0754d35","name":"Reda\u00e7\u00e3o Aconteceu no Vale","description":"Equipe de reportagem do Aconteceu no Vale, portal de not\u00edcias do Vale do Jequitinhonha, em Minas Gerais. Cobrimos as 51 cidades do Vale desde 2013. Sugest\u00f5es de pauta e pedidos de corre\u00e7\u00e3o: contato@aconteceunovale.com.br","url":"https:\/\/aconteceunovale.com.br\/portal\/?author=4"}]}},"_links":{"self":[{"href":"https:\/\/aconteceunovale.com.br\/portal\/index.php?rest_route=\/wp\/v2\/posts\/189547","targetHints":{"allow":["GET"]}}],"collection":[{"href":"https:\/\/aconteceunovale.com.br\/portal\/index.php?rest_route=\/wp\/v2\/posts"}],"about":[{"href":"https:\/\/aconteceunovale.com.br\/portal\/index.php?rest_route=\/wp\/v2\/types\/post"}],"author":[{"embeddable":true,"href":"https:\/\/aconteceunovale.com.br\/portal\/index.php?rest_route=\/wp\/v2\/users\/4"}],"replies":[{"embeddable":true,"href":"https:\/\/aconteceunovale.com.br\/portal\/index.php?rest_route=%2Fwp%2Fv2%2Fcomments&post=189547"}],"version-history":[{"count":1,"href":"https:\/\/aconteceunovale.com.br\/portal\/index.php?rest_route=\/wp\/v2\/posts\/189547\/revisions"}],"predecessor-version":[{"id":189549,"href":"https:\/\/aconteceunovale.com.br\/portal\/index.php?rest_route=\/wp\/v2\/posts\/189547\/revisions\/189549"}],"wp:featuredmedia":[{"embeddable":true,"href":"https:\/\/aconteceunovale.com.br\/portal\/index.php?rest_route=\/wp\/v2\/media\/189548"}],"wp:attachment":[{"href":"https:\/\/aconteceunovale.com.br\/portal\/index.php?rest_route=%2Fwp%2Fv2%2Fmedia&parent=189547"}],"wp:term":[{"taxonomy":"category","embeddable":true,"href":"https:\/\/aconteceunovale.com.br\/portal\/index.php?rest_route=%2Fwp%2Fv2%2Fcategories&post=189547"},{"taxonomy":"post_tag","embeddable":true,"href":"https:\/\/aconteceunovale.com.br\/portal\/index.php?rest_route=%2Fwp%2Fv2%2Ftags&post=189547"}],"curies":[{"name":"wp","href":"https:\/\/api.w.org\/{rel}","templated":true}]}}