{"id":189537,"date":"2022-07-31T10:52:07","date_gmt":"2022-07-31T13:52:07","guid":{"rendered":"https:\/\/aconteceunovale.com.br\/portal\/?p=189537"},"modified":"2022-07-31T10:52:37","modified_gmt":"2022-07-31T13:52:37","slug":"nasa-marca-datas-possiveis-para-retorno-a-lua","status":"publish","type":"post","link":"https:\/\/aconteceunovale.com.br\/portal\/?p=189537","title":{"rendered":"Nasa marca datas poss\u00edveis para retorno \u00e0 Lua"},"content":{"rendered":"\n<p class=\"wp-block-paragraph\">Um dos momentos hist\u00f3ricos que marcou o \u00e1pice da conquista humana sobre a natureza &#8211; a chegada do homem \u00e0 Lua &#8211; ter\u00e1 um novo e empolgante cap\u00edtulo.\u00a0Com participa\u00e7\u00e3o brasileira, a miss\u00e3o Artemis planeja levar uma nova miss\u00e3o tripulada para a superf\u00edcie lunar em 2024.<\/p>\n\n\n\n<figure class=\"wp-block-gallery has-nested-images columns-default is-cropped wp-block-gallery-1 is-layout-flex wp-block-gallery-is-layout-flex\">\n<figure class=\"wp-block-image size-large\"><img loading=\"lazy\" decoding=\"async\" width=\"678\" height=\"406\" data-id=\"189539\" src=\"https:\/\/aconteceunovale.com.br\/portal\/wp-content\/uploads\/2022\/07\/lua_terra.jpg\" alt=\"\" class=\"wp-image-189539\" srcset=\"https:\/\/aconteceunovale.com.br\/portal\/wp-content\/uploads\/2022\/07\/lua_terra.jpg 678w, https:\/\/aconteceunovale.com.br\/portal\/wp-content\/uploads\/2022\/07\/lua_terra-300x180.jpg 300w\" sizes=\"auto, (max-width: 678px) 100vw, 678px\" \/><figcaption><em><sub>Foto: Nasa\/Divulga\u00e7\u00e3o<\/sub><\/em><\/figcaption><\/figure>\n<\/figure>\n\n\n\n<p class=\"wp-block-paragraph\">Segundo o novo cronograma publicado pela ag\u00eancia aeroespacial norte-americana, a primeira fase da empreitada &#8211; que ser\u00e1 dividida em tr\u00eas grandes etapas &#8211; ser\u00e1 em 29 de agosto, com o lan\u00e7amento da miss\u00e3o Artemis I.&nbsp;<\/p>\n\n\n\n<p class=\"wp-block-paragraph\">O foguete SLS (Space Launch System, ou sistema de lan\u00e7amento espacial, em tradu\u00e7\u00e3o livre) transportar\u00e1 o ve\u00edculo Orion &#8211; projetado para levar astronautas a lugares nunca antes alcan\u00e7ados &#8211; pela \u00f3rbita da Lua e de volta \u00e0 Terra, mas sem tripulantes. Nesta primeira fase, elementos cruciais de funcionamento dos sistemas de propuls\u00e3o e das rotas de viagem ser\u00e3o postos \u00e0 prova.<\/p>\n\n\n\n<p class=\"wp-block-paragraph\">A complexidade das miss\u00f5es aumentar\u00e1 \u00e0 medida que o cronograma avan\u00e7ar. Na segunda fase, a Artemis II, que ser\u00e1 totalmente tripulada, astronautas altamente qualificados far\u00e3o testes exaustivos nos sistemas de lan\u00e7amento, acoplagem, sobreviv\u00eancia e transporte de carga pelo espa\u00e7o. A miss\u00e3o ser\u00e1 um marco tamb\u00e9m para o futuro da explora\u00e7\u00e3o espacial al\u00e9m da \u00f3rbita terrestre e lunar: o sucesso das tecnologias garantir\u00e1 a viabilidade das miss\u00f5es que visam chegar a Marte. O trajeto durante a Artemis II ser\u00e1 o maior percorrido por humanos fora da terra: cerca de 450 mil quil\u00f4metros al\u00e9m da \u00f3rbita do planeta azul.<\/p>\n\n\n\n<p class=\"wp-block-paragraph\">Prevista para 2024, a Artemis III dever\u00e1, de fato, levar astronautas para a superf\u00edcie lunar. Entre eles,\u00a0a primeira mulher a pisar na Lua. Com a evolu\u00e7\u00e3o das miss\u00f5es, a expectativa \u00e9 que a capacidade de carga do foguete SLS combinado com a capsula tripulada Orion aumente de 26 para 45 toneladas m\u00e9tricas, o que deve garantir a sobreviv\u00eancia da tripula\u00e7\u00e3o em miss\u00f5es no espa\u00e7o profundo.<\/p>\n\n\n\n<p class=\"wp-block-paragraph\">A Nasa preparou um v\u00eddeo especial para convidar a popula\u00e7\u00e3o mundial para acompanhar o lan\u00e7amento da Artemis I. Assista (em ingl\u00eas):<\/p>\n\n\n\n<figure class=\"wp-block-embed is-type-rich is-provider-incorporar-manipulador wp-block-embed-incorporar-manipulador wp-embed-aspect-16-9 wp-has-aspect-ratio\"><div class=\"wp-block-embed__wrapper\">\n<iframe loading=\"lazy\" title=\"Artemis I Launching to the Moon: Official NASA Launch Trailer\" width=\"696\" height=\"392\" src=\"https:\/\/www.youtube.com\/embed\/FSyfFrMcuQI?feature=oembed\" frameborder=\"0\" allow=\"accelerometer; autoplay; clipboard-write; encrypted-media; gyroscope; picture-in-picture\" allowfullscreen><\/iframe>\n<\/div><\/figure>\n\n\n\n<p class=\"wp-block-paragraph\">&#8212;&#8212;&#8212;&#8212;&#8212;&#8212;<br><br><strong>Sabia que o Aconteceu no Vale est\u00e1 tamb\u00e9m no Telegram? <a rel=\"noreferrer noopener\" href=\"https:\/\/t.me\/aconteceunovaleoficial\" target=\"_blank\">Inscreva-se no canal<\/a>.<\/strong><br><br><strong>J\u00e1 curtiu ou seguiu nossas p\u00e1ginas nas redes sociais?\u00a0Receba as not\u00edcias em primeira m\u00e3o:<\/strong><br>\u2022 <a rel=\"noreferrer noopener\" href=\"https:\/\/news.google.com\/publications\/CAAqBwgKMNjklQswi4etAw?hl=pt-BR&amp;gl=BR&amp;ceid=BR%3Apt-419\" target=\"_blank\">Google News<\/a><br>\u2022 <a rel=\"noreferrer noopener\" href=\"https:\/\/www.facebook.com\/aconteceunovale\/\" target=\"_blank\">Facebook<\/a><br>\u2022 <a rel=\"noreferrer noopener\" href=\"https:\/\/twitter.com\/noticiadosvales\" target=\"_blank\">Twitter<\/a><br>\u2022 <a rel=\"noreferrer noopener\" href=\"https:\/\/www.instagram.com\/aconteceunovale\" target=\"_blank\">Instagram<\/a><br>\u2022 <a rel=\"noreferrer noopener\" href=\"https:\/\/www.youtube.com\/AconteceunoValeOficial\" target=\"_blank\">Youtube<\/a><br>\u2022 <a rel=\"noreferrer noopener\" href=\"https:\/\/www.tiktok.com\/@aconteceunovale\" target=\"_blank\">TikTok<\/a><\/p>\n","protected":false},"excerpt":{"rendered":"<p>Um dos momentos hist\u00f3ricos que marcou o \u00e1pice da conquista humana sobre a natureza &#8211; a chegada do homem \u00e0 Lua &#8211; ter\u00e1 um novo e empolgante cap\u00edtulo.\u00a0Com participa\u00e7\u00e3o brasileira, a miss\u00e3o Artemis planeja levar uma nova miss\u00e3o tripulada para a superf\u00edcie lunar em 2024. Segundo o novo cronograma publicado pela ag\u00eancia aeroespacial norte-americana, a [&hellip;]<\/p>\n","protected":false},"author":4,"featured_media":189539,"comment_status":"open","ping_status":"closed","sticky":false,"template":"","format":"standard","meta":{"amp_status":"","footnotes":""},"categories":[28848],"tags":[38386,1018,244355,18407,261768,37516,261765,261769,261770,261766,52672,261767],"class_list":["post-189537","post","type-post","status-publish","format-standard","has-post-thumbnail","hentry","category-mundo","tag-astronomia","tag-destaque","tag-exploracao-do-espaco","tag-lua","tag-missao-artemis","tag-nasa","tag-nasa-marca-datas-possiveis-para-retorno-a-lua","tag-pouso-do-homem-na-lua","tag-pouso-na-superficie-lunar","tag-retorno-a-lua","tag-terra","tag-viagem-espacial"],"yoast_head":"<!-- This site is optimized with the Yoast SEO plugin v28.3 - https:\/\/yoast.com\/product\/yoast-seo-wordpress\/ -->\n<title>Nasa marca datas poss\u00edveis para retorno \u00e0 Lua - Aconteceu no Vale<\/title>\n<meta name=\"robots\" content=\"index, follow, max-snippet:-1, max-image-preview:large, max-video-preview:-1\" \/>\n<link rel=\"canonical\" href=\"https:\/\/aconteceunovale.com.br\/portal\/?p=189537\" \/>\n<meta property=\"og:locale\" content=\"pt_BR\" \/>\n<meta property=\"og:type\" content=\"article\" \/>\n<meta property=\"og:title\" content=\"Nasa marca datas poss\u00edveis para retorno \u00e0 Lua - Aconteceu no Vale\" \/>\n<meta property=\"og:description\" content=\"Um dos momentos hist\u00f3ricos que marcou o \u00e1pice da conquista humana sobre a natureza &#8211; a chegada do homem \u00e0 Lua &#8211; ter\u00e1 um novo e empolgante cap\u00edtulo.\u00a0Com participa\u00e7\u00e3o brasileira, a miss\u00e3o Artemis planeja levar uma nova miss\u00e3o tripulada para a superf\u00edcie lunar em 2024. Segundo o novo cronograma publicado pela ag\u00eancia aeroespacial norte-americana, a [&hellip;]\" \/>\n<meta property=\"og:url\" content=\"https:\/\/aconteceunovale.com.br\/portal\/?p=189537\" \/>\n<meta property=\"og:site_name\" content=\"Aconteceu no Vale\" \/>\n<meta property=\"article:publisher\" content=\"https:\/\/www.facebook.com\/aconteceunovale\/\" \/>\n<meta property=\"article:published_time\" content=\"2022-07-31T13:52:07+00:00\" \/>\n<meta property=\"article:modified_time\" content=\"2022-07-31T13:52:37+00:00\" \/>\n<meta property=\"og:image\" content=\"https:\/\/aconteceunovale.com.br\/portal\/wp-content\/uploads\/2022\/07\/lua_terra.jpg\" \/>\n\t<meta property=\"og:image:width\" content=\"678\" \/>\n\t<meta property=\"og:image:height\" content=\"406\" \/>\n\t<meta property=\"og:image:type\" content=\"image\/jpeg\" \/>\n<meta name=\"author\" content=\"Reda\u00e7\u00e3o Aconteceu no Vale\" \/>\n<meta name=\"twitter:card\" content=\"summary_large_image\" \/>\n<meta name=\"twitter:creator\" content=\"@noticiadosvales\" \/>\n<meta name=\"twitter:site\" content=\"@noticiadosvales\" \/>\n<meta name=\"twitter:label1\" content=\"Escrito por\" \/>\n\t<meta name=\"twitter:data1\" content=\"Reda\u00e7\u00e3o Aconteceu no Vale\" \/>\n\t<meta name=\"twitter:label2\" content=\"Est. tempo de leitura\" \/>\n\t<meta name=\"twitter:data2\" content=\"2 minutos\" \/>\n<script type=\"application\/ld+json\" class=\"yoast-schema-graph\">{\"@context\":\"https:\\\/\\\/schema.org\",\"@graph\":[{\"@type\":\"Article\",\"@id\":\"https:\\\/\\\/aconteceunovale.com.br\\\/portal\\\/?p=189537#article\",\"isPartOf\":{\"@id\":\"https:\\\/\\\/aconteceunovale.com.br\\\/portal\\\/?p=189537\"},\"author\":{\"name\":\"Reda\u00e7\u00e3o Aconteceu no Vale\",\"@id\":\"https:\\\/\\\/aconteceunovale.com.br\\\/portal\\\/#\\\/schema\\\/person\\\/7d2f26d1483f8a63de73da1ee0754d35\"},\"headline\":\"Nasa marca datas poss\u00edveis para retorno \u00e0 Lua\",\"datePublished\":\"2022-07-31T13:52:07+00:00\",\"dateModified\":\"2022-07-31T13:52:37+00:00\",\"mainEntityOfPage\":{\"@id\":\"https:\\\/\\\/aconteceunovale.com.br\\\/portal\\\/?p=189537\"},\"wordCount\":415,\"commentCount\":0,\"image\":{\"@id\":\"https:\\\/\\\/aconteceunovale.com.br\\\/portal\\\/?p=189537#primaryimage\"},\"thumbnailUrl\":\"https:\\\/\\\/aconteceunovale.com.br\\\/portal\\\/wp-content\\\/uploads\\\/2022\\\/07\\\/lua_terra.jpg\",\"keywords\":[\"astronomia\",\"destaque\",\"Explora\u00e7\u00e3o do espa\u00e7o\",\"lua\",\"Miss\u00e3o Artemis\",\"NASA\",\"Nasa marca datas poss\u00edveis para retorno \u00e0 Lua\",\"Pouso do homem na lua\",\"Pouso na superf\u00edcie Lunar\",\"Retorno \u00e0 Lua\",\"Terra\",\"Viagem Espacial\"],\"articleSection\":[\"Mundo\"],\"inLanguage\":\"pt-BR\",\"potentialAction\":[{\"@type\":\"CommentAction\",\"name\":\"Comment\",\"target\":[\"https:\\\/\\\/aconteceunovale.com.br\\\/portal\\\/?p=189537#respond\"]}]},{\"@type\":\"WebPage\",\"@id\":\"https:\\\/\\\/aconteceunovale.com.br\\\/portal\\\/?p=189537\",\"url\":\"https:\\\/\\\/aconteceunovale.com.br\\\/portal\\\/?p=189537\",\"name\":\"Nasa marca datas poss\u00edveis para retorno \u00e0 Lua - Aconteceu no Vale\",\"isPartOf\":{\"@id\":\"https:\\\/\\\/aconteceunovale.com.br\\\/portal\\\/#website\"},\"primaryImageOfPage\":{\"@id\":\"https:\\\/\\\/aconteceunovale.com.br\\\/portal\\\/?p=189537#primaryimage\"},\"image\":{\"@id\":\"https:\\\/\\\/aconteceunovale.com.br\\\/portal\\\/?p=189537#primaryimage\"},\"thumbnailUrl\":\"https:\\\/\\\/aconteceunovale.com.br\\\/portal\\\/wp-content\\\/uploads\\\/2022\\\/07\\\/lua_terra.jpg\",\"datePublished\":\"2022-07-31T13:52:07+00:00\",\"dateModified\":\"2022-07-31T13:52:37+00:00\",\"author\":{\"@id\":\"https:\\\/\\\/aconteceunovale.com.br\\\/portal\\\/#\\\/schema\\\/person\\\/7d2f26d1483f8a63de73da1ee0754d35\"},\"breadcrumb\":{\"@id\":\"https:\\\/\\\/aconteceunovale.com.br\\\/portal\\\/?p=189537#breadcrumb\"},\"inLanguage\":\"pt-BR\",\"potentialAction\":[{\"@type\":\"ReadAction\",\"target\":[\"https:\\\/\\\/aconteceunovale.com.br\\\/portal\\\/?p=189537\"]}]},{\"@type\":\"ImageObject\",\"inLanguage\":\"pt-BR\",\"@id\":\"https:\\\/\\\/aconteceunovale.com.br\\\/portal\\\/?p=189537#primaryimage\",\"url\":\"https:\\\/\\\/aconteceunovale.com.br\\\/portal\\\/wp-content\\\/uploads\\\/2022\\\/07\\\/lua_terra.jpg\",\"contentUrl\":\"https:\\\/\\\/aconteceunovale.com.br\\\/portal\\\/wp-content\\\/uploads\\\/2022\\\/07\\\/lua_terra.jpg\",\"width\":678,\"height\":406,\"caption\":\"View of Moon limb with Earth on the horizon,Mare Smythii Region. Earth rise. This image was taken before separation of the LM and the Command Module during Apollo 11 Mission. Original film magazine was labeled V. Film Type: S0-368 Color taken with a 250mm lens. Approximate photo scale 1:1,300,000. Principal Point Latitude was 3 North by Longitude 85 East. Foward overlap is 90%. Sun angle is High. Approximate Tilt minimum is 65 degrees,maximum is 69. Tilt direction is West (W).\"},{\"@type\":\"BreadcrumbList\",\"@id\":\"https:\\\/\\\/aconteceunovale.com.br\\\/portal\\\/?p=189537#breadcrumb\",\"itemListElement\":[{\"@type\":\"ListItem\",\"position\":1,\"name\":\"In\u00edcio\",\"item\":\"https:\\\/\\\/aconteceunovale.com.br\\\/portal\\\/\"},{\"@type\":\"ListItem\",\"position\":2,\"name\":\"Nasa marca datas poss\u00edveis para retorno \u00e0 Lua\"}]},{\"@type\":\"WebSite\",\"@id\":\"https:\\\/\\\/aconteceunovale.com.br\\\/portal\\\/#website\",\"url\":\"https:\\\/\\\/aconteceunovale.com.br\\\/portal\\\/\",\"name\":\"Aconteceu no Vale\",\"description\":\"Portal de Not\u00edcias\",\"potentialAction\":[{\"@type\":\"SearchAction\",\"target\":{\"@type\":\"EntryPoint\",\"urlTemplate\":\"https:\\\/\\\/aconteceunovale.com.br\\\/portal\\\/?s={search_term_string}\"},\"query-input\":{\"@type\":\"PropertyValueSpecification\",\"valueRequired\":true,\"valueName\":\"search_term_string\"}}],\"inLanguage\":\"pt-BR\"},{\"@type\":\"Person\",\"@id\":\"https:\\\/\\\/aconteceunovale.com.br\\\/portal\\\/#\\\/schema\\\/person\\\/7d2f26d1483f8a63de73da1ee0754d35\",\"name\":\"Reda\u00e7\u00e3o Aconteceu no Vale\",\"description\":\"Equipe de reportagem do Aconteceu no Vale, portal de not\u00edcias do Vale do Jequitinhonha, em Minas Gerais. Cobrimos as 51 cidades do Vale desde 2013. Sugest\u00f5es de pauta e pedidos de corre\u00e7\u00e3o: contato@aconteceunovale.com.br\",\"url\":\"https:\\\/\\\/aconteceunovale.com.br\\\/portal\\\/?author=4\"}]}<\/script>\n<!-- \/ Yoast SEO plugin. -->","yoast_head_json":{"title":"Nasa marca datas poss\u00edveis para retorno \u00e0 Lua - Aconteceu no Vale","robots":{"index":"index","follow":"follow","max-snippet":"max-snippet:-1","max-image-preview":"max-image-preview:large","max-video-preview":"max-video-preview:-1"},"canonical":"https:\/\/aconteceunovale.com.br\/portal\/?p=189537","og_locale":"pt_BR","og_type":"article","og_title":"Nasa marca datas poss\u00edveis para retorno \u00e0 Lua - Aconteceu no Vale","og_description":"Um dos momentos hist\u00f3ricos que marcou o \u00e1pice da conquista humana sobre a natureza &#8211; a chegada do homem \u00e0 Lua &#8211; ter\u00e1 um novo e empolgante cap\u00edtulo.\u00a0Com participa\u00e7\u00e3o brasileira, a miss\u00e3o Artemis planeja levar uma nova miss\u00e3o tripulada para a superf\u00edcie lunar em 2024. Segundo o novo cronograma publicado pela ag\u00eancia aeroespacial norte-americana, a [&hellip;]","og_url":"https:\/\/aconteceunovale.com.br\/portal\/?p=189537","og_site_name":"Aconteceu no Vale","article_publisher":"https:\/\/www.facebook.com\/aconteceunovale\/","article_published_time":"2022-07-31T13:52:07+00:00","article_modified_time":"2022-07-31T13:52:37+00:00","og_image":[{"width":678,"height":406,"url":"https:\/\/aconteceunovale.com.br\/portal\/wp-content\/uploads\/2022\/07\/lua_terra.jpg","type":"image\/jpeg"}],"author":"Reda\u00e7\u00e3o Aconteceu no Vale","twitter_card":"summary_large_image","twitter_creator":"@noticiadosvales","twitter_site":"@noticiadosvales","twitter_misc":{"Escrito por":"Reda\u00e7\u00e3o Aconteceu no Vale","Est. tempo de leitura":"2 minutos"},"schema":{"@context":"https:\/\/schema.org","@graph":[{"@type":"Article","@id":"https:\/\/aconteceunovale.com.br\/portal\/?p=189537#article","isPartOf":{"@id":"https:\/\/aconteceunovale.com.br\/portal\/?p=189537"},"author":{"name":"Reda\u00e7\u00e3o Aconteceu no Vale","@id":"https:\/\/aconteceunovale.com.br\/portal\/#\/schema\/person\/7d2f26d1483f8a63de73da1ee0754d35"},"headline":"Nasa marca datas poss\u00edveis para retorno \u00e0 Lua","datePublished":"2022-07-31T13:52:07+00:00","dateModified":"2022-07-31T13:52:37+00:00","mainEntityOfPage":{"@id":"https:\/\/aconteceunovale.com.br\/portal\/?p=189537"},"wordCount":415,"commentCount":0,"image":{"@id":"https:\/\/aconteceunovale.com.br\/portal\/?p=189537#primaryimage"},"thumbnailUrl":"https:\/\/aconteceunovale.com.br\/portal\/wp-content\/uploads\/2022\/07\/lua_terra.jpg","keywords":["astronomia","destaque","Explora\u00e7\u00e3o do espa\u00e7o","lua","Miss\u00e3o Artemis","NASA","Nasa marca datas poss\u00edveis para retorno \u00e0 Lua","Pouso do homem na lua","Pouso na superf\u00edcie Lunar","Retorno \u00e0 Lua","Terra","Viagem Espacial"],"articleSection":["Mundo"],"inLanguage":"pt-BR","potentialAction":[{"@type":"CommentAction","name":"Comment","target":["https:\/\/aconteceunovale.com.br\/portal\/?p=189537#respond"]}]},{"@type":"WebPage","@id":"https:\/\/aconteceunovale.com.br\/portal\/?p=189537","url":"https:\/\/aconteceunovale.com.br\/portal\/?p=189537","name":"Nasa marca datas poss\u00edveis para retorno \u00e0 Lua - Aconteceu no Vale","isPartOf":{"@id":"https:\/\/aconteceunovale.com.br\/portal\/#website"},"primaryImageOfPage":{"@id":"https:\/\/aconteceunovale.com.br\/portal\/?p=189537#primaryimage"},"image":{"@id":"https:\/\/aconteceunovale.com.br\/portal\/?p=189537#primaryimage"},"thumbnailUrl":"https:\/\/aconteceunovale.com.br\/portal\/wp-content\/uploads\/2022\/07\/lua_terra.jpg","datePublished":"2022-07-31T13:52:07+00:00","dateModified":"2022-07-31T13:52:37+00:00","author":{"@id":"https:\/\/aconteceunovale.com.br\/portal\/#\/schema\/person\/7d2f26d1483f8a63de73da1ee0754d35"},"breadcrumb":{"@id":"https:\/\/aconteceunovale.com.br\/portal\/?p=189537#breadcrumb"},"inLanguage":"pt-BR","potentialAction":[{"@type":"ReadAction","target":["https:\/\/aconteceunovale.com.br\/portal\/?p=189537"]}]},{"@type":"ImageObject","inLanguage":"pt-BR","@id":"https:\/\/aconteceunovale.com.br\/portal\/?p=189537#primaryimage","url":"https:\/\/aconteceunovale.com.br\/portal\/wp-content\/uploads\/2022\/07\/lua_terra.jpg","contentUrl":"https:\/\/aconteceunovale.com.br\/portal\/wp-content\/uploads\/2022\/07\/lua_terra.jpg","width":678,"height":406,"caption":"View of Moon limb with Earth on the horizon,Mare Smythii Region. Earth rise. This image was taken before separation of the LM and the Command Module during Apollo 11 Mission. Original film magazine was labeled V. Film Type: S0-368 Color taken with a 250mm lens. Approximate photo scale 1:1,300,000. Principal Point Latitude was 3 North by Longitude 85 East. Foward overlap is 90%. Sun angle is High. Approximate Tilt minimum is 65 degrees,maximum is 69. Tilt direction is West (W)."},{"@type":"BreadcrumbList","@id":"https:\/\/aconteceunovale.com.br\/portal\/?p=189537#breadcrumb","itemListElement":[{"@type":"ListItem","position":1,"name":"In\u00edcio","item":"https:\/\/aconteceunovale.com.br\/portal\/"},{"@type":"ListItem","position":2,"name":"Nasa marca datas poss\u00edveis para retorno \u00e0 Lua"}]},{"@type":"WebSite","@id":"https:\/\/aconteceunovale.com.br\/portal\/#website","url":"https:\/\/aconteceunovale.com.br\/portal\/","name":"Aconteceu no Vale","description":"Portal de Not\u00edcias","potentialAction":[{"@type":"SearchAction","target":{"@type":"EntryPoint","urlTemplate":"https:\/\/aconteceunovale.com.br\/portal\/?s={search_term_string}"},"query-input":{"@type":"PropertyValueSpecification","valueRequired":true,"valueName":"search_term_string"}}],"inLanguage":"pt-BR"},{"@type":"Person","@id":"https:\/\/aconteceunovale.com.br\/portal\/#\/schema\/person\/7d2f26d1483f8a63de73da1ee0754d35","name":"Reda\u00e7\u00e3o Aconteceu no Vale","description":"Equipe de reportagem do Aconteceu no Vale, portal de not\u00edcias do Vale do Jequitinhonha, em Minas Gerais. Cobrimos as 51 cidades do Vale desde 2013. Sugest\u00f5es de pauta e pedidos de corre\u00e7\u00e3o: contato@aconteceunovale.com.br","url":"https:\/\/aconteceunovale.com.br\/portal\/?author=4"}]}},"_links":{"self":[{"href":"https:\/\/aconteceunovale.com.br\/portal\/index.php?rest_route=\/wp\/v2\/posts\/189537","targetHints":{"allow":["GET"]}}],"collection":[{"href":"https:\/\/aconteceunovale.com.br\/portal\/index.php?rest_route=\/wp\/v2\/posts"}],"about":[{"href":"https:\/\/aconteceunovale.com.br\/portal\/index.php?rest_route=\/wp\/v2\/types\/post"}],"author":[{"embeddable":true,"href":"https:\/\/aconteceunovale.com.br\/portal\/index.php?rest_route=\/wp\/v2\/users\/4"}],"replies":[{"embeddable":true,"href":"https:\/\/aconteceunovale.com.br\/portal\/index.php?rest_route=%2Fwp%2Fv2%2Fcomments&post=189537"}],"version-history":[{"count":1,"href":"https:\/\/aconteceunovale.com.br\/portal\/index.php?rest_route=\/wp\/v2\/posts\/189537\/revisions"}],"predecessor-version":[{"id":189540,"href":"https:\/\/aconteceunovale.com.br\/portal\/index.php?rest_route=\/wp\/v2\/posts\/189537\/revisions\/189540"}],"wp:featuredmedia":[{"embeddable":true,"href":"https:\/\/aconteceunovale.com.br\/portal\/index.php?rest_route=\/wp\/v2\/media\/189539"}],"wp:attachment":[{"href":"https:\/\/aconteceunovale.com.br\/portal\/index.php?rest_route=%2Fwp%2Fv2%2Fmedia&parent=189537"}],"wp:term":[{"taxonomy":"category","embeddable":true,"href":"https:\/\/aconteceunovale.com.br\/portal\/index.php?rest_route=%2Fwp%2Fv2%2Fcategories&post=189537"},{"taxonomy":"post_tag","embeddable":true,"href":"https:\/\/aconteceunovale.com.br\/portal\/index.php?rest_route=%2Fwp%2Fv2%2Ftags&post=189537"}],"curies":[{"name":"wp","href":"https:\/\/api.w.org\/{rel}","templated":true}]}}