{"id":18951,"date":"2014-01-20T20:20:24","date_gmt":"2014-01-20T22:20:24","guid":{"rendered":"http:\/\/aconteceunovale.com.br\/portal\/?p=18951"},"modified":"2014-01-20T20:20:43","modified_gmt":"2014-01-20T22:20:43","slug":"incendio-destroi-moveis-de-residencia-em-caratinga","status":"publish","type":"post","link":"https:\/\/aconteceunovale.com.br\/portal\/?p=18951","title":{"rendered":"Inc\u00eandio destr\u00f3i m\u00f3veis de resid\u00eancia em Caratinga"},"content":{"rendered":"<p>Um inc\u00eandio deixou uma casa praticamente destru\u00edda nesta segunda-feira (20\/01), no bairro Santa Cruz, em Caratinga. Segundo informa\u00e7\u00f5es do Corpo de Bombeiros os m\u00f3veis foram queimados, mas ning\u00e9m ficou ferido.<\/p>\n<p><img decoding=\"async\" src=\"http:\/\/aconteceunovale.com.br\/portal\/wp-content\/uploads\/2014\/01\/incendio_casa_caratinga.jpg\" alt=\"\" \/><br \/>\n<em><strong>Um jovem de 21 anos se escondeu no terra\u00e7o para fugir das chamas.<\/strong><\/em><\/p>\n<p>Ainda de acordo com os militares, na hora do inc\u00eandio, um jovem de 21 anos, que sofre de problemas mentais estava no interior do im\u00f3vel. Ainda de acordo com os bombeiros o morador teria se escondido no terra\u00e7o e foi salvo sem ferimentos por um vizinho.<\/p>\n<p>A dona do im\u00f3vel, a aposentada Luzia Jos\u00e9 Ferreira n\u00e3o soube informar as causas do ocorrido. A Pol\u00edcia Civil foi acionada para investigar e esclarecer se o inc\u00eandio foi acidental ou criminoso.<\/p>\n<p><strong><em>(Informa\u00e7\u00f5es e foto do Corpo de Bombeiros, via Inter TV dos Vales)<\/em><\/strong><\/p>\n","protected":false},"excerpt":{"rendered":"<p>Um inc\u00eandio deixou uma casa praticamente destru\u00edda nesta segunda-feira (20\/01), no bairro Santa Cruz, em Caratinga. Segundo informa\u00e7\u00f5es do Corpo de Bombeiros os m\u00f3veis foram queimados, mas ning\u00e9m ficou ferido. Um jovem de 21 anos se escondeu no terra\u00e7o para fugir das chamas. Ainda de acordo com os militares, na hora do inc\u00eandio, um jovem [&hellip;]<\/p>\n","protected":false},"author":1,"featured_media":18952,"comment_status":"open","ping_status":"closed","sticky":false,"template":"","format":"standard","meta":{"amp_status":"","footnotes":""},"categories":[121],"tags":[237,3253],"class_list":["post-18951","post","type-post","status-publish","format-standard","has-post-thumbnail","hentry","category-leste","tag-caratinga","tag-incendio-destroi-moveis-de-residencia-em-caratinga"],"_links":{"self":[{"href":"https:\/\/aconteceunovale.com.br\/portal\/index.php?rest_route=\/wp\/v2\/posts\/18951","targetHints":{"allow":["GET"]}}],"collection":[{"href":"https:\/\/aconteceunovale.com.br\/portal\/index.php?rest_route=\/wp\/v2\/posts"}],"about":[{"href":"https:\/\/aconteceunovale.com.br\/portal\/index.php?rest_route=\/wp\/v2\/types\/post"}],"author":[{"embeddable":true,"href":"https:\/\/aconteceunovale.com.br\/portal\/index.php?rest_route=\/wp\/v2\/users\/1"}],"replies":[{"embeddable":true,"href":"https:\/\/aconteceunovale.com.br\/portal\/index.php?rest_route=%2Fwp%2Fv2%2Fcomments&post=18951"}],"version-history":[{"count":0,"href":"https:\/\/aconteceunovale.com.br\/portal\/index.php?rest_route=\/wp\/v2\/posts\/18951\/revisions"}],"wp:featuredmedia":[{"embeddable":true,"href":"https:\/\/aconteceunovale.com.br\/portal\/index.php?rest_route=\/wp\/v2\/media\/18952"}],"wp:attachment":[{"href":"https:\/\/aconteceunovale.com.br\/portal\/index.php?rest_route=%2Fwp%2Fv2%2Fmedia&parent=18951"}],"wp:term":[{"taxonomy":"category","embeddable":true,"href":"https:\/\/aconteceunovale.com.br\/portal\/index.php?rest_route=%2Fwp%2Fv2%2Fcategories&post=18951"},{"taxonomy":"post_tag","embeddable":true,"href":"https:\/\/aconteceunovale.com.br\/portal\/index.php?rest_route=%2Fwp%2Fv2%2Ftags&post=18951"}],"curies":[{"name":"wp","href":"https:\/\/api.w.org\/{rel}","templated":true}]}}