{"id":189505,"date":"2022-07-27T23:08:48","date_gmt":"2022-07-28T02:08:48","guid":{"rendered":"https:\/\/aconteceunovale.com.br\/portal\/?p=189505"},"modified":"2022-07-27T23:10:53","modified_gmt":"2022-07-28T02:10:53","slug":"mdb-confirma-tebet-na-corrida-presidencial","status":"publish","type":"post","link":"https:\/\/aconteceunovale.com.br\/portal\/?p=189505","title":{"rendered":"MDB confirma Simone Tebet na corrida presidencial"},"content":{"rendered":"\n<p class=\"wp-block-paragraph\">Ainda sem o vice da chapa definido, com 262 votos favor\u00e1veis e 9 contr\u00e1rios, o MDB confirmou, nesta quarta-feira (27), o nome da senadora Simone Tebet (MS) para a corrida ao Pal\u00e1cio do Planalto em conven\u00e7\u00e3o virtual da sigla realizada nesta quarta-feira (27). O evento teve transmiss\u00e3o pela internet e a vota\u00e7\u00e3o ocorreu por meio de uma plataforma virtual. Apoiada pela federa\u00e7\u00e3o partid\u00e1ria PSDB-Cidadania, que marcou presen\u00e7a na conven\u00e7\u00e3o emedebista com seus presidentes, respectivamente, Bruno Ara\u00fajo e Roberto Freire, em seu discurso aos convencionais da legenda, Simone Tebet pregou confian\u00e7a.<\/p>\n\n\n\n<figure class=\"wp-block-gallery has-nested-images columns-default is-cropped wp-block-gallery-1 is-layout-flex wp-block-gallery-is-layout-flex\">\n<figure class=\"wp-block-image size-large\"><img loading=\"lazy\" decoding=\"async\" width=\"676\" height=\"450\" data-id=\"189506\" src=\"https:\/\/aconteceunovale.com.br\/portal\/wp-content\/uploads\/2022\/07\/simone_tebet_mdb.jpg\" alt=\"\" class=\"wp-image-189506\" srcset=\"https:\/\/aconteceunovale.com.br\/portal\/wp-content\/uploads\/2022\/07\/simone_tebet_mdb.jpg 676w, https:\/\/aconteceunovale.com.br\/portal\/wp-content\/uploads\/2022\/07\/simone_tebet_mdb-300x200.jpg 300w, https:\/\/aconteceunovale.com.br\/portal\/wp-content\/uploads\/2022\/07\/simone_tebet_mdb-631x420.jpg 631w\" sizes=\"auto, (max-width: 676px) 100vw, 676px\" \/><figcaption><em><sub>Foto: MDB Nacional \/ Divulga\u00e7\u00e3o<\/sub><\/em><\/figcaption><\/figure>\n<\/figure>\n\n\n\n<p class=\"wp-block-paragraph\">&#8220;S\u00f3 n\u00f3s, o centro democr\u00e1tico, tem a legitimidade para dizer que tem a capacidade de pacificar o Brasil, de unir o Brasil, para que o Brasil volte a ter seguran\u00e7a, estabilidade e com isso volte a crescer, gerar emprego e renda pra nossa popula\u00e7\u00e3o. Eu estou pronta para poder estar ao lado de voc\u00eas, trabalhando por voc\u00eas, para com a experi\u00eancia de cada um de voc\u00eas, poder ser a voz do MDB, do PSDB e do Cidadania\u201d, disse Tebet.<\/p>\n\n\n\n<p class=\"wp-block-paragraph\">Ap\u00f3s a conven\u00e7\u00e3o, em entrevista coletiva, ela refor\u00e7ou que recebeu hoje a mais \u00e1rdua, a mais importante miss\u00e3o da sua vida. &#8220;Eu sou candidata a presidente da Rep\u00fablica e como candidata eu coloco a minha vida a favor do Brasil, da democracia e do povo brasileiro&#8221;, disse Simone Tebet. &#8220;N\u00f3s vamos transformar o Brasil com amor e coragem.&#8221;<\/p>\n\n\n\n<h2 class=\"wp-block-heading\">Vice<\/h2>\n\n\n\n<p class=\"wp-block-paragraph\">Mesmo com a declara\u00e7\u00e3o de apoio do PSDB \u00e0 Simone Tebet, o nome do candidato a vice na chapa ainda n\u00e3o foi definido pelo partido. O senador Tasso Jereissati (PSDB-CE) \u00e9 um dos cotados. \u201cA defini\u00e7\u00e3o da vice depende de uma s\u00e9rie de conversas e entendimentos internos de sentido pol\u00edtico e eleitoral, em que o prop\u00f3sito final ser\u00e1 encontrar aquilo que seja o melhor para a candidatura. Qualquer que seja a decis\u00e3o, estarei do lado dela [ Simone]\u201d, disse o senador na conven\u00e7\u00e3o da federa\u00e7\u00e3o PSDB-Cidadania em Bras\u00edlia hoje. Na ocasi\u00e3o, os\u00a0dois partidos oficializaram o apoio\u00a0\u00e0 emedebista e disseram que o nome para vice ser\u00e1 definido at\u00e9 o limite do calend\u00e1rio eleitoral, no dia 5 de agosto.<\/p>\n\n\n\n<h2 class=\"wp-block-heading\">Perfil<\/h2>\n\n\n\n<p class=\"wp-block-paragraph\">Simone Tebet tem 52 anos. Nascida em Tr\u00eas Lagoas (MS), ela \u00e9 formada em direito e come\u00e7ou sua carreira pol\u00edtica em 2003 como deputada estadual. De 2005 a 2010 foi prefeita de sua cidade natal por dois mandatos. Deixou o cargo para ser vice-governadora de Mato Grosso do Sul. Ela \u00e9 filha do ex-presidente do Senado Ramez Tebet, falecido em 2006.\u00a0De 2013 a 2014, foi secret\u00e1ria de Governo at\u00e9 que, em 2015, foi empossada como senadora. Tebet ganhou proje\u00e7\u00e3o nacional especialmente depois da forte atua\u00e7\u00e3o na Comiss\u00e3o Parlamentar de Inqu\u00e9rito (CPI) da Pandemia do Senado, no ano passado.<\/p>\n\n\n\n<p class=\"wp-block-paragraph\">&#8212;&#8212;&#8212;&#8212;&#8212;&#8212;<br><br><strong>Sabia que o Aconteceu no Vale est\u00e1 tamb\u00e9m no Telegram? <a rel=\"noreferrer noopener\" href=\"https:\/\/t.me\/aconteceunovaleoficial\" target=\"_blank\">Inscreva-se no canal<\/a>.<\/strong><br><br><strong>J\u00e1 curtiu ou seguiu nossas p\u00e1ginas nas redes sociais?\u00a0Receba as not\u00edcias em primeira m\u00e3o:<\/strong><br>\u2022 <a rel=\"noreferrer noopener\" href=\"https:\/\/news.google.com\/publications\/CAAqBwgKMNjklQswi4etAw?hl=pt-BR&amp;gl=BR&amp;ceid=BR%3Apt-419\" target=\"_blank\">Google News<\/a><br>\u2022 <a rel=\"noreferrer noopener\" href=\"https:\/\/www.facebook.com\/aconteceunovale\/\" target=\"_blank\">Facebook<\/a><br>\u2022 <a rel=\"noreferrer noopener\" href=\"https:\/\/twitter.com\/noticiadosvales\" target=\"_blank\">Twitter<\/a><br>\u2022 <a rel=\"noreferrer noopener\" href=\"https:\/\/www.instagram.com\/aconteceunovale\" target=\"_blank\">Instagram<\/a><br>\u2022 <a rel=\"noreferrer noopener\" href=\"https:\/\/www.youtube.com\/AconteceunoValeOficial\" target=\"_blank\">Youtube<\/a><br>\u2022 <a rel=\"noreferrer noopener\" href=\"https:\/\/www.tiktok.com\/@aconteceunovale\" target=\"_blank\">TikTok<\/a><\/p>\n","protected":false},"excerpt":{"rendered":"<p>Ainda sem o vice da chapa definido, com 262 votos favor\u00e1veis e 9 contr\u00e1rios, o MDB confirmou, nesta quarta-feira (27), o nome da senadora Simone Tebet (MS) para a corrida ao Pal\u00e1cio do Planalto em conven\u00e7\u00e3o virtual da sigla realizada nesta quarta-feira (27). O evento teve transmiss\u00e3o pela internet e a vota\u00e7\u00e3o ocorreu por meio [&hellip;]<\/p>\n","protected":false},"author":4,"featured_media":189506,"comment_status":"open","ping_status":"closed","sticky":false,"template":"","format":"standard","meta":{"amp_status":"","footnotes":""},"categories":[6,249933,40240],"tags":[4606,89104,7872,242518,1018,261745,261746,252238,101954,177500,261743,40919,61731,7882,261749,261747,261744,236023,261748,11063],"class_list":["post-189505","post","type-post","status-publish","format-standard","has-post-thumbnail","hentry","category-br","category-eleicoes-2022","category-politica","tag-brasilia","tag-bruno-araujo","tag-cidadania","tag-cpi-da-pandemia","tag-destaque","tag-disputa-para-presidente-do-brasil","tag-eleicao-para-presidente-do-brasil","tag-eleicoes-2022","tag-mato-grosso-do-sul","tag-mdb","tag-mdb-confirma-simone-tebet-na-corrida-presidencial","tag-ms","tag-palacio-do-planalto","tag-psdb","tag-ramez-tebet","tag-roberto-freire","tag-senadora-simone-tebet","tag-simone-tebet","tag-tasso-jereissati","tag-tres-lagoas"],"yoast_head":"<!-- This site is optimized with the Yoast SEO plugin v28.3 - https:\/\/yoast.com\/product\/yoast-seo-wordpress\/ -->\n<title>MDB confirma Simone Tebet na corrida presidencial - Aconteceu no Vale<\/title>\n<meta name=\"robots\" content=\"index, follow, max-snippet:-1, max-image-preview:large, max-video-preview:-1\" \/>\n<link rel=\"canonical\" href=\"https:\/\/aconteceunovale.com.br\/portal\/?p=189505\" \/>\n<meta property=\"og:locale\" content=\"pt_BR\" \/>\n<meta property=\"og:type\" content=\"article\" \/>\n<meta property=\"og:title\" content=\"MDB confirma Simone Tebet na corrida presidencial - Aconteceu no Vale\" \/>\n<meta property=\"og:description\" content=\"Ainda sem o vice da chapa definido, com 262 votos favor\u00e1veis e 9 contr\u00e1rios, o MDB confirmou, nesta quarta-feira (27), o nome da senadora Simone Tebet (MS) para a corrida ao Pal\u00e1cio do Planalto em conven\u00e7\u00e3o virtual da sigla realizada nesta quarta-feira (27). O evento teve transmiss\u00e3o pela internet e a vota\u00e7\u00e3o ocorreu por meio [&hellip;]\" \/>\n<meta property=\"og:url\" content=\"https:\/\/aconteceunovale.com.br\/portal\/?p=189505\" \/>\n<meta property=\"og:site_name\" content=\"Aconteceu no Vale\" \/>\n<meta property=\"article:publisher\" content=\"https:\/\/www.facebook.com\/aconteceunovale\/\" \/>\n<meta property=\"article:published_time\" content=\"2022-07-28T02:08:48+00:00\" \/>\n<meta property=\"article:modified_time\" content=\"2022-07-28T02:10:53+00:00\" \/>\n<meta property=\"og:image\" content=\"https:\/\/aconteceunovale.com.br\/portal\/wp-content\/uploads\/2022\/07\/simone_tebet_mdb.jpg\" \/>\n\t<meta property=\"og:image:width\" content=\"676\" \/>\n\t<meta property=\"og:image:height\" content=\"450\" \/>\n\t<meta property=\"og:image:type\" content=\"image\/jpeg\" \/>\n<meta name=\"author\" content=\"Reda\u00e7\u00e3o Aconteceu no Vale\" \/>\n<meta name=\"twitter:card\" content=\"summary_large_image\" \/>\n<meta name=\"twitter:creator\" content=\"@noticiadosvales\" \/>\n<meta name=\"twitter:site\" content=\"@noticiadosvales\" \/>\n<meta name=\"twitter:label1\" content=\"Escrito por\" \/>\n\t<meta name=\"twitter:data1\" content=\"Reda\u00e7\u00e3o Aconteceu no Vale\" \/>\n\t<meta name=\"twitter:label2\" content=\"Est. tempo de leitura\" \/>\n\t<meta name=\"twitter:data2\" content=\"3 minutos\" \/>\n<script type=\"application\/ld+json\" class=\"yoast-schema-graph\">{\"@context\":\"https:\\\/\\\/schema.org\",\"@graph\":[{\"@type\":\"Article\",\"@id\":\"https:\\\/\\\/aconteceunovale.com.br\\\/portal\\\/?p=189505#article\",\"isPartOf\":{\"@id\":\"https:\\\/\\\/aconteceunovale.com.br\\\/portal\\\/?p=189505\"},\"author\":{\"name\":\"Reda\u00e7\u00e3o Aconteceu no Vale\",\"@id\":\"https:\\\/\\\/aconteceunovale.com.br\\\/portal\\\/#\\\/schema\\\/person\\\/7d2f26d1483f8a63de73da1ee0754d35\"},\"headline\":\"MDB confirma Simone Tebet na corrida presidencial\",\"datePublished\":\"2022-07-28T02:08:48+00:00\",\"dateModified\":\"2022-07-28T02:10:53+00:00\",\"mainEntityOfPage\":{\"@id\":\"https:\\\/\\\/aconteceunovale.com.br\\\/portal\\\/?p=189505\"},\"wordCount\":526,\"commentCount\":0,\"image\":{\"@id\":\"https:\\\/\\\/aconteceunovale.com.br\\\/portal\\\/?p=189505#primaryimage\"},\"thumbnailUrl\":\"https:\\\/\\\/aconteceunovale.com.br\\\/portal\\\/wp-content\\\/uploads\\\/2022\\\/07\\\/simone_tebet_mdb.jpg\",\"keywords\":[\"Bras\u00edlia\",\"Bruno Ara\u00fajo\",\"cidadania\",\"CPI da Pandemia\",\"destaque\",\"Disputa para presidente do Brasil\",\"Elei\u00e7\u00e3o para presidente do Brasil\",\"Elei\u00e7\u00f5es 2022\",\"Mato Grosso do Sul\",\"MDB\",\"MDB confirma Simone Tebet na corrida presidencial\",\"MS\",\"Pal\u00e1cio do Planalto\",\"psdb\",\"Ramez Tebet\",\"Roberto Freire\",\"Senadora Simone Tebet\",\"Simone Tebet\",\"Tasso Jereissati\",\"Tr\u00eas Lagoas\"],\"articleSection\":[\"Brasil\",\"Elei\u00e7\u00f5es 2022\",\"Pol\u00edtica\"],\"inLanguage\":\"pt-BR\",\"potentialAction\":[{\"@type\":\"CommentAction\",\"name\":\"Comment\",\"target\":[\"https:\\\/\\\/aconteceunovale.com.br\\\/portal\\\/?p=189505#respond\"]}]},{\"@type\":\"WebPage\",\"@id\":\"https:\\\/\\\/aconteceunovale.com.br\\\/portal\\\/?p=189505\",\"url\":\"https:\\\/\\\/aconteceunovale.com.br\\\/portal\\\/?p=189505\",\"name\":\"MDB confirma Simone Tebet na corrida presidencial - Aconteceu no Vale\",\"isPartOf\":{\"@id\":\"https:\\\/\\\/aconteceunovale.com.br\\\/portal\\\/#website\"},\"primaryImageOfPage\":{\"@id\":\"https:\\\/\\\/aconteceunovale.com.br\\\/portal\\\/?p=189505#primaryimage\"},\"image\":{\"@id\":\"https:\\\/\\\/aconteceunovale.com.br\\\/portal\\\/?p=189505#primaryimage\"},\"thumbnailUrl\":\"https:\\\/\\\/aconteceunovale.com.br\\\/portal\\\/wp-content\\\/uploads\\\/2022\\\/07\\\/simone_tebet_mdb.jpg\",\"datePublished\":\"2022-07-28T02:08:48+00:00\",\"dateModified\":\"2022-07-28T02:10:53+00:00\",\"author\":{\"@id\":\"https:\\\/\\\/aconteceunovale.com.br\\\/portal\\\/#\\\/schema\\\/person\\\/7d2f26d1483f8a63de73da1ee0754d35\"},\"breadcrumb\":{\"@id\":\"https:\\\/\\\/aconteceunovale.com.br\\\/portal\\\/?p=189505#breadcrumb\"},\"inLanguage\":\"pt-BR\",\"potentialAction\":[{\"@type\":\"ReadAction\",\"target\":[\"https:\\\/\\\/aconteceunovale.com.br\\\/portal\\\/?p=189505\"]}]},{\"@type\":\"ImageObject\",\"inLanguage\":\"pt-BR\",\"@id\":\"https:\\\/\\\/aconteceunovale.com.br\\\/portal\\\/?p=189505#primaryimage\",\"url\":\"https:\\\/\\\/aconteceunovale.com.br\\\/portal\\\/wp-content\\\/uploads\\\/2022\\\/07\\\/simone_tebet_mdb.jpg\",\"contentUrl\":\"https:\\\/\\\/aconteceunovale.com.br\\\/portal\\\/wp-content\\\/uploads\\\/2022\\\/07\\\/simone_tebet_mdb.jpg\",\"width\":676,\"height\":450},{\"@type\":\"BreadcrumbList\",\"@id\":\"https:\\\/\\\/aconteceunovale.com.br\\\/portal\\\/?p=189505#breadcrumb\",\"itemListElement\":[{\"@type\":\"ListItem\",\"position\":1,\"name\":\"In\u00edcio\",\"item\":\"https:\\\/\\\/aconteceunovale.com.br\\\/portal\\\/\"},{\"@type\":\"ListItem\",\"position\":2,\"name\":\"MDB confirma Simone Tebet na corrida presidencial\"}]},{\"@type\":\"WebSite\",\"@id\":\"https:\\\/\\\/aconteceunovale.com.br\\\/portal\\\/#website\",\"url\":\"https:\\\/\\\/aconteceunovale.com.br\\\/portal\\\/\",\"name\":\"Aconteceu no Vale\",\"description\":\"Portal de Not\u00edcias\",\"potentialAction\":[{\"@type\":\"SearchAction\",\"target\":{\"@type\":\"EntryPoint\",\"urlTemplate\":\"https:\\\/\\\/aconteceunovale.com.br\\\/portal\\\/?s={search_term_string}\"},\"query-input\":{\"@type\":\"PropertyValueSpecification\",\"valueRequired\":true,\"valueName\":\"search_term_string\"}}],\"inLanguage\":\"pt-BR\"},{\"@type\":\"Person\",\"@id\":\"https:\\\/\\\/aconteceunovale.com.br\\\/portal\\\/#\\\/schema\\\/person\\\/7d2f26d1483f8a63de73da1ee0754d35\",\"name\":\"Reda\u00e7\u00e3o Aconteceu no Vale\",\"description\":\"Equipe de reportagem do Aconteceu no Vale, portal de not\u00edcias do Vale do Jequitinhonha, em Minas Gerais. Cobrimos as 51 cidades do Vale desde 2013. Sugest\u00f5es de pauta e pedidos de corre\u00e7\u00e3o: contato@aconteceunovale.com.br\",\"url\":\"https:\\\/\\\/aconteceunovale.com.br\\\/portal\\\/?author=4\"}]}<\/script>\n<!-- \/ Yoast SEO plugin. -->","yoast_head_json":{"title":"MDB confirma Simone Tebet na corrida presidencial - Aconteceu no Vale","robots":{"index":"index","follow":"follow","max-snippet":"max-snippet:-1","max-image-preview":"max-image-preview:large","max-video-preview":"max-video-preview:-1"},"canonical":"https:\/\/aconteceunovale.com.br\/portal\/?p=189505","og_locale":"pt_BR","og_type":"article","og_title":"MDB confirma Simone Tebet na corrida presidencial - Aconteceu no Vale","og_description":"Ainda sem o vice da chapa definido, com 262 votos favor\u00e1veis e 9 contr\u00e1rios, o MDB confirmou, nesta quarta-feira (27), o nome da senadora Simone Tebet (MS) para a corrida ao Pal\u00e1cio do Planalto em conven\u00e7\u00e3o virtual da sigla realizada nesta quarta-feira (27). O evento teve transmiss\u00e3o pela internet e a vota\u00e7\u00e3o ocorreu por meio [&hellip;]","og_url":"https:\/\/aconteceunovale.com.br\/portal\/?p=189505","og_site_name":"Aconteceu no Vale","article_publisher":"https:\/\/www.facebook.com\/aconteceunovale\/","article_published_time":"2022-07-28T02:08:48+00:00","article_modified_time":"2022-07-28T02:10:53+00:00","og_image":[{"width":676,"height":450,"url":"https:\/\/aconteceunovale.com.br\/portal\/wp-content\/uploads\/2022\/07\/simone_tebet_mdb.jpg","type":"image\/jpeg"}],"author":"Reda\u00e7\u00e3o Aconteceu no Vale","twitter_card":"summary_large_image","twitter_creator":"@noticiadosvales","twitter_site":"@noticiadosvales","twitter_misc":{"Escrito por":"Reda\u00e7\u00e3o Aconteceu no Vale","Est. tempo de leitura":"3 minutos"},"schema":{"@context":"https:\/\/schema.org","@graph":[{"@type":"Article","@id":"https:\/\/aconteceunovale.com.br\/portal\/?p=189505#article","isPartOf":{"@id":"https:\/\/aconteceunovale.com.br\/portal\/?p=189505"},"author":{"name":"Reda\u00e7\u00e3o Aconteceu no Vale","@id":"https:\/\/aconteceunovale.com.br\/portal\/#\/schema\/person\/7d2f26d1483f8a63de73da1ee0754d35"},"headline":"MDB confirma Simone Tebet na corrida presidencial","datePublished":"2022-07-28T02:08:48+00:00","dateModified":"2022-07-28T02:10:53+00:00","mainEntityOfPage":{"@id":"https:\/\/aconteceunovale.com.br\/portal\/?p=189505"},"wordCount":526,"commentCount":0,"image":{"@id":"https:\/\/aconteceunovale.com.br\/portal\/?p=189505#primaryimage"},"thumbnailUrl":"https:\/\/aconteceunovale.com.br\/portal\/wp-content\/uploads\/2022\/07\/simone_tebet_mdb.jpg","keywords":["Bras\u00edlia","Bruno Ara\u00fajo","cidadania","CPI da Pandemia","destaque","Disputa para presidente do Brasil","Elei\u00e7\u00e3o para presidente do Brasil","Elei\u00e7\u00f5es 2022","Mato Grosso do Sul","MDB","MDB confirma Simone Tebet na corrida presidencial","MS","Pal\u00e1cio do Planalto","psdb","Ramez Tebet","Roberto Freire","Senadora Simone Tebet","Simone Tebet","Tasso Jereissati","Tr\u00eas Lagoas"],"articleSection":["Brasil","Elei\u00e7\u00f5es 2022","Pol\u00edtica"],"inLanguage":"pt-BR","potentialAction":[{"@type":"CommentAction","name":"Comment","target":["https:\/\/aconteceunovale.com.br\/portal\/?p=189505#respond"]}]},{"@type":"WebPage","@id":"https:\/\/aconteceunovale.com.br\/portal\/?p=189505","url":"https:\/\/aconteceunovale.com.br\/portal\/?p=189505","name":"MDB confirma Simone Tebet na corrida presidencial - Aconteceu no Vale","isPartOf":{"@id":"https:\/\/aconteceunovale.com.br\/portal\/#website"},"primaryImageOfPage":{"@id":"https:\/\/aconteceunovale.com.br\/portal\/?p=189505#primaryimage"},"image":{"@id":"https:\/\/aconteceunovale.com.br\/portal\/?p=189505#primaryimage"},"thumbnailUrl":"https:\/\/aconteceunovale.com.br\/portal\/wp-content\/uploads\/2022\/07\/simone_tebet_mdb.jpg","datePublished":"2022-07-28T02:08:48+00:00","dateModified":"2022-07-28T02:10:53+00:00","author":{"@id":"https:\/\/aconteceunovale.com.br\/portal\/#\/schema\/person\/7d2f26d1483f8a63de73da1ee0754d35"},"breadcrumb":{"@id":"https:\/\/aconteceunovale.com.br\/portal\/?p=189505#breadcrumb"},"inLanguage":"pt-BR","potentialAction":[{"@type":"ReadAction","target":["https:\/\/aconteceunovale.com.br\/portal\/?p=189505"]}]},{"@type":"ImageObject","inLanguage":"pt-BR","@id":"https:\/\/aconteceunovale.com.br\/portal\/?p=189505#primaryimage","url":"https:\/\/aconteceunovale.com.br\/portal\/wp-content\/uploads\/2022\/07\/simone_tebet_mdb.jpg","contentUrl":"https:\/\/aconteceunovale.com.br\/portal\/wp-content\/uploads\/2022\/07\/simone_tebet_mdb.jpg","width":676,"height":450},{"@type":"BreadcrumbList","@id":"https:\/\/aconteceunovale.com.br\/portal\/?p=189505#breadcrumb","itemListElement":[{"@type":"ListItem","position":1,"name":"In\u00edcio","item":"https:\/\/aconteceunovale.com.br\/portal\/"},{"@type":"ListItem","position":2,"name":"MDB confirma Simone Tebet na corrida presidencial"}]},{"@type":"WebSite","@id":"https:\/\/aconteceunovale.com.br\/portal\/#website","url":"https:\/\/aconteceunovale.com.br\/portal\/","name":"Aconteceu no Vale","description":"Portal de Not\u00edcias","potentialAction":[{"@type":"SearchAction","target":{"@type":"EntryPoint","urlTemplate":"https:\/\/aconteceunovale.com.br\/portal\/?s={search_term_string}"},"query-input":{"@type":"PropertyValueSpecification","valueRequired":true,"valueName":"search_term_string"}}],"inLanguage":"pt-BR"},{"@type":"Person","@id":"https:\/\/aconteceunovale.com.br\/portal\/#\/schema\/person\/7d2f26d1483f8a63de73da1ee0754d35","name":"Reda\u00e7\u00e3o Aconteceu no Vale","description":"Equipe de reportagem do Aconteceu no Vale, portal de not\u00edcias do Vale do Jequitinhonha, em Minas Gerais. Cobrimos as 51 cidades do Vale desde 2013. Sugest\u00f5es de pauta e pedidos de corre\u00e7\u00e3o: contato@aconteceunovale.com.br","url":"https:\/\/aconteceunovale.com.br\/portal\/?author=4"}]}},"_links":{"self":[{"href":"https:\/\/aconteceunovale.com.br\/portal\/index.php?rest_route=\/wp\/v2\/posts\/189505","targetHints":{"allow":["GET"]}}],"collection":[{"href":"https:\/\/aconteceunovale.com.br\/portal\/index.php?rest_route=\/wp\/v2\/posts"}],"about":[{"href":"https:\/\/aconteceunovale.com.br\/portal\/index.php?rest_route=\/wp\/v2\/types\/post"}],"author":[{"embeddable":true,"href":"https:\/\/aconteceunovale.com.br\/portal\/index.php?rest_route=\/wp\/v2\/users\/4"}],"replies":[{"embeddable":true,"href":"https:\/\/aconteceunovale.com.br\/portal\/index.php?rest_route=%2Fwp%2Fv2%2Fcomments&post=189505"}],"version-history":[{"count":2,"href":"https:\/\/aconteceunovale.com.br\/portal\/index.php?rest_route=\/wp\/v2\/posts\/189505\/revisions"}],"predecessor-version":[{"id":189508,"href":"https:\/\/aconteceunovale.com.br\/portal\/index.php?rest_route=\/wp\/v2\/posts\/189505\/revisions\/189508"}],"wp:featuredmedia":[{"embeddable":true,"href":"https:\/\/aconteceunovale.com.br\/portal\/index.php?rest_route=\/wp\/v2\/media\/189506"}],"wp:attachment":[{"href":"https:\/\/aconteceunovale.com.br\/portal\/index.php?rest_route=%2Fwp%2Fv2%2Fmedia&parent=189505"}],"wp:term":[{"taxonomy":"category","embeddable":true,"href":"https:\/\/aconteceunovale.com.br\/portal\/index.php?rest_route=%2Fwp%2Fv2%2Fcategories&post=189505"},{"taxonomy":"post_tag","embeddable":true,"href":"https:\/\/aconteceunovale.com.br\/portal\/index.php?rest_route=%2Fwp%2Fv2%2Ftags&post=189505"}],"curies":[{"name":"wp","href":"https:\/\/api.w.org\/{rel}","templated":true}]}}