{"id":189503,"date":"2022-07-27T16:56:28","date_gmt":"2022-07-27T19:56:28","guid":{"rendered":"https:\/\/aconteceunovale.com.br\/portal\/?p=189503"},"modified":"2022-07-27T16:57:11","modified_gmt":"2022-07-27T19:57:11","slug":"anatel-autoriza-o-5g-em-belo-horizonte-porto-alegre-e-joao-pessoa","status":"publish","type":"post","link":"https:\/\/aconteceunovale.com.br\/portal\/?p=189503","title":{"rendered":"Anatel autoriza o 5G em Belo Horizonte, Porto Alegre e Jo\u00e3o Pessoa"},"content":{"rendered":"\n<p class=\"wp-block-paragraph\">A Ag\u00eancia Nacional de Telecomunica\u00e7\u00f5es (Anatel) confirmou, hoje (27), que as operadoras poder\u00e3o ativar suas redes de internet m\u00f3vel 5G em Belo Horizonte, Porto Alegre e Jo\u00e3o Pessoa a partir desta sexta-feira (29).<\/p>\n\n\n\n<p class=\"wp-block-paragraph\">A data foi definida pelo Grupo de Acompanhamento da Implanta\u00e7\u00e3o das Solu\u00e7\u00f5es para os Problemas de Interfer\u00eancia&nbsp;(Gaispi) na faixa de 3.625 a 3.700 MHz, em reuni\u00e3o esta manh\u00e3. O grupo \u00e9 composto por representantes da Anatel, do Minist\u00e9rio das Comunica\u00e7\u00f5es e de empresas, incluindo as de radiodifus\u00e3o afetadas pelo projeto.<\/p>\n\n\n\n<p class=\"wp-block-paragraph\">As tr\u00eas capitais se somam a Bras\u00edlia, onde o 5G foi ativado em 6 de julho. Desde ent\u00e3o, segundo os conselheiros da Anatel, na capital federal a cobertura vem sendo expandida rapidamente, com a otimiza\u00e7\u00e3o da rede seguindo o cronograma que estabelece os prazos m\u00e1ximos para que as empresas instalem novas esta\u00e7\u00f5es. Assim como em Bras\u00edlia, a \u00e1rea atendida nas outras tr\u00eas localidades j\u00e1 autorizadas ser\u00e1 ampliada pouco a pouco.<\/p>\n\n\n\n<p class=\"wp-block-paragraph\">\u201cTamb\u00e9m \u00e9 importante o usu\u00e1rio contatar sua operadora para saber se seu aparelho est\u00e1 apto a receber o sinal ou se ser\u00e1 necess\u00e1rio trocar o chip ou fazer alguma outra mudan\u00e7a\u201d, recomendou o presidente do Gaispi, Mois\u00e9s Moreira.<\/p>\n\n\n\n<h2 class=\"wp-block-heading\">Prorroga\u00e7\u00e3o<\/h2>\n\n\n\n<p class=\"wp-block-paragraph\">O Gaispi voltar\u00e1 a se reunir no dia 10 de agosto, quando os conselheiros avaliar\u00e3o a libera\u00e7\u00e3o do sinal do 5G em outras capitais. Inicialmente, o edital do leil\u00e3o 5G previa que a infraestrutura necess\u00e1ria \u00e0 ativa\u00e7\u00e3o do sinal deveria ocorrer at\u00e9 31 de julho, em todas as capitais, mas o pr\u00f3prio Gaispi pediu \u00e0 Anatel que o prazo fosse prorrogado por 60 dias a fim de contornar problemas log\u00edsticos que atrasaram a entrega de equipamentos importados da China.<\/p>\n\n\n\n<p class=\"wp-block-paragraph\">Apesar da prorroga\u00e7\u00e3o do prazo inicial, o presidente do Gaispi se mant\u00e9m otimista. Segundo Moreira, a expectativa \u00e9 que o sinal esteja ativo em todas as demais capitais at\u00e9 o fim de agosto.<\/p>\n\n\n\n<p class=\"wp-block-paragraph\">Na avalia\u00e7\u00e3o do Gaispi, tanto em Belo Horizonte, Porto Alegre e Jo\u00e3o Pessoa, quanto em Bras\u00edlia, foram atendidos os requisitos m\u00ednimos necess\u00e1rios \u00e0 libera\u00e7\u00e3o da faixa de 3,5 GHz, como a realiza\u00e7\u00e3o de testes preliminares para identificar e sanar a possibilidade do sinal do 5G afetar a recep\u00e7\u00e3o das antenas parab\u00f3licas dom\u00e9sticas ou mesmo sistemas profissionais, tais como sinais por sat\u00e9lite emitidos em frequ\u00eancias adjacentes.<\/p>\n\n\n\n<p class=\"wp-block-paragraph\">\u201cS\u00e3o feitos testes durante os quais o sinal \u00e9 ligado por algum tempo para avaliar a efetividade dos filtros instalados [pela Entidade Administradora da Faixa (EAF), da pr\u00f3pria Anatel]. Isso j\u00e1 foi feito nas quatro capitais [onde o sinal j\u00e1 foi ativado], a t\u00edtulo experimental, e estamos avaliando se ser\u00e1 necess\u00e1rio monitorar a possibilidade de interfer\u00eancias por mais algum tempo\u201d, explicou Alex Pires de Azevedo, do grupo t\u00e9cnico de Desocupa\u00e7\u00e3o do 3,5 GHz e Mitiga\u00e7\u00e3o de Interfer\u00eancia do Gaispi. Ele disse que para o in\u00edcio das opera\u00e7\u00f5es \u00e9 necess\u00e1rio \u201climpar\u201d as faixas de espectro do 5G atualmente ocupadas por servi\u00e7os de sat\u00e9lites.<\/p>\n\n\n\n<p class=\"wp-block-paragraph\">Para contornar poss\u00edveis interfer\u00eancias causadas a parte dos cidad\u00e3os que utilizam antenas parab\u00f3licas da chamada Banda C, a Entidade Administradora da Faixa (EAF) da Anatel criou um programa para distribuir, gratuitamente, \u00e0s fam\u00edlias carentes das capitais brasileiras e que est\u00e3o registradas no\u00a0<a rel=\"noreferrer noopener\" href=\"https:\/\/cadunico.dataprev.gov.br\/#\/\" target=\"_blank\">Cadastro \u00danico para Programas Sociais<\/a>\u00a0do governo federal, kits contendo novas antenas digitais, conversores e cabos. O pedido do kit e de instala\u00e7\u00e3o dos aparelhos pode ser feito por meio do\u00a0<a rel=\"noreferrer noopener\" href=\"https:\/\/sigaantenado.com.br\/distribuicao-kits\/#criterios\" target=\"_blank\">site do Programa de Distribui\u00e7\u00e3o de Kits<\/a>, criado pela EFA.<\/p>\n\n\n\n<p class=\"wp-block-paragraph\">&#8212;&#8212;&#8212;&#8212;&#8212;&#8212;<br><br><strong>Sabia que o Aconteceu no Vale est\u00e1 tamb\u00e9m no Telegram? <a rel=\"noreferrer noopener\" href=\"https:\/\/t.me\/aconteceunovaleoficial\" target=\"_blank\">Inscreva-se no canal<\/a>.<\/strong><br><br><strong>J\u00e1 curtiu ou seguiu nossas p\u00e1ginas nas redes sociais?\u00a0Receba as not\u00edcias em primeira m\u00e3o:<\/strong><br>\u2022 <a rel=\"noreferrer noopener\" href=\"https:\/\/news.google.com\/publications\/CAAqBwgKMNjklQswi4etAw?hl=pt-BR&amp;gl=BR&amp;ceid=BR%3Apt-419\" target=\"_blank\">Google News<\/a><br>\u2022 <a rel=\"noreferrer noopener\" href=\"https:\/\/www.facebook.com\/aconteceunovale\/\" target=\"_blank\">Facebook<\/a><br>\u2022 <a rel=\"noreferrer noopener\" href=\"https:\/\/twitter.com\/noticiadosvales\" target=\"_blank\">Twitter<\/a><br>\u2022 <a rel=\"noreferrer noopener\" href=\"https:\/\/www.instagram.com\/aconteceunovale\" target=\"_blank\">Instagram<\/a><br>\u2022 <a rel=\"noreferrer noopener\" href=\"https:\/\/www.youtube.com\/AconteceunoValeOficial\" target=\"_blank\">Youtube<\/a><br>\u2022 <a rel=\"noreferrer noopener\" href=\"https:\/\/www.tiktok.com\/@aconteceunovale\" target=\"_blank\">TikTok<\/a><\/p>\n","protected":false},"excerpt":{"rendered":"<p>A Ag\u00eancia Nacional de Telecomunica\u00e7\u00f5es (Anatel) confirmou, hoje (27), que as operadoras poder\u00e3o ativar suas redes de internet m\u00f3vel 5G em Belo Horizonte, Porto Alegre e Jo\u00e3o Pessoa a partir desta sexta-feira (29). A data foi definida pelo Grupo de Acompanhamento da Implanta\u00e7\u00e3o das Solu\u00e7\u00f5es para os Problemas de Interfer\u00eancia&nbsp;(Gaispi) na faixa de 3.625 a [&hellip;]<\/p>\n","protected":false},"author":4,"featured_media":182164,"comment_status":"open","ping_status":"closed","sticky":false,"template":"","format":"standard","meta":{"amp_status":"","footnotes":""},"categories":[6,123],"tags":[142703,261741,261740,36954,19797,194,1017,1018,261742,18923,21045,4613,27013,57296],"class_list":["post-189503","post","type-post","status-publish","format-standard","has-post-thumbnail","hentry","category-br","category-gerais","tag-5g","tag-5g-em-belo-horizonte","tag-5g-em-bh","tag-agencia-nacional-de-telecomunicacoes","tag-anatel","tag-belo-horizonte","tag-bh","tag-destaque","tag-implantacao-do-5g","tag-internet","tag-joao-pessoa","tag-porto-alegre","tag-telecomunicacoes","tag-telefonia"],"yoast_head":"<!-- This site is optimized with the Yoast SEO plugin v28.3 - https:\/\/yoast.com\/product\/yoast-seo-wordpress\/ -->\n<title>Anatel autoriza o 5G em Belo Horizonte, Porto Alegre e Jo\u00e3o Pessoa - Aconteceu no Vale<\/title>\n<meta name=\"robots\" content=\"index, follow, max-snippet:-1, max-image-preview:large, max-video-preview:-1\" \/>\n<link rel=\"canonical\" href=\"https:\/\/aconteceunovale.com.br\/portal\/?p=189503\" \/>\n<meta property=\"og:locale\" content=\"pt_BR\" \/>\n<meta property=\"og:type\" content=\"article\" \/>\n<meta property=\"og:title\" content=\"Anatel autoriza o 5G em Belo Horizonte, Porto Alegre e Jo\u00e3o Pessoa - Aconteceu no Vale\" \/>\n<meta property=\"og:description\" content=\"A Ag\u00eancia Nacional de Telecomunica\u00e7\u00f5es (Anatel) confirmou, hoje (27), que as operadoras poder\u00e3o ativar suas redes de internet m\u00f3vel 5G em Belo Horizonte, Porto Alegre e Jo\u00e3o Pessoa a partir desta sexta-feira (29). A data foi definida pelo Grupo de Acompanhamento da Implanta\u00e7\u00e3o das Solu\u00e7\u00f5es para os Problemas de Interfer\u00eancia&nbsp;(Gaispi) na faixa de 3.625 a [&hellip;]\" \/>\n<meta property=\"og:url\" content=\"https:\/\/aconteceunovale.com.br\/portal\/?p=189503\" \/>\n<meta property=\"og:site_name\" content=\"Aconteceu no Vale\" \/>\n<meta property=\"article:publisher\" content=\"https:\/\/www.facebook.com\/aconteceunovale\/\" \/>\n<meta property=\"article:published_time\" content=\"2022-07-27T19:56:28+00:00\" \/>\n<meta property=\"article:modified_time\" content=\"2022-07-27T19:57:11+00:00\" \/>\n<meta property=\"og:image\" content=\"https:\/\/aconteceunovale.com.br\/portal\/wp-content\/uploads\/2021\/09\/5g_leilao.jpeg\" \/>\n\t<meta property=\"og:image:width\" content=\"678\" \/>\n\t<meta property=\"og:image:height\" content=\"331\" \/>\n\t<meta property=\"og:image:type\" content=\"image\/jpeg\" \/>\n<meta name=\"author\" content=\"Reda\u00e7\u00e3o Aconteceu no Vale\" \/>\n<meta name=\"twitter:card\" content=\"summary_large_image\" \/>\n<meta name=\"twitter:creator\" content=\"@noticiadosvales\" \/>\n<meta name=\"twitter:site\" content=\"@noticiadosvales\" \/>\n<meta name=\"twitter:label1\" content=\"Escrito por\" \/>\n\t<meta name=\"twitter:data1\" content=\"Reda\u00e7\u00e3o Aconteceu no Vale\" \/>\n\t<meta name=\"twitter:label2\" content=\"Est. tempo de leitura\" \/>\n\t<meta name=\"twitter:data2\" content=\"3 minutos\" \/>\n<script type=\"application\/ld+json\" class=\"yoast-schema-graph\">{\"@context\":\"https:\\\/\\\/schema.org\",\"@graph\":[{\"@type\":\"Article\",\"@id\":\"https:\\\/\\\/aconteceunovale.com.br\\\/portal\\\/?p=189503#article\",\"isPartOf\":{\"@id\":\"https:\\\/\\\/aconteceunovale.com.br\\\/portal\\\/?p=189503\"},\"author\":{\"name\":\"Reda\u00e7\u00e3o Aconteceu no Vale\",\"@id\":\"https:\\\/\\\/aconteceunovale.com.br\\\/portal\\\/#\\\/schema\\\/person\\\/7d2f26d1483f8a63de73da1ee0754d35\"},\"headline\":\"Anatel autoriza o 5G em Belo Horizonte, Porto Alegre e Jo\u00e3o Pessoa\",\"datePublished\":\"2022-07-27T19:56:28+00:00\",\"dateModified\":\"2022-07-27T19:57:11+00:00\",\"mainEntityOfPage\":{\"@id\":\"https:\\\/\\\/aconteceunovale.com.br\\\/portal\\\/?p=189503\"},\"wordCount\":660,\"commentCount\":0,\"image\":{\"@id\":\"https:\\\/\\\/aconteceunovale.com.br\\\/portal\\\/?p=189503#primaryimage\"},\"thumbnailUrl\":\"https:\\\/\\\/aconteceunovale.com.br\\\/portal\\\/wp-content\\\/uploads\\\/2021\\\/09\\\/5g_leilao.jpeg\",\"keywords\":[\"5G\",\"5G em Belo Horizonte\",\"5G em BH\",\"Ag\u00eancia Nacional de Telecomunica\u00e7\u00f5es\",\"Anatel\",\"Belo Horizonte\",\"bh\",\"destaque\",\"Implanta\u00e7\u00e3o do 5G\",\"internet\",\"Jo\u00e3o Pessoa\",\"Porto Alegre\",\"telecomunica\u00e7\u00f5es\",\"telefonia\"],\"articleSection\":[\"Brasil\",\"Minas Gerais\"],\"inLanguage\":\"pt-BR\",\"potentialAction\":[{\"@type\":\"CommentAction\",\"name\":\"Comment\",\"target\":[\"https:\\\/\\\/aconteceunovale.com.br\\\/portal\\\/?p=189503#respond\"]}]},{\"@type\":\"WebPage\",\"@id\":\"https:\\\/\\\/aconteceunovale.com.br\\\/portal\\\/?p=189503\",\"url\":\"https:\\\/\\\/aconteceunovale.com.br\\\/portal\\\/?p=189503\",\"name\":\"Anatel autoriza o 5G em Belo Horizonte, Porto Alegre e Jo\u00e3o Pessoa - Aconteceu no Vale\",\"isPartOf\":{\"@id\":\"https:\\\/\\\/aconteceunovale.com.br\\\/portal\\\/#website\"},\"primaryImageOfPage\":{\"@id\":\"https:\\\/\\\/aconteceunovale.com.br\\\/portal\\\/?p=189503#primaryimage\"},\"image\":{\"@id\":\"https:\\\/\\\/aconteceunovale.com.br\\\/portal\\\/?p=189503#primaryimage\"},\"thumbnailUrl\":\"https:\\\/\\\/aconteceunovale.com.br\\\/portal\\\/wp-content\\\/uploads\\\/2021\\\/09\\\/5g_leilao.jpeg\",\"datePublished\":\"2022-07-27T19:56:28+00:00\",\"dateModified\":\"2022-07-27T19:57:11+00:00\",\"author\":{\"@id\":\"https:\\\/\\\/aconteceunovale.com.br\\\/portal\\\/#\\\/schema\\\/person\\\/7d2f26d1483f8a63de73da1ee0754d35\"},\"breadcrumb\":{\"@id\":\"https:\\\/\\\/aconteceunovale.com.br\\\/portal\\\/?p=189503#breadcrumb\"},\"inLanguage\":\"pt-BR\",\"potentialAction\":[{\"@type\":\"ReadAction\",\"target\":[\"https:\\\/\\\/aconteceunovale.com.br\\\/portal\\\/?p=189503\"]}]},{\"@type\":\"ImageObject\",\"inLanguage\":\"pt-BR\",\"@id\":\"https:\\\/\\\/aconteceunovale.com.br\\\/portal\\\/?p=189503#primaryimage\",\"url\":\"https:\\\/\\\/aconteceunovale.com.br\\\/portal\\\/wp-content\\\/uploads\\\/2021\\\/09\\\/5g_leilao.jpeg\",\"contentUrl\":\"https:\\\/\\\/aconteceunovale.com.br\\\/portal\\\/wp-content\\\/uploads\\\/2021\\\/09\\\/5g_leilao.jpeg\",\"width\":678,\"height\":331},{\"@type\":\"BreadcrumbList\",\"@id\":\"https:\\\/\\\/aconteceunovale.com.br\\\/portal\\\/?p=189503#breadcrumb\",\"itemListElement\":[{\"@type\":\"ListItem\",\"position\":1,\"name\":\"In\u00edcio\",\"item\":\"https:\\\/\\\/aconteceunovale.com.br\\\/portal\\\/\"},{\"@type\":\"ListItem\",\"position\":2,\"name\":\"Anatel autoriza o 5G em Belo Horizonte, Porto Alegre e Jo\u00e3o Pessoa\"}]},{\"@type\":\"WebSite\",\"@id\":\"https:\\\/\\\/aconteceunovale.com.br\\\/portal\\\/#website\",\"url\":\"https:\\\/\\\/aconteceunovale.com.br\\\/portal\\\/\",\"name\":\"Aconteceu no Vale\",\"description\":\"Portal de Not\u00edcias\",\"potentialAction\":[{\"@type\":\"SearchAction\",\"target\":{\"@type\":\"EntryPoint\",\"urlTemplate\":\"https:\\\/\\\/aconteceunovale.com.br\\\/portal\\\/?s={search_term_string}\"},\"query-input\":{\"@type\":\"PropertyValueSpecification\",\"valueRequired\":true,\"valueName\":\"search_term_string\"}}],\"inLanguage\":\"pt-BR\"},{\"@type\":\"Person\",\"@id\":\"https:\\\/\\\/aconteceunovale.com.br\\\/portal\\\/#\\\/schema\\\/person\\\/7d2f26d1483f8a63de73da1ee0754d35\",\"name\":\"Reda\u00e7\u00e3o Aconteceu no Vale\",\"description\":\"Equipe de reportagem do Aconteceu no Vale, portal de not\u00edcias do Vale do Jequitinhonha, em Minas Gerais. Cobrimos as 51 cidades do Vale desde 2013. Sugest\u00f5es de pauta e pedidos de corre\u00e7\u00e3o: contato@aconteceunovale.com.br\",\"url\":\"https:\\\/\\\/aconteceunovale.com.br\\\/portal\\\/?author=4\"}]}<\/script>\n<!-- \/ Yoast SEO plugin. -->","yoast_head_json":{"title":"Anatel autoriza o 5G em Belo Horizonte, Porto Alegre e Jo\u00e3o Pessoa - Aconteceu no Vale","robots":{"index":"index","follow":"follow","max-snippet":"max-snippet:-1","max-image-preview":"max-image-preview:large","max-video-preview":"max-video-preview:-1"},"canonical":"https:\/\/aconteceunovale.com.br\/portal\/?p=189503","og_locale":"pt_BR","og_type":"article","og_title":"Anatel autoriza o 5G em Belo Horizonte, Porto Alegre e Jo\u00e3o Pessoa - Aconteceu no Vale","og_description":"A Ag\u00eancia Nacional de Telecomunica\u00e7\u00f5es (Anatel) confirmou, hoje (27), que as operadoras poder\u00e3o ativar suas redes de internet m\u00f3vel 5G em Belo Horizonte, Porto Alegre e Jo\u00e3o Pessoa a partir desta sexta-feira (29). A data foi definida pelo Grupo de Acompanhamento da Implanta\u00e7\u00e3o das Solu\u00e7\u00f5es para os Problemas de Interfer\u00eancia&nbsp;(Gaispi) na faixa de 3.625 a [&hellip;]","og_url":"https:\/\/aconteceunovale.com.br\/portal\/?p=189503","og_site_name":"Aconteceu no Vale","article_publisher":"https:\/\/www.facebook.com\/aconteceunovale\/","article_published_time":"2022-07-27T19:56:28+00:00","article_modified_time":"2022-07-27T19:57:11+00:00","og_image":[{"width":678,"height":331,"url":"https:\/\/aconteceunovale.com.br\/portal\/wp-content\/uploads\/2021\/09\/5g_leilao.jpeg","type":"image\/jpeg"}],"author":"Reda\u00e7\u00e3o Aconteceu no Vale","twitter_card":"summary_large_image","twitter_creator":"@noticiadosvales","twitter_site":"@noticiadosvales","twitter_misc":{"Escrito por":"Reda\u00e7\u00e3o Aconteceu no Vale","Est. tempo de leitura":"3 minutos"},"schema":{"@context":"https:\/\/schema.org","@graph":[{"@type":"Article","@id":"https:\/\/aconteceunovale.com.br\/portal\/?p=189503#article","isPartOf":{"@id":"https:\/\/aconteceunovale.com.br\/portal\/?p=189503"},"author":{"name":"Reda\u00e7\u00e3o Aconteceu no Vale","@id":"https:\/\/aconteceunovale.com.br\/portal\/#\/schema\/person\/7d2f26d1483f8a63de73da1ee0754d35"},"headline":"Anatel autoriza o 5G em Belo Horizonte, Porto Alegre e Jo\u00e3o Pessoa","datePublished":"2022-07-27T19:56:28+00:00","dateModified":"2022-07-27T19:57:11+00:00","mainEntityOfPage":{"@id":"https:\/\/aconteceunovale.com.br\/portal\/?p=189503"},"wordCount":660,"commentCount":0,"image":{"@id":"https:\/\/aconteceunovale.com.br\/portal\/?p=189503#primaryimage"},"thumbnailUrl":"https:\/\/aconteceunovale.com.br\/portal\/wp-content\/uploads\/2021\/09\/5g_leilao.jpeg","keywords":["5G","5G em Belo Horizonte","5G em BH","Ag\u00eancia Nacional de Telecomunica\u00e7\u00f5es","Anatel","Belo Horizonte","bh","destaque","Implanta\u00e7\u00e3o do 5G","internet","Jo\u00e3o Pessoa","Porto Alegre","telecomunica\u00e7\u00f5es","telefonia"],"articleSection":["Brasil","Minas Gerais"],"inLanguage":"pt-BR","potentialAction":[{"@type":"CommentAction","name":"Comment","target":["https:\/\/aconteceunovale.com.br\/portal\/?p=189503#respond"]}]},{"@type":"WebPage","@id":"https:\/\/aconteceunovale.com.br\/portal\/?p=189503","url":"https:\/\/aconteceunovale.com.br\/portal\/?p=189503","name":"Anatel autoriza o 5G em Belo Horizonte, Porto Alegre e Jo\u00e3o Pessoa - Aconteceu no Vale","isPartOf":{"@id":"https:\/\/aconteceunovale.com.br\/portal\/#website"},"primaryImageOfPage":{"@id":"https:\/\/aconteceunovale.com.br\/portal\/?p=189503#primaryimage"},"image":{"@id":"https:\/\/aconteceunovale.com.br\/portal\/?p=189503#primaryimage"},"thumbnailUrl":"https:\/\/aconteceunovale.com.br\/portal\/wp-content\/uploads\/2021\/09\/5g_leilao.jpeg","datePublished":"2022-07-27T19:56:28+00:00","dateModified":"2022-07-27T19:57:11+00:00","author":{"@id":"https:\/\/aconteceunovale.com.br\/portal\/#\/schema\/person\/7d2f26d1483f8a63de73da1ee0754d35"},"breadcrumb":{"@id":"https:\/\/aconteceunovale.com.br\/portal\/?p=189503#breadcrumb"},"inLanguage":"pt-BR","potentialAction":[{"@type":"ReadAction","target":["https:\/\/aconteceunovale.com.br\/portal\/?p=189503"]}]},{"@type":"ImageObject","inLanguage":"pt-BR","@id":"https:\/\/aconteceunovale.com.br\/portal\/?p=189503#primaryimage","url":"https:\/\/aconteceunovale.com.br\/portal\/wp-content\/uploads\/2021\/09\/5g_leilao.jpeg","contentUrl":"https:\/\/aconteceunovale.com.br\/portal\/wp-content\/uploads\/2021\/09\/5g_leilao.jpeg","width":678,"height":331},{"@type":"BreadcrumbList","@id":"https:\/\/aconteceunovale.com.br\/portal\/?p=189503#breadcrumb","itemListElement":[{"@type":"ListItem","position":1,"name":"In\u00edcio","item":"https:\/\/aconteceunovale.com.br\/portal\/"},{"@type":"ListItem","position":2,"name":"Anatel autoriza o 5G em Belo Horizonte, Porto Alegre e Jo\u00e3o Pessoa"}]},{"@type":"WebSite","@id":"https:\/\/aconteceunovale.com.br\/portal\/#website","url":"https:\/\/aconteceunovale.com.br\/portal\/","name":"Aconteceu no Vale","description":"Portal de Not\u00edcias","potentialAction":[{"@type":"SearchAction","target":{"@type":"EntryPoint","urlTemplate":"https:\/\/aconteceunovale.com.br\/portal\/?s={search_term_string}"},"query-input":{"@type":"PropertyValueSpecification","valueRequired":true,"valueName":"search_term_string"}}],"inLanguage":"pt-BR"},{"@type":"Person","@id":"https:\/\/aconteceunovale.com.br\/portal\/#\/schema\/person\/7d2f26d1483f8a63de73da1ee0754d35","name":"Reda\u00e7\u00e3o Aconteceu no Vale","description":"Equipe de reportagem do Aconteceu no Vale, portal de not\u00edcias do Vale do Jequitinhonha, em Minas Gerais. Cobrimos as 51 cidades do Vale desde 2013. Sugest\u00f5es de pauta e pedidos de corre\u00e7\u00e3o: contato@aconteceunovale.com.br","url":"https:\/\/aconteceunovale.com.br\/portal\/?author=4"}]}},"_links":{"self":[{"href":"https:\/\/aconteceunovale.com.br\/portal\/index.php?rest_route=\/wp\/v2\/posts\/189503","targetHints":{"allow":["GET"]}}],"collection":[{"href":"https:\/\/aconteceunovale.com.br\/portal\/index.php?rest_route=\/wp\/v2\/posts"}],"about":[{"href":"https:\/\/aconteceunovale.com.br\/portal\/index.php?rest_route=\/wp\/v2\/types\/post"}],"author":[{"embeddable":true,"href":"https:\/\/aconteceunovale.com.br\/portal\/index.php?rest_route=\/wp\/v2\/users\/4"}],"replies":[{"embeddable":true,"href":"https:\/\/aconteceunovale.com.br\/portal\/index.php?rest_route=%2Fwp%2Fv2%2Fcomments&post=189503"}],"version-history":[{"count":1,"href":"https:\/\/aconteceunovale.com.br\/portal\/index.php?rest_route=\/wp\/v2\/posts\/189503\/revisions"}],"predecessor-version":[{"id":189504,"href":"https:\/\/aconteceunovale.com.br\/portal\/index.php?rest_route=\/wp\/v2\/posts\/189503\/revisions\/189504"}],"wp:featuredmedia":[{"embeddable":true,"href":"https:\/\/aconteceunovale.com.br\/portal\/index.php?rest_route=\/wp\/v2\/media\/182164"}],"wp:attachment":[{"href":"https:\/\/aconteceunovale.com.br\/portal\/index.php?rest_route=%2Fwp%2Fv2%2Fmedia&parent=189503"}],"wp:term":[{"taxonomy":"category","embeddable":true,"href":"https:\/\/aconteceunovale.com.br\/portal\/index.php?rest_route=%2Fwp%2Fv2%2Fcategories&post=189503"},{"taxonomy":"post_tag","embeddable":true,"href":"https:\/\/aconteceunovale.com.br\/portal\/index.php?rest_route=%2Fwp%2Fv2%2Ftags&post=189503"}],"curies":[{"name":"wp","href":"https:\/\/api.w.org\/{rel}","templated":true}]}}