{"id":189496,"date":"2022-07-26T11:08:21","date_gmt":"2022-07-26T14:08:21","guid":{"rendered":"https:\/\/aconteceunovale.com.br\/portal\/?p=189496"},"modified":"2022-07-26T11:09:43","modified_gmt":"2022-07-26T14:09:43","slug":"comeca-em-agosto-o-prazo-para-declarar-imposto-sobre-propriedade-rural","status":"publish","type":"post","link":"https:\/\/aconteceunovale.com.br\/portal\/?p=189496","title":{"rendered":"Come\u00e7a em agosto o prazo para declarar imposto sobre propriedade rural"},"content":{"rendered":"\n<p class=\"wp-block-paragraph\">A partir de 15 de agosto, os propriet\u00e1rios de im\u00f3veis rurais devem apresentar a Declara\u00e7\u00e3o do Imposto sobre a Propriedade Territorial Rural (DITR) referente ao exerc\u00edcio de 2022.<\/p>\n\n\n\n<p class=\"wp-block-paragraph\">De acordo com a&nbsp;<a href=\"https:\/\/in.gov.br\/web\/dou\/-\/instrucao-normativa-rfb-n-2.095-de-18-de-julho-de-2022-417712062\" target=\"_blank\" rel=\"noreferrer noopener\">Instru\u00e7\u00e3o Normativa n\u00ba 2.095<\/a>, publicada pela Receita Federal no&nbsp;<em>Di\u00e1rio Oficial da Uni\u00e3o<\/em>&nbsp;de hoje (26), o prazo para a apresenta\u00e7\u00e3o do documento termina em 30 de setembro.<\/p>\n\n\n\n<p class=\"wp-block-paragraph\">A obriga\u00e7\u00e3o de apresentar o documento vale para pessoa f\u00edsica ou jur\u00eddica propriet\u00e1ria, titular do dom\u00ednio \u00fatil ou possuidora de qualquer t\u00edtulo, inclusive a usufrutu\u00e1ria.<\/p>\n\n\n\n<p class=\"wp-block-paragraph\">No caso de cond\u00f4minos, a declara\u00e7\u00e3o deve ser apresentada por um de seus integrantes quando o im\u00f3vel rural pertencer simultaneamente a mais de um contribuinte, em decorr\u00eancia de contrato ou decis\u00e3o judicial ou em fun\u00e7\u00e3o de doa\u00e7\u00e3o recebida em comum.<\/p>\n\n\n\n<p class=\"wp-block-paragraph\">Quando o im\u00f3vel rural pertencer a mais de uma pessoa, a DITR dever\u00e1 ser apresentada por um dos propriet\u00e1rios.<\/p>\n\n\n\n<p class=\"wp-block-paragraph\">Tamb\u00e9m devem apresentar a declara\u00e7\u00e3o pessoas f\u00edsica ou jur\u00eddica que, entre 1\u00ba de janeiro de 2022 e a data da apresenta\u00e7\u00e3o da DITR tenham perdido a posse do im\u00f3vel rural, em processo de desapropria\u00e7\u00e3o por necessidade ou utilidade p\u00fablica, ou por interesse social, inclusive para fins de reforma agr\u00e1ria.<\/p>\n\n\n\n<p class=\"wp-block-paragraph\">\u00c9 tamb\u00e9m obrigat\u00f3ria a apresenta\u00e7\u00e3o nos casos em que foi perdido o direito de propriedade pela transfer\u00eancia ou incorpora\u00e7\u00e3o do im\u00f3vel rural, &#8220;em decorr\u00eancia de desapropria\u00e7\u00e3o por necessidade ou utilidade p\u00fablica, ou por interesse social&#8221;. Esse caso tamb\u00e9m se aplica a casos de im\u00f3veis em processos de reforma agr\u00e1ria.<\/p>\n\n\n\n<p class=\"wp-block-paragraph\">A obriga\u00e7\u00e3o se estende, tamb\u00e9m, \u00e0queles que perderam a posse ou a propriedade do im\u00f3vel rural, em fun\u00e7\u00e3o de aliena\u00e7\u00e3o ao poder p\u00fablico, \u201cinclusive \u00e0s suas autarquias e funda\u00e7\u00f5es, ou \u00e0s institui\u00e7\u00f5es de educa\u00e7\u00e3o e de assist\u00eancia social imunes ao imposto\u201d.<\/p>\n\n\n\n<p class=\"wp-block-paragraph\">Segundo a instru\u00e7\u00e3o normativa, a apresenta\u00e7\u00e3o n\u00e3o \u00e9 necess\u00e1ria em casos de im\u00f3veis rurais considerados imunes ou isentos pela Receita Federal \u2013 em geral, pequenas glebas rurais, assentamentos de reforma agr\u00e1ria, comunidades e remanescentes quilombolas reconhecidos.<\/p>\n\n\n\n<p class=\"wp-block-paragraph\">A instru\u00e7\u00e3o normativa descreve a documenta\u00e7\u00e3o necess\u00e1ria a ser apresentada para o c\u00e1lculo do valor do Imposto sobre Propriedade Territorial Rural (ITR). Para preencher a declara\u00e7\u00e3o \u00e9 necess\u00e1rio&nbsp;<a href=\"https:\/\/www.gov.br\/receitafederal\/pt-br\" target=\"_blank\" rel=\"noreferrer noopener\">baixar o Programa Gerador<\/a>&nbsp;da Declara\u00e7\u00e3o do ITR de 2022, disponibilizado no&nbsp;<em>site<\/em>&nbsp;da Receita Federal.<\/p>\n\n\n\n<h2 class=\"wp-block-heading\">Pagamento<\/h2>\n\n\n\n<p class=\"wp-block-paragraph\">O pagamento do ITR pode ser parcelado em at\u00e9 quatro cotas de mesmo valor, mensais e consecutivas, desde que nenhuma cota tenha valor inferior a R$ 50. Imposto devido com valor inferior a R$ 100 deve ser pago em cota \u00fanica.<\/p>\n\n\n\n<p class=\"wp-block-paragraph\">Tanto a primeira parcela como a cota \u00fanica devem ser pagas at\u00e9 30 de setembro. As demais cotas devem ser pagas at\u00e9 o \u00faltimo dia \u00fatil de cada m\u00eas, \u201cacrescidas de juros equivalentes \u00e0 taxa referencial do Sistema Especial de Liquida\u00e7\u00e3o e de Cust\u00f3dia (Selic) para t\u00edtulos federais, acumulada mensalmente, calculados a partir do m\u00eas de outubro de 2022 at\u00e9 o m\u00eas anterior ao do pagamento, e de 1% no m\u00eas do pagamento\u201d.<\/p>\n\n\n\n<p class=\"wp-block-paragraph\">&#8212;&#8212;&#8212;&#8212;&#8212;&#8212;<br><br><strong>Sabia que o Aconteceu no Vale est\u00e1 tamb\u00e9m no Telegram? <a rel=\"noreferrer noopener\" href=\"https:\/\/t.me\/aconteceunovaleoficial\" target=\"_blank\">Inscreva-se no canal<\/a>.<\/strong><br><br><strong>J\u00e1 curtiu ou seguiu nossas p\u00e1ginas nas redes sociais?\u00a0Receba as not\u00edcias em primeira m\u00e3o:<\/strong><br>\u2022 <a rel=\"noreferrer noopener\" href=\"https:\/\/news.google.com\/publications\/CAAqBwgKMNjklQswi4etAw?hl=pt-BR&amp;gl=BR&amp;ceid=BR%3Apt-419\" target=\"_blank\">Google News<\/a><br>\u2022 <a rel=\"noreferrer noopener\" href=\"https:\/\/www.facebook.com\/aconteceunovale\/\" target=\"_blank\">Facebook<\/a><br>\u2022 <a rel=\"noreferrer noopener\" href=\"https:\/\/twitter.com\/noticiadosvales\" target=\"_blank\">Twitter<\/a><br>\u2022 <a rel=\"noreferrer noopener\" href=\"https:\/\/www.instagram.com\/aconteceunovale\" target=\"_blank\">Instagram<\/a><br>\u2022 <a rel=\"noreferrer noopener\" href=\"https:\/\/www.youtube.com\/AconteceunoValeOficial\" target=\"_blank\">Youtube<\/a><br>\u2022 <a rel=\"noreferrer noopener\" href=\"https:\/\/www.tiktok.com\/@aconteceunovale\" target=\"_blank\">TikTok<\/a><\/p>\n","protected":false},"excerpt":{"rendered":"<p>A partir de 15 de agosto, os propriet\u00e1rios de im\u00f3veis rurais devem apresentar a Declara\u00e7\u00e3o do Imposto sobre a Propriedade Territorial Rural (DITR) referente ao exerc\u00edcio de 2022. De acordo com a&nbsp;Instru\u00e7\u00e3o Normativa n\u00ba 2.095, publicada pela Receita Federal no&nbsp;Di\u00e1rio Oficial da Uni\u00e3o&nbsp;de hoje (26), o prazo para a apresenta\u00e7\u00e3o do documento termina em 30 [&hellip;]<\/p>\n","protected":false},"author":4,"featured_media":189359,"comment_status":"open","ping_status":"closed","sticky":false,"template":"","format":"standard","meta":{"amp_status":"","footnotes":""},"categories":[6],"tags":[261722,261724,1018,117468,261723,207947,261725,1464],"class_list":["post-189496","post","type-post","status-publish","format-standard","has-post-thumbnail","hentry","category-br","tag-comeca-em-agosto-o-prazo-para-declarar-imposto-sobre-propriedade-rural","tag-declaracao-do-imposto-sobre-propriedade-rural","tag-destaque","tag-ditr","tag-imposto-sobre-propriedade-rural","tag-itr","tag-prazo-para-declarar-imposto-sobre-propriedade-rural","tag-receita-federal"],"yoast_head":"<!-- This site is optimized with the Yoast SEO plugin v28.3 - https:\/\/yoast.com\/product\/yoast-seo-wordpress\/ -->\n<title>Come\u00e7a em agosto o prazo para declarar imposto sobre propriedade rural - Aconteceu no Vale<\/title>\n<meta name=\"robots\" content=\"index, follow, max-snippet:-1, max-image-preview:large, max-video-preview:-1\" \/>\n<link rel=\"canonical\" href=\"https:\/\/aconteceunovale.com.br\/portal\/?p=189496\" \/>\n<meta property=\"og:locale\" content=\"pt_BR\" \/>\n<meta property=\"og:type\" content=\"article\" \/>\n<meta property=\"og:title\" content=\"Come\u00e7a em agosto o prazo para declarar imposto sobre propriedade rural - Aconteceu no Vale\" \/>\n<meta property=\"og:description\" content=\"A partir de 15 de agosto, os propriet\u00e1rios de im\u00f3veis rurais devem apresentar a Declara\u00e7\u00e3o do Imposto sobre a Propriedade Territorial Rural (DITR) referente ao exerc\u00edcio de 2022. De acordo com a&nbsp;Instru\u00e7\u00e3o Normativa n\u00ba 2.095, publicada pela Receita Federal no&nbsp;Di\u00e1rio Oficial da Uni\u00e3o&nbsp;de hoje (26), o prazo para a apresenta\u00e7\u00e3o do documento termina em 30 [&hellip;]\" \/>\n<meta property=\"og:url\" content=\"https:\/\/aconteceunovale.com.br\/portal\/?p=189496\" \/>\n<meta property=\"og:site_name\" content=\"Aconteceu no Vale\" \/>\n<meta property=\"article:publisher\" content=\"https:\/\/www.facebook.com\/aconteceunovale\/\" \/>\n<meta property=\"article:published_time\" content=\"2022-07-26T14:08:21+00:00\" \/>\n<meta property=\"article:modified_time\" content=\"2022-07-26T14:09:43+00:00\" \/>\n<meta property=\"og:image\" content=\"https:\/\/aconteceunovale.com.br\/portal\/wp-content\/uploads\/2022\/07\/cadastro_rural.png\" \/>\n\t<meta property=\"og:image:width\" content=\"678\" \/>\n\t<meta property=\"og:image:height\" content=\"412\" \/>\n\t<meta property=\"og:image:type\" content=\"image\/png\" \/>\n<meta name=\"author\" content=\"Reda\u00e7\u00e3o Aconteceu no Vale\" \/>\n<meta name=\"twitter:card\" content=\"summary_large_image\" \/>\n<meta name=\"twitter:creator\" content=\"@noticiadosvales\" \/>\n<meta name=\"twitter:site\" content=\"@noticiadosvales\" \/>\n<meta name=\"twitter:label1\" content=\"Escrito por\" \/>\n\t<meta name=\"twitter:data1\" content=\"Reda\u00e7\u00e3o Aconteceu no Vale\" \/>\n\t<meta name=\"twitter:label2\" content=\"Est. tempo de leitura\" \/>\n\t<meta name=\"twitter:data2\" content=\"3 minutos\" \/>\n<script type=\"application\/ld+json\" class=\"yoast-schema-graph\">{\"@context\":\"https:\\\/\\\/schema.org\",\"@graph\":[{\"@type\":\"Article\",\"@id\":\"https:\\\/\\\/aconteceunovale.com.br\\\/portal\\\/?p=189496#article\",\"isPartOf\":{\"@id\":\"https:\\\/\\\/aconteceunovale.com.br\\\/portal\\\/?p=189496\"},\"author\":{\"name\":\"Reda\u00e7\u00e3o Aconteceu no Vale\",\"@id\":\"https:\\\/\\\/aconteceunovale.com.br\\\/portal\\\/#\\\/schema\\\/person\\\/7d2f26d1483f8a63de73da1ee0754d35\"},\"headline\":\"Come\u00e7a em agosto o prazo para declarar imposto sobre propriedade rural\",\"datePublished\":\"2022-07-26T14:08:21+00:00\",\"dateModified\":\"2022-07-26T14:09:43+00:00\",\"mainEntityOfPage\":{\"@id\":\"https:\\\/\\\/aconteceunovale.com.br\\\/portal\\\/?p=189496\"},\"wordCount\":594,\"commentCount\":0,\"image\":{\"@id\":\"https:\\\/\\\/aconteceunovale.com.br\\\/portal\\\/?p=189496#primaryimage\"},\"thumbnailUrl\":\"https:\\\/\\\/aconteceunovale.com.br\\\/portal\\\/wp-content\\\/uploads\\\/2022\\\/07\\\/cadastro_rural.png\",\"keywords\":[\"Come\u00e7a em agosto o prazo para declarar imposto sobre propriedade rural\",\"Declara\u00e7\u00e3o do imposto sobre propriedade rural\",\"destaque\",\"DITR\",\"Imposto sobre propriedade rural\",\"ITR\",\"Prazo para declarar imposto sobre propriedade rural\",\"receita federal\"],\"articleSection\":[\"Brasil\"],\"inLanguage\":\"pt-BR\",\"potentialAction\":[{\"@type\":\"CommentAction\",\"name\":\"Comment\",\"target\":[\"https:\\\/\\\/aconteceunovale.com.br\\\/portal\\\/?p=189496#respond\"]}]},{\"@type\":\"WebPage\",\"@id\":\"https:\\\/\\\/aconteceunovale.com.br\\\/portal\\\/?p=189496\",\"url\":\"https:\\\/\\\/aconteceunovale.com.br\\\/portal\\\/?p=189496\",\"name\":\"Come\u00e7a em agosto o prazo para declarar imposto sobre propriedade rural - Aconteceu no Vale\",\"isPartOf\":{\"@id\":\"https:\\\/\\\/aconteceunovale.com.br\\\/portal\\\/#website\"},\"primaryImageOfPage\":{\"@id\":\"https:\\\/\\\/aconteceunovale.com.br\\\/portal\\\/?p=189496#primaryimage\"},\"image\":{\"@id\":\"https:\\\/\\\/aconteceunovale.com.br\\\/portal\\\/?p=189496#primaryimage\"},\"thumbnailUrl\":\"https:\\\/\\\/aconteceunovale.com.br\\\/portal\\\/wp-content\\\/uploads\\\/2022\\\/07\\\/cadastro_rural.png\",\"datePublished\":\"2022-07-26T14:08:21+00:00\",\"dateModified\":\"2022-07-26T14:09:43+00:00\",\"author\":{\"@id\":\"https:\\\/\\\/aconteceunovale.com.br\\\/portal\\\/#\\\/schema\\\/person\\\/7d2f26d1483f8a63de73da1ee0754d35\"},\"breadcrumb\":{\"@id\":\"https:\\\/\\\/aconteceunovale.com.br\\\/portal\\\/?p=189496#breadcrumb\"},\"inLanguage\":\"pt-BR\",\"potentialAction\":[{\"@type\":\"ReadAction\",\"target\":[\"https:\\\/\\\/aconteceunovale.com.br\\\/portal\\\/?p=189496\"]}]},{\"@type\":\"ImageObject\",\"inLanguage\":\"pt-BR\",\"@id\":\"https:\\\/\\\/aconteceunovale.com.br\\\/portal\\\/?p=189496#primaryimage\",\"url\":\"https:\\\/\\\/aconteceunovale.com.br\\\/portal\\\/wp-content\\\/uploads\\\/2022\\\/07\\\/cadastro_rural.png\",\"contentUrl\":\"https:\\\/\\\/aconteceunovale.com.br\\\/portal\\\/wp-content\\\/uploads\\\/2022\\\/07\\\/cadastro_rural.png\",\"width\":678,\"height\":412},{\"@type\":\"BreadcrumbList\",\"@id\":\"https:\\\/\\\/aconteceunovale.com.br\\\/portal\\\/?p=189496#breadcrumb\",\"itemListElement\":[{\"@type\":\"ListItem\",\"position\":1,\"name\":\"In\u00edcio\",\"item\":\"https:\\\/\\\/aconteceunovale.com.br\\\/portal\\\/\"},{\"@type\":\"ListItem\",\"position\":2,\"name\":\"Come\u00e7a em agosto o prazo para declarar imposto sobre propriedade rural\"}]},{\"@type\":\"WebSite\",\"@id\":\"https:\\\/\\\/aconteceunovale.com.br\\\/portal\\\/#website\",\"url\":\"https:\\\/\\\/aconteceunovale.com.br\\\/portal\\\/\",\"name\":\"Aconteceu no Vale\",\"description\":\"Portal de Not\u00edcias\",\"potentialAction\":[{\"@type\":\"SearchAction\",\"target\":{\"@type\":\"EntryPoint\",\"urlTemplate\":\"https:\\\/\\\/aconteceunovale.com.br\\\/portal\\\/?s={search_term_string}\"},\"query-input\":{\"@type\":\"PropertyValueSpecification\",\"valueRequired\":true,\"valueName\":\"search_term_string\"}}],\"inLanguage\":\"pt-BR\"},{\"@type\":\"Person\",\"@id\":\"https:\\\/\\\/aconteceunovale.com.br\\\/portal\\\/#\\\/schema\\\/person\\\/7d2f26d1483f8a63de73da1ee0754d35\",\"name\":\"Reda\u00e7\u00e3o Aconteceu no Vale\",\"description\":\"Equipe de reportagem do Aconteceu no Vale, portal de not\u00edcias do Vale do Jequitinhonha, em Minas Gerais. Cobrimos as 51 cidades do Vale desde 2013. Sugest\u00f5es de pauta e pedidos de corre\u00e7\u00e3o: contato@aconteceunovale.com.br\",\"url\":\"https:\\\/\\\/aconteceunovale.com.br\\\/portal\\\/?author=4\"}]}<\/script>\n<!-- \/ Yoast SEO plugin. -->","yoast_head_json":{"title":"Come\u00e7a em agosto o prazo para declarar imposto sobre propriedade rural - Aconteceu no Vale","robots":{"index":"index","follow":"follow","max-snippet":"max-snippet:-1","max-image-preview":"max-image-preview:large","max-video-preview":"max-video-preview:-1"},"canonical":"https:\/\/aconteceunovale.com.br\/portal\/?p=189496","og_locale":"pt_BR","og_type":"article","og_title":"Come\u00e7a em agosto o prazo para declarar imposto sobre propriedade rural - Aconteceu no Vale","og_description":"A partir de 15 de agosto, os propriet\u00e1rios de im\u00f3veis rurais devem apresentar a Declara\u00e7\u00e3o do Imposto sobre a Propriedade Territorial Rural (DITR) referente ao exerc\u00edcio de 2022. De acordo com a&nbsp;Instru\u00e7\u00e3o Normativa n\u00ba 2.095, publicada pela Receita Federal no&nbsp;Di\u00e1rio Oficial da Uni\u00e3o&nbsp;de hoje (26), o prazo para a apresenta\u00e7\u00e3o do documento termina em 30 [&hellip;]","og_url":"https:\/\/aconteceunovale.com.br\/portal\/?p=189496","og_site_name":"Aconteceu no Vale","article_publisher":"https:\/\/www.facebook.com\/aconteceunovale\/","article_published_time":"2022-07-26T14:08:21+00:00","article_modified_time":"2022-07-26T14:09:43+00:00","og_image":[{"width":678,"height":412,"url":"https:\/\/aconteceunovale.com.br\/portal\/wp-content\/uploads\/2022\/07\/cadastro_rural.png","type":"image\/png"}],"author":"Reda\u00e7\u00e3o Aconteceu no Vale","twitter_card":"summary_large_image","twitter_creator":"@noticiadosvales","twitter_site":"@noticiadosvales","twitter_misc":{"Escrito por":"Reda\u00e7\u00e3o Aconteceu no Vale","Est. tempo de leitura":"3 minutos"},"schema":{"@context":"https:\/\/schema.org","@graph":[{"@type":"Article","@id":"https:\/\/aconteceunovale.com.br\/portal\/?p=189496#article","isPartOf":{"@id":"https:\/\/aconteceunovale.com.br\/portal\/?p=189496"},"author":{"name":"Reda\u00e7\u00e3o Aconteceu no Vale","@id":"https:\/\/aconteceunovale.com.br\/portal\/#\/schema\/person\/7d2f26d1483f8a63de73da1ee0754d35"},"headline":"Come\u00e7a em agosto o prazo para declarar imposto sobre propriedade rural","datePublished":"2022-07-26T14:08:21+00:00","dateModified":"2022-07-26T14:09:43+00:00","mainEntityOfPage":{"@id":"https:\/\/aconteceunovale.com.br\/portal\/?p=189496"},"wordCount":594,"commentCount":0,"image":{"@id":"https:\/\/aconteceunovale.com.br\/portal\/?p=189496#primaryimage"},"thumbnailUrl":"https:\/\/aconteceunovale.com.br\/portal\/wp-content\/uploads\/2022\/07\/cadastro_rural.png","keywords":["Come\u00e7a em agosto o prazo para declarar imposto sobre propriedade rural","Declara\u00e7\u00e3o do imposto sobre propriedade rural","destaque","DITR","Imposto sobre propriedade rural","ITR","Prazo para declarar imposto sobre propriedade rural","receita federal"],"articleSection":["Brasil"],"inLanguage":"pt-BR","potentialAction":[{"@type":"CommentAction","name":"Comment","target":["https:\/\/aconteceunovale.com.br\/portal\/?p=189496#respond"]}]},{"@type":"WebPage","@id":"https:\/\/aconteceunovale.com.br\/portal\/?p=189496","url":"https:\/\/aconteceunovale.com.br\/portal\/?p=189496","name":"Come\u00e7a em agosto o prazo para declarar imposto sobre propriedade rural - Aconteceu no Vale","isPartOf":{"@id":"https:\/\/aconteceunovale.com.br\/portal\/#website"},"primaryImageOfPage":{"@id":"https:\/\/aconteceunovale.com.br\/portal\/?p=189496#primaryimage"},"image":{"@id":"https:\/\/aconteceunovale.com.br\/portal\/?p=189496#primaryimage"},"thumbnailUrl":"https:\/\/aconteceunovale.com.br\/portal\/wp-content\/uploads\/2022\/07\/cadastro_rural.png","datePublished":"2022-07-26T14:08:21+00:00","dateModified":"2022-07-26T14:09:43+00:00","author":{"@id":"https:\/\/aconteceunovale.com.br\/portal\/#\/schema\/person\/7d2f26d1483f8a63de73da1ee0754d35"},"breadcrumb":{"@id":"https:\/\/aconteceunovale.com.br\/portal\/?p=189496#breadcrumb"},"inLanguage":"pt-BR","potentialAction":[{"@type":"ReadAction","target":["https:\/\/aconteceunovale.com.br\/portal\/?p=189496"]}]},{"@type":"ImageObject","inLanguage":"pt-BR","@id":"https:\/\/aconteceunovale.com.br\/portal\/?p=189496#primaryimage","url":"https:\/\/aconteceunovale.com.br\/portal\/wp-content\/uploads\/2022\/07\/cadastro_rural.png","contentUrl":"https:\/\/aconteceunovale.com.br\/portal\/wp-content\/uploads\/2022\/07\/cadastro_rural.png","width":678,"height":412},{"@type":"BreadcrumbList","@id":"https:\/\/aconteceunovale.com.br\/portal\/?p=189496#breadcrumb","itemListElement":[{"@type":"ListItem","position":1,"name":"In\u00edcio","item":"https:\/\/aconteceunovale.com.br\/portal\/"},{"@type":"ListItem","position":2,"name":"Come\u00e7a em agosto o prazo para declarar imposto sobre propriedade rural"}]},{"@type":"WebSite","@id":"https:\/\/aconteceunovale.com.br\/portal\/#website","url":"https:\/\/aconteceunovale.com.br\/portal\/","name":"Aconteceu no Vale","description":"Portal de Not\u00edcias","potentialAction":[{"@type":"SearchAction","target":{"@type":"EntryPoint","urlTemplate":"https:\/\/aconteceunovale.com.br\/portal\/?s={search_term_string}"},"query-input":{"@type":"PropertyValueSpecification","valueRequired":true,"valueName":"search_term_string"}}],"inLanguage":"pt-BR"},{"@type":"Person","@id":"https:\/\/aconteceunovale.com.br\/portal\/#\/schema\/person\/7d2f26d1483f8a63de73da1ee0754d35","name":"Reda\u00e7\u00e3o Aconteceu no Vale","description":"Equipe de reportagem do Aconteceu no Vale, portal de not\u00edcias do Vale do Jequitinhonha, em Minas Gerais. Cobrimos as 51 cidades do Vale desde 2013. Sugest\u00f5es de pauta e pedidos de corre\u00e7\u00e3o: contato@aconteceunovale.com.br","url":"https:\/\/aconteceunovale.com.br\/portal\/?author=4"}]}},"_links":{"self":[{"href":"https:\/\/aconteceunovale.com.br\/portal\/index.php?rest_route=\/wp\/v2\/posts\/189496","targetHints":{"allow":["GET"]}}],"collection":[{"href":"https:\/\/aconteceunovale.com.br\/portal\/index.php?rest_route=\/wp\/v2\/posts"}],"about":[{"href":"https:\/\/aconteceunovale.com.br\/portal\/index.php?rest_route=\/wp\/v2\/types\/post"}],"author":[{"embeddable":true,"href":"https:\/\/aconteceunovale.com.br\/portal\/index.php?rest_route=\/wp\/v2\/users\/4"}],"replies":[{"embeddable":true,"href":"https:\/\/aconteceunovale.com.br\/portal\/index.php?rest_route=%2Fwp%2Fv2%2Fcomments&post=189496"}],"version-history":[{"count":1,"href":"https:\/\/aconteceunovale.com.br\/portal\/index.php?rest_route=\/wp\/v2\/posts\/189496\/revisions"}],"predecessor-version":[{"id":189497,"href":"https:\/\/aconteceunovale.com.br\/portal\/index.php?rest_route=\/wp\/v2\/posts\/189496\/revisions\/189497"}],"wp:featuredmedia":[{"embeddable":true,"href":"https:\/\/aconteceunovale.com.br\/portal\/index.php?rest_route=\/wp\/v2\/media\/189359"}],"wp:attachment":[{"href":"https:\/\/aconteceunovale.com.br\/portal\/index.php?rest_route=%2Fwp%2Fv2%2Fmedia&parent=189496"}],"wp:term":[{"taxonomy":"category","embeddable":true,"href":"https:\/\/aconteceunovale.com.br\/portal\/index.php?rest_route=%2Fwp%2Fv2%2Fcategories&post=189496"},{"taxonomy":"post_tag","embeddable":true,"href":"https:\/\/aconteceunovale.com.br\/portal\/index.php?rest_route=%2Fwp%2Fv2%2Ftags&post=189496"}],"curies":[{"name":"wp","href":"https:\/\/api.w.org\/{rel}","templated":true}]}}