{"id":189463,"date":"2022-07-24T18:29:57","date_gmt":"2022-07-24T21:29:57","guid":{"rendered":"https:\/\/aconteceunovale.com.br\/portal\/?p=189463"},"modified":"2022-07-24T18:31:18","modified_gmt":"2022-07-24T21:31:18","slug":"partido-liberal-oficializa-jair-bolsonaro-como-candidato-a-reeleicao","status":"publish","type":"post","link":"https:\/\/aconteceunovale.com.br\/portal\/?p=189463","title":{"rendered":"Partido Liberal oficializa Jair Bolsonaro como candidato \u00e0 reelei\u00e7\u00e3o"},"content":{"rendered":"\n<p class=\"wp-block-paragraph\">O PL\u00a0oficializou neste domingo (24) a candidatura do presidente Jair Bolsonaro \u00e0 reelei\u00e7\u00e3o no pleito de outubro. Tamb\u00e9m foi formalizada a participa\u00e7\u00e3o do\u00a0general Braga Netto como candidato a vice-presidente na chapa que concorrer\u00e1 a uma vaga no Planalto neste ano. A vota\u00e7\u00e3o foi por unanimidade.<\/p>\n\n\n\n<figure class=\"wp-block-gallery has-nested-images columns-default is-cropped wp-block-gallery-1 is-layout-flex wp-block-gallery-is-layout-flex\">\n<figure class=\"wp-block-image size-large\"><img loading=\"lazy\" decoding=\"async\" width=\"678\" height=\"406\" data-id=\"189464\" src=\"https:\/\/aconteceunovale.com.br\/portal\/wp-content\/uploads\/2022\/07\/bolsonaro_candidato.jpg\" alt=\"\" class=\"wp-image-189464\" srcset=\"https:\/\/aconteceunovale.com.br\/portal\/wp-content\/uploads\/2022\/07\/bolsonaro_candidato.jpg 678w, https:\/\/aconteceunovale.com.br\/portal\/wp-content\/uploads\/2022\/07\/bolsonaro_candidato-300x180.jpg 300w\" sizes=\"auto, (max-width: 678px) 100vw, 678px\" \/><figcaption><em><sub>Foto: Tomaz Silva\/Ag\u00eancia Brasil<\/sub><\/em><\/figcaption><\/figure>\n<\/figure>\n\n\n\n<p class=\"wp-block-paragraph\">Durante conven\u00e7\u00e3o partid\u00e1ria no Maracan\u00e3zinho, no Rio de Janeiro, Bolsonaro&nbsp;lembrou&nbsp;dificuldades registradas em&nbsp;tr\u00eas anos e meio de governo. \u201cTivemos que enfrentar uma pandemia, uma guerra que n\u00e3o acabou ainda, uma seca como h\u00e1 muito n\u00e3o se via. Buscamos medidas para minorar o sofrimento do nosso povo. Alguns falam que eu n\u00e3o tenho olhado pelos mais pobres. Em 2020, quando falaram para todos ficarem em casa, eu disse para combatermos o v\u00edrus, mas sem destruir a nossa economia. Os informais foram obrigados a ficar&nbsp;em casa, para morrerem de fome\u201d.&nbsp;<\/p>\n\n\n\n<p class=\"wp-block-paragraph\">\u201cTodo dia, quando me levanto, eu tenho uma rotina. Dobro meus joelhos e rezo um Pai Nosso. Pe\u00e7o que o povo brasileiro nunca experimente as dores do comunismo. Pe\u00e7o for\u00e7a para resistir e coragem para decidir. Por vezes, tento entender como cheguei at\u00e9 aqui. Neste pa\u00eds, quando acreditamos, os nossos sonhos tornam-se realidade\u201d, disse Bolsonaro.<\/p>\n\n\n\n<p class=\"wp-block-paragraph\">Entre os convidados presentes, al\u00e9m de v\u00e1rias lideran\u00e7as e pr\u00e9-candidatos a diversos cargos, est\u00e3o&nbsp;o governador do Rio de Janeiro, Claudio Castro, e o presidente da C\u00e2mara dos Deputados, Arthur Lira (PP-AL). Somente Bolsonaro e a primeira-dama Michelle Bolsonaro discursaram. A conven\u00e7\u00e3o come\u00e7ou com uma prega\u00e7\u00e3o religiosa e com o Hino Nacional. Bolsonaro iniciou sua fala passando a palavra \u00e0 primeira-dama, que agradeceu o apoio e as ora\u00e7\u00f5es de todos. &#8220;A reelei\u00e7\u00e3o n\u00e3o \u00e9 por um projeto de governo, \u00e9 um prop\u00f3sito de liberta\u00e7\u00e3o\u201d, disse.<\/p>\n\n\n\n<h2 class=\"wp-block-heading\">Perfil<\/h2>\n\n\n\n<p class=\"wp-block-paragraph\">Jair Messias Bolsonaro \u00e9 militar reformado, capit\u00e3o do Ex\u00e9rcito. \u00c9 o 38\u00ba presidente do Brasil desde 1\u00ba de janeiro de 2019. Foi deputado federal pelo Rio&nbsp;de Janeiro&nbsp;entre 1991 e 2018. Nasceu em 1955, no munic\u00edpio de Glic\u00e9rio, no interior do estado de S\u00e3o Paulo, mas morou em v\u00e1rias cidades paulistas. Formou-se na Academia Militar das Agulhas Negras em 1977. Posteriormente, serviu nos grupos de artilharia de campanha e paraquedismo do Ex\u00e9rcito. \u00c9 pai de cinco filhos.<\/p>\n\n\n\n<p class=\"wp-block-paragraph\">Walter Souza Braga Netto nasceu em Belo Horizonte\u00a0em 1957. Militar da reserva, alcan\u00e7ou o posto de general de Ex\u00e9rcito. Entre fevereiro de 2018 e janeiro de 2019, chefiou a interven\u00e7\u00e3o federal no Rio\u00a0de Janeiro. Foi comandante Militar do Leste at\u00e9 fevereiro de 2019, quando assumiu a chefia do Estado-Maior do Ex\u00e9rcito. Em fevereiro de 2020, assumiu o cargo de ministro-chefe da Casa Civil. Em mar\u00e7o de 2021, foi nomeado Ministro da Defesa.<\/p>\n\n\n\n<p class=\"wp-block-paragraph\">&#8212;&#8212;&#8212;&#8212;&#8212;&#8212;<br><br><strong>Sabia que o Aconteceu no Vale est\u00e1 tamb\u00e9m no Telegram? <a rel=\"noreferrer noopener\" href=\"https:\/\/t.me\/aconteceunovaleoficial\" target=\"_blank\">Inscreva-se no canal<\/a>.<\/strong><br><br><strong>J\u00e1 curtiu ou seguiu nossas p\u00e1ginas nas redes sociais?\u00a0Receba as not\u00edcias em primeira m\u00e3o:<\/strong><br>\u2022 <a rel=\"noreferrer noopener\" href=\"https:\/\/news.google.com\/publications\/CAAqBwgKMNjklQswi4etAw?hl=pt-BR&amp;gl=BR&amp;ceid=BR%3Apt-419\" target=\"_blank\">Google News<\/a><br>\u2022 <a rel=\"noreferrer noopener\" href=\"https:\/\/www.facebook.com\/aconteceunovale\/\" target=\"_blank\">Facebook<\/a><br>\u2022 <a rel=\"noreferrer noopener\" href=\"https:\/\/twitter.com\/noticiadosvales\" target=\"_blank\">Twitter<\/a><br>\u2022 <a rel=\"noreferrer noopener\" href=\"https:\/\/www.instagram.com\/aconteceunovale\" target=\"_blank\">Instagram<\/a><br>\u2022 <a rel=\"noreferrer noopener\" href=\"https:\/\/www.youtube.com\/AconteceunoValeOficial\" target=\"_blank\">Youtube<\/a><br>\u2022 <a rel=\"noreferrer noopener\" href=\"https:\/\/www.tiktok.com\/@aconteceunovale\" target=\"_blank\">TikTok<\/a><\/p>\n","protected":false},"excerpt":{"rendered":"<p>O PL\u00a0oficializou neste domingo (24) a candidatura do presidente Jair Bolsonaro \u00e0 reelei\u00e7\u00e3o no pleito de outubro. Tamb\u00e9m foi formalizada a participa\u00e7\u00e3o do\u00a0general Braga Netto como candidato a vice-presidente na chapa que concorrer\u00e1 a uma vaga no Planalto neste ano. A vota\u00e7\u00e3o foi por unanimidade. Durante conven\u00e7\u00e3o partid\u00e1ria no Maracan\u00e3zinho, no Rio de Janeiro, Bolsonaro&nbsp;lembrou&nbsp;dificuldades [&hellip;]<\/p>\n","protected":false},"author":4,"featured_media":189464,"comment_status":"open","ping_status":"closed","sticky":false,"template":"","format":"standard","meta":{"amp_status":"","footnotes":""},"categories":[6,249933,40240],"tags":[194,100375,226699,1018,252238,261682,261683,261684,26436,169460,131,243991,261681,243467,1104,2382,261685],"class_list":["post-189463","post","type-post","status-publish","format-standard","has-post-thumbnail","hentry","category-br","category-eleicoes-2022","category-politica","tag-belo-horizonte","tag-bolsonaro","tag-braga-netto","tag-destaque","tag-eleicoes-2022","tag-eleicoes-presidenciais-2022","tag-general-braga-netto","tag-glicerio","tag-jair-bolsonaro","tag-jair-messias-bolsonaro","tag-minas-gerais","tag-partido-liberal","tag-partido-liberal-oficializa-jair-bolsonaro-como-candidato-a-reeleicao","tag-pl","tag-rio-de-janeiro","tag-sao-paulo","tag-walter-souza-braga-netto"],"yoast_head":"<!-- This site is optimized with the Yoast SEO plugin v28.3 - https:\/\/yoast.com\/product\/yoast-seo-wordpress\/ -->\n<title>Partido Liberal oficializa Jair Bolsonaro como candidato \u00e0 reelei\u00e7\u00e3o - Aconteceu no Vale<\/title>\n<meta name=\"robots\" content=\"index, follow, max-snippet:-1, max-image-preview:large, max-video-preview:-1\" \/>\n<link rel=\"canonical\" href=\"https:\/\/aconteceunovale.com.br\/portal\/?p=189463\" \/>\n<meta property=\"og:locale\" content=\"pt_BR\" \/>\n<meta property=\"og:type\" content=\"article\" \/>\n<meta property=\"og:title\" content=\"Partido Liberal oficializa Jair Bolsonaro como candidato \u00e0 reelei\u00e7\u00e3o - Aconteceu no Vale\" \/>\n<meta property=\"og:description\" content=\"O PL\u00a0oficializou neste domingo (24) a candidatura do presidente Jair Bolsonaro \u00e0 reelei\u00e7\u00e3o no pleito de outubro. Tamb\u00e9m foi formalizada a participa\u00e7\u00e3o do\u00a0general Braga Netto como candidato a vice-presidente na chapa que concorrer\u00e1 a uma vaga no Planalto neste ano. A vota\u00e7\u00e3o foi por unanimidade. Durante conven\u00e7\u00e3o partid\u00e1ria no Maracan\u00e3zinho, no Rio de Janeiro, Bolsonaro&nbsp;lembrou&nbsp;dificuldades [&hellip;]\" \/>\n<meta property=\"og:url\" content=\"https:\/\/aconteceunovale.com.br\/portal\/?p=189463\" \/>\n<meta property=\"og:site_name\" content=\"Aconteceu no Vale\" \/>\n<meta property=\"article:publisher\" content=\"https:\/\/www.facebook.com\/aconteceunovale\/\" \/>\n<meta property=\"article:published_time\" content=\"2022-07-24T21:29:57+00:00\" \/>\n<meta property=\"article:modified_time\" content=\"2022-07-24T21:31:18+00:00\" \/>\n<meta property=\"og:image\" content=\"https:\/\/aconteceunovale.com.br\/portal\/wp-content\/uploads\/2022\/07\/bolsonaro_candidato.jpg\" \/>\n\t<meta property=\"og:image:width\" content=\"678\" \/>\n\t<meta property=\"og:image:height\" content=\"406\" \/>\n\t<meta property=\"og:image:type\" content=\"image\/jpeg\" \/>\n<meta name=\"author\" content=\"Reda\u00e7\u00e3o Aconteceu no Vale\" \/>\n<meta name=\"twitter:card\" content=\"summary_large_image\" \/>\n<meta name=\"twitter:creator\" content=\"@noticiadosvales\" \/>\n<meta name=\"twitter:site\" content=\"@noticiadosvales\" \/>\n<meta name=\"twitter:label1\" content=\"Escrito por\" \/>\n\t<meta name=\"twitter:data1\" content=\"Reda\u00e7\u00e3o Aconteceu no Vale\" \/>\n\t<meta name=\"twitter:label2\" content=\"Est. tempo de leitura\" \/>\n\t<meta name=\"twitter:data2\" content=\"3 minutos\" \/>\n<script type=\"application\/ld+json\" class=\"yoast-schema-graph\">{\"@context\":\"https:\\\/\\\/schema.org\",\"@graph\":[{\"@type\":\"Article\",\"@id\":\"https:\\\/\\\/aconteceunovale.com.br\\\/portal\\\/?p=189463#article\",\"isPartOf\":{\"@id\":\"https:\\\/\\\/aconteceunovale.com.br\\\/portal\\\/?p=189463\"},\"author\":{\"name\":\"Reda\u00e7\u00e3o Aconteceu no Vale\",\"@id\":\"https:\\\/\\\/aconteceunovale.com.br\\\/portal\\\/#\\\/schema\\\/person\\\/7d2f26d1483f8a63de73da1ee0754d35\"},\"headline\":\"Partido Liberal oficializa Jair Bolsonaro como candidato \u00e0 reelei\u00e7\u00e3o\",\"datePublished\":\"2022-07-24T21:29:57+00:00\",\"dateModified\":\"2022-07-24T21:31:18+00:00\",\"mainEntityOfPage\":{\"@id\":\"https:\\\/\\\/aconteceunovale.com.br\\\/portal\\\/?p=189463\"},\"wordCount\":514,\"commentCount\":0,\"image\":{\"@id\":\"https:\\\/\\\/aconteceunovale.com.br\\\/portal\\\/?p=189463#primaryimage\"},\"thumbnailUrl\":\"https:\\\/\\\/aconteceunovale.com.br\\\/portal\\\/wp-content\\\/uploads\\\/2022\\\/07\\\/bolsonaro_candidato.jpg\",\"keywords\":[\"Belo Horizonte\",\"Bolsonaro\",\"Braga Netto\",\"destaque\",\"Elei\u00e7\u00f5es 2022\",\"Elei\u00e7\u00f5es Presidenciais 2022\",\"General Braga Netto\",\"Glic\u00e9rio\",\"Jair Bolsonaro\",\"Jair Messias Bolsonaro\",\"Minas Gerais\",\"Partido Liberal\",\"Partido Liberal oficializa Jair Bolsonaro como candidato \u00e0 reelei\u00e7\u00e3o\",\"PL\",\"Rio de Janeiro\",\"S\u00e3o Paulo\",\"Walter Souza Braga Netto\"],\"articleSection\":[\"Brasil\",\"Elei\u00e7\u00f5es 2022\",\"Pol\u00edtica\"],\"inLanguage\":\"pt-BR\",\"potentialAction\":[{\"@type\":\"CommentAction\",\"name\":\"Comment\",\"target\":[\"https:\\\/\\\/aconteceunovale.com.br\\\/portal\\\/?p=189463#respond\"]}]},{\"@type\":\"WebPage\",\"@id\":\"https:\\\/\\\/aconteceunovale.com.br\\\/portal\\\/?p=189463\",\"url\":\"https:\\\/\\\/aconteceunovale.com.br\\\/portal\\\/?p=189463\",\"name\":\"Partido Liberal oficializa Jair Bolsonaro como candidato \u00e0 reelei\u00e7\u00e3o - Aconteceu no Vale\",\"isPartOf\":{\"@id\":\"https:\\\/\\\/aconteceunovale.com.br\\\/portal\\\/#website\"},\"primaryImageOfPage\":{\"@id\":\"https:\\\/\\\/aconteceunovale.com.br\\\/portal\\\/?p=189463#primaryimage\"},\"image\":{\"@id\":\"https:\\\/\\\/aconteceunovale.com.br\\\/portal\\\/?p=189463#primaryimage\"},\"thumbnailUrl\":\"https:\\\/\\\/aconteceunovale.com.br\\\/portal\\\/wp-content\\\/uploads\\\/2022\\\/07\\\/bolsonaro_candidato.jpg\",\"datePublished\":\"2022-07-24T21:29:57+00:00\",\"dateModified\":\"2022-07-24T21:31:18+00:00\",\"author\":{\"@id\":\"https:\\\/\\\/aconteceunovale.com.br\\\/portal\\\/#\\\/schema\\\/person\\\/7d2f26d1483f8a63de73da1ee0754d35\"},\"breadcrumb\":{\"@id\":\"https:\\\/\\\/aconteceunovale.com.br\\\/portal\\\/?p=189463#breadcrumb\"},\"inLanguage\":\"pt-BR\",\"potentialAction\":[{\"@type\":\"ReadAction\",\"target\":[\"https:\\\/\\\/aconteceunovale.com.br\\\/portal\\\/?p=189463\"]}]},{\"@type\":\"ImageObject\",\"inLanguage\":\"pt-BR\",\"@id\":\"https:\\\/\\\/aconteceunovale.com.br\\\/portal\\\/?p=189463#primaryimage\",\"url\":\"https:\\\/\\\/aconteceunovale.com.br\\\/portal\\\/wp-content\\\/uploads\\\/2022\\\/07\\\/bolsonaro_candidato.jpg\",\"contentUrl\":\"https:\\\/\\\/aconteceunovale.com.br\\\/portal\\\/wp-content\\\/uploads\\\/2022\\\/07\\\/bolsonaro_candidato.jpg\",\"width\":678,\"height\":406,\"caption\":\"O presidente Jair Bolsonaro fala durante a conven\u00e7\u00e3o nacional do Partido Liberal (PL), no est\u00e1dio do Maracan\u00e3zinho, no Rio de Janeiro\"},{\"@type\":\"BreadcrumbList\",\"@id\":\"https:\\\/\\\/aconteceunovale.com.br\\\/portal\\\/?p=189463#breadcrumb\",\"itemListElement\":[{\"@type\":\"ListItem\",\"position\":1,\"name\":\"In\u00edcio\",\"item\":\"https:\\\/\\\/aconteceunovale.com.br\\\/portal\\\/\"},{\"@type\":\"ListItem\",\"position\":2,\"name\":\"Partido Liberal oficializa Jair Bolsonaro como candidato \u00e0 reelei\u00e7\u00e3o\"}]},{\"@type\":\"WebSite\",\"@id\":\"https:\\\/\\\/aconteceunovale.com.br\\\/portal\\\/#website\",\"url\":\"https:\\\/\\\/aconteceunovale.com.br\\\/portal\\\/\",\"name\":\"Aconteceu no Vale\",\"description\":\"Portal de Not\u00edcias\",\"potentialAction\":[{\"@type\":\"SearchAction\",\"target\":{\"@type\":\"EntryPoint\",\"urlTemplate\":\"https:\\\/\\\/aconteceunovale.com.br\\\/portal\\\/?s={search_term_string}\"},\"query-input\":{\"@type\":\"PropertyValueSpecification\",\"valueRequired\":true,\"valueName\":\"search_term_string\"}}],\"inLanguage\":\"pt-BR\"},{\"@type\":\"Person\",\"@id\":\"https:\\\/\\\/aconteceunovale.com.br\\\/portal\\\/#\\\/schema\\\/person\\\/7d2f26d1483f8a63de73da1ee0754d35\",\"name\":\"Reda\u00e7\u00e3o Aconteceu no Vale\",\"description\":\"Equipe de reportagem do Aconteceu no Vale, portal de not\u00edcias do Vale do Jequitinhonha, em Minas Gerais. Cobrimos as 51 cidades do Vale desde 2013. Sugest\u00f5es de pauta e pedidos de corre\u00e7\u00e3o: contato@aconteceunovale.com.br\",\"url\":\"https:\\\/\\\/aconteceunovale.com.br\\\/portal\\\/?author=4\"}]}<\/script>\n<!-- \/ Yoast SEO plugin. -->","yoast_head_json":{"title":"Partido Liberal oficializa Jair Bolsonaro como candidato \u00e0 reelei\u00e7\u00e3o - Aconteceu no Vale","robots":{"index":"index","follow":"follow","max-snippet":"max-snippet:-1","max-image-preview":"max-image-preview:large","max-video-preview":"max-video-preview:-1"},"canonical":"https:\/\/aconteceunovale.com.br\/portal\/?p=189463","og_locale":"pt_BR","og_type":"article","og_title":"Partido Liberal oficializa Jair Bolsonaro como candidato \u00e0 reelei\u00e7\u00e3o - Aconteceu no Vale","og_description":"O PL\u00a0oficializou neste domingo (24) a candidatura do presidente Jair Bolsonaro \u00e0 reelei\u00e7\u00e3o no pleito de outubro. Tamb\u00e9m foi formalizada a participa\u00e7\u00e3o do\u00a0general Braga Netto como candidato a vice-presidente na chapa que concorrer\u00e1 a uma vaga no Planalto neste ano. A vota\u00e7\u00e3o foi por unanimidade. Durante conven\u00e7\u00e3o partid\u00e1ria no Maracan\u00e3zinho, no Rio de Janeiro, Bolsonaro&nbsp;lembrou&nbsp;dificuldades [&hellip;]","og_url":"https:\/\/aconteceunovale.com.br\/portal\/?p=189463","og_site_name":"Aconteceu no Vale","article_publisher":"https:\/\/www.facebook.com\/aconteceunovale\/","article_published_time":"2022-07-24T21:29:57+00:00","article_modified_time":"2022-07-24T21:31:18+00:00","og_image":[{"width":678,"height":406,"url":"https:\/\/aconteceunovale.com.br\/portal\/wp-content\/uploads\/2022\/07\/bolsonaro_candidato.jpg","type":"image\/jpeg"}],"author":"Reda\u00e7\u00e3o Aconteceu no Vale","twitter_card":"summary_large_image","twitter_creator":"@noticiadosvales","twitter_site":"@noticiadosvales","twitter_misc":{"Escrito por":"Reda\u00e7\u00e3o Aconteceu no Vale","Est. tempo de leitura":"3 minutos"},"schema":{"@context":"https:\/\/schema.org","@graph":[{"@type":"Article","@id":"https:\/\/aconteceunovale.com.br\/portal\/?p=189463#article","isPartOf":{"@id":"https:\/\/aconteceunovale.com.br\/portal\/?p=189463"},"author":{"name":"Reda\u00e7\u00e3o Aconteceu no Vale","@id":"https:\/\/aconteceunovale.com.br\/portal\/#\/schema\/person\/7d2f26d1483f8a63de73da1ee0754d35"},"headline":"Partido Liberal oficializa Jair Bolsonaro como candidato \u00e0 reelei\u00e7\u00e3o","datePublished":"2022-07-24T21:29:57+00:00","dateModified":"2022-07-24T21:31:18+00:00","mainEntityOfPage":{"@id":"https:\/\/aconteceunovale.com.br\/portal\/?p=189463"},"wordCount":514,"commentCount":0,"image":{"@id":"https:\/\/aconteceunovale.com.br\/portal\/?p=189463#primaryimage"},"thumbnailUrl":"https:\/\/aconteceunovale.com.br\/portal\/wp-content\/uploads\/2022\/07\/bolsonaro_candidato.jpg","keywords":["Belo Horizonte","Bolsonaro","Braga Netto","destaque","Elei\u00e7\u00f5es 2022","Elei\u00e7\u00f5es Presidenciais 2022","General Braga Netto","Glic\u00e9rio","Jair Bolsonaro","Jair Messias Bolsonaro","Minas Gerais","Partido Liberal","Partido Liberal oficializa Jair Bolsonaro como candidato \u00e0 reelei\u00e7\u00e3o","PL","Rio de Janeiro","S\u00e3o Paulo","Walter Souza Braga Netto"],"articleSection":["Brasil","Elei\u00e7\u00f5es 2022","Pol\u00edtica"],"inLanguage":"pt-BR","potentialAction":[{"@type":"CommentAction","name":"Comment","target":["https:\/\/aconteceunovale.com.br\/portal\/?p=189463#respond"]}]},{"@type":"WebPage","@id":"https:\/\/aconteceunovale.com.br\/portal\/?p=189463","url":"https:\/\/aconteceunovale.com.br\/portal\/?p=189463","name":"Partido Liberal oficializa Jair Bolsonaro como candidato \u00e0 reelei\u00e7\u00e3o - Aconteceu no Vale","isPartOf":{"@id":"https:\/\/aconteceunovale.com.br\/portal\/#website"},"primaryImageOfPage":{"@id":"https:\/\/aconteceunovale.com.br\/portal\/?p=189463#primaryimage"},"image":{"@id":"https:\/\/aconteceunovale.com.br\/portal\/?p=189463#primaryimage"},"thumbnailUrl":"https:\/\/aconteceunovale.com.br\/portal\/wp-content\/uploads\/2022\/07\/bolsonaro_candidato.jpg","datePublished":"2022-07-24T21:29:57+00:00","dateModified":"2022-07-24T21:31:18+00:00","author":{"@id":"https:\/\/aconteceunovale.com.br\/portal\/#\/schema\/person\/7d2f26d1483f8a63de73da1ee0754d35"},"breadcrumb":{"@id":"https:\/\/aconteceunovale.com.br\/portal\/?p=189463#breadcrumb"},"inLanguage":"pt-BR","potentialAction":[{"@type":"ReadAction","target":["https:\/\/aconteceunovale.com.br\/portal\/?p=189463"]}]},{"@type":"ImageObject","inLanguage":"pt-BR","@id":"https:\/\/aconteceunovale.com.br\/portal\/?p=189463#primaryimage","url":"https:\/\/aconteceunovale.com.br\/portal\/wp-content\/uploads\/2022\/07\/bolsonaro_candidato.jpg","contentUrl":"https:\/\/aconteceunovale.com.br\/portal\/wp-content\/uploads\/2022\/07\/bolsonaro_candidato.jpg","width":678,"height":406,"caption":"O presidente Jair Bolsonaro fala durante a conven\u00e7\u00e3o nacional do Partido Liberal (PL), no est\u00e1dio do Maracan\u00e3zinho, no Rio de Janeiro"},{"@type":"BreadcrumbList","@id":"https:\/\/aconteceunovale.com.br\/portal\/?p=189463#breadcrumb","itemListElement":[{"@type":"ListItem","position":1,"name":"In\u00edcio","item":"https:\/\/aconteceunovale.com.br\/portal\/"},{"@type":"ListItem","position":2,"name":"Partido Liberal oficializa Jair Bolsonaro como candidato \u00e0 reelei\u00e7\u00e3o"}]},{"@type":"WebSite","@id":"https:\/\/aconteceunovale.com.br\/portal\/#website","url":"https:\/\/aconteceunovale.com.br\/portal\/","name":"Aconteceu no Vale","description":"Portal de Not\u00edcias","potentialAction":[{"@type":"SearchAction","target":{"@type":"EntryPoint","urlTemplate":"https:\/\/aconteceunovale.com.br\/portal\/?s={search_term_string}"},"query-input":{"@type":"PropertyValueSpecification","valueRequired":true,"valueName":"search_term_string"}}],"inLanguage":"pt-BR"},{"@type":"Person","@id":"https:\/\/aconteceunovale.com.br\/portal\/#\/schema\/person\/7d2f26d1483f8a63de73da1ee0754d35","name":"Reda\u00e7\u00e3o Aconteceu no Vale","description":"Equipe de reportagem do Aconteceu no Vale, portal de not\u00edcias do Vale do Jequitinhonha, em Minas Gerais. Cobrimos as 51 cidades do Vale desde 2013. Sugest\u00f5es de pauta e pedidos de corre\u00e7\u00e3o: contato@aconteceunovale.com.br","url":"https:\/\/aconteceunovale.com.br\/portal\/?author=4"}]}},"_links":{"self":[{"href":"https:\/\/aconteceunovale.com.br\/portal\/index.php?rest_route=\/wp\/v2\/posts\/189463","targetHints":{"allow":["GET"]}}],"collection":[{"href":"https:\/\/aconteceunovale.com.br\/portal\/index.php?rest_route=\/wp\/v2\/posts"}],"about":[{"href":"https:\/\/aconteceunovale.com.br\/portal\/index.php?rest_route=\/wp\/v2\/types\/post"}],"author":[{"embeddable":true,"href":"https:\/\/aconteceunovale.com.br\/portal\/index.php?rest_route=\/wp\/v2\/users\/4"}],"replies":[{"embeddable":true,"href":"https:\/\/aconteceunovale.com.br\/portal\/index.php?rest_route=%2Fwp%2Fv2%2Fcomments&post=189463"}],"version-history":[{"count":1,"href":"https:\/\/aconteceunovale.com.br\/portal\/index.php?rest_route=\/wp\/v2\/posts\/189463\/revisions"}],"predecessor-version":[{"id":189465,"href":"https:\/\/aconteceunovale.com.br\/portal\/index.php?rest_route=\/wp\/v2\/posts\/189463\/revisions\/189465"}],"wp:featuredmedia":[{"embeddable":true,"href":"https:\/\/aconteceunovale.com.br\/portal\/index.php?rest_route=\/wp\/v2\/media\/189464"}],"wp:attachment":[{"href":"https:\/\/aconteceunovale.com.br\/portal\/index.php?rest_route=%2Fwp%2Fv2%2Fmedia&parent=189463"}],"wp:term":[{"taxonomy":"category","embeddable":true,"href":"https:\/\/aconteceunovale.com.br\/portal\/index.php?rest_route=%2Fwp%2Fv2%2Fcategories&post=189463"},{"taxonomy":"post_tag","embeddable":true,"href":"https:\/\/aconteceunovale.com.br\/portal\/index.php?rest_route=%2Fwp%2Fv2%2Ftags&post=189463"}],"curies":[{"name":"wp","href":"https:\/\/api.w.org\/{rel}","templated":true}]}}