{"id":189460,"date":"2022-07-24T18:26:47","date_gmt":"2022-07-24T21:26:47","guid":{"rendered":"https:\/\/aconteceunovale.com.br\/portal\/?p=189460"},"modified":"2022-07-24T18:31:27","modified_gmt":"2022-07-24T21:31:27","slug":"uniao-popular-lanca-candidatura-de-leonardo-pericles-a-presidencia-do-brasil","status":"publish","type":"post","link":"https:\/\/aconteceunovale.com.br\/portal\/?p=189460","title":{"rendered":"Uni\u00e3o Popular lan\u00e7a candidatura de Leonardo P\u00e9ricles \u00e0 Presid\u00eancia do Brasil"},"content":{"rendered":"\n<p class=\"wp-block-paragraph\">O Uni\u00e3o Popular\u00a0oficializou neste domingo (24) o\u00a0nome de\u00a0Leonardo P\u00e9ricles\u00a0para a Presid\u00eancia da Rep\u00fablica. Tamb\u00e9m foi formalizada a participa\u00e7\u00e3o\u00a0da dentista\u00a0Samara Martins como vice-presidente, na chapa que concorrer\u00e1 a uma vaga no Planalto neste ano.<\/p>\n\n\n\n<figure class=\"wp-block-gallery has-nested-images columns-default is-cropped wp-block-gallery-1 is-layout-flex wp-block-gallery-is-layout-flex\">\n<figure class=\"wp-block-image size-large\"><img loading=\"lazy\" decoding=\"async\" width=\"678\" height=\"406\" data-id=\"189461\" src=\"https:\/\/aconteceunovale.com.br\/portal\/wp-content\/uploads\/2022\/07\/leonardo_uniao_popular.jpg\" alt=\"\" class=\"wp-image-189461\" srcset=\"https:\/\/aconteceunovale.com.br\/portal\/wp-content\/uploads\/2022\/07\/leonardo_uniao_popular.jpg 678w, https:\/\/aconteceunovale.com.br\/portal\/wp-content\/uploads\/2022\/07\/leonardo_uniao_popular-300x180.jpg 300w\" sizes=\"auto, (max-width: 678px) 100vw, 678px\" \/><figcaption><em><sub>Foto: Divulga\u00e7\u00e3o \/ Uni\u00e3o Popular<\/sub><\/em><\/figcaption><\/figure>\n<\/figure>\n\n\n\n<p class=\"wp-block-paragraph\">Durante a conven\u00e7\u00e3o partid\u00e1ria, que ocorreu em Natal, P\u00e9ricles defendeu a forma\u00e7\u00e3o de uma grande frente popular para atuar no processo eleitoral. &#8220;A pol\u00edtica central vai ser feita pelo povo&#8221;, disse, em seu discurso. &#8220;Como defensores das liberdades democr\u00e1ticas, convocamos o povo a dar in\u00edcio a uma nova jornada de atividades na rua&#8221;, completou.<\/p>\n\n\n\n<p class=\"wp-block-paragraph\">Durante a fala, P\u00e9ricles destacou a import\u00e2ncia de todos os brasileiros poderem escolher democraticamente quem vai presidir o pa\u00eds ao longo dos pr\u00f3ximos quatro anos.&nbsp;<\/p>\n\n\n\n<h2 class=\"wp-block-heading\">Perfil<\/h2>\n\n\n\n<p class=\"wp-block-paragraph\">Leonardo P\u00e9ricles&nbsp;\u00e9 o \u00fanico homem negro&nbsp;na disputa presidencial. Natural&nbsp;de Belo Horizonte, ele \u00e9&nbsp;t\u00e9cnico em eletr\u00f4nica e mec\u00e2nico de manuten\u00e7\u00e3o de m\u00e1quinas.&nbsp;O&nbsp;presidenci\u00e1vel&nbsp;come\u00e7ou a se aproximar da pol\u00edtica em movimentos estudantis no in\u00edcio dos anos 2000&nbsp;. Anos depois, passou a integrar o Movimento de Luta nos Bairros, Vilas e Favelas (MLB). Em 2008, disputou uma vaga na C\u00e2mara Municipal de Belo Horizonte,&nbsp;mas&nbsp;n\u00e3o se elegeu.&nbsp;J\u00e1 pelo Uni\u00e3o Popular nas \u00faltimas elei\u00e7\u00f5es&nbsp;municipais, em 2020, concorreu como candidato a vice-prefeito de Belo Horizonte (MG), na chapa de \u00c1urea Carolina (PSOL). Eles ficaram em quarto lugar, com 103.115 votos.<\/p>\n\n\n\n<p class=\"wp-block-paragraph\">Samara Martins \u00e9 natural de Belo Horizonte e\u00a0dentista do Sistema \u00danico de Sa\u00fade (SUS). Moradora da periferia de Natal, Samara \u00e9 vice-presidente\u00a0nacional da Unidade Popular pelo Socialismo e militante do Movimento de Luta nos Bairros, Vilas e Favelas e do Movimento de \u00a0Mulheres Olga Benario. Come\u00e7ou sua milit\u00e2ncia no movimento secundarista e foi diretora de mulheres da Uni\u00e3o Nacional dos Estudantes (UNE). Nas elei\u00e7\u00f5es de 2020, foi candidata \u00e0 vereadora em Natal.<\/p>\n\n\n\n<p class=\"wp-block-paragraph\">&#8212;&#8212;&#8212;&#8212;&#8212;&#8212;<br><br><strong>Sabia que o Aconteceu no Vale est\u00e1 tamb\u00e9m no Telegram? <a rel=\"noreferrer noopener\" href=\"https:\/\/t.me\/aconteceunovaleoficial\" target=\"_blank\">Inscreva-se no canal<\/a>.<\/strong><br><br><strong>J\u00e1 curtiu ou seguiu nossas p\u00e1ginas nas redes sociais?\u00a0Receba as not\u00edcias em primeira m\u00e3o:<\/strong><br>\u2022 <a rel=\"noreferrer noopener\" href=\"https:\/\/news.google.com\/publications\/CAAqBwgKMNjklQswi4etAw?hl=pt-BR&amp;gl=BR&amp;ceid=BR%3Apt-419\" target=\"_blank\">Google News<\/a><br>\u2022 <a rel=\"noreferrer noopener\" href=\"https:\/\/www.facebook.com\/aconteceunovale\/\" target=\"_blank\">Facebook<\/a><br>\u2022 <a rel=\"noreferrer noopener\" href=\"https:\/\/twitter.com\/noticiadosvales\" target=\"_blank\">Twitter<\/a><br>\u2022 <a rel=\"noreferrer noopener\" href=\"https:\/\/www.instagram.com\/aconteceunovale\" target=\"_blank\">Instagram<\/a><br>\u2022 <a rel=\"noreferrer noopener\" href=\"https:\/\/www.youtube.com\/AconteceunoValeOficial\" target=\"_blank\">Youtube<\/a><br>\u2022 <a rel=\"noreferrer noopener\" href=\"https:\/\/www.tiktok.com\/@aconteceunovale\" target=\"_blank\">TikTok<\/a><\/p>\n","protected":false},"excerpt":{"rendered":"<p>O Uni\u00e3o Popular\u00a0oficializou neste domingo (24) o\u00a0nome de\u00a0Leonardo P\u00e9ricles\u00a0para a Presid\u00eancia da Rep\u00fablica. Tamb\u00e9m foi formalizada a participa\u00e7\u00e3o\u00a0da dentista\u00a0Samara Martins como vice-presidente, na chapa que concorrer\u00e1 a uma vaga no Planalto neste ano. Durante a conven\u00e7\u00e3o partid\u00e1ria, que ocorreu em Natal, P\u00e9ricles defendeu a forma\u00e7\u00e3o de uma grande frente popular para atuar no processo eleitoral. [&hellip;]<\/p>\n","protected":false},"author":4,"featured_media":189461,"comment_status":"open","ping_status":"closed","sticky":false,"template":"","format":"standard","meta":{"amp_status":"","footnotes":""},"categories":[6,249933,40240],"tags":[194,1017,261676,1018,261631,252238,261682,261677,131,1154,261679,28590,261680,261678,261675],"class_list":["post-189460","post","type-post","status-publish","format-standard","has-post-thumbnail","hentry","category-br","category-eleicoes-2022","category-politica","tag-belo-horizonte","tag-bh","tag-candidatos-a-presidencia-do-brasil","tag-destaque","tag-disputa-pela-presidencia-do-brasil","tag-eleicoes-2022","tag-eleicoes-presidenciais-2022","tag-leonardo-pericles","tag-minas-gerais","tag-natal","tag-partido-uniao-popular","tag-presidencia-do-brasil","tag-samara-martins","tag-uniao-popular","tag-uniao-popular-lanca-candidatura-de-leonardo-pericles-a-presidencia-do-brasil"],"yoast_head":"<!-- This site is optimized with the Yoast SEO plugin v28.3 - https:\/\/yoast.com\/product\/yoast-seo-wordpress\/ -->\n<title>Uni\u00e3o Popular lan\u00e7a candidatura de Leonardo P\u00e9ricles \u00e0 Presid\u00eancia do Brasil - Aconteceu no Vale<\/title>\n<meta name=\"robots\" content=\"index, follow, max-snippet:-1, max-image-preview:large, max-video-preview:-1\" \/>\n<link rel=\"canonical\" href=\"https:\/\/aconteceunovale.com.br\/portal\/?p=189460\" \/>\n<meta property=\"og:locale\" content=\"pt_BR\" \/>\n<meta property=\"og:type\" content=\"article\" \/>\n<meta property=\"og:title\" content=\"Uni\u00e3o Popular lan\u00e7a candidatura de Leonardo P\u00e9ricles \u00e0 Presid\u00eancia do Brasil - Aconteceu no Vale\" \/>\n<meta property=\"og:description\" content=\"O Uni\u00e3o Popular\u00a0oficializou neste domingo (24) o\u00a0nome de\u00a0Leonardo P\u00e9ricles\u00a0para a Presid\u00eancia da Rep\u00fablica. Tamb\u00e9m foi formalizada a participa\u00e7\u00e3o\u00a0da dentista\u00a0Samara Martins como vice-presidente, na chapa que concorrer\u00e1 a uma vaga no Planalto neste ano. Durante a conven\u00e7\u00e3o partid\u00e1ria, que ocorreu em Natal, P\u00e9ricles defendeu a forma\u00e7\u00e3o de uma grande frente popular para atuar no processo eleitoral. [&hellip;]\" \/>\n<meta property=\"og:url\" content=\"https:\/\/aconteceunovale.com.br\/portal\/?p=189460\" \/>\n<meta property=\"og:site_name\" content=\"Aconteceu no Vale\" \/>\n<meta property=\"article:publisher\" content=\"https:\/\/www.facebook.com\/aconteceunovale\/\" \/>\n<meta property=\"article:published_time\" content=\"2022-07-24T21:26:47+00:00\" \/>\n<meta property=\"article:modified_time\" content=\"2022-07-24T21:31:27+00:00\" \/>\n<meta property=\"og:image\" content=\"https:\/\/aconteceunovale.com.br\/portal\/wp-content\/uploads\/2022\/07\/leonardo_uniao_popular.jpg\" \/>\n\t<meta property=\"og:image:width\" content=\"678\" \/>\n\t<meta property=\"og:image:height\" content=\"406\" \/>\n\t<meta property=\"og:image:type\" content=\"image\/jpeg\" \/>\n<meta name=\"author\" content=\"Reda\u00e7\u00e3o Aconteceu no Vale\" \/>\n<meta name=\"twitter:card\" content=\"summary_large_image\" \/>\n<meta name=\"twitter:creator\" content=\"@noticiadosvales\" \/>\n<meta name=\"twitter:site\" content=\"@noticiadosvales\" \/>\n<meta name=\"twitter:label1\" content=\"Escrito por\" \/>\n\t<meta name=\"twitter:data1\" content=\"Reda\u00e7\u00e3o Aconteceu no Vale\" \/>\n\t<meta name=\"twitter:label2\" content=\"Est. tempo de leitura\" \/>\n\t<meta name=\"twitter:data2\" content=\"2 minutos\" \/>\n<script type=\"application\/ld+json\" class=\"yoast-schema-graph\">{\"@context\":\"https:\\\/\\\/schema.org\",\"@graph\":[{\"@type\":\"Article\",\"@id\":\"https:\\\/\\\/aconteceunovale.com.br\\\/portal\\\/?p=189460#article\",\"isPartOf\":{\"@id\":\"https:\\\/\\\/aconteceunovale.com.br\\\/portal\\\/?p=189460\"},\"author\":{\"name\":\"Reda\u00e7\u00e3o Aconteceu no Vale\",\"@id\":\"https:\\\/\\\/aconteceunovale.com.br\\\/portal\\\/#\\\/schema\\\/person\\\/7d2f26d1483f8a63de73da1ee0754d35\"},\"headline\":\"Uni\u00e3o Popular lan\u00e7a candidatura de Leonardo P\u00e9ricles \u00e0 Presid\u00eancia do Brasil\",\"datePublished\":\"2022-07-24T21:26:47+00:00\",\"dateModified\":\"2022-07-24T21:31:27+00:00\",\"mainEntityOfPage\":{\"@id\":\"https:\\\/\\\/aconteceunovale.com.br\\\/portal\\\/?p=189460\"},\"wordCount\":395,\"commentCount\":0,\"image\":{\"@id\":\"https:\\\/\\\/aconteceunovale.com.br\\\/portal\\\/?p=189460#primaryimage\"},\"thumbnailUrl\":\"https:\\\/\\\/aconteceunovale.com.br\\\/portal\\\/wp-content\\\/uploads\\\/2022\\\/07\\\/leonardo_uniao_popular.jpg\",\"keywords\":[\"Belo Horizonte\",\"bh\",\"Candidatos \u00e0 Presid\u00eancia do Brasil\",\"destaque\",\"Disputa pela Presid\u00eancia do Brasil\",\"Elei\u00e7\u00f5es 2022\",\"Elei\u00e7\u00f5es Presidenciais 2022\",\"Leonardo P\u00e9ricles\",\"Minas Gerais\",\"natal\",\"Partido Uni\u00e3o Popular\",\"Presid\u00eancia do Brasil\",\"Samara Martins\",\"Uni\u00e3o Popular\",\"Uni\u00e3o Popular lan\u00e7a candidatura de Leonardo P\u00e9ricles \u00e0 Presid\u00eancia do Brasil\"],\"articleSection\":[\"Brasil\",\"Elei\u00e7\u00f5es 2022\",\"Pol\u00edtica\"],\"inLanguage\":\"pt-BR\",\"potentialAction\":[{\"@type\":\"CommentAction\",\"name\":\"Comment\",\"target\":[\"https:\\\/\\\/aconteceunovale.com.br\\\/portal\\\/?p=189460#respond\"]}]},{\"@type\":\"WebPage\",\"@id\":\"https:\\\/\\\/aconteceunovale.com.br\\\/portal\\\/?p=189460\",\"url\":\"https:\\\/\\\/aconteceunovale.com.br\\\/portal\\\/?p=189460\",\"name\":\"Uni\u00e3o Popular lan\u00e7a candidatura de Leonardo P\u00e9ricles \u00e0 Presid\u00eancia do Brasil - Aconteceu no Vale\",\"isPartOf\":{\"@id\":\"https:\\\/\\\/aconteceunovale.com.br\\\/portal\\\/#website\"},\"primaryImageOfPage\":{\"@id\":\"https:\\\/\\\/aconteceunovale.com.br\\\/portal\\\/?p=189460#primaryimage\"},\"image\":{\"@id\":\"https:\\\/\\\/aconteceunovale.com.br\\\/portal\\\/?p=189460#primaryimage\"},\"thumbnailUrl\":\"https:\\\/\\\/aconteceunovale.com.br\\\/portal\\\/wp-content\\\/uploads\\\/2022\\\/07\\\/leonardo_uniao_popular.jpg\",\"datePublished\":\"2022-07-24T21:26:47+00:00\",\"dateModified\":\"2022-07-24T21:31:27+00:00\",\"author\":{\"@id\":\"https:\\\/\\\/aconteceunovale.com.br\\\/portal\\\/#\\\/schema\\\/person\\\/7d2f26d1483f8a63de73da1ee0754d35\"},\"breadcrumb\":{\"@id\":\"https:\\\/\\\/aconteceunovale.com.br\\\/portal\\\/?p=189460#breadcrumb\"},\"inLanguage\":\"pt-BR\",\"potentialAction\":[{\"@type\":\"ReadAction\",\"target\":[\"https:\\\/\\\/aconteceunovale.com.br\\\/portal\\\/?p=189460\"]}]},{\"@type\":\"ImageObject\",\"inLanguage\":\"pt-BR\",\"@id\":\"https:\\\/\\\/aconteceunovale.com.br\\\/portal\\\/?p=189460#primaryimage\",\"url\":\"https:\\\/\\\/aconteceunovale.com.br\\\/portal\\\/wp-content\\\/uploads\\\/2022\\\/07\\\/leonardo_uniao_popular.jpg\",\"contentUrl\":\"https:\\\/\\\/aconteceunovale.com.br\\\/portal\\\/wp-content\\\/uploads\\\/2022\\\/07\\\/leonardo_uniao_popular.jpg\",\"width\":678,\"height\":406},{\"@type\":\"BreadcrumbList\",\"@id\":\"https:\\\/\\\/aconteceunovale.com.br\\\/portal\\\/?p=189460#breadcrumb\",\"itemListElement\":[{\"@type\":\"ListItem\",\"position\":1,\"name\":\"In\u00edcio\",\"item\":\"https:\\\/\\\/aconteceunovale.com.br\\\/portal\\\/\"},{\"@type\":\"ListItem\",\"position\":2,\"name\":\"Uni\u00e3o Popular lan\u00e7a candidatura de Leonardo P\u00e9ricles \u00e0 Presid\u00eancia do Brasil\"}]},{\"@type\":\"WebSite\",\"@id\":\"https:\\\/\\\/aconteceunovale.com.br\\\/portal\\\/#website\",\"url\":\"https:\\\/\\\/aconteceunovale.com.br\\\/portal\\\/\",\"name\":\"Aconteceu no Vale\",\"description\":\"Portal de Not\u00edcias\",\"potentialAction\":[{\"@type\":\"SearchAction\",\"target\":{\"@type\":\"EntryPoint\",\"urlTemplate\":\"https:\\\/\\\/aconteceunovale.com.br\\\/portal\\\/?s={search_term_string}\"},\"query-input\":{\"@type\":\"PropertyValueSpecification\",\"valueRequired\":true,\"valueName\":\"search_term_string\"}}],\"inLanguage\":\"pt-BR\"},{\"@type\":\"Person\",\"@id\":\"https:\\\/\\\/aconteceunovale.com.br\\\/portal\\\/#\\\/schema\\\/person\\\/7d2f26d1483f8a63de73da1ee0754d35\",\"name\":\"Reda\u00e7\u00e3o Aconteceu no Vale\",\"description\":\"Equipe de reportagem do Aconteceu no Vale, portal de not\u00edcias do Vale do Jequitinhonha, em Minas Gerais. Cobrimos as 51 cidades do Vale desde 2013. Sugest\u00f5es de pauta e pedidos de corre\u00e7\u00e3o: contato@aconteceunovale.com.br\",\"url\":\"https:\\\/\\\/aconteceunovale.com.br\\\/portal\\\/?author=4\"}]}<\/script>\n<!-- \/ Yoast SEO plugin. -->","yoast_head_json":{"title":"Uni\u00e3o Popular lan\u00e7a candidatura de Leonardo P\u00e9ricles \u00e0 Presid\u00eancia do Brasil - Aconteceu no Vale","robots":{"index":"index","follow":"follow","max-snippet":"max-snippet:-1","max-image-preview":"max-image-preview:large","max-video-preview":"max-video-preview:-1"},"canonical":"https:\/\/aconteceunovale.com.br\/portal\/?p=189460","og_locale":"pt_BR","og_type":"article","og_title":"Uni\u00e3o Popular lan\u00e7a candidatura de Leonardo P\u00e9ricles \u00e0 Presid\u00eancia do Brasil - Aconteceu no Vale","og_description":"O Uni\u00e3o Popular\u00a0oficializou neste domingo (24) o\u00a0nome de\u00a0Leonardo P\u00e9ricles\u00a0para a Presid\u00eancia da Rep\u00fablica. Tamb\u00e9m foi formalizada a participa\u00e7\u00e3o\u00a0da dentista\u00a0Samara Martins como vice-presidente, na chapa que concorrer\u00e1 a uma vaga no Planalto neste ano. Durante a conven\u00e7\u00e3o partid\u00e1ria, que ocorreu em Natal, P\u00e9ricles defendeu a forma\u00e7\u00e3o de uma grande frente popular para atuar no processo eleitoral. [&hellip;]","og_url":"https:\/\/aconteceunovale.com.br\/portal\/?p=189460","og_site_name":"Aconteceu no Vale","article_publisher":"https:\/\/www.facebook.com\/aconteceunovale\/","article_published_time":"2022-07-24T21:26:47+00:00","article_modified_time":"2022-07-24T21:31:27+00:00","og_image":[{"width":678,"height":406,"url":"https:\/\/aconteceunovale.com.br\/portal\/wp-content\/uploads\/2022\/07\/leonardo_uniao_popular.jpg","type":"image\/jpeg"}],"author":"Reda\u00e7\u00e3o Aconteceu no Vale","twitter_card":"summary_large_image","twitter_creator":"@noticiadosvales","twitter_site":"@noticiadosvales","twitter_misc":{"Escrito por":"Reda\u00e7\u00e3o Aconteceu no Vale","Est. tempo de leitura":"2 minutos"},"schema":{"@context":"https:\/\/schema.org","@graph":[{"@type":"Article","@id":"https:\/\/aconteceunovale.com.br\/portal\/?p=189460#article","isPartOf":{"@id":"https:\/\/aconteceunovale.com.br\/portal\/?p=189460"},"author":{"name":"Reda\u00e7\u00e3o Aconteceu no Vale","@id":"https:\/\/aconteceunovale.com.br\/portal\/#\/schema\/person\/7d2f26d1483f8a63de73da1ee0754d35"},"headline":"Uni\u00e3o Popular lan\u00e7a candidatura de Leonardo P\u00e9ricles \u00e0 Presid\u00eancia do Brasil","datePublished":"2022-07-24T21:26:47+00:00","dateModified":"2022-07-24T21:31:27+00:00","mainEntityOfPage":{"@id":"https:\/\/aconteceunovale.com.br\/portal\/?p=189460"},"wordCount":395,"commentCount":0,"image":{"@id":"https:\/\/aconteceunovale.com.br\/portal\/?p=189460#primaryimage"},"thumbnailUrl":"https:\/\/aconteceunovale.com.br\/portal\/wp-content\/uploads\/2022\/07\/leonardo_uniao_popular.jpg","keywords":["Belo Horizonte","bh","Candidatos \u00e0 Presid\u00eancia do Brasil","destaque","Disputa pela Presid\u00eancia do Brasil","Elei\u00e7\u00f5es 2022","Elei\u00e7\u00f5es Presidenciais 2022","Leonardo P\u00e9ricles","Minas Gerais","natal","Partido Uni\u00e3o Popular","Presid\u00eancia do Brasil","Samara Martins","Uni\u00e3o Popular","Uni\u00e3o Popular lan\u00e7a candidatura de Leonardo P\u00e9ricles \u00e0 Presid\u00eancia do Brasil"],"articleSection":["Brasil","Elei\u00e7\u00f5es 2022","Pol\u00edtica"],"inLanguage":"pt-BR","potentialAction":[{"@type":"CommentAction","name":"Comment","target":["https:\/\/aconteceunovale.com.br\/portal\/?p=189460#respond"]}]},{"@type":"WebPage","@id":"https:\/\/aconteceunovale.com.br\/portal\/?p=189460","url":"https:\/\/aconteceunovale.com.br\/portal\/?p=189460","name":"Uni\u00e3o Popular lan\u00e7a candidatura de Leonardo P\u00e9ricles \u00e0 Presid\u00eancia do Brasil - Aconteceu no Vale","isPartOf":{"@id":"https:\/\/aconteceunovale.com.br\/portal\/#website"},"primaryImageOfPage":{"@id":"https:\/\/aconteceunovale.com.br\/portal\/?p=189460#primaryimage"},"image":{"@id":"https:\/\/aconteceunovale.com.br\/portal\/?p=189460#primaryimage"},"thumbnailUrl":"https:\/\/aconteceunovale.com.br\/portal\/wp-content\/uploads\/2022\/07\/leonardo_uniao_popular.jpg","datePublished":"2022-07-24T21:26:47+00:00","dateModified":"2022-07-24T21:31:27+00:00","author":{"@id":"https:\/\/aconteceunovale.com.br\/portal\/#\/schema\/person\/7d2f26d1483f8a63de73da1ee0754d35"},"breadcrumb":{"@id":"https:\/\/aconteceunovale.com.br\/portal\/?p=189460#breadcrumb"},"inLanguage":"pt-BR","potentialAction":[{"@type":"ReadAction","target":["https:\/\/aconteceunovale.com.br\/portal\/?p=189460"]}]},{"@type":"ImageObject","inLanguage":"pt-BR","@id":"https:\/\/aconteceunovale.com.br\/portal\/?p=189460#primaryimage","url":"https:\/\/aconteceunovale.com.br\/portal\/wp-content\/uploads\/2022\/07\/leonardo_uniao_popular.jpg","contentUrl":"https:\/\/aconteceunovale.com.br\/portal\/wp-content\/uploads\/2022\/07\/leonardo_uniao_popular.jpg","width":678,"height":406},{"@type":"BreadcrumbList","@id":"https:\/\/aconteceunovale.com.br\/portal\/?p=189460#breadcrumb","itemListElement":[{"@type":"ListItem","position":1,"name":"In\u00edcio","item":"https:\/\/aconteceunovale.com.br\/portal\/"},{"@type":"ListItem","position":2,"name":"Uni\u00e3o Popular lan\u00e7a candidatura de Leonardo P\u00e9ricles \u00e0 Presid\u00eancia do Brasil"}]},{"@type":"WebSite","@id":"https:\/\/aconteceunovale.com.br\/portal\/#website","url":"https:\/\/aconteceunovale.com.br\/portal\/","name":"Aconteceu no Vale","description":"Portal de Not\u00edcias","potentialAction":[{"@type":"SearchAction","target":{"@type":"EntryPoint","urlTemplate":"https:\/\/aconteceunovale.com.br\/portal\/?s={search_term_string}"},"query-input":{"@type":"PropertyValueSpecification","valueRequired":true,"valueName":"search_term_string"}}],"inLanguage":"pt-BR"},{"@type":"Person","@id":"https:\/\/aconteceunovale.com.br\/portal\/#\/schema\/person\/7d2f26d1483f8a63de73da1ee0754d35","name":"Reda\u00e7\u00e3o Aconteceu no Vale","description":"Equipe de reportagem do Aconteceu no Vale, portal de not\u00edcias do Vale do Jequitinhonha, em Minas Gerais. Cobrimos as 51 cidades do Vale desde 2013. Sugest\u00f5es de pauta e pedidos de corre\u00e7\u00e3o: contato@aconteceunovale.com.br","url":"https:\/\/aconteceunovale.com.br\/portal\/?author=4"}]}},"_links":{"self":[{"href":"https:\/\/aconteceunovale.com.br\/portal\/index.php?rest_route=\/wp\/v2\/posts\/189460","targetHints":{"allow":["GET"]}}],"collection":[{"href":"https:\/\/aconteceunovale.com.br\/portal\/index.php?rest_route=\/wp\/v2\/posts"}],"about":[{"href":"https:\/\/aconteceunovale.com.br\/portal\/index.php?rest_route=\/wp\/v2\/types\/post"}],"author":[{"embeddable":true,"href":"https:\/\/aconteceunovale.com.br\/portal\/index.php?rest_route=\/wp\/v2\/users\/4"}],"replies":[{"embeddable":true,"href":"https:\/\/aconteceunovale.com.br\/portal\/index.php?rest_route=%2Fwp%2Fv2%2Fcomments&post=189460"}],"version-history":[{"count":1,"href":"https:\/\/aconteceunovale.com.br\/portal\/index.php?rest_route=\/wp\/v2\/posts\/189460\/revisions"}],"predecessor-version":[{"id":189462,"href":"https:\/\/aconteceunovale.com.br\/portal\/index.php?rest_route=\/wp\/v2\/posts\/189460\/revisions\/189462"}],"wp:featuredmedia":[{"embeddable":true,"href":"https:\/\/aconteceunovale.com.br\/portal\/index.php?rest_route=\/wp\/v2\/media\/189461"}],"wp:attachment":[{"href":"https:\/\/aconteceunovale.com.br\/portal\/index.php?rest_route=%2Fwp%2Fv2%2Fmedia&parent=189460"}],"wp:term":[{"taxonomy":"category","embeddable":true,"href":"https:\/\/aconteceunovale.com.br\/portal\/index.php?rest_route=%2Fwp%2Fv2%2Fcategories&post=189460"},{"taxonomy":"post_tag","embeddable":true,"href":"https:\/\/aconteceunovale.com.br\/portal\/index.php?rest_route=%2Fwp%2Fv2%2Ftags&post=189460"}],"curies":[{"name":"wp","href":"https:\/\/api.w.org\/{rel}","templated":true}]}}