{"id":189450,"date":"2022-07-23T22:00:03","date_gmt":"2022-07-24T01:00:03","guid":{"rendered":"https:\/\/aconteceunovale.com.br\/portal\/?p=189450"},"modified":"2022-07-23T22:12:16","modified_gmt":"2022-07-24T01:12:16","slug":"onibus-que-seguia-para-o-norte-de-minas-tomba-na-br-365","status":"publish","type":"post","link":"https:\/\/aconteceunovale.com.br\/portal\/?p=189450","title":{"rendered":"\u00d4nibus que seguia para o Norte de Minas tomba na BR-365"},"content":{"rendered":"\n<p class=\"wp-block-paragraph\">Onze pessoas ficaram feridas em um tombamento de um \u00f4nibus na BR-365, em Buritizeiro, na madrugada de sexta-feira (22\/7). Segundo informa\u00e7\u00f5es do Corpo de Bombeiros de Pirapora, o ve\u00edculo seguia de Bras\u00edlia (DF) para Itacarambi, no Norte de Minas. Testemunhas contaram que o motorista perdeu o controle, invadiu a contram\u00e3o e o ve\u00edculo tombou fora da pista.<\/p>\n\n\n\n<figure class=\"wp-block-gallery has-nested-images columns-default is-cropped wp-block-gallery-1 is-layout-flex wp-block-gallery-is-layout-flex\">\n<figure class=\"wp-block-image size-large\"><img loading=\"lazy\" decoding=\"async\" width=\"678\" height=\"450\" data-id=\"189451\" src=\"https:\/\/aconteceunovale.com.br\/portal\/wp-content\/uploads\/2022\/07\/acidente_onibus_buritizeiro_1.png\" alt=\"\" class=\"wp-image-189451\" srcset=\"https:\/\/aconteceunovale.com.br\/portal\/wp-content\/uploads\/2022\/07\/acidente_onibus_buritizeiro_1.png 678w, https:\/\/aconteceunovale.com.br\/portal\/wp-content\/uploads\/2022\/07\/acidente_onibus_buritizeiro_1-300x199.png 300w, https:\/\/aconteceunovale.com.br\/portal\/wp-content\/uploads\/2022\/07\/acidente_onibus_buritizeiro_1-633x420.png 633w\" sizes=\"auto, (max-width: 678px) 100vw, 678px\" \/><figcaption><em><sub>Foto: Corpo de Bombeiros \/ Divulga\u00e7\u00e3o<\/sub><\/em><\/figcaption><\/figure>\n<\/figure>\n\n\n\n<p class=\"wp-block-paragraph\">As v\u00edtimas receberam atendimento dos bombeiros e do Samu e foram levadas para a Funda\u00e7\u00e3o Hospitalar Doutor Mois\u00e9s Magalh\u00e3es Freire, em Pirapora. O Samu informou que as v\u00edtimas socorridas pelo \u00f3rg\u00e3o s\u00e3o:<\/p>\n\n\n\n<ul class=\"wp-block-list\"><li>Um homem, de 42 anos, que apresentava escoria\u00e7\u00f5es nos membros superiores e dor intensa na regi\u00e3o do quadril;<\/li><li>Um homem, de 36, que estava com escoria\u00e7\u00f5es nos membros superiores e apresentava um ferimento na cabe\u00e7a;<\/li><li>Duas mulheres, de 42 e 48 anos, que queixavam de dores no lado esquerdo do corpo;<\/li><li>Uma mulher, de 27 anos, estava com escoria\u00e7\u00f5es pelo corpo e apresentava lombalgia.<\/li><\/ul>\n\n\n\n<p class=\"wp-block-paragraph\">Outras duas pessoas foram transportadas para o hospital pelos bombeiros e tr\u00eas foram socorridas por pessoas que passavam pelo local no momento do acidente; todas sofreram ferimentos leves. Os bombeiros informaram que havia 49 pessoas no ve\u00edculo, 47 passageiros, um motorista e o auxiliar. O condutor n\u00e3o ficou ferido e permaneceu no local aguardando a chegada da Pol\u00edcia Rodovi\u00e1ria Federal.<\/p>\n\n\n\n<p class=\"wp-block-paragraph\">&#8220;Outro \u00f4nibus da mesma empresa que passava pelo local transportou o restante dos passageiros n\u00e3o feridos, seguindo viagem&#8221;, informou a corpora\u00e7\u00e3o por meio de nota.<\/p>\n\n\n\n<p class=\"wp-block-paragraph\">O acidente foi na altura do KM-236 por volta de 5h40 e a rodovia n\u00e3o ficou interditada.<\/p>\n\n\n\n<figure class=\"wp-block-gallery has-nested-images columns-default is-cropped wp-block-gallery-2 is-layout-flex wp-block-gallery-is-layout-flex\">\n<figure class=\"wp-block-image size-large\"><img loading=\"lazy\" decoding=\"async\" width=\"678\" height=\"419\" data-id=\"189452\" src=\"https:\/\/aconteceunovale.com.br\/portal\/wp-content\/uploads\/2022\/07\/acidente_onibus_buritizeiro_2.png\" alt=\"\" class=\"wp-image-189452\" srcset=\"https:\/\/aconteceunovale.com.br\/portal\/wp-content\/uploads\/2022\/07\/acidente_onibus_buritizeiro_2.png 678w, https:\/\/aconteceunovale.com.br\/portal\/wp-content\/uploads\/2022\/07\/acidente_onibus_buritizeiro_2-300x185.png 300w, https:\/\/aconteceunovale.com.br\/portal\/wp-content\/uploads\/2022\/07\/acidente_onibus_buritizeiro_2-356x220.png 356w\" sizes=\"auto, (max-width: 678px) 100vw, 678px\" \/><figcaption><em><sub>Foto: Corpo de Bombeiros \/ Divulga\u00e7\u00e3o<\/sub><\/em><\/figcaption><\/figure>\n<\/figure>\n\n\n\n<h1 class=\"wp-block-heading\">Outros acidentes na regi\u00e3o<\/h1>\n\n\n\n<h3 class=\"wp-block-heading\">Caminhonete capota na BR-251<\/h3>\n\n\n\n<p class=\"wp-block-paragraph\">Duas pessoas ficaram feridas em um acidente com uma caminhonete na BR-251, em Padre Carvalho, na noite de quinta-feira (21\/7). Segundo informa\u00e7\u00f5es do Samu, cinco homens estavam no ve\u00edculo que capotou na pista.<\/p>\n\n\n\n<figure class=\"wp-block-gallery has-nested-images columns-default is-cropped wp-block-gallery-3 is-layout-flex wp-block-gallery-is-layout-flex\">\n<figure class=\"wp-block-image size-large\"><img loading=\"lazy\" decoding=\"async\" width=\"678\" height=\"434\" data-id=\"189455\" src=\"https:\/\/aconteceunovale.com.br\/portal\/wp-content\/uploads\/2022\/07\/acidente_251.png\" alt=\"\" class=\"wp-image-189455\" srcset=\"https:\/\/aconteceunovale.com.br\/portal\/wp-content\/uploads\/2022\/07\/acidente_251.png 678w, https:\/\/aconteceunovale.com.br\/portal\/wp-content\/uploads\/2022\/07\/acidente_251-300x192.png 300w, https:\/\/aconteceunovale.com.br\/portal\/wp-content\/uploads\/2022\/07\/acidente_251-656x420.png 656w\" sizes=\"auto, (max-width: 678px) 100vw, 678px\" \/><figcaption><sub><em>Foto: Pol\u00edcia Rodovi\u00e1ria Federal\/Divulga\u00e7\u00e3o<\/em><\/sub><\/figcaption><\/figure>\n<\/figure>\n\n\n\n<p class=\"wp-block-paragraph\">As v\u00edtimas contaram aos socorristas do Samu que a caminhonete foi fechada por uma carreta na altura do KM-356. Ainda de acordo com o Samu, um idoso, de 66 anos, foi socorrido com fratura no membro superior esquerdo. A outra v\u00edtima, de 64 anos, teve uma corte na orelha e se queixa de dor no ombro. Eles foram levados para o hospital de Salinas. <\/p>\n\n\n\n<p class=\"wp-block-paragraph\">Os outros tr\u00eas ocupantes da caminhonete foram atendidos no local e recusaram transporte para o hospital.<\/p>\n\n\n\n<h3 class=\"wp-block-heading\">Acidente entre caminh\u00e3o e \u00f4nibus<\/h3>\n\n\n\n<p class=\"wp-block-paragraph\">Um acidente entre um caminh\u00e3o e um \u00f4nibus deixou uma mulher e uma crian\u00e7a feridas na MGC-367, em\u00a0Gouveia, na quinta-feira (21\/7).<\/p>\n\n\n\n<figure class=\"wp-block-gallery has-nested-images columns-default is-cropped wp-block-gallery-4 is-layout-flex wp-block-gallery-is-layout-flex\">\n<figure class=\"wp-block-image size-large\"><img loading=\"lazy\" decoding=\"async\" width=\"678\" height=\"381\" data-id=\"189456\" src=\"https:\/\/aconteceunovale.com.br\/portal\/wp-content\/uploads\/2022\/07\/acidente_gouveia.png\" alt=\"\" class=\"wp-image-189456\" srcset=\"https:\/\/aconteceunovale.com.br\/portal\/wp-content\/uploads\/2022\/07\/acidente_gouveia.png 678w, https:\/\/aconteceunovale.com.br\/portal\/wp-content\/uploads\/2022\/07\/acidente_gouveia-300x169.png 300w\" sizes=\"auto, (max-width: 678px) 100vw, 678px\" \/><figcaption><em><sub>Foto: Corpo de Bombeiros \/ Divulga\u00e7\u00e3o<\/sub><\/em><\/figcaption><\/figure>\n<\/figure>\n\n\n\n<p class=\"wp-block-paragraph\">Segundo o Corpo de Bombeiros, o \u00f4nibus bateu na traseira do caminh\u00e3o ba\u00fa no KM-478. O ve\u00edculo saiu de Belo Horizonte com 32 passageiros, mas estava com 28 no momento da colis\u00e3o. Ambos seguiam sentido a Curvelo.<\/p>\n\n\n\n<p class=\"wp-block-paragraph\">Conforme relatos, o caminh\u00e3o soltou uma fuma\u00e7a, que fez com que o motorista do \u00f4nibus tivesse a visibilidade comprometida. O caminhoneiro encostou no acostamento para ver do que se tratava e o do \u00f4nibus acabou batendo nele. O ba\u00fa foi parar em uma ribanceira, com aproximadamente dois metros.<\/p>\n\n\n\n<p class=\"wp-block-paragraph\">Quando os militares chegaram, as v\u00edtimas, que viajavam no \u00f4nibus, j\u00e1 haviam sido socorridas por ambul\u00e2ncia do munic\u00edpio de\u00a0Gouveia\u00a0para unidade hospitalar em Diamantina. Eles n\u00e3o conseguiram confirmar as idades e nem a gravidade dos ferimentos.<\/p>\n\n\n\n<p class=\"wp-block-paragraph\">A Pol\u00edcia Militar Rodovi\u00e1ria esteve no local para organizar o tr\u00e2nsito.<\/p>\n\n\n\n<h3 class=\"wp-block-heading\">Tombamento de carreta na BR-365<\/h3>\n\n\n\n<p class=\"wp-block-paragraph\">Um motorista, de 55 anos, ficou ferido em um acidente na BR-365, em Buritizeiro, na quinta-feira (21\/7). <\/p>\n\n\n\n<p class=\"wp-block-paragraph\">Segundo as primeiras informa\u00e7\u00f5es da Pol\u00edcia Rodovi\u00e1ria Federal, ele conduzia uma carreta carregada com produtos hospitalares que tombou na altura do KM-184.<\/p>\n\n\n\n<figure class=\"wp-block-gallery has-nested-images columns-default is-cropped wp-block-gallery-5 is-layout-flex wp-block-gallery-is-layout-flex\">\n<figure class=\"wp-block-image size-large\"><img loading=\"lazy\" decoding=\"async\" width=\"678\" height=\"431\" data-id=\"189457\" src=\"https:\/\/aconteceunovale.com.br\/portal\/wp-content\/uploads\/2022\/07\/acidente_365.png\" alt=\"\" class=\"wp-image-189457\" srcset=\"https:\/\/aconteceunovale.com.br\/portal\/wp-content\/uploads\/2022\/07\/acidente_365.png 678w, https:\/\/aconteceunovale.com.br\/portal\/wp-content\/uploads\/2022\/07\/acidente_365-300x191.png 300w, https:\/\/aconteceunovale.com.br\/portal\/wp-content\/uploads\/2022\/07\/acidente_365-661x420.png 661w\" sizes=\"auto, (max-width: 678px) 100vw, 678px\" \/><figcaption><sub><em>Foto: Pol\u00edcia Rodovi\u00e1ria Federal\/Divulga\u00e7\u00e3o<\/em><\/sub><\/figcaption><\/figure>\n<\/figure>\n\n\n\n<p class=\"wp-block-paragraph\">A v\u00edtima foi socorrida por terceiros em um carro e o ve\u00edculo foi interceptado pelo Samu no trajeto. Segundo a assessoria do \u00f3rg\u00e3o, o homem estava com escoria\u00e7\u00f5es e ferimentos na cabe\u00e7a e contou que ap\u00f3s o acidente, foi picado por abelhas.<\/p>\n\n\n\n<p class=\"wp-block-paragraph\">Os profissionais administraram medicamentos por conta das picadas e de acordo com o Samu, como ele se queixava de dores na cabe\u00e7a, a suspeita \u00e9 de que tenha sido picado nessa regi\u00e3o porque estava sem marcas pelo corpo. O homem foi levado para o hospital de\u00a0Pirapora\u00a0consciente e orientado.<\/p>\n\n\n\n<p class=\"wp-block-paragraph\">Ainda de acordo com a PRF, a carreta est\u00e1 ocupando parte de uma faixa da pista e at\u00e9 a publica\u00e7\u00e3o desta reportagem, o tr\u00e2nsito estava parcialmente interditado.<\/p>\n\n\n\n<p class=\"wp-block-paragraph\">&#8212;&#8212;&#8212;&#8212;&#8212;&#8212;<br><br><strong>Sabia que o Aconteceu no Vale est\u00e1 tamb\u00e9m no Telegram? <a rel=\"noreferrer noopener\" href=\"https:\/\/t.me\/aconteceunovaleoficial\" target=\"_blank\">Inscreva-se no canal<\/a>.<\/strong><br><br><strong>J\u00e1 curtiu ou seguiu nossas p\u00e1ginas nas redes sociais?\u00a0Receba as not\u00edcias em primeira m\u00e3o:<\/strong><br>\u2022 <a rel=\"noreferrer noopener\" href=\"https:\/\/news.google.com\/publications\/CAAqBwgKMNjklQswi4etAw?hl=pt-BR&amp;gl=BR&amp;ceid=BR%3Apt-419\" target=\"_blank\">Google News<\/a><br>\u2022 <a rel=\"noreferrer noopener\" href=\"https:\/\/www.facebook.com\/aconteceunovale\/\" target=\"_blank\">Facebook<\/a><br>\u2022 <a rel=\"noreferrer noopener\" href=\"https:\/\/twitter.com\/noticiadosvales\" target=\"_blank\">Twitter<\/a><br>\u2022 <a rel=\"noreferrer noopener\" href=\"https:\/\/www.instagram.com\/aconteceunovale\" target=\"_blank\">Instagram<\/a><br>\u2022 <a rel=\"noreferrer noopener\" href=\"https:\/\/www.youtube.com\/AconteceunoValeOficial\" target=\"_blank\">Youtube<\/a><br>\u2022 <a rel=\"noreferrer noopener\" href=\"https:\/\/www.tiktok.com\/@aconteceunovale\" target=\"_blank\">TikTok<\/a><\/p>\n","protected":false},"excerpt":{"rendered":"<p>Onze pessoas ficaram feridas em um tombamento de um \u00f4nibus na BR-365, em Buritizeiro, na madrugada de sexta-feira (22\/7). Segundo informa\u00e7\u00f5es do Corpo de Bombeiros de Pirapora, o ve\u00edculo seguia de Bras\u00edlia (DF) para Itacarambi, no Norte de Minas. Testemunhas contaram que o motorista perdeu o controle, invadiu a contram\u00e3o e o ve\u00edculo tombou fora [&hellip;]<\/p>\n","protected":false},"author":4,"featured_media":189451,"comment_status":"open","ping_status":"closed","sticky":false,"template":"","format":"standard","meta":{"amp_status":"","footnotes":""},"categories":[1236],"tags":[207971,48127,217292,53027,261674,206350,207970,31360,206349,207894,2016,197,1018,5107,2998,1705,145,261673,877,190],"class_list":["post-189450","post","type-post","status-publish","format-standard","has-post-thumbnail","hentry","category-norte_de_minas","tag-acidente-com-onibus-na-br-365-2","tag-acidente-em-buritizeiro","tag-acidente-em-gouveia","tag-acidente-em-padre-carvalho","tag-acidente-entre-caminhao-e-onibus-em-gouveia","tag-acidente-na-br-251-2","tag-acidente-na-br-365-2","tag-acidentes-no-norte-de-minas","tag-br-251-2","tag-br-365-2","tag-br-367","tag-curvelo","tag-destaque","tag-distrito-federal","tag-gouveia","tag-itacarambi","tag-norte-de-minas","tag-onibus-que-seguia-para-o-norte-de-minas-tomba-na-br-365","tag-padre-carvalho","tag-salinas"],"yoast_head":"<!-- This site is optimized with the Yoast SEO plugin v28.3 - https:\/\/yoast.com\/product\/yoast-seo-wordpress\/ -->\n<title>\u00d4nibus que seguia para o Norte de Minas tomba na BR-365 - Aconteceu no Vale<\/title>\n<meta name=\"robots\" content=\"index, follow, max-snippet:-1, max-image-preview:large, max-video-preview:-1\" \/>\n<link rel=\"canonical\" href=\"https:\/\/aconteceunovale.com.br\/portal\/?p=189450\" \/>\n<meta property=\"og:locale\" content=\"pt_BR\" \/>\n<meta property=\"og:type\" content=\"article\" \/>\n<meta property=\"og:title\" content=\"\u00d4nibus que seguia para o Norte de Minas tomba na BR-365 - Aconteceu no Vale\" \/>\n<meta property=\"og:description\" content=\"Onze pessoas ficaram feridas em um tombamento de um \u00f4nibus na BR-365, em Buritizeiro, na madrugada de sexta-feira (22\/7). Segundo informa\u00e7\u00f5es do Corpo de Bombeiros de Pirapora, o ve\u00edculo seguia de Bras\u00edlia (DF) para Itacarambi, no Norte de Minas. Testemunhas contaram que o motorista perdeu o controle, invadiu a contram\u00e3o e o ve\u00edculo tombou fora [&hellip;]\" \/>\n<meta property=\"og:url\" content=\"https:\/\/aconteceunovale.com.br\/portal\/?p=189450\" \/>\n<meta property=\"og:site_name\" content=\"Aconteceu no Vale\" \/>\n<meta property=\"article:publisher\" content=\"https:\/\/www.facebook.com\/aconteceunovale\/\" \/>\n<meta property=\"article:published_time\" content=\"2022-07-24T01:00:03+00:00\" \/>\n<meta property=\"article:modified_time\" content=\"2022-07-24T01:12:16+00:00\" \/>\n<meta property=\"og:image\" content=\"https:\/\/aconteceunovale.com.br\/portal\/wp-content\/uploads\/2022\/07\/acidente_onibus_buritizeiro_1.png\" \/>\n\t<meta property=\"og:image:width\" content=\"678\" \/>\n\t<meta property=\"og:image:height\" content=\"450\" \/>\n\t<meta property=\"og:image:type\" content=\"image\/png\" \/>\n<meta name=\"author\" content=\"Reda\u00e7\u00e3o Aconteceu no Vale\" \/>\n<meta name=\"twitter:card\" content=\"summary_large_image\" \/>\n<meta name=\"twitter:creator\" content=\"@noticiadosvales\" \/>\n<meta name=\"twitter:site\" content=\"@noticiadosvales\" \/>\n<meta name=\"twitter:label1\" content=\"Escrito por\" \/>\n\t<meta name=\"twitter:data1\" content=\"Reda\u00e7\u00e3o Aconteceu no Vale\" \/>\n\t<meta name=\"twitter:label2\" content=\"Est. tempo de leitura\" \/>\n\t<meta name=\"twitter:data2\" content=\"4 minutos\" \/>\n<script type=\"application\/ld+json\" class=\"yoast-schema-graph\">{\"@context\":\"https:\\\/\\\/schema.org\",\"@graph\":[{\"@type\":\"Article\",\"@id\":\"https:\\\/\\\/aconteceunovale.com.br\\\/portal\\\/?p=189450#article\",\"isPartOf\":{\"@id\":\"https:\\\/\\\/aconteceunovale.com.br\\\/portal\\\/?p=189450\"},\"author\":{\"name\":\"Reda\u00e7\u00e3o Aconteceu no Vale\",\"@id\":\"https:\\\/\\\/aconteceunovale.com.br\\\/portal\\\/#\\\/schema\\\/person\\\/7d2f26d1483f8a63de73da1ee0754d35\"},\"headline\":\"\u00d4nibus que seguia para o Norte de Minas tomba na BR-365\",\"datePublished\":\"2022-07-24T01:00:03+00:00\",\"dateModified\":\"2022-07-24T01:12:16+00:00\",\"mainEntityOfPage\":{\"@id\":\"https:\\\/\\\/aconteceunovale.com.br\\\/portal\\\/?p=189450\"},\"wordCount\":826,\"commentCount\":0,\"image\":{\"@id\":\"https:\\\/\\\/aconteceunovale.com.br\\\/portal\\\/?p=189450#primaryimage\"},\"thumbnailUrl\":\"https:\\\/\\\/aconteceunovale.com.br\\\/portal\\\/wp-content\\\/uploads\\\/2022\\\/07\\\/acidente_onibus_buritizeiro_1.png\",\"keywords\":[\"Acidente com \u00f4nibus na BR-365\",\"acidente em buritizeiro\",\"Acidente em Gouveia\",\"acidente em padre carvalho\",\"Acidente entre caminh\u00e3o e \u00f4nibus em Gouveia\",\"Acidente na BR-251\",\"Acidente na BR-365\",\"acidentes no norte de minas\",\"BR-251\",\"BR-365\",\"br-367\",\"Curvelo\",\"destaque\",\"Distrito Federal\",\"Gouveia\",\"Itacarambi\",\"Norte de Minas\",\"\u00d4nibus que seguia para o Norte de Minas tomba na BR-365\",\"padre carvalho\",\"Salinas\"],\"articleSection\":[\"Norte de Minas\"],\"inLanguage\":\"pt-BR\",\"potentialAction\":[{\"@type\":\"CommentAction\",\"name\":\"Comment\",\"target\":[\"https:\\\/\\\/aconteceunovale.com.br\\\/portal\\\/?p=189450#respond\"]}]},{\"@type\":\"WebPage\",\"@id\":\"https:\\\/\\\/aconteceunovale.com.br\\\/portal\\\/?p=189450\",\"url\":\"https:\\\/\\\/aconteceunovale.com.br\\\/portal\\\/?p=189450\",\"name\":\"\u00d4nibus que seguia para o Norte de Minas tomba na BR-365 - Aconteceu no Vale\",\"isPartOf\":{\"@id\":\"https:\\\/\\\/aconteceunovale.com.br\\\/portal\\\/#website\"},\"primaryImageOfPage\":{\"@id\":\"https:\\\/\\\/aconteceunovale.com.br\\\/portal\\\/?p=189450#primaryimage\"},\"image\":{\"@id\":\"https:\\\/\\\/aconteceunovale.com.br\\\/portal\\\/?p=189450#primaryimage\"},\"thumbnailUrl\":\"https:\\\/\\\/aconteceunovale.com.br\\\/portal\\\/wp-content\\\/uploads\\\/2022\\\/07\\\/acidente_onibus_buritizeiro_1.png\",\"datePublished\":\"2022-07-24T01:00:03+00:00\",\"dateModified\":\"2022-07-24T01:12:16+00:00\",\"author\":{\"@id\":\"https:\\\/\\\/aconteceunovale.com.br\\\/portal\\\/#\\\/schema\\\/person\\\/7d2f26d1483f8a63de73da1ee0754d35\"},\"breadcrumb\":{\"@id\":\"https:\\\/\\\/aconteceunovale.com.br\\\/portal\\\/?p=189450#breadcrumb\"},\"inLanguage\":\"pt-BR\",\"potentialAction\":[{\"@type\":\"ReadAction\",\"target\":[\"https:\\\/\\\/aconteceunovale.com.br\\\/portal\\\/?p=189450\"]}]},{\"@type\":\"ImageObject\",\"inLanguage\":\"pt-BR\",\"@id\":\"https:\\\/\\\/aconteceunovale.com.br\\\/portal\\\/?p=189450#primaryimage\",\"url\":\"https:\\\/\\\/aconteceunovale.com.br\\\/portal\\\/wp-content\\\/uploads\\\/2022\\\/07\\\/acidente_onibus_buritizeiro_1.png\",\"contentUrl\":\"https:\\\/\\\/aconteceunovale.com.br\\\/portal\\\/wp-content\\\/uploads\\\/2022\\\/07\\\/acidente_onibus_buritizeiro_1.png\",\"width\":678,\"height\":450},{\"@type\":\"BreadcrumbList\",\"@id\":\"https:\\\/\\\/aconteceunovale.com.br\\\/portal\\\/?p=189450#breadcrumb\",\"itemListElement\":[{\"@type\":\"ListItem\",\"position\":1,\"name\":\"In\u00edcio\",\"item\":\"https:\\\/\\\/aconteceunovale.com.br\\\/portal\\\/\"},{\"@type\":\"ListItem\",\"position\":2,\"name\":\"\u00d4nibus que seguia para o Norte de Minas tomba na BR-365\"}]},{\"@type\":\"WebSite\",\"@id\":\"https:\\\/\\\/aconteceunovale.com.br\\\/portal\\\/#website\",\"url\":\"https:\\\/\\\/aconteceunovale.com.br\\\/portal\\\/\",\"name\":\"Aconteceu no Vale\",\"description\":\"Portal de Not\u00edcias\",\"potentialAction\":[{\"@type\":\"SearchAction\",\"target\":{\"@type\":\"EntryPoint\",\"urlTemplate\":\"https:\\\/\\\/aconteceunovale.com.br\\\/portal\\\/?s={search_term_string}\"},\"query-input\":{\"@type\":\"PropertyValueSpecification\",\"valueRequired\":true,\"valueName\":\"search_term_string\"}}],\"inLanguage\":\"pt-BR\"},{\"@type\":\"Person\",\"@id\":\"https:\\\/\\\/aconteceunovale.com.br\\\/portal\\\/#\\\/schema\\\/person\\\/7d2f26d1483f8a63de73da1ee0754d35\",\"name\":\"Reda\u00e7\u00e3o Aconteceu no Vale\",\"description\":\"Equipe de reportagem do Aconteceu no Vale, portal de not\u00edcias do Vale do Jequitinhonha, em Minas Gerais. Cobrimos as 51 cidades do Vale desde 2013. Sugest\u00f5es de pauta e pedidos de corre\u00e7\u00e3o: contato@aconteceunovale.com.br\",\"url\":\"https:\\\/\\\/aconteceunovale.com.br\\\/portal\\\/?author=4\"}]}<\/script>\n<!-- \/ Yoast SEO plugin. -->","yoast_head_json":{"title":"\u00d4nibus que seguia para o Norte de Minas tomba na BR-365 - Aconteceu no Vale","robots":{"index":"index","follow":"follow","max-snippet":"max-snippet:-1","max-image-preview":"max-image-preview:large","max-video-preview":"max-video-preview:-1"},"canonical":"https:\/\/aconteceunovale.com.br\/portal\/?p=189450","og_locale":"pt_BR","og_type":"article","og_title":"\u00d4nibus que seguia para o Norte de Minas tomba na BR-365 - Aconteceu no Vale","og_description":"Onze pessoas ficaram feridas em um tombamento de um \u00f4nibus na BR-365, em Buritizeiro, na madrugada de sexta-feira (22\/7). Segundo informa\u00e7\u00f5es do Corpo de Bombeiros de Pirapora, o ve\u00edculo seguia de Bras\u00edlia (DF) para Itacarambi, no Norte de Minas. Testemunhas contaram que o motorista perdeu o controle, invadiu a contram\u00e3o e o ve\u00edculo tombou fora [&hellip;]","og_url":"https:\/\/aconteceunovale.com.br\/portal\/?p=189450","og_site_name":"Aconteceu no Vale","article_publisher":"https:\/\/www.facebook.com\/aconteceunovale\/","article_published_time":"2022-07-24T01:00:03+00:00","article_modified_time":"2022-07-24T01:12:16+00:00","og_image":[{"width":678,"height":450,"url":"https:\/\/aconteceunovale.com.br\/portal\/wp-content\/uploads\/2022\/07\/acidente_onibus_buritizeiro_1.png","type":"image\/png"}],"author":"Reda\u00e7\u00e3o Aconteceu no Vale","twitter_card":"summary_large_image","twitter_creator":"@noticiadosvales","twitter_site":"@noticiadosvales","twitter_misc":{"Escrito por":"Reda\u00e7\u00e3o Aconteceu no Vale","Est. tempo de leitura":"4 minutos"},"schema":{"@context":"https:\/\/schema.org","@graph":[{"@type":"Article","@id":"https:\/\/aconteceunovale.com.br\/portal\/?p=189450#article","isPartOf":{"@id":"https:\/\/aconteceunovale.com.br\/portal\/?p=189450"},"author":{"name":"Reda\u00e7\u00e3o Aconteceu no Vale","@id":"https:\/\/aconteceunovale.com.br\/portal\/#\/schema\/person\/7d2f26d1483f8a63de73da1ee0754d35"},"headline":"\u00d4nibus que seguia para o Norte de Minas tomba na BR-365","datePublished":"2022-07-24T01:00:03+00:00","dateModified":"2022-07-24T01:12:16+00:00","mainEntityOfPage":{"@id":"https:\/\/aconteceunovale.com.br\/portal\/?p=189450"},"wordCount":826,"commentCount":0,"image":{"@id":"https:\/\/aconteceunovale.com.br\/portal\/?p=189450#primaryimage"},"thumbnailUrl":"https:\/\/aconteceunovale.com.br\/portal\/wp-content\/uploads\/2022\/07\/acidente_onibus_buritizeiro_1.png","keywords":["Acidente com \u00f4nibus na BR-365","acidente em buritizeiro","Acidente em Gouveia","acidente em padre carvalho","Acidente entre caminh\u00e3o e \u00f4nibus em Gouveia","Acidente na BR-251","Acidente na BR-365","acidentes no norte de minas","BR-251","BR-365","br-367","Curvelo","destaque","Distrito Federal","Gouveia","Itacarambi","Norte de Minas","\u00d4nibus que seguia para o Norte de Minas tomba na BR-365","padre carvalho","Salinas"],"articleSection":["Norte de Minas"],"inLanguage":"pt-BR","potentialAction":[{"@type":"CommentAction","name":"Comment","target":["https:\/\/aconteceunovale.com.br\/portal\/?p=189450#respond"]}]},{"@type":"WebPage","@id":"https:\/\/aconteceunovale.com.br\/portal\/?p=189450","url":"https:\/\/aconteceunovale.com.br\/portal\/?p=189450","name":"\u00d4nibus que seguia para o Norte de Minas tomba na BR-365 - Aconteceu no Vale","isPartOf":{"@id":"https:\/\/aconteceunovale.com.br\/portal\/#website"},"primaryImageOfPage":{"@id":"https:\/\/aconteceunovale.com.br\/portal\/?p=189450#primaryimage"},"image":{"@id":"https:\/\/aconteceunovale.com.br\/portal\/?p=189450#primaryimage"},"thumbnailUrl":"https:\/\/aconteceunovale.com.br\/portal\/wp-content\/uploads\/2022\/07\/acidente_onibus_buritizeiro_1.png","datePublished":"2022-07-24T01:00:03+00:00","dateModified":"2022-07-24T01:12:16+00:00","author":{"@id":"https:\/\/aconteceunovale.com.br\/portal\/#\/schema\/person\/7d2f26d1483f8a63de73da1ee0754d35"},"breadcrumb":{"@id":"https:\/\/aconteceunovale.com.br\/portal\/?p=189450#breadcrumb"},"inLanguage":"pt-BR","potentialAction":[{"@type":"ReadAction","target":["https:\/\/aconteceunovale.com.br\/portal\/?p=189450"]}]},{"@type":"ImageObject","inLanguage":"pt-BR","@id":"https:\/\/aconteceunovale.com.br\/portal\/?p=189450#primaryimage","url":"https:\/\/aconteceunovale.com.br\/portal\/wp-content\/uploads\/2022\/07\/acidente_onibus_buritizeiro_1.png","contentUrl":"https:\/\/aconteceunovale.com.br\/portal\/wp-content\/uploads\/2022\/07\/acidente_onibus_buritizeiro_1.png","width":678,"height":450},{"@type":"BreadcrumbList","@id":"https:\/\/aconteceunovale.com.br\/portal\/?p=189450#breadcrumb","itemListElement":[{"@type":"ListItem","position":1,"name":"In\u00edcio","item":"https:\/\/aconteceunovale.com.br\/portal\/"},{"@type":"ListItem","position":2,"name":"\u00d4nibus que seguia para o Norte de Minas tomba na BR-365"}]},{"@type":"WebSite","@id":"https:\/\/aconteceunovale.com.br\/portal\/#website","url":"https:\/\/aconteceunovale.com.br\/portal\/","name":"Aconteceu no Vale","description":"Portal de Not\u00edcias","potentialAction":[{"@type":"SearchAction","target":{"@type":"EntryPoint","urlTemplate":"https:\/\/aconteceunovale.com.br\/portal\/?s={search_term_string}"},"query-input":{"@type":"PropertyValueSpecification","valueRequired":true,"valueName":"search_term_string"}}],"inLanguage":"pt-BR"},{"@type":"Person","@id":"https:\/\/aconteceunovale.com.br\/portal\/#\/schema\/person\/7d2f26d1483f8a63de73da1ee0754d35","name":"Reda\u00e7\u00e3o Aconteceu no Vale","description":"Equipe de reportagem do Aconteceu no Vale, portal de not\u00edcias do Vale do Jequitinhonha, em Minas Gerais. Cobrimos as 51 cidades do Vale desde 2013. Sugest\u00f5es de pauta e pedidos de corre\u00e7\u00e3o: contato@aconteceunovale.com.br","url":"https:\/\/aconteceunovale.com.br\/portal\/?author=4"}]}},"_links":{"self":[{"href":"https:\/\/aconteceunovale.com.br\/portal\/index.php?rest_route=\/wp\/v2\/posts\/189450","targetHints":{"allow":["GET"]}}],"collection":[{"href":"https:\/\/aconteceunovale.com.br\/portal\/index.php?rest_route=\/wp\/v2\/posts"}],"about":[{"href":"https:\/\/aconteceunovale.com.br\/portal\/index.php?rest_route=\/wp\/v2\/types\/post"}],"author":[{"embeddable":true,"href":"https:\/\/aconteceunovale.com.br\/portal\/index.php?rest_route=\/wp\/v2\/users\/4"}],"replies":[{"embeddable":true,"href":"https:\/\/aconteceunovale.com.br\/portal\/index.php?rest_route=%2Fwp%2Fv2%2Fcomments&post=189450"}],"version-history":[{"count":2,"href":"https:\/\/aconteceunovale.com.br\/portal\/index.php?rest_route=\/wp\/v2\/posts\/189450\/revisions"}],"predecessor-version":[{"id":189458,"href":"https:\/\/aconteceunovale.com.br\/portal\/index.php?rest_route=\/wp\/v2\/posts\/189450\/revisions\/189458"}],"wp:featuredmedia":[{"embeddable":true,"href":"https:\/\/aconteceunovale.com.br\/portal\/index.php?rest_route=\/wp\/v2\/media\/189451"}],"wp:attachment":[{"href":"https:\/\/aconteceunovale.com.br\/portal\/index.php?rest_route=%2Fwp%2Fv2%2Fmedia&parent=189450"}],"wp:term":[{"taxonomy":"category","embeddable":true,"href":"https:\/\/aconteceunovale.com.br\/portal\/index.php?rest_route=%2Fwp%2Fv2%2Fcategories&post=189450"},{"taxonomy":"post_tag","embeddable":true,"href":"https:\/\/aconteceunovale.com.br\/portal\/index.php?rest_route=%2Fwp%2Fv2%2Ftags&post=189450"}],"curies":[{"name":"wp","href":"https:\/\/api.w.org\/{rel}","templated":true}]}}