{"id":18942,"date":"2014-01-20T18:43:44","date_gmt":"2014-01-20T20:43:44","guid":{"rendered":"http:\/\/aconteceunovale.com.br\/portal\/?p=18942"},"modified":"2014-01-20T20:05:56","modified_gmt":"2014-01-20T22:05:56","slug":"galeria-de-fotos-confira-os-melhores-do-fest-folia-de-sao-joao-evangelista","status":"publish","type":"post","link":"https:\/\/aconteceunovale.com.br\/portal\/?p=18942","title":{"rendered":"GALERIA DE FOTOS: Fest Folia de S\u00e3o Jo\u00e3o Evangelista"},"content":{"rendered":"<p>Aconteceu na noite de s\u00e1bado (18\/01), em S\u00e3o Jo\u00e3o Evangelista\/MG, o Fest Folia 2014. O evento que teve como atra\u00e7\u00f5es a Banda Batuka\u00ea, DJ L\u00e9o e DJ Maxmiler contou com a presen\u00e7a de grande p\u00fablico.<\/p>\n<p>Nosso parceiro V&amp;P Eventos registrou os melhores momentos, <a href=\"http:\/\/vepeventos.com.br\/ver_fotos.php?id=57\" target=\"_blank\"><strong>CLIQUE AQUI PARA CONFERIR<\/strong><\/a>.<\/p>\n<p><a href=\"http:\/\/vepeventos.com.br\/ver_fotos.php?id=57\" target=\"_blank\"><img decoding=\"async\" alt=\"\" src=\"http:\/\/aconteceunovale.com.br\/portal\/wp-content\/uploads\/2014\/01\/capa_fest_folia_2014.jpg\" \/><\/a><br \/>\n<em>(Clique na imagem acima para abrir a galeria de fotos)<\/em><\/p>\n","protected":false},"excerpt":{"rendered":"<p>Aconteceu na noite de s\u00e1bado (18\/01), em S\u00e3o Jo\u00e3o Evangelista\/MG, o Fest Folia 2014. O evento que teve como atra\u00e7\u00f5es a Banda Batuka\u00ea, DJ L\u00e9o e DJ Maxmiler contou com a presen\u00e7a de grande p\u00fablico. Nosso parceiro V&amp;P Eventos registrou os melhores momentos, CLIQUE AQUI PARA CONFERIR. (Clique na imagem acima para abrir a galeria [&hellip;]<\/p>\n","protected":false},"author":1,"featured_media":18943,"comment_status":"open","ping_status":"closed","sticky":false,"template":"","format":"standard","meta":{"amp_status":"","footnotes":""},"categories":[125],"tags":[3251,1330,3249,3250,162],"class_list":["post-18942","post","type-post","status-publish","format-standard","has-post-thumbnail","hentry","category-noticias","tag-confira-os-melhores-do-fest-folia-de-sao-joao-evangelista","tag-fest-folia-2014","tag-fotos-do-fest-folia-de-sao-joao-evangelista","tag-galeria-de-fotos-fest-folia-2014","tag-sao-joao-evangelista"],"_links":{"self":[{"href":"https:\/\/aconteceunovale.com.br\/portal\/index.php?rest_route=\/wp\/v2\/posts\/18942","targetHints":{"allow":["GET"]}}],"collection":[{"href":"https:\/\/aconteceunovale.com.br\/portal\/index.php?rest_route=\/wp\/v2\/posts"}],"about":[{"href":"https:\/\/aconteceunovale.com.br\/portal\/index.php?rest_route=\/wp\/v2\/types\/post"}],"author":[{"embeddable":true,"href":"https:\/\/aconteceunovale.com.br\/portal\/index.php?rest_route=\/wp\/v2\/users\/1"}],"replies":[{"embeddable":true,"href":"https:\/\/aconteceunovale.com.br\/portal\/index.php?rest_route=%2Fwp%2Fv2%2Fcomments&post=18942"}],"version-history":[{"count":0,"href":"https:\/\/aconteceunovale.com.br\/portal\/index.php?rest_route=\/wp\/v2\/posts\/18942\/revisions"}],"wp:featuredmedia":[{"embeddable":true,"href":"https:\/\/aconteceunovale.com.br\/portal\/index.php?rest_route=\/wp\/v2\/media\/18943"}],"wp:attachment":[{"href":"https:\/\/aconteceunovale.com.br\/portal\/index.php?rest_route=%2Fwp%2Fv2%2Fmedia&parent=18942"}],"wp:term":[{"taxonomy":"category","embeddable":true,"href":"https:\/\/aconteceunovale.com.br\/portal\/index.php?rest_route=%2Fwp%2Fv2%2Fcategories&post=18942"},{"taxonomy":"post_tag","embeddable":true,"href":"https:\/\/aconteceunovale.com.br\/portal\/index.php?rest_route=%2Fwp%2Fv2%2Ftags&post=18942"}],"curies":[{"name":"wp","href":"https:\/\/api.w.org\/{rel}","templated":true}]}}