{"id":189417,"date":"2022-07-23T20:12:21","date_gmt":"2022-07-23T23:12:21","guid":{"rendered":"https:\/\/aconteceunovale.com.br\/portal\/?p=189417"},"modified":"2022-07-23T20:41:53","modified_gmt":"2022-07-23T23:41:53","slug":"dois-adolescentes-sao-detidos-durante-operacao-policial-em-governador-valadares","status":"publish","type":"post","link":"https:\/\/aconteceunovale.com.br\/portal\/?p=189417","title":{"rendered":"Dois adolescentes s\u00e3o detidos durante opera\u00e7\u00e3o policial em Governador Valadares"},"content":{"rendered":"\n<p class=\"wp-block-paragraph\">Dois adolescentes, de 16 e 17 anos, foram detidos suspeitos de envolvimento com o tr\u00e1fico de drogas em Governador Valadares (MG). A Pol\u00edcia Militar de Minas Gerais (PMMG) apreendeu maconha e ecstasy.<\/p>\n\n\n\n<figure class=\"wp-block-gallery has-nested-images columns-default is-cropped wp-block-gallery-1 is-layout-flex wp-block-gallery-is-layout-flex\">\n<figure class=\"wp-block-image size-large\"><img loading=\"lazy\" decoding=\"async\" width=\"678\" height=\"439\" data-id=\"189418\" src=\"https:\/\/aconteceunovale.com.br\/portal\/wp-content\/uploads\/2022\/07\/trafico_gv.png\" alt=\"\" class=\"wp-image-189418\" srcset=\"https:\/\/aconteceunovale.com.br\/portal\/wp-content\/uploads\/2022\/07\/trafico_gv.png 678w, https:\/\/aconteceunovale.com.br\/portal\/wp-content\/uploads\/2022\/07\/trafico_gv-300x194.png 300w, https:\/\/aconteceunovale.com.br\/portal\/wp-content\/uploads\/2022\/07\/trafico_gv-649x420.png 649w\" sizes=\"auto, (max-width: 678px) 100vw, 678px\" \/><figcaption><em><sub>Foto: Divulga\u00e7\u00e3o \/ PMMG<\/sub><\/em><\/figcaption><\/figure>\n<\/figure>\n\n\n\n<p class=\"wp-block-paragraph\">Os menores foram abordados no bairro Santa Terezinha durante uma opera\u00e7\u00e3o desencadeada ap\u00f3s den\u00fancias an\u00f4nimas sobre o tr\u00e1fico de drogas no local. No momento da abordagem, segundo a PMMG, eles estavam com uma bucha de maconha e materiais usados para cortar e embalar drogas.<\/p>\n\n\n\n<p class=\"wp-block-paragraph\">Em seguida, de acordo com a ocorr\u00eancia, os militares fizeram buscas nas casas dos dois adolescentes e encontraram mais 12 inv\u00f3lucros e quatro barras de maconha, quatro comprimidos de ecstasy, r\u00e1dio comunicador, al\u00e9m de R$ 1.500 e dois documentos de identidade com ind\u00edcios de falsifica\u00e7\u00e3o.<\/p>\n\n\n\n<p class=\"wp-block-paragraph\">Os adolescentes foram conduzidos \u00e0 Delegacia da Pol\u00edcia Civil acompanhados pelos respectivos respons\u00e1veis.<\/p>\n\n\n\n<h2 class=\"wp-block-heading\">C\u00e3o farejador encontra drogas e quatro s\u00e3o detidos<\/h2>\n\n\n\n<p class=\"wp-block-paragraph\">Tr\u00eas jovens foram presos e um adolescente detido por tr\u00e1fico de drogas, em\u00a0Governador Valadares, na noite de quinta-feira (21\/7). A Pol\u00edcia Militar fazia patrulhamento no bairro Primavera quando recebeu informa\u00e7\u00f5es sobre suspeitos que estariam vendendo drogas na regi\u00e3o.<\/p>\n\n\n\n<figure class=\"wp-block-gallery has-nested-images columns-default is-cropped wp-block-gallery-2 is-layout-flex wp-block-gallery-is-layout-flex\">\n<figure class=\"wp-block-image size-large\"><img loading=\"lazy\" decoding=\"async\" width=\"615\" height=\"450\" data-id=\"189430\" src=\"https:\/\/aconteceunovale.com.br\/portal\/wp-content\/uploads\/2022\/07\/cao_pm_gv.png\" alt=\"\" class=\"wp-image-189430\" srcset=\"https:\/\/aconteceunovale.com.br\/portal\/wp-content\/uploads\/2022\/07\/cao_pm_gv.png 615w, https:\/\/aconteceunovale.com.br\/portal\/wp-content\/uploads\/2022\/07\/cao_pm_gv-300x220.png 300w, https:\/\/aconteceunovale.com.br\/portal\/wp-content\/uploads\/2022\/07\/cao_pm_gv-80x60.png 80w, https:\/\/aconteceunovale.com.br\/portal\/wp-content\/uploads\/2022\/07\/cao_pm_gv-574x420.png 574w\" sizes=\"auto, (max-width: 615px) 100vw, 615px\" \/><figcaption><em><sub>Foto: Divulga\u00e7\u00e3o \/ PMMG<\/sub><\/em><\/figcaption><\/figure>\n<\/figure>\n\n\n\n<p class=\"wp-block-paragraph\">A den\u00fancia informava ainda o local onde a droga estaria escondida, em um pasto no fim da rua Margarida.<\/p>\n\n\n\n<p class=\"wp-block-paragraph\">Ao chegar nas proximidades, os suspeitos foram detidos. A PM acionou a Ronda Ostensiva com C\u00e3es (Rocca) e, com o apoio do c\u00e3o farejador Apollo, as drogas foram localizadas.<\/p>\n\n\n\n<p class=\"wp-block-paragraph\">Ao todo, foram apreendidas 81 buchas e por\u00e7\u00f5es pequenas de maconha, al\u00e9m de uma muda da planta que produz a droga e uma balan\u00e7a de precis\u00e3o.<\/p>\n\n\n\n<p class=\"wp-block-paragraph\">De acordo com a PM, todos os envolvidos j\u00e1 possuem passagens relacionadas ao tr\u00e1fico de drogas.<\/p>\n\n\n\n<p class=\"wp-block-paragraph\">Os detidos e os materiais apreendidos foram encaminhados para a Delegacia de Plant\u00e3o da Pol\u00edcia Civil.<\/p>\n\n\n\n<p class=\"wp-block-paragraph\">&#8212;&#8212;&#8212;&#8212;&#8212;&#8212;<br><br><strong>Sabia que o Aconteceu no Vale est\u00e1 tamb\u00e9m no Telegram? <a rel=\"noreferrer noopener\" href=\"https:\/\/t.me\/aconteceunovaleoficial\" target=\"_blank\">Inscreva-se no canal<\/a>.<\/strong><br><br><strong>J\u00e1 curtiu ou seguiu nossas p\u00e1ginas nas redes sociais?&nbsp;Receba as not\u00edcias em primeira m\u00e3o:<\/strong><br>\u2022 <a rel=\"noreferrer noopener\" href=\"https:\/\/news.google.com\/publications\/CAAqBwgKMNjklQswi4etAw?hl=pt-BR&amp;gl=BR&amp;ceid=BR%3Apt-419\" target=\"_blank\">Google News<\/a><br>\u2022 <a rel=\"noreferrer noopener\" href=\"https:\/\/www.facebook.com\/aconteceunovale\/\" target=\"_blank\">Facebook<\/a><br>\u2022 <a rel=\"noreferrer noopener\" href=\"https:\/\/twitter.com\/noticiadosvales\" target=\"_blank\">Twitter<\/a><br>\u2022 <a rel=\"noreferrer noopener\" href=\"https:\/\/www.instagram.com\/aconteceunovale\" target=\"_blank\">Instagram<\/a><br>\u2022 <a rel=\"noreferrer noopener\" href=\"https:\/\/www.youtube.com\/AconteceunoValeOficial\" target=\"_blank\">Youtube<\/a><br>\u2022 <a rel=\"noreferrer noopener\" href=\"https:\/\/www.tiktok.com\/@aconteceunovale\" target=\"_blank\">TikTok<\/a><\/p>\n","protected":false},"excerpt":{"rendered":"<p>Dois adolescentes, de 16 e 17 anos, foram detidos suspeitos de envolvimento com o tr\u00e1fico de drogas em Governador Valadares (MG). A Pol\u00edcia Militar de Minas Gerais (PMMG) apreendeu maconha e ecstasy. Os menores foram abordados no bairro Santa Terezinha durante uma opera\u00e7\u00e3o desencadeada ap\u00f3s den\u00fancias an\u00f4nimas sobre o tr\u00e1fico de drogas no local. No [&hellip;]<\/p>\n","protected":false},"author":4,"featured_media":189418,"comment_status":"open","ping_status":"closed","sticky":false,"template":"","format":"standard","meta":{"amp_status":"","footnotes":""},"categories":[121],"tags":[1018,261639,247,157121,62423,152700],"class_list":["post-189417","post","type-post","status-publish","format-standard","has-post-thumbnail","hentry","category-leste","tag-destaque","tag-dois-adolescentes-sao-detidos-durante-operacao-policial-em-governador-valadares","tag-governador-valadares","tag-operacao-contra-o-trafico-em-governador-valadares","tag-presos-por-trafico-em-governador-valadares","tag-prisao-de-traficantes-em-governador-valadares"],"yoast_head":"<!-- This site is optimized with the Yoast SEO plugin v28.3 - https:\/\/yoast.com\/product\/yoast-seo-wordpress\/ -->\n<title>Dois adolescentes s\u00e3o detidos durante opera\u00e7\u00e3o policial em Governador Valadares - Aconteceu no Vale<\/title>\n<meta name=\"robots\" content=\"index, follow, max-snippet:-1, max-image-preview:large, max-video-preview:-1\" \/>\n<link rel=\"canonical\" href=\"https:\/\/aconteceunovale.com.br\/portal\/?p=189417\" \/>\n<meta property=\"og:locale\" content=\"pt_BR\" \/>\n<meta property=\"og:type\" content=\"article\" \/>\n<meta property=\"og:title\" content=\"Dois adolescentes s\u00e3o detidos durante opera\u00e7\u00e3o policial em Governador Valadares - Aconteceu no Vale\" \/>\n<meta property=\"og:description\" content=\"Dois adolescentes, de 16 e 17 anos, foram detidos suspeitos de envolvimento com o tr\u00e1fico de drogas em Governador Valadares (MG). A Pol\u00edcia Militar de Minas Gerais (PMMG) apreendeu maconha e ecstasy. Os menores foram abordados no bairro Santa Terezinha durante uma opera\u00e7\u00e3o desencadeada ap\u00f3s den\u00fancias an\u00f4nimas sobre o tr\u00e1fico de drogas no local. No [&hellip;]\" \/>\n<meta property=\"og:url\" content=\"https:\/\/aconteceunovale.com.br\/portal\/?p=189417\" \/>\n<meta property=\"og:site_name\" content=\"Aconteceu no Vale\" \/>\n<meta property=\"article:publisher\" content=\"https:\/\/www.facebook.com\/aconteceunovale\/\" \/>\n<meta property=\"article:published_time\" content=\"2022-07-23T23:12:21+00:00\" \/>\n<meta property=\"article:modified_time\" content=\"2022-07-23T23:41:53+00:00\" \/>\n<meta property=\"og:image\" content=\"https:\/\/aconteceunovale.com.br\/portal\/wp-content\/uploads\/2022\/07\/trafico_gv.png\" \/>\n\t<meta property=\"og:image:width\" content=\"678\" \/>\n\t<meta property=\"og:image:height\" content=\"439\" \/>\n\t<meta property=\"og:image:type\" content=\"image\/png\" \/>\n<meta name=\"author\" content=\"Reda\u00e7\u00e3o Aconteceu no Vale\" \/>\n<meta name=\"twitter:card\" content=\"summary_large_image\" \/>\n<meta name=\"twitter:creator\" content=\"@noticiadosvales\" \/>\n<meta name=\"twitter:site\" content=\"@noticiadosvales\" \/>\n<meta name=\"twitter:label1\" content=\"Escrito por\" \/>\n\t<meta name=\"twitter:data1\" content=\"Reda\u00e7\u00e3o Aconteceu no Vale\" \/>\n\t<meta name=\"twitter:label2\" content=\"Est. tempo de leitura\" \/>\n\t<meta name=\"twitter:data2\" content=\"2 minutos\" \/>\n<script type=\"application\/ld+json\" class=\"yoast-schema-graph\">{\"@context\":\"https:\\\/\\\/schema.org\",\"@graph\":[{\"@type\":\"Article\",\"@id\":\"https:\\\/\\\/aconteceunovale.com.br\\\/portal\\\/?p=189417#article\",\"isPartOf\":{\"@id\":\"https:\\\/\\\/aconteceunovale.com.br\\\/portal\\\/?p=189417\"},\"author\":{\"name\":\"Reda\u00e7\u00e3o Aconteceu no Vale\",\"@id\":\"https:\\\/\\\/aconteceunovale.com.br\\\/portal\\\/#\\\/schema\\\/person\\\/7d2f26d1483f8a63de73da1ee0754d35\"},\"headline\":\"Dois adolescentes s\u00e3o detidos durante opera\u00e7\u00e3o policial em Governador Valadares\",\"datePublished\":\"2022-07-23T23:12:21+00:00\",\"dateModified\":\"2022-07-23T23:41:53+00:00\",\"mainEntityOfPage\":{\"@id\":\"https:\\\/\\\/aconteceunovale.com.br\\\/portal\\\/?p=189417\"},\"wordCount\":373,\"commentCount\":0,\"image\":{\"@id\":\"https:\\\/\\\/aconteceunovale.com.br\\\/portal\\\/?p=189417#primaryimage\"},\"thumbnailUrl\":\"https:\\\/\\\/aconteceunovale.com.br\\\/portal\\\/wp-content\\\/uploads\\\/2022\\\/07\\\/trafico_gv.png\",\"keywords\":[\"destaque\",\"Dois adolescentes s\u00e3o detidos durante opera\u00e7\u00e3o policial em Governador Valadares\",\"Governador Valadares\",\"Opera\u00e7\u00e3o contra o tr\u00e1fico em Governador Valadares\",\"presos por tr\u00e1fico em Governador Valadares\",\"Pris\u00e3o de traficantes em Governador Valadares\"],\"articleSection\":[\"Leste de Minas\"],\"inLanguage\":\"pt-BR\",\"potentialAction\":[{\"@type\":\"CommentAction\",\"name\":\"Comment\",\"target\":[\"https:\\\/\\\/aconteceunovale.com.br\\\/portal\\\/?p=189417#respond\"]}]},{\"@type\":\"WebPage\",\"@id\":\"https:\\\/\\\/aconteceunovale.com.br\\\/portal\\\/?p=189417\",\"url\":\"https:\\\/\\\/aconteceunovale.com.br\\\/portal\\\/?p=189417\",\"name\":\"Dois adolescentes s\u00e3o detidos durante opera\u00e7\u00e3o policial em Governador Valadares - Aconteceu no Vale\",\"isPartOf\":{\"@id\":\"https:\\\/\\\/aconteceunovale.com.br\\\/portal\\\/#website\"},\"primaryImageOfPage\":{\"@id\":\"https:\\\/\\\/aconteceunovale.com.br\\\/portal\\\/?p=189417#primaryimage\"},\"image\":{\"@id\":\"https:\\\/\\\/aconteceunovale.com.br\\\/portal\\\/?p=189417#primaryimage\"},\"thumbnailUrl\":\"https:\\\/\\\/aconteceunovale.com.br\\\/portal\\\/wp-content\\\/uploads\\\/2022\\\/07\\\/trafico_gv.png\",\"datePublished\":\"2022-07-23T23:12:21+00:00\",\"dateModified\":\"2022-07-23T23:41:53+00:00\",\"author\":{\"@id\":\"https:\\\/\\\/aconteceunovale.com.br\\\/portal\\\/#\\\/schema\\\/person\\\/7d2f26d1483f8a63de73da1ee0754d35\"},\"breadcrumb\":{\"@id\":\"https:\\\/\\\/aconteceunovale.com.br\\\/portal\\\/?p=189417#breadcrumb\"},\"inLanguage\":\"pt-BR\",\"potentialAction\":[{\"@type\":\"ReadAction\",\"target\":[\"https:\\\/\\\/aconteceunovale.com.br\\\/portal\\\/?p=189417\"]}]},{\"@type\":\"ImageObject\",\"inLanguage\":\"pt-BR\",\"@id\":\"https:\\\/\\\/aconteceunovale.com.br\\\/portal\\\/?p=189417#primaryimage\",\"url\":\"https:\\\/\\\/aconteceunovale.com.br\\\/portal\\\/wp-content\\\/uploads\\\/2022\\\/07\\\/trafico_gv.png\",\"contentUrl\":\"https:\\\/\\\/aconteceunovale.com.br\\\/portal\\\/wp-content\\\/uploads\\\/2022\\\/07\\\/trafico_gv.png\",\"width\":678,\"height\":439},{\"@type\":\"BreadcrumbList\",\"@id\":\"https:\\\/\\\/aconteceunovale.com.br\\\/portal\\\/?p=189417#breadcrumb\",\"itemListElement\":[{\"@type\":\"ListItem\",\"position\":1,\"name\":\"In\u00edcio\",\"item\":\"https:\\\/\\\/aconteceunovale.com.br\\\/portal\\\/\"},{\"@type\":\"ListItem\",\"position\":2,\"name\":\"Dois adolescentes s\u00e3o detidos durante opera\u00e7\u00e3o policial em Governador Valadares\"}]},{\"@type\":\"WebSite\",\"@id\":\"https:\\\/\\\/aconteceunovale.com.br\\\/portal\\\/#website\",\"url\":\"https:\\\/\\\/aconteceunovale.com.br\\\/portal\\\/\",\"name\":\"Aconteceu no Vale\",\"description\":\"Portal de Not\u00edcias\",\"potentialAction\":[{\"@type\":\"SearchAction\",\"target\":{\"@type\":\"EntryPoint\",\"urlTemplate\":\"https:\\\/\\\/aconteceunovale.com.br\\\/portal\\\/?s={search_term_string}\"},\"query-input\":{\"@type\":\"PropertyValueSpecification\",\"valueRequired\":true,\"valueName\":\"search_term_string\"}}],\"inLanguage\":\"pt-BR\"},{\"@type\":\"Person\",\"@id\":\"https:\\\/\\\/aconteceunovale.com.br\\\/portal\\\/#\\\/schema\\\/person\\\/7d2f26d1483f8a63de73da1ee0754d35\",\"name\":\"Reda\u00e7\u00e3o Aconteceu no Vale\",\"description\":\"Equipe de reportagem do Aconteceu no Vale, portal de not\u00edcias do Vale do Jequitinhonha, em Minas Gerais. Cobrimos as 51 cidades do Vale desde 2013. Sugest\u00f5es de pauta e pedidos de corre\u00e7\u00e3o: contato@aconteceunovale.com.br\",\"url\":\"https:\\\/\\\/aconteceunovale.com.br\\\/portal\\\/?author=4\"}]}<\/script>\n<!-- \/ Yoast SEO plugin. -->","yoast_head_json":{"title":"Dois adolescentes s\u00e3o detidos durante opera\u00e7\u00e3o policial em Governador Valadares - Aconteceu no Vale","robots":{"index":"index","follow":"follow","max-snippet":"max-snippet:-1","max-image-preview":"max-image-preview:large","max-video-preview":"max-video-preview:-1"},"canonical":"https:\/\/aconteceunovale.com.br\/portal\/?p=189417","og_locale":"pt_BR","og_type":"article","og_title":"Dois adolescentes s\u00e3o detidos durante opera\u00e7\u00e3o policial em Governador Valadares - Aconteceu no Vale","og_description":"Dois adolescentes, de 16 e 17 anos, foram detidos suspeitos de envolvimento com o tr\u00e1fico de drogas em Governador Valadares (MG). A Pol\u00edcia Militar de Minas Gerais (PMMG) apreendeu maconha e ecstasy. Os menores foram abordados no bairro Santa Terezinha durante uma opera\u00e7\u00e3o desencadeada ap\u00f3s den\u00fancias an\u00f4nimas sobre o tr\u00e1fico de drogas no local. No [&hellip;]","og_url":"https:\/\/aconteceunovale.com.br\/portal\/?p=189417","og_site_name":"Aconteceu no Vale","article_publisher":"https:\/\/www.facebook.com\/aconteceunovale\/","article_published_time":"2022-07-23T23:12:21+00:00","article_modified_time":"2022-07-23T23:41:53+00:00","og_image":[{"width":678,"height":439,"url":"https:\/\/aconteceunovale.com.br\/portal\/wp-content\/uploads\/2022\/07\/trafico_gv.png","type":"image\/png"}],"author":"Reda\u00e7\u00e3o Aconteceu no Vale","twitter_card":"summary_large_image","twitter_creator":"@noticiadosvales","twitter_site":"@noticiadosvales","twitter_misc":{"Escrito por":"Reda\u00e7\u00e3o Aconteceu no Vale","Est. tempo de leitura":"2 minutos"},"schema":{"@context":"https:\/\/schema.org","@graph":[{"@type":"Article","@id":"https:\/\/aconteceunovale.com.br\/portal\/?p=189417#article","isPartOf":{"@id":"https:\/\/aconteceunovale.com.br\/portal\/?p=189417"},"author":{"name":"Reda\u00e7\u00e3o Aconteceu no Vale","@id":"https:\/\/aconteceunovale.com.br\/portal\/#\/schema\/person\/7d2f26d1483f8a63de73da1ee0754d35"},"headline":"Dois adolescentes s\u00e3o detidos durante opera\u00e7\u00e3o policial em Governador Valadares","datePublished":"2022-07-23T23:12:21+00:00","dateModified":"2022-07-23T23:41:53+00:00","mainEntityOfPage":{"@id":"https:\/\/aconteceunovale.com.br\/portal\/?p=189417"},"wordCount":373,"commentCount":0,"image":{"@id":"https:\/\/aconteceunovale.com.br\/portal\/?p=189417#primaryimage"},"thumbnailUrl":"https:\/\/aconteceunovale.com.br\/portal\/wp-content\/uploads\/2022\/07\/trafico_gv.png","keywords":["destaque","Dois adolescentes s\u00e3o detidos durante opera\u00e7\u00e3o policial em Governador Valadares","Governador Valadares","Opera\u00e7\u00e3o contra o tr\u00e1fico em Governador Valadares","presos por tr\u00e1fico em Governador Valadares","Pris\u00e3o de traficantes em Governador Valadares"],"articleSection":["Leste de Minas"],"inLanguage":"pt-BR","potentialAction":[{"@type":"CommentAction","name":"Comment","target":["https:\/\/aconteceunovale.com.br\/portal\/?p=189417#respond"]}]},{"@type":"WebPage","@id":"https:\/\/aconteceunovale.com.br\/portal\/?p=189417","url":"https:\/\/aconteceunovale.com.br\/portal\/?p=189417","name":"Dois adolescentes s\u00e3o detidos durante opera\u00e7\u00e3o policial em Governador Valadares - Aconteceu no Vale","isPartOf":{"@id":"https:\/\/aconteceunovale.com.br\/portal\/#website"},"primaryImageOfPage":{"@id":"https:\/\/aconteceunovale.com.br\/portal\/?p=189417#primaryimage"},"image":{"@id":"https:\/\/aconteceunovale.com.br\/portal\/?p=189417#primaryimage"},"thumbnailUrl":"https:\/\/aconteceunovale.com.br\/portal\/wp-content\/uploads\/2022\/07\/trafico_gv.png","datePublished":"2022-07-23T23:12:21+00:00","dateModified":"2022-07-23T23:41:53+00:00","author":{"@id":"https:\/\/aconteceunovale.com.br\/portal\/#\/schema\/person\/7d2f26d1483f8a63de73da1ee0754d35"},"breadcrumb":{"@id":"https:\/\/aconteceunovale.com.br\/portal\/?p=189417#breadcrumb"},"inLanguage":"pt-BR","potentialAction":[{"@type":"ReadAction","target":["https:\/\/aconteceunovale.com.br\/portal\/?p=189417"]}]},{"@type":"ImageObject","inLanguage":"pt-BR","@id":"https:\/\/aconteceunovale.com.br\/portal\/?p=189417#primaryimage","url":"https:\/\/aconteceunovale.com.br\/portal\/wp-content\/uploads\/2022\/07\/trafico_gv.png","contentUrl":"https:\/\/aconteceunovale.com.br\/portal\/wp-content\/uploads\/2022\/07\/trafico_gv.png","width":678,"height":439},{"@type":"BreadcrumbList","@id":"https:\/\/aconteceunovale.com.br\/portal\/?p=189417#breadcrumb","itemListElement":[{"@type":"ListItem","position":1,"name":"In\u00edcio","item":"https:\/\/aconteceunovale.com.br\/portal\/"},{"@type":"ListItem","position":2,"name":"Dois adolescentes s\u00e3o detidos durante opera\u00e7\u00e3o policial em Governador Valadares"}]},{"@type":"WebSite","@id":"https:\/\/aconteceunovale.com.br\/portal\/#website","url":"https:\/\/aconteceunovale.com.br\/portal\/","name":"Aconteceu no Vale","description":"Portal de Not\u00edcias","potentialAction":[{"@type":"SearchAction","target":{"@type":"EntryPoint","urlTemplate":"https:\/\/aconteceunovale.com.br\/portal\/?s={search_term_string}"},"query-input":{"@type":"PropertyValueSpecification","valueRequired":true,"valueName":"search_term_string"}}],"inLanguage":"pt-BR"},{"@type":"Person","@id":"https:\/\/aconteceunovale.com.br\/portal\/#\/schema\/person\/7d2f26d1483f8a63de73da1ee0754d35","name":"Reda\u00e7\u00e3o Aconteceu no Vale","description":"Equipe de reportagem do Aconteceu no Vale, portal de not\u00edcias do Vale do Jequitinhonha, em Minas Gerais. Cobrimos as 51 cidades do Vale desde 2013. Sugest\u00f5es de pauta e pedidos de corre\u00e7\u00e3o: contato@aconteceunovale.com.br","url":"https:\/\/aconteceunovale.com.br\/portal\/?author=4"}]}},"_links":{"self":[{"href":"https:\/\/aconteceunovale.com.br\/portal\/index.php?rest_route=\/wp\/v2\/posts\/189417","targetHints":{"allow":["GET"]}}],"collection":[{"href":"https:\/\/aconteceunovale.com.br\/portal\/index.php?rest_route=\/wp\/v2\/posts"}],"about":[{"href":"https:\/\/aconteceunovale.com.br\/portal\/index.php?rest_route=\/wp\/v2\/types\/post"}],"author":[{"embeddable":true,"href":"https:\/\/aconteceunovale.com.br\/portal\/index.php?rest_route=\/wp\/v2\/users\/4"}],"replies":[{"embeddable":true,"href":"https:\/\/aconteceunovale.com.br\/portal\/index.php?rest_route=%2Fwp%2Fv2%2Fcomments&post=189417"}],"version-history":[{"count":2,"href":"https:\/\/aconteceunovale.com.br\/portal\/index.php?rest_route=\/wp\/v2\/posts\/189417\/revisions"}],"predecessor-version":[{"id":189431,"href":"https:\/\/aconteceunovale.com.br\/portal\/index.php?rest_route=\/wp\/v2\/posts\/189417\/revisions\/189431"}],"wp:featuredmedia":[{"embeddable":true,"href":"https:\/\/aconteceunovale.com.br\/portal\/index.php?rest_route=\/wp\/v2\/media\/189418"}],"wp:attachment":[{"href":"https:\/\/aconteceunovale.com.br\/portal\/index.php?rest_route=%2Fwp%2Fv2%2Fmedia&parent=189417"}],"wp:term":[{"taxonomy":"category","embeddable":true,"href":"https:\/\/aconteceunovale.com.br\/portal\/index.php?rest_route=%2Fwp%2Fv2%2Fcategories&post=189417"},{"taxonomy":"post_tag","embeddable":true,"href":"https:\/\/aconteceunovale.com.br\/portal\/index.php?rest_route=%2Fwp%2Fv2%2Ftags&post=189417"}],"curies":[{"name":"wp","href":"https:\/\/api.w.org\/{rel}","templated":true}]}}