{"id":189408,"date":"2022-07-23T18:00:27","date_gmt":"2022-07-23T21:00:27","guid":{"rendered":"https:\/\/aconteceunovale.com.br\/portal\/?p=189408"},"modified":"2022-07-23T18:01:50","modified_gmt":"2022-07-23T21:01:50","slug":"avante-lanca-candidatura-de-andre-janones-a-presidencia-da-republica","status":"publish","type":"post","link":"https:\/\/aconteceunovale.com.br\/portal\/?p=189408","title":{"rendered":"Avante lan\u00e7a candidatura de Andr\u00e9 Janones \u00e0 Presid\u00eancia da Rep\u00fablica"},"content":{"rendered":"\n<p class=\"wp-block-paragraph\">O Avante oficializou neste s\u00e1bado (23) a candidatura de Andr\u00e9 Janones para a\u00a0Presid\u00eancia da Rep\u00fablica. O an\u00fancio foi feito durante conven\u00e7\u00e3o\u00a0nacional do partido, realizada no Grande Teatro do Minascentro, em Belo Horizonte.\u00a0Essa \u00e9 a primeira vez que Janones tentar\u00e1 assumir o posto de presidente.<\/p>\n\n\n\n<figure class=\"wp-block-gallery has-nested-images columns-default is-cropped wp-block-gallery-1 is-layout-flex wp-block-gallery-is-layout-flex\">\n<figure class=\"wp-block-image size-large\"><img loading=\"lazy\" decoding=\"async\" width=\"678\" height=\"406\" data-id=\"189409\" src=\"https:\/\/aconteceunovale.com.br\/portal\/wp-content\/uploads\/2022\/07\/andre_janones.jpg\" alt=\"\" class=\"wp-image-189409\" srcset=\"https:\/\/aconteceunovale.com.br\/portal\/wp-content\/uploads\/2022\/07\/andre_janones.jpg 678w, https:\/\/aconteceunovale.com.br\/portal\/wp-content\/uploads\/2022\/07\/andre_janones-300x180.jpg 300w\" sizes=\"auto, (max-width: 678px) 100vw, 678px\" \/><figcaption><em><sub>Foto: Divulga\u00e7\u00e3o\/Avante<\/sub><\/em><\/figcaption><\/figure>\n<\/figure>\n\n\n\n<p class=\"wp-block-paragraph\">Em seu discurso na conven\u00e7\u00e3o do partido, Janones destacou que o eixo central do seu programa de governo \u00e9 a redu\u00e7\u00e3o da desigualdade social no pa\u00eds. \u201cHoje,&nbsp;temos um projeto que contempla todas as \u00e1reas, sa\u00fade, seguran\u00e7a, educa\u00e7\u00e3o, agro. Todas as \u00e1reas e com a mesma mensagem: a diminui\u00e7\u00e3o da desigualdade social no pa\u00eds, a diminui\u00e7\u00e3o da dist\u00e2ncia entre os mais ricos e os mais pobres\u201d.<\/p>\n\n\n\n<p class=\"wp-block-paragraph\">Andr\u00e9 Janones&nbsp;defende o retorno&nbsp;do aux\u00edlio emergencial no valor de R$ 600 mensais, al\u00e9m de uma reforma tribut\u00e1ria ampla, que taxe lucros e dividendos, institua o Imposto sobre Grandes Fortunas (IGF),&nbsp;tribute menos o consumo e mais a renda, al\u00e9m de&nbsp;conceder&nbsp;isen\u00e7\u00e3o para quem tem sal\u00e1rios de&nbsp;at\u00e9 R$ 5 mil. \u201cA classe m\u00e9dia est\u00e1 pagando o aux\u00edlio do mais pobre. Em vez de a classe m\u00e9dia puxar o mais pobre l\u00e1 de baixo [para cima], ela est\u00e1 indo junto\u201d.<\/p>\n\n\n\n<p class=\"wp-block-paragraph\">O Avante ainda n\u00e3o definiu o candidato a vice-presidente.&nbsp;O partido tem at\u00e9 o dia 15 de agosto para registrar a candidatura, conforme calend\u00e1rio definido pelo Tribunal Superior Eleitoral (TSE).<\/p>\n\n\n\n<h2 class=\"wp-block-heading\">Perfil<\/h2>\n\n\n\n<p class=\"wp-block-paragraph\">Natural de\u00a0Ituiutaba (MG), Andr\u00e9 Luis Gaspar Janones\u00a0trabalhou como cobrador de \u00f4nibus e como escrevente no Tribunal de Justi\u00e7a de Minas Gerais antes de ser formar em direito e abrir seu pr\u00f3prio escrit\u00f3rio, em 2008.\u00a0Candidatou-se a prefeito de Ituiutaba em 2016, mas n\u00e3o foi eleito. Em 2018, durante\u00a0greve dos caminhoneiros, Janones acabou se tornando uma esp\u00e9cie de porta-voz do movimento, com v\u00eddeos transmitidos da BR-365 para as redes sociais. O epis\u00f3dio o colocou\u00a0em evid\u00eancia e, em 2019, foi eleito deputado federal por Minas Gerais.<\/p>\n\n\n\n<p class=\"wp-block-paragraph\">&#8212;&#8212;&#8212;&#8212;&#8212;&#8212;<br><br><strong>Sabia que o Aconteceu no Vale est\u00e1 tamb\u00e9m no Telegram? <a rel=\"noreferrer noopener\" href=\"https:\/\/t.me\/aconteceunovaleoficial\" target=\"_blank\">Inscreva-se no canal<\/a>.<\/strong><br><br><strong>J\u00e1 curtiu ou seguiu nossas p\u00e1ginas nas redes sociais?\u00a0Receba as not\u00edcias em primeira m\u00e3o:<\/strong><br>\u2022 <a rel=\"noreferrer noopener\" href=\"https:\/\/news.google.com\/publications\/CAAqBwgKMNjklQswi4etAw?hl=pt-BR&amp;gl=BR&amp;ceid=BR%3Apt-419\" target=\"_blank\">Google News<\/a><br>\u2022 <a rel=\"noreferrer noopener\" href=\"https:\/\/www.facebook.com\/aconteceunovale\/\" target=\"_blank\">Facebook<\/a><br>\u2022 <a rel=\"noreferrer noopener\" href=\"https:\/\/twitter.com\/noticiadosvales\" target=\"_blank\">Twitter<\/a><br>\u2022 <a rel=\"noreferrer noopener\" href=\"https:\/\/www.instagram.com\/aconteceunovale\" target=\"_blank\">Instagram<\/a><br>\u2022 <a rel=\"noreferrer noopener\" href=\"https:\/\/www.youtube.com\/AconteceunoValeOficial\" target=\"_blank\">Youtube<\/a><br>\u2022 <a rel=\"noreferrer noopener\" href=\"https:\/\/www.tiktok.com\/@aconteceunovale\" target=\"_blank\">TikTok<\/a><\/p>\n","protected":false},"excerpt":{"rendered":"<p>O Avante oficializou neste s\u00e1bado (23) a candidatura de Andr\u00e9 Janones para a\u00a0Presid\u00eancia da Rep\u00fablica. O an\u00fancio foi feito durante conven\u00e7\u00e3o\u00a0nacional do partido, realizada no Grande Teatro do Minascentro, em Belo Horizonte.\u00a0Essa \u00e9 a primeira vez que Janones tentar\u00e1 assumir o posto de presidente. Em seu discurso na conven\u00e7\u00e3o do partido, Janones destacou que o [&hellip;]<\/p>\n","protected":false},"author":4,"featured_media":189409,"comment_status":"open","ping_status":"closed","sticky":false,"template":"","format":"standard","meta":{"amp_status":"","footnotes":""},"categories":[6,249933,123,40240],"tags":[177342,177339,178177,261629,194,1017,261630,1018,261631,252238,203,261632,131],"class_list":["post-189408","post","type-post","status-publish","format-standard","has-post-thumbnail","hentry","category-br","category-eleicoes-2022","category-gerais","category-politica","tag-andre-janones","tag-andre-luis-gaspar-janones","tag-avante","tag-avante-lanca-candidatura-de-andre-janones-a-presidencia-da-republica","tag-belo-horizonte","tag-bh","tag-candidato-a-presidente","tag-destaque","tag-disputa-pela-presidencia-do-brasil","tag-eleicoes-2022","tag-ituiutaba","tag-janones","tag-minas-gerais"],"yoast_head":"<!-- This site is optimized with the Yoast SEO plugin v28.3 - https:\/\/yoast.com\/product\/yoast-seo-wordpress\/ -->\n<title>Avante lan\u00e7a candidatura de Andr\u00e9 Janones \u00e0 Presid\u00eancia da Rep\u00fablica - Aconteceu no Vale<\/title>\n<meta name=\"robots\" content=\"index, follow, max-snippet:-1, max-image-preview:large, max-video-preview:-1\" \/>\n<link rel=\"canonical\" href=\"https:\/\/aconteceunovale.com.br\/portal\/?p=189408\" \/>\n<meta property=\"og:locale\" content=\"pt_BR\" \/>\n<meta property=\"og:type\" content=\"article\" \/>\n<meta property=\"og:title\" content=\"Avante lan\u00e7a candidatura de Andr\u00e9 Janones \u00e0 Presid\u00eancia da Rep\u00fablica - Aconteceu no Vale\" \/>\n<meta property=\"og:description\" content=\"O Avante oficializou neste s\u00e1bado (23) a candidatura de Andr\u00e9 Janones para a\u00a0Presid\u00eancia da Rep\u00fablica. O an\u00fancio foi feito durante conven\u00e7\u00e3o\u00a0nacional do partido, realizada no Grande Teatro do Minascentro, em Belo Horizonte.\u00a0Essa \u00e9 a primeira vez que Janones tentar\u00e1 assumir o posto de presidente. Em seu discurso na conven\u00e7\u00e3o do partido, Janones destacou que o [&hellip;]\" \/>\n<meta property=\"og:url\" content=\"https:\/\/aconteceunovale.com.br\/portal\/?p=189408\" \/>\n<meta property=\"og:site_name\" content=\"Aconteceu no Vale\" \/>\n<meta property=\"article:publisher\" content=\"https:\/\/www.facebook.com\/aconteceunovale\/\" \/>\n<meta property=\"article:published_time\" content=\"2022-07-23T21:00:27+00:00\" \/>\n<meta property=\"article:modified_time\" content=\"2022-07-23T21:01:50+00:00\" \/>\n<meta property=\"og:image\" content=\"https:\/\/aconteceunovale.com.br\/portal\/wp-content\/uploads\/2022\/07\/andre_janones.jpg\" \/>\n\t<meta property=\"og:image:width\" content=\"678\" \/>\n\t<meta property=\"og:image:height\" content=\"406\" \/>\n\t<meta property=\"og:image:type\" content=\"image\/jpeg\" \/>\n<meta name=\"author\" content=\"Reda\u00e7\u00e3o Aconteceu no Vale\" \/>\n<meta name=\"twitter:card\" content=\"summary_large_image\" \/>\n<meta name=\"twitter:creator\" content=\"@noticiadosvales\" \/>\n<meta name=\"twitter:site\" content=\"@noticiadosvales\" \/>\n<meta name=\"twitter:label1\" content=\"Escrito por\" \/>\n\t<meta name=\"twitter:data1\" content=\"Reda\u00e7\u00e3o Aconteceu no Vale\" \/>\n\t<meta name=\"twitter:label2\" content=\"Est. tempo de leitura\" \/>\n\t<meta name=\"twitter:data2\" content=\"2 minutos\" \/>\n<script type=\"application\/ld+json\" class=\"yoast-schema-graph\">{\"@context\":\"https:\\\/\\\/schema.org\",\"@graph\":[{\"@type\":\"Article\",\"@id\":\"https:\\\/\\\/aconteceunovale.com.br\\\/portal\\\/?p=189408#article\",\"isPartOf\":{\"@id\":\"https:\\\/\\\/aconteceunovale.com.br\\\/portal\\\/?p=189408\"},\"author\":{\"name\":\"Reda\u00e7\u00e3o Aconteceu no Vale\",\"@id\":\"https:\\\/\\\/aconteceunovale.com.br\\\/portal\\\/#\\\/schema\\\/person\\\/7d2f26d1483f8a63de73da1ee0754d35\"},\"headline\":\"Avante lan\u00e7a candidatura de Andr\u00e9 Janones \u00e0 Presid\u00eancia da Rep\u00fablica\",\"datePublished\":\"2022-07-23T21:00:27+00:00\",\"dateModified\":\"2022-07-23T21:01:50+00:00\",\"mainEntityOfPage\":{\"@id\":\"https:\\\/\\\/aconteceunovale.com.br\\\/portal\\\/?p=189408\"},\"wordCount\":402,\"commentCount\":0,\"image\":{\"@id\":\"https:\\\/\\\/aconteceunovale.com.br\\\/portal\\\/?p=189408#primaryimage\"},\"thumbnailUrl\":\"https:\\\/\\\/aconteceunovale.com.br\\\/portal\\\/wp-content\\\/uploads\\\/2022\\\/07\\\/andre_janones.jpg\",\"keywords\":[\"Andr\u00e9 Janones\",\"Andr\u00e9 Lu\u00eds Gaspar Janones\",\"AVANTE\",\"Avante lan\u00e7a candidatura de Andr\u00e9 Janones \u00e0 Presid\u00eancia da Rep\u00fablica\",\"Belo Horizonte\",\"bh\",\"Candidato a presidente\",\"destaque\",\"Disputa pela Presid\u00eancia do Brasil\",\"Elei\u00e7\u00f5es 2022\",\"Ituiutaba\",\"Janones\",\"Minas Gerais\"],\"articleSection\":[\"Brasil\",\"Elei\u00e7\u00f5es 2022\",\"Minas Gerais\",\"Pol\u00edtica\"],\"inLanguage\":\"pt-BR\",\"potentialAction\":[{\"@type\":\"CommentAction\",\"name\":\"Comment\",\"target\":[\"https:\\\/\\\/aconteceunovale.com.br\\\/portal\\\/?p=189408#respond\"]}]},{\"@type\":\"WebPage\",\"@id\":\"https:\\\/\\\/aconteceunovale.com.br\\\/portal\\\/?p=189408\",\"url\":\"https:\\\/\\\/aconteceunovale.com.br\\\/portal\\\/?p=189408\",\"name\":\"Avante lan\u00e7a candidatura de Andr\u00e9 Janones \u00e0 Presid\u00eancia da Rep\u00fablica - Aconteceu no Vale\",\"isPartOf\":{\"@id\":\"https:\\\/\\\/aconteceunovale.com.br\\\/portal\\\/#website\"},\"primaryImageOfPage\":{\"@id\":\"https:\\\/\\\/aconteceunovale.com.br\\\/portal\\\/?p=189408#primaryimage\"},\"image\":{\"@id\":\"https:\\\/\\\/aconteceunovale.com.br\\\/portal\\\/?p=189408#primaryimage\"},\"thumbnailUrl\":\"https:\\\/\\\/aconteceunovale.com.br\\\/portal\\\/wp-content\\\/uploads\\\/2022\\\/07\\\/andre_janones.jpg\",\"datePublished\":\"2022-07-23T21:00:27+00:00\",\"dateModified\":\"2022-07-23T21:01:50+00:00\",\"author\":{\"@id\":\"https:\\\/\\\/aconteceunovale.com.br\\\/portal\\\/#\\\/schema\\\/person\\\/7d2f26d1483f8a63de73da1ee0754d35\"},\"breadcrumb\":{\"@id\":\"https:\\\/\\\/aconteceunovale.com.br\\\/portal\\\/?p=189408#breadcrumb\"},\"inLanguage\":\"pt-BR\",\"potentialAction\":[{\"@type\":\"ReadAction\",\"target\":[\"https:\\\/\\\/aconteceunovale.com.br\\\/portal\\\/?p=189408\"]}]},{\"@type\":\"ImageObject\",\"inLanguage\":\"pt-BR\",\"@id\":\"https:\\\/\\\/aconteceunovale.com.br\\\/portal\\\/?p=189408#primaryimage\",\"url\":\"https:\\\/\\\/aconteceunovale.com.br\\\/portal\\\/wp-content\\\/uploads\\\/2022\\\/07\\\/andre_janones.jpg\",\"contentUrl\":\"https:\\\/\\\/aconteceunovale.com.br\\\/portal\\\/wp-content\\\/uploads\\\/2022\\\/07\\\/andre_janones.jpg\",\"width\":678,\"height\":406},{\"@type\":\"BreadcrumbList\",\"@id\":\"https:\\\/\\\/aconteceunovale.com.br\\\/portal\\\/?p=189408#breadcrumb\",\"itemListElement\":[{\"@type\":\"ListItem\",\"position\":1,\"name\":\"In\u00edcio\",\"item\":\"https:\\\/\\\/aconteceunovale.com.br\\\/portal\\\/\"},{\"@type\":\"ListItem\",\"position\":2,\"name\":\"Avante lan\u00e7a candidatura de Andr\u00e9 Janones \u00e0 Presid\u00eancia da Rep\u00fablica\"}]},{\"@type\":\"WebSite\",\"@id\":\"https:\\\/\\\/aconteceunovale.com.br\\\/portal\\\/#website\",\"url\":\"https:\\\/\\\/aconteceunovale.com.br\\\/portal\\\/\",\"name\":\"Aconteceu no Vale\",\"description\":\"Portal de Not\u00edcias\",\"potentialAction\":[{\"@type\":\"SearchAction\",\"target\":{\"@type\":\"EntryPoint\",\"urlTemplate\":\"https:\\\/\\\/aconteceunovale.com.br\\\/portal\\\/?s={search_term_string}\"},\"query-input\":{\"@type\":\"PropertyValueSpecification\",\"valueRequired\":true,\"valueName\":\"search_term_string\"}}],\"inLanguage\":\"pt-BR\"},{\"@type\":\"Person\",\"@id\":\"https:\\\/\\\/aconteceunovale.com.br\\\/portal\\\/#\\\/schema\\\/person\\\/7d2f26d1483f8a63de73da1ee0754d35\",\"name\":\"Reda\u00e7\u00e3o Aconteceu no Vale\",\"description\":\"Equipe de reportagem do Aconteceu no Vale, portal de not\u00edcias do Vale do Jequitinhonha, em Minas Gerais. Cobrimos as 51 cidades do Vale desde 2013. Sugest\u00f5es de pauta e pedidos de corre\u00e7\u00e3o: contato@aconteceunovale.com.br\",\"url\":\"https:\\\/\\\/aconteceunovale.com.br\\\/portal\\\/?author=4\"}]}<\/script>\n<!-- \/ Yoast SEO plugin. -->","yoast_head_json":{"title":"Avante lan\u00e7a candidatura de Andr\u00e9 Janones \u00e0 Presid\u00eancia da Rep\u00fablica - Aconteceu no Vale","robots":{"index":"index","follow":"follow","max-snippet":"max-snippet:-1","max-image-preview":"max-image-preview:large","max-video-preview":"max-video-preview:-1"},"canonical":"https:\/\/aconteceunovale.com.br\/portal\/?p=189408","og_locale":"pt_BR","og_type":"article","og_title":"Avante lan\u00e7a candidatura de Andr\u00e9 Janones \u00e0 Presid\u00eancia da Rep\u00fablica - Aconteceu no Vale","og_description":"O Avante oficializou neste s\u00e1bado (23) a candidatura de Andr\u00e9 Janones para a\u00a0Presid\u00eancia da Rep\u00fablica. O an\u00fancio foi feito durante conven\u00e7\u00e3o\u00a0nacional do partido, realizada no Grande Teatro do Minascentro, em Belo Horizonte.\u00a0Essa \u00e9 a primeira vez que Janones tentar\u00e1 assumir o posto de presidente. Em seu discurso na conven\u00e7\u00e3o do partido, Janones destacou que o [&hellip;]","og_url":"https:\/\/aconteceunovale.com.br\/portal\/?p=189408","og_site_name":"Aconteceu no Vale","article_publisher":"https:\/\/www.facebook.com\/aconteceunovale\/","article_published_time":"2022-07-23T21:00:27+00:00","article_modified_time":"2022-07-23T21:01:50+00:00","og_image":[{"width":678,"height":406,"url":"https:\/\/aconteceunovale.com.br\/portal\/wp-content\/uploads\/2022\/07\/andre_janones.jpg","type":"image\/jpeg"}],"author":"Reda\u00e7\u00e3o Aconteceu no Vale","twitter_card":"summary_large_image","twitter_creator":"@noticiadosvales","twitter_site":"@noticiadosvales","twitter_misc":{"Escrito por":"Reda\u00e7\u00e3o Aconteceu no Vale","Est. tempo de leitura":"2 minutos"},"schema":{"@context":"https:\/\/schema.org","@graph":[{"@type":"Article","@id":"https:\/\/aconteceunovale.com.br\/portal\/?p=189408#article","isPartOf":{"@id":"https:\/\/aconteceunovale.com.br\/portal\/?p=189408"},"author":{"name":"Reda\u00e7\u00e3o Aconteceu no Vale","@id":"https:\/\/aconteceunovale.com.br\/portal\/#\/schema\/person\/7d2f26d1483f8a63de73da1ee0754d35"},"headline":"Avante lan\u00e7a candidatura de Andr\u00e9 Janones \u00e0 Presid\u00eancia da Rep\u00fablica","datePublished":"2022-07-23T21:00:27+00:00","dateModified":"2022-07-23T21:01:50+00:00","mainEntityOfPage":{"@id":"https:\/\/aconteceunovale.com.br\/portal\/?p=189408"},"wordCount":402,"commentCount":0,"image":{"@id":"https:\/\/aconteceunovale.com.br\/portal\/?p=189408#primaryimage"},"thumbnailUrl":"https:\/\/aconteceunovale.com.br\/portal\/wp-content\/uploads\/2022\/07\/andre_janones.jpg","keywords":["Andr\u00e9 Janones","Andr\u00e9 Lu\u00eds Gaspar Janones","AVANTE","Avante lan\u00e7a candidatura de Andr\u00e9 Janones \u00e0 Presid\u00eancia da Rep\u00fablica","Belo Horizonte","bh","Candidato a presidente","destaque","Disputa pela Presid\u00eancia do Brasil","Elei\u00e7\u00f5es 2022","Ituiutaba","Janones","Minas Gerais"],"articleSection":["Brasil","Elei\u00e7\u00f5es 2022","Minas Gerais","Pol\u00edtica"],"inLanguage":"pt-BR","potentialAction":[{"@type":"CommentAction","name":"Comment","target":["https:\/\/aconteceunovale.com.br\/portal\/?p=189408#respond"]}]},{"@type":"WebPage","@id":"https:\/\/aconteceunovale.com.br\/portal\/?p=189408","url":"https:\/\/aconteceunovale.com.br\/portal\/?p=189408","name":"Avante lan\u00e7a candidatura de Andr\u00e9 Janones \u00e0 Presid\u00eancia da Rep\u00fablica - Aconteceu no Vale","isPartOf":{"@id":"https:\/\/aconteceunovale.com.br\/portal\/#website"},"primaryImageOfPage":{"@id":"https:\/\/aconteceunovale.com.br\/portal\/?p=189408#primaryimage"},"image":{"@id":"https:\/\/aconteceunovale.com.br\/portal\/?p=189408#primaryimage"},"thumbnailUrl":"https:\/\/aconteceunovale.com.br\/portal\/wp-content\/uploads\/2022\/07\/andre_janones.jpg","datePublished":"2022-07-23T21:00:27+00:00","dateModified":"2022-07-23T21:01:50+00:00","author":{"@id":"https:\/\/aconteceunovale.com.br\/portal\/#\/schema\/person\/7d2f26d1483f8a63de73da1ee0754d35"},"breadcrumb":{"@id":"https:\/\/aconteceunovale.com.br\/portal\/?p=189408#breadcrumb"},"inLanguage":"pt-BR","potentialAction":[{"@type":"ReadAction","target":["https:\/\/aconteceunovale.com.br\/portal\/?p=189408"]}]},{"@type":"ImageObject","inLanguage":"pt-BR","@id":"https:\/\/aconteceunovale.com.br\/portal\/?p=189408#primaryimage","url":"https:\/\/aconteceunovale.com.br\/portal\/wp-content\/uploads\/2022\/07\/andre_janones.jpg","contentUrl":"https:\/\/aconteceunovale.com.br\/portal\/wp-content\/uploads\/2022\/07\/andre_janones.jpg","width":678,"height":406},{"@type":"BreadcrumbList","@id":"https:\/\/aconteceunovale.com.br\/portal\/?p=189408#breadcrumb","itemListElement":[{"@type":"ListItem","position":1,"name":"In\u00edcio","item":"https:\/\/aconteceunovale.com.br\/portal\/"},{"@type":"ListItem","position":2,"name":"Avante lan\u00e7a candidatura de Andr\u00e9 Janones \u00e0 Presid\u00eancia da Rep\u00fablica"}]},{"@type":"WebSite","@id":"https:\/\/aconteceunovale.com.br\/portal\/#website","url":"https:\/\/aconteceunovale.com.br\/portal\/","name":"Aconteceu no Vale","description":"Portal de Not\u00edcias","potentialAction":[{"@type":"SearchAction","target":{"@type":"EntryPoint","urlTemplate":"https:\/\/aconteceunovale.com.br\/portal\/?s={search_term_string}"},"query-input":{"@type":"PropertyValueSpecification","valueRequired":true,"valueName":"search_term_string"}}],"inLanguage":"pt-BR"},{"@type":"Person","@id":"https:\/\/aconteceunovale.com.br\/portal\/#\/schema\/person\/7d2f26d1483f8a63de73da1ee0754d35","name":"Reda\u00e7\u00e3o Aconteceu no Vale","description":"Equipe de reportagem do Aconteceu no Vale, portal de not\u00edcias do Vale do Jequitinhonha, em Minas Gerais. Cobrimos as 51 cidades do Vale desde 2013. Sugest\u00f5es de pauta e pedidos de corre\u00e7\u00e3o: contato@aconteceunovale.com.br","url":"https:\/\/aconteceunovale.com.br\/portal\/?author=4"}]}},"_links":{"self":[{"href":"https:\/\/aconteceunovale.com.br\/portal\/index.php?rest_route=\/wp\/v2\/posts\/189408","targetHints":{"allow":["GET"]}}],"collection":[{"href":"https:\/\/aconteceunovale.com.br\/portal\/index.php?rest_route=\/wp\/v2\/posts"}],"about":[{"href":"https:\/\/aconteceunovale.com.br\/portal\/index.php?rest_route=\/wp\/v2\/types\/post"}],"author":[{"embeddable":true,"href":"https:\/\/aconteceunovale.com.br\/portal\/index.php?rest_route=\/wp\/v2\/users\/4"}],"replies":[{"embeddable":true,"href":"https:\/\/aconteceunovale.com.br\/portal\/index.php?rest_route=%2Fwp%2Fv2%2Fcomments&post=189408"}],"version-history":[{"count":1,"href":"https:\/\/aconteceunovale.com.br\/portal\/index.php?rest_route=\/wp\/v2\/posts\/189408\/revisions"}],"predecessor-version":[{"id":189410,"href":"https:\/\/aconteceunovale.com.br\/portal\/index.php?rest_route=\/wp\/v2\/posts\/189408\/revisions\/189410"}],"wp:featuredmedia":[{"embeddable":true,"href":"https:\/\/aconteceunovale.com.br\/portal\/index.php?rest_route=\/wp\/v2\/media\/189409"}],"wp:attachment":[{"href":"https:\/\/aconteceunovale.com.br\/portal\/index.php?rest_route=%2Fwp%2Fv2%2Fmedia&parent=189408"}],"wp:term":[{"taxonomy":"category","embeddable":true,"href":"https:\/\/aconteceunovale.com.br\/portal\/index.php?rest_route=%2Fwp%2Fv2%2Fcategories&post=189408"},{"taxonomy":"post_tag","embeddable":true,"href":"https:\/\/aconteceunovale.com.br\/portal\/index.php?rest_route=%2Fwp%2Fv2%2Ftags&post=189408"}],"curies":[{"name":"wp","href":"https:\/\/api.w.org\/{rel}","templated":true}]}}