{"id":189405,"date":"2022-07-23T17:48:04","date_gmt":"2022-07-23T20:48:04","guid":{"rendered":"https:\/\/aconteceunovale.com.br\/portal\/?p=189405"},"modified":"2022-07-23T17:53:10","modified_gmt":"2022-07-23T20:53:10","slug":"oms-declara-emergencia-internacional-de-saude-por-causa-da-variola-dos-macacos","status":"publish","type":"post","link":"https:\/\/aconteceunovale.com.br\/portal\/?p=189405","title":{"rendered":"OMS declara emerg\u00eancia internacional de sa\u00fade por causa da var\u00edola dos macacos"},"content":{"rendered":"\n<p class=\"wp-block-paragraph\">A Organiza\u00e7\u00e3o Mundial da\u00a0Sa\u00fade (OMS) decidiu\u00a0hoje\u00a0(23) declarar que a var\u00edola dos macacos configura emerg\u00eancia de sa\u00fade p\u00fablica de interesse internacional. O an\u00fancio foi feito pelo diretor-geral da entidade,\u00a0Tedros Adhanom Ghebreyesus, durante coletiva de imprensa.<\/p>\n\n\n\n<p class=\"wp-block-paragraph\">\u201cTemos um surto que se espalhou r\u00e1pido pelo mundo, atrav\u00e9s de novas formas de transmiss\u00e3o, sobre as quais entendemos muito pouco,&nbsp;e que se encaixa nos crit\u00e9rios do Regulamento Sanit\u00e1rio Internacional. Por essas raz\u00f5es, decidi que a epidemia de var\u00edola dos macacos representa uma emerg\u00eancia de sa\u00fade p\u00fablica de preocupa\u00e7\u00e3o internacional\u201d, disse Tedros.<\/p>\n\n\n\n<p class=\"wp-block-paragraph\">A decis\u00e3o n\u00e3o foi consensual entre membros do Comit\u00ea de Emerg\u00eancia da OMS, mas o diretor-geral decidiu ir adiante com a declara\u00e7\u00e3o. Ele destacou que o v\u00edrus tem se espalhado rapidamente por diversos&nbsp;pa\u00edses, o que aumenta o risco de dissemina\u00e7\u00e3o internacional. Outra preocupa\u00e7\u00e3o expressada por Tedros diz respeito ao potencial do v\u00edrus de interferir em&nbsp;viagens&nbsp;de um pa\u00eds para outro, como ocorreu com a covid-19. No entanto, a OMS ainda considera o&nbsp;risco baixo.<\/p>\n\n\n\n<p class=\"wp-block-paragraph\">A var\u00edola dos macacos \u00e9 uma causada por um&nbsp;v\u00edrus e transmitida pelo contato pr\u00f3ximo com uma pessoa infectada e com les\u00f5es de pele. O contato pode se dar por meio de&nbsp;abra\u00e7o, beijo, rela\u00e7\u00f5es sexuais ou secre\u00e7\u00f5es respirat\u00f3rias. A transmiss\u00e3o tamb\u00e9m ocorre por contato com objetos, tecidos (roupas, roupas de cama ou toalhas) e superf\u00edcies que foram utilizadas pelo infectado.<\/p>\n\n\n\n<p class=\"wp-block-paragraph\">Uma das preocupa\u00e7\u00f5es da OMS \u00e9 com o estigma que a doen\u00e7a pode provocar, uma vez que a maioria dos contaminados s\u00e3o homens que se relacionam sexualmente com outros homens, especialmente aqueles com m\u00faltiplos parceiros.<\/p>\n\n\n\n<p class=\"wp-block-paragraph\">\u201cEm acr\u00e9scimo \u00e0s nossas recomenda\u00e7\u00f5es aos pa\u00edses, tamb\u00e9m chamo as organiza\u00e7\u00f5es da sociedade civil, incluindo aquelas com experi\u00eancia no trabalho com pessoas HIV positivo, para trabalhar conosco na luta contra o estigma e a discrimina\u00e7\u00e3o\u201d, disse Tedros.<\/p>\n\n\n\n<p class=\"wp-block-paragraph\">&#8212;&#8212;&#8212;&#8212;&#8212;&#8212;<br><br><strong>Sabia que o Aconteceu no Vale est\u00e1 tamb\u00e9m no Telegram? <a rel=\"noreferrer noopener\" href=\"https:\/\/t.me\/aconteceunovaleoficial\" target=\"_blank\">Inscreva-se no canal<\/a>.<\/strong><br><br><strong>J\u00e1 curtiu ou seguiu nossas p\u00e1ginas nas redes sociais?\u00a0Receba as not\u00edcias em primeira m\u00e3o:<\/strong><br>\u2022 <a rel=\"noreferrer noopener\" href=\"https:\/\/news.google.com\/publications\/CAAqBwgKMNjklQswi4etAw?hl=pt-BR&amp;gl=BR&amp;ceid=BR%3Apt-419\" target=\"_blank\">Google News<\/a><br>\u2022 <a rel=\"noreferrer noopener\" href=\"https:\/\/www.facebook.com\/aconteceunovale\/\" target=\"_blank\">Facebook<\/a><br>\u2022 <a rel=\"noreferrer noopener\" href=\"https:\/\/twitter.com\/noticiadosvales\" target=\"_blank\">Twitter<\/a><br>\u2022 <a rel=\"noreferrer noopener\" href=\"https:\/\/www.instagram.com\/aconteceunovale\" target=\"_blank\">Instagram<\/a><br>\u2022 <a rel=\"noreferrer noopener\" href=\"https:\/\/www.youtube.com\/AconteceunoValeOficial\" target=\"_blank\">Youtube<\/a><br>\u2022 <a rel=\"noreferrer noopener\" href=\"https:\/\/www.tiktok.com\/@aconteceunovale\" target=\"_blank\">TikTok<\/a><\/p>\n","protected":false},"excerpt":{"rendered":"<p>A Organiza\u00e7\u00e3o Mundial da\u00a0Sa\u00fade (OMS) decidiu\u00a0hoje\u00a0(23) declarar que a var\u00edola dos macacos configura emerg\u00eancia de sa\u00fade p\u00fablica de interesse internacional. O an\u00fancio foi feito pelo diretor-geral da entidade,\u00a0Tedros Adhanom Ghebreyesus, durante coletiva de imprensa. \u201cTemos um surto que se espalhou r\u00e1pido pelo mundo, atrav\u00e9s de novas formas de transmiss\u00e3o, sobre as quais entendemos muito pouco,&nbsp;e [&hellip;]<\/p>\n","protected":false},"author":4,"featured_media":189225,"comment_status":"open","ping_status":"closed","sticky":false,"template":"","format":"standard","meta":{"amp_status":"","footnotes":""},"categories":[28848,40242],"tags":[261325,261419,261349,261328,261350,261322,1018,261319,261326,261321,43376,261320,261327,261330,261404,261323,261351,261329,261289,261324],"class_list":["post-189405","post","type-post","status-publish","format-standard","has-post-thumbnail","hentry","category-mundo","category-saude-2","tag-andre-bon","tag-brasil-confirma-setimo-caso-de-variola-dos-macacos","tag-brasil-monitora-dois-casos-suspeitos-de-variola-dos-macacos","tag-casos-da-variola-dos-macacos","tag-casos-suspeitos-de-variola-dos-macacos-no-brasil","tag-dados-sobre-variola-dos-macacos","tag-destaque","tag-entenda-o-que-e-a-variola-dos-macacos","tag-historico-da-variola-dos-macacos","tag-informacoes-sobre-variola-dos-macacos","tag-instituto-butantan","tag-o-que-e-a-variola-dos-macacos","tag-ocorrencia-de-casos-da-variola-dos-macacos","tag-prevencao-da-variola-dos-macacos","tag-sao-paulo-confirma-segundo-caso-de-variola-dos-macacos","tag-sobre-variola-dos-macacos","tag-suspeita-de-variola-dos-macacos-no-brasil","tag-transmissao-da-variola-dos-macacos","tag-variola-dos-macacos","tag-virus-da-variola-dos-macacos"],"yoast_head":"<!-- This site is optimized with the Yoast SEO plugin v28.3 - https:\/\/yoast.com\/product\/yoast-seo-wordpress\/ -->\n<title>OMS declara emerg\u00eancia internacional de sa\u00fade por causa da var\u00edola dos macacos - Aconteceu no Vale<\/title>\n<meta name=\"robots\" content=\"index, follow, max-snippet:-1, max-image-preview:large, max-video-preview:-1\" \/>\n<link rel=\"canonical\" href=\"https:\/\/aconteceunovale.com.br\/portal\/?p=189405\" \/>\n<meta property=\"og:locale\" content=\"pt_BR\" \/>\n<meta property=\"og:type\" content=\"article\" \/>\n<meta property=\"og:title\" content=\"OMS declara emerg\u00eancia internacional de sa\u00fade por causa da var\u00edola dos macacos - Aconteceu no Vale\" \/>\n<meta property=\"og:description\" content=\"A Organiza\u00e7\u00e3o Mundial da\u00a0Sa\u00fade (OMS) decidiu\u00a0hoje\u00a0(23) declarar que a var\u00edola dos macacos configura emerg\u00eancia de sa\u00fade p\u00fablica de interesse internacional. O an\u00fancio foi feito pelo diretor-geral da entidade,\u00a0Tedros Adhanom Ghebreyesus, durante coletiva de imprensa. \u201cTemos um surto que se espalhou r\u00e1pido pelo mundo, atrav\u00e9s de novas formas de transmiss\u00e3o, sobre as quais entendemos muito pouco,&nbsp;e [&hellip;]\" \/>\n<meta property=\"og:url\" content=\"https:\/\/aconteceunovale.com.br\/portal\/?p=189405\" \/>\n<meta property=\"og:site_name\" content=\"Aconteceu no Vale\" \/>\n<meta property=\"article:publisher\" content=\"https:\/\/www.facebook.com\/aconteceunovale\/\" \/>\n<meta property=\"article:published_time\" content=\"2022-07-23T20:48:04+00:00\" \/>\n<meta property=\"article:modified_time\" content=\"2022-07-23T20:53:10+00:00\" \/>\n<meta property=\"og:image\" content=\"https:\/\/aconteceunovale.com.br\/portal\/wp-content\/uploads\/2022\/06\/variola_macacos.jpg\" \/>\n\t<meta property=\"og:image:width\" content=\"678\" \/>\n\t<meta property=\"og:image:height\" content=\"406\" \/>\n\t<meta property=\"og:image:type\" content=\"image\/jpeg\" \/>\n<meta name=\"author\" content=\"Reda\u00e7\u00e3o Aconteceu no Vale\" \/>\n<meta name=\"twitter:card\" content=\"summary_large_image\" \/>\n<meta name=\"twitter:creator\" content=\"@noticiadosvales\" \/>\n<meta name=\"twitter:site\" content=\"@noticiadosvales\" \/>\n<meta name=\"twitter:label1\" content=\"Escrito por\" \/>\n\t<meta name=\"twitter:data1\" content=\"Reda\u00e7\u00e3o Aconteceu no Vale\" \/>\n\t<meta name=\"twitter:label2\" content=\"Est. tempo de leitura\" \/>\n\t<meta name=\"twitter:data2\" content=\"2 minutos\" \/>\n<script type=\"application\/ld+json\" class=\"yoast-schema-graph\">{\"@context\":\"https:\\\/\\\/schema.org\",\"@graph\":[{\"@type\":\"Article\",\"@id\":\"https:\\\/\\\/aconteceunovale.com.br\\\/portal\\\/?p=189405#article\",\"isPartOf\":{\"@id\":\"https:\\\/\\\/aconteceunovale.com.br\\\/portal\\\/?p=189405\"},\"author\":{\"name\":\"Reda\u00e7\u00e3o Aconteceu no Vale\",\"@id\":\"https:\\\/\\\/aconteceunovale.com.br\\\/portal\\\/#\\\/schema\\\/person\\\/7d2f26d1483f8a63de73da1ee0754d35\"},\"headline\":\"OMS declara emerg\u00eancia internacional de sa\u00fade por causa da var\u00edola dos macacos\",\"datePublished\":\"2022-07-23T20:48:04+00:00\",\"dateModified\":\"2022-07-23T20:53:10+00:00\",\"mainEntityOfPage\":{\"@id\":\"https:\\\/\\\/aconteceunovale.com.br\\\/portal\\\/?p=189405\"},\"wordCount\":409,\"commentCount\":0,\"image\":{\"@id\":\"https:\\\/\\\/aconteceunovale.com.br\\\/portal\\\/?p=189405#primaryimage\"},\"thumbnailUrl\":\"https:\\\/\\\/aconteceunovale.com.br\\\/portal\\\/wp-content\\\/uploads\\\/2022\\\/06\\\/variola_macacos.jpg\",\"keywords\":[\"Andr\u00e9 Bon\",\"Brasil confirma s\u00e9timo caso de var\u00edola dos macacos\",\"Brasil monitora dois casos suspeitos de var\u00edola dos macacos\",\"Casos da var\u00edola dos macacos\",\"Casos suspeitos de var\u00edola dos macacos no Brasil\",\"Dados sobre var\u00edola dos macacos\",\"destaque\",\"Entenda o que \u00e9 a var\u00edola dos macacos\",\"Hist\u00f3rico da var\u00edola dos macacos\",\"Informa\u00e7\u00f5es sobre var\u00edola dos macacos\",\"Instituto Butantan\",\"O que \u00e9 a var\u00edola dos macacos\",\"Ocorr\u00eancia de casos da var\u00edola dos macacos\",\"Preven\u00e7\u00e3o da var\u00edola dos macacos\",\"S\u00e3o Paulo confirma segundo caso de var\u00edola dos macacos\",\"Sobre var\u00edola dos macacos\",\"Suspeita de var\u00edola dos macacos no Brasil\",\"Transmiss\u00e3o da var\u00edola dos macacos\",\"Var\u00edola dos macacos\",\"V\u00edrus da var\u00edola dos macacos\"],\"articleSection\":[\"Mundo\",\"Sa\u00fade\"],\"inLanguage\":\"pt-BR\",\"potentialAction\":[{\"@type\":\"CommentAction\",\"name\":\"Comment\",\"target\":[\"https:\\\/\\\/aconteceunovale.com.br\\\/portal\\\/?p=189405#respond\"]}]},{\"@type\":\"WebPage\",\"@id\":\"https:\\\/\\\/aconteceunovale.com.br\\\/portal\\\/?p=189405\",\"url\":\"https:\\\/\\\/aconteceunovale.com.br\\\/portal\\\/?p=189405\",\"name\":\"OMS declara emerg\u00eancia internacional de sa\u00fade por causa da var\u00edola dos macacos - Aconteceu no Vale\",\"isPartOf\":{\"@id\":\"https:\\\/\\\/aconteceunovale.com.br\\\/portal\\\/#website\"},\"primaryImageOfPage\":{\"@id\":\"https:\\\/\\\/aconteceunovale.com.br\\\/portal\\\/?p=189405#primaryimage\"},\"image\":{\"@id\":\"https:\\\/\\\/aconteceunovale.com.br\\\/portal\\\/?p=189405#primaryimage\"},\"thumbnailUrl\":\"https:\\\/\\\/aconteceunovale.com.br\\\/portal\\\/wp-content\\\/uploads\\\/2022\\\/06\\\/variola_macacos.jpg\",\"datePublished\":\"2022-07-23T20:48:04+00:00\",\"dateModified\":\"2022-07-23T20:53:10+00:00\",\"author\":{\"@id\":\"https:\\\/\\\/aconteceunovale.com.br\\\/portal\\\/#\\\/schema\\\/person\\\/7d2f26d1483f8a63de73da1ee0754d35\"},\"breadcrumb\":{\"@id\":\"https:\\\/\\\/aconteceunovale.com.br\\\/portal\\\/?p=189405#breadcrumb\"},\"inLanguage\":\"pt-BR\",\"potentialAction\":[{\"@type\":\"ReadAction\",\"target\":[\"https:\\\/\\\/aconteceunovale.com.br\\\/portal\\\/?p=189405\"]}]},{\"@type\":\"ImageObject\",\"inLanguage\":\"pt-BR\",\"@id\":\"https:\\\/\\\/aconteceunovale.com.br\\\/portal\\\/?p=189405#primaryimage\",\"url\":\"https:\\\/\\\/aconteceunovale.com.br\\\/portal\\\/wp-content\\\/uploads\\\/2022\\\/06\\\/variola_macacos.jpg\",\"contentUrl\":\"https:\\\/\\\/aconteceunovale.com.br\\\/portal\\\/wp-content\\\/uploads\\\/2022\\\/06\\\/variola_macacos.jpg\",\"width\":678,\"height\":406,\"caption\":\"Foto: Dado Ruvic\\\/REUTERS\"},{\"@type\":\"BreadcrumbList\",\"@id\":\"https:\\\/\\\/aconteceunovale.com.br\\\/portal\\\/?p=189405#breadcrumb\",\"itemListElement\":[{\"@type\":\"ListItem\",\"position\":1,\"name\":\"In\u00edcio\",\"item\":\"https:\\\/\\\/aconteceunovale.com.br\\\/portal\\\/\"},{\"@type\":\"ListItem\",\"position\":2,\"name\":\"OMS declara emerg\u00eancia internacional de sa\u00fade por causa da var\u00edola dos macacos\"}]},{\"@type\":\"WebSite\",\"@id\":\"https:\\\/\\\/aconteceunovale.com.br\\\/portal\\\/#website\",\"url\":\"https:\\\/\\\/aconteceunovale.com.br\\\/portal\\\/\",\"name\":\"Aconteceu no Vale\",\"description\":\"Portal de Not\u00edcias\",\"potentialAction\":[{\"@type\":\"SearchAction\",\"target\":{\"@type\":\"EntryPoint\",\"urlTemplate\":\"https:\\\/\\\/aconteceunovale.com.br\\\/portal\\\/?s={search_term_string}\"},\"query-input\":{\"@type\":\"PropertyValueSpecification\",\"valueRequired\":true,\"valueName\":\"search_term_string\"}}],\"inLanguage\":\"pt-BR\"},{\"@type\":\"Person\",\"@id\":\"https:\\\/\\\/aconteceunovale.com.br\\\/portal\\\/#\\\/schema\\\/person\\\/7d2f26d1483f8a63de73da1ee0754d35\",\"name\":\"Reda\u00e7\u00e3o Aconteceu no Vale\",\"description\":\"Equipe de reportagem do Aconteceu no Vale, portal de not\u00edcias do Vale do Jequitinhonha, em Minas Gerais. Cobrimos as 51 cidades do Vale desde 2013. Sugest\u00f5es de pauta e pedidos de corre\u00e7\u00e3o: contato@aconteceunovale.com.br\",\"url\":\"https:\\\/\\\/aconteceunovale.com.br\\\/portal\\\/?author=4\"}]}<\/script>\n<!-- \/ Yoast SEO plugin. -->","yoast_head_json":{"title":"OMS declara emerg\u00eancia internacional de sa\u00fade por causa da var\u00edola dos macacos - Aconteceu no Vale","robots":{"index":"index","follow":"follow","max-snippet":"max-snippet:-1","max-image-preview":"max-image-preview:large","max-video-preview":"max-video-preview:-1"},"canonical":"https:\/\/aconteceunovale.com.br\/portal\/?p=189405","og_locale":"pt_BR","og_type":"article","og_title":"OMS declara emerg\u00eancia internacional de sa\u00fade por causa da var\u00edola dos macacos - Aconteceu no Vale","og_description":"A Organiza\u00e7\u00e3o Mundial da\u00a0Sa\u00fade (OMS) decidiu\u00a0hoje\u00a0(23) declarar que a var\u00edola dos macacos configura emerg\u00eancia de sa\u00fade p\u00fablica de interesse internacional. O an\u00fancio foi feito pelo diretor-geral da entidade,\u00a0Tedros Adhanom Ghebreyesus, durante coletiva de imprensa. \u201cTemos um surto que se espalhou r\u00e1pido pelo mundo, atrav\u00e9s de novas formas de transmiss\u00e3o, sobre as quais entendemos muito pouco,&nbsp;e [&hellip;]","og_url":"https:\/\/aconteceunovale.com.br\/portal\/?p=189405","og_site_name":"Aconteceu no Vale","article_publisher":"https:\/\/www.facebook.com\/aconteceunovale\/","article_published_time":"2022-07-23T20:48:04+00:00","article_modified_time":"2022-07-23T20:53:10+00:00","og_image":[{"width":678,"height":406,"url":"https:\/\/aconteceunovale.com.br\/portal\/wp-content\/uploads\/2022\/06\/variola_macacos.jpg","type":"image\/jpeg"}],"author":"Reda\u00e7\u00e3o Aconteceu no Vale","twitter_card":"summary_large_image","twitter_creator":"@noticiadosvales","twitter_site":"@noticiadosvales","twitter_misc":{"Escrito por":"Reda\u00e7\u00e3o Aconteceu no Vale","Est. tempo de leitura":"2 minutos"},"schema":{"@context":"https:\/\/schema.org","@graph":[{"@type":"Article","@id":"https:\/\/aconteceunovale.com.br\/portal\/?p=189405#article","isPartOf":{"@id":"https:\/\/aconteceunovale.com.br\/portal\/?p=189405"},"author":{"name":"Reda\u00e7\u00e3o Aconteceu no Vale","@id":"https:\/\/aconteceunovale.com.br\/portal\/#\/schema\/person\/7d2f26d1483f8a63de73da1ee0754d35"},"headline":"OMS declara emerg\u00eancia internacional de sa\u00fade por causa da var\u00edola dos macacos","datePublished":"2022-07-23T20:48:04+00:00","dateModified":"2022-07-23T20:53:10+00:00","mainEntityOfPage":{"@id":"https:\/\/aconteceunovale.com.br\/portal\/?p=189405"},"wordCount":409,"commentCount":0,"image":{"@id":"https:\/\/aconteceunovale.com.br\/portal\/?p=189405#primaryimage"},"thumbnailUrl":"https:\/\/aconteceunovale.com.br\/portal\/wp-content\/uploads\/2022\/06\/variola_macacos.jpg","keywords":["Andr\u00e9 Bon","Brasil confirma s\u00e9timo caso de var\u00edola dos macacos","Brasil monitora dois casos suspeitos de var\u00edola dos macacos","Casos da var\u00edola dos macacos","Casos suspeitos de var\u00edola dos macacos no Brasil","Dados sobre var\u00edola dos macacos","destaque","Entenda o que \u00e9 a var\u00edola dos macacos","Hist\u00f3rico da var\u00edola dos macacos","Informa\u00e7\u00f5es sobre var\u00edola dos macacos","Instituto Butantan","O que \u00e9 a var\u00edola dos macacos","Ocorr\u00eancia de casos da var\u00edola dos macacos","Preven\u00e7\u00e3o da var\u00edola dos macacos","S\u00e3o Paulo confirma segundo caso de var\u00edola dos macacos","Sobre var\u00edola dos macacos","Suspeita de var\u00edola dos macacos no Brasil","Transmiss\u00e3o da var\u00edola dos macacos","Var\u00edola dos macacos","V\u00edrus da var\u00edola dos macacos"],"articleSection":["Mundo","Sa\u00fade"],"inLanguage":"pt-BR","potentialAction":[{"@type":"CommentAction","name":"Comment","target":["https:\/\/aconteceunovale.com.br\/portal\/?p=189405#respond"]}]},{"@type":"WebPage","@id":"https:\/\/aconteceunovale.com.br\/portal\/?p=189405","url":"https:\/\/aconteceunovale.com.br\/portal\/?p=189405","name":"OMS declara emerg\u00eancia internacional de sa\u00fade por causa da var\u00edola dos macacos - Aconteceu no Vale","isPartOf":{"@id":"https:\/\/aconteceunovale.com.br\/portal\/#website"},"primaryImageOfPage":{"@id":"https:\/\/aconteceunovale.com.br\/portal\/?p=189405#primaryimage"},"image":{"@id":"https:\/\/aconteceunovale.com.br\/portal\/?p=189405#primaryimage"},"thumbnailUrl":"https:\/\/aconteceunovale.com.br\/portal\/wp-content\/uploads\/2022\/06\/variola_macacos.jpg","datePublished":"2022-07-23T20:48:04+00:00","dateModified":"2022-07-23T20:53:10+00:00","author":{"@id":"https:\/\/aconteceunovale.com.br\/portal\/#\/schema\/person\/7d2f26d1483f8a63de73da1ee0754d35"},"breadcrumb":{"@id":"https:\/\/aconteceunovale.com.br\/portal\/?p=189405#breadcrumb"},"inLanguage":"pt-BR","potentialAction":[{"@type":"ReadAction","target":["https:\/\/aconteceunovale.com.br\/portal\/?p=189405"]}]},{"@type":"ImageObject","inLanguage":"pt-BR","@id":"https:\/\/aconteceunovale.com.br\/portal\/?p=189405#primaryimage","url":"https:\/\/aconteceunovale.com.br\/portal\/wp-content\/uploads\/2022\/06\/variola_macacos.jpg","contentUrl":"https:\/\/aconteceunovale.com.br\/portal\/wp-content\/uploads\/2022\/06\/variola_macacos.jpg","width":678,"height":406,"caption":"Foto: Dado Ruvic\/REUTERS"},{"@type":"BreadcrumbList","@id":"https:\/\/aconteceunovale.com.br\/portal\/?p=189405#breadcrumb","itemListElement":[{"@type":"ListItem","position":1,"name":"In\u00edcio","item":"https:\/\/aconteceunovale.com.br\/portal\/"},{"@type":"ListItem","position":2,"name":"OMS declara emerg\u00eancia internacional de sa\u00fade por causa da var\u00edola dos macacos"}]},{"@type":"WebSite","@id":"https:\/\/aconteceunovale.com.br\/portal\/#website","url":"https:\/\/aconteceunovale.com.br\/portal\/","name":"Aconteceu no Vale","description":"Portal de Not\u00edcias","potentialAction":[{"@type":"SearchAction","target":{"@type":"EntryPoint","urlTemplate":"https:\/\/aconteceunovale.com.br\/portal\/?s={search_term_string}"},"query-input":{"@type":"PropertyValueSpecification","valueRequired":true,"valueName":"search_term_string"}}],"inLanguage":"pt-BR"},{"@type":"Person","@id":"https:\/\/aconteceunovale.com.br\/portal\/#\/schema\/person\/7d2f26d1483f8a63de73da1ee0754d35","name":"Reda\u00e7\u00e3o Aconteceu no Vale","description":"Equipe de reportagem do Aconteceu no Vale, portal de not\u00edcias do Vale do Jequitinhonha, em Minas Gerais. Cobrimos as 51 cidades do Vale desde 2013. Sugest\u00f5es de pauta e pedidos de corre\u00e7\u00e3o: contato@aconteceunovale.com.br","url":"https:\/\/aconteceunovale.com.br\/portal\/?author=4"}]}},"_links":{"self":[{"href":"https:\/\/aconteceunovale.com.br\/portal\/index.php?rest_route=\/wp\/v2\/posts\/189405","targetHints":{"allow":["GET"]}}],"collection":[{"href":"https:\/\/aconteceunovale.com.br\/portal\/index.php?rest_route=\/wp\/v2\/posts"}],"about":[{"href":"https:\/\/aconteceunovale.com.br\/portal\/index.php?rest_route=\/wp\/v2\/types\/post"}],"author":[{"embeddable":true,"href":"https:\/\/aconteceunovale.com.br\/portal\/index.php?rest_route=\/wp\/v2\/users\/4"}],"replies":[{"embeddable":true,"href":"https:\/\/aconteceunovale.com.br\/portal\/index.php?rest_route=%2Fwp%2Fv2%2Fcomments&post=189405"}],"version-history":[{"count":1,"href":"https:\/\/aconteceunovale.com.br\/portal\/index.php?rest_route=\/wp\/v2\/posts\/189405\/revisions"}],"predecessor-version":[{"id":189406,"href":"https:\/\/aconteceunovale.com.br\/portal\/index.php?rest_route=\/wp\/v2\/posts\/189405\/revisions\/189406"}],"wp:featuredmedia":[{"embeddable":true,"href":"https:\/\/aconteceunovale.com.br\/portal\/index.php?rest_route=\/wp\/v2\/media\/189225"}],"wp:attachment":[{"href":"https:\/\/aconteceunovale.com.br\/portal\/index.php?rest_route=%2Fwp%2Fv2%2Fmedia&parent=189405"}],"wp:term":[{"taxonomy":"category","embeddable":true,"href":"https:\/\/aconteceunovale.com.br\/portal\/index.php?rest_route=%2Fwp%2Fv2%2Fcategories&post=189405"},{"taxonomy":"post_tag","embeddable":true,"href":"https:\/\/aconteceunovale.com.br\/portal\/index.php?rest_route=%2Fwp%2Fv2%2Ftags&post=189405"}],"curies":[{"name":"wp","href":"https:\/\/api.w.org\/{rel}","templated":true}]}}