{"id":189402,"date":"2022-07-23T17:41:11","date_gmt":"2022-07-23T20:41:11","guid":{"rendered":"https:\/\/aconteceunovale.com.br\/portal\/?p=189402"},"modified":"2022-07-23T17:41:40","modified_gmt":"2022-07-23T20:41:40","slug":"cuca-volta-ao-comando-do-galo","status":"publish","type":"post","link":"https:\/\/aconteceunovale.com.br\/portal\/?p=189402","title":{"rendered":"Cuca volta ao comando do Galo"},"content":{"rendered":"\n<p class=\"wp-block-paragraph\">O Atl\u00e9tico-MG agiu r\u00e1pido ap\u00f3s a demiss\u00e3o de Antonio &#8220;Turco&#8221; Mohamed e acertou o retorno de Cuca. O treinador de 59 anos, que levou o Galo aos t\u00edtulos do Campeonato Brasileiro e da Copa do Brasil em 2021, foi anunciado neste\u00a0s\u00e1bado\u00a0(23), um dia ap\u00f3s o clube\u00a0definir a sa\u00edda do t\u00e9cnico argentino.<\/p>\n\n\n\n<figure class=\"wp-block-gallery has-nested-images columns-default is-cropped wp-block-gallery-1 is-layout-flex wp-block-gallery-is-layout-flex\">\n<figure class=\"wp-block-image size-large\"><img loading=\"lazy\" decoding=\"async\" width=\"678\" height=\"406\" data-id=\"189403\" src=\"https:\/\/aconteceunovale.com.br\/portal\/wp-content\/uploads\/2022\/07\/cuca_galo.jpg\" alt=\"\" class=\"wp-image-189403\" srcset=\"https:\/\/aconteceunovale.com.br\/portal\/wp-content\/uploads\/2022\/07\/cuca_galo.jpg 678w, https:\/\/aconteceunovale.com.br\/portal\/wp-content\/uploads\/2022\/07\/cuca_galo-300x180.jpg 300w\" sizes=\"auto, (max-width: 678px) 100vw, 678px\" \/><figcaption><em><sub>Foto: Pedro Souza\/Atletico-MG<\/sub><\/em><\/figcaption><\/figure>\n<\/figure>\n\n\n\n<p class=\"wp-block-paragraph\">Cuca deixou o Atl\u00e9tico em dezembro do ano passado, alegando &#8220;motivos pessoais, de ordem familiar&#8221;, conforme a nota divulgada pelo Galo na ocasi\u00e3o. O comunicado ainda informava que o t\u00e9cnico n\u00e3o comandaria outra equipe em 2022. O substituto dele foi justamente Turco Mohamed.<\/p>\n\n\n\n<p class=\"wp-block-paragraph\">&#8220;Tive um chamado da diretoria e, momentaneamente, interrompo o meu projeto. N\u00e3o podia deixar de atender esse chamado da diretoria, da massa [torcida] e poder me unir novamente ao grupo de jogadores nessa empreitada dif\u00edcil, mas com bastante otimismo para que&nbsp;possamos&nbsp;atender aos anseios de todos. Nossa hist\u00f3ria com o Galo \u00e9 muito grande, muito bonita. N\u00e3o tinha como, nesse momento, negar meus servi\u00e7os ao clube que tanto amo&#8221;, declarou Cuca, em v\u00eddeo divulgado pelo Atl\u00e9tico.<\/p>\n\n\n\n<p class=\"wp-block-paragraph\">A previs\u00e3o \u00e9 que a reestreia de Cuca seja no pr\u00f3ximo domingo&nbsp;(31), \u00e0s 16h (hor\u00e1rio de Bras\u00edlia), contra o Internacional, no Beira-Rio, em Porto Alegre, pela 20\u00aa rodada do Brasileiro. Ele chega \u00e0&nbsp;Belo Horizonte na&nbsp;segunda-feira (25). Neste&nbsp;domingo&nbsp;(24), diante do Corinthians, \u00e0s 18h, no Mineir\u00e3o, o Atl\u00e9tico ser\u00e1 comandado pelo auxiliar permanente Lucas Gon\u00e7alves.<\/p>\n\n\n\n<p class=\"wp-block-paragraph\">O t\u00e9cnico assume o Galo na terceira posi\u00e7\u00e3o do Brasileiro, com 32 pontos, quatro atr\u00e1s do l\u00edder Palmeiras. A equipe tamb\u00e9m est\u00e1 viva na Libertadores, classificada para as quartas de final, onde&nbsp;ter\u00e1 justamente o Verd\u00e3o pela frente, mesmo advers\u00e1rio que eliminou os mineiros na edi\u00e7\u00e3o passada da competi\u00e7\u00e3o, na semifinal.<\/p>\n\n\n\n<p class=\"wp-block-paragraph\">Ser\u00e1 a terceira passagem de Cuca pelo Atl\u00e9tico. Ele dirigiu a equipe alvinegra em 224 jogos, com 128 vit\u00f3rias, 48 empates, 48 derrotas e 64,2% de aproveitamento. O primeiro trabalho foi realizado entre 2011 e 2013, marcado pelo bicampeonato mineiro (2012 e 2013) e o in\u00e9dito t\u00edtulo da Libertadores (2013). O segundo, entre mar\u00e7o e dezembro do ano passado, teve as conquistas do Estadual, da Copa do Brasil e do Brasileiro, que n\u00e3o vinha desde 1971.<\/p>\n\n\n\n<p class=\"wp-block-paragraph\">&#8212;&#8212;&#8212;&#8212;&#8212;&#8212;<br><br><strong>Sabia que o Aconteceu no Vale est\u00e1 tamb\u00e9m no Telegram? <a rel=\"noreferrer noopener\" href=\"https:\/\/t.me\/aconteceunovaleoficial\" target=\"_blank\">Inscreva-se no canal<\/a>.<\/strong><br><br><strong>J\u00e1 curtiu ou seguiu nossas p\u00e1ginas nas redes sociais?\u00a0Receba as not\u00edcias em primeira m\u00e3o:<\/strong><br>\u2022 <a rel=\"noreferrer noopener\" href=\"https:\/\/news.google.com\/publications\/CAAqBwgKMNjklQswi4etAw?hl=pt-BR&amp;gl=BR&amp;ceid=BR%3Apt-419\" target=\"_blank\">Google News<\/a><br>\u2022 <a rel=\"noreferrer noopener\" href=\"https:\/\/www.facebook.com\/aconteceunovale\/\" target=\"_blank\">Facebook<\/a><br>\u2022 <a rel=\"noreferrer noopener\" href=\"https:\/\/twitter.com\/noticiadosvales\" target=\"_blank\">Twitter<\/a><br>\u2022 <a rel=\"noreferrer noopener\" href=\"https:\/\/www.instagram.com\/aconteceunovale\" target=\"_blank\">Instagram<\/a><br>\u2022 <a rel=\"noreferrer noopener\" href=\"https:\/\/www.youtube.com\/AconteceunoValeOficial\" target=\"_blank\">Youtube<\/a><br>\u2022 <a rel=\"noreferrer noopener\" href=\"https:\/\/www.tiktok.com\/@aconteceunovale\" target=\"_blank\">TikTok<\/a><\/p>\n","protected":false},"excerpt":{"rendered":"<p>O Atl\u00e9tico-MG agiu r\u00e1pido ap\u00f3s a demiss\u00e3o de Antonio &#8220;Turco&#8221; Mohamed e acertou o retorno de Cuca. O treinador de 59 anos, que levou o Galo aos t\u00edtulos do Campeonato Brasileiro e da Copa do Brasil em 2021, foi anunciado neste\u00a0s\u00e1bado\u00a0(23), um dia ap\u00f3s o clube\u00a0definir a sa\u00edda do t\u00e9cnico argentino. Cuca deixou o Atl\u00e9tico [&hellip;]<\/p>\n","protected":false},"author":4,"featured_media":189403,"comment_status":"open","ping_status":"closed","sticky":false,"template":"","format":"standard","meta":{"amp_status":"","footnotes":""},"categories":[6,59,123],"tags":[257326,12311,2741,40575,257321,194,1017,682,256432,256433,256434,256435,261628,1018,257328,257327,12312,211043,256438,256437,256436,227860,256439,256440,131,257325,257324,257323,257322],"class_list":["post-189402","post","type-post","status-publish","format-standard","has-post-thumbnail","hentry","category-br","category-esportes","category-gerais","tag-antonio-mohamed","tag-atletico","tag-atletico-mineiro","tag-atletico-mg","tag-atletico-mg-anuncia-substituto-de-cuca","tag-belo-horizonte","tag-bh","tag-cruzeiro","tag-cuca-deixa-o-comando-tecnico-do-atletico-mg","tag-cuca-deixa-o-galo","tag-cuca-sai-do-atletico-mg","tag-cuca-sai-do-galo","tag-cuca-volta-ao-comando-do-galo","tag-destaque","tag-el-turco-antonio-mohamed","tag-el-turco-no-galo","tag-galo","tag-jorge-jesus","tag-jorge-jesus-atletico-mg","tag-jorge-jesus-galo","tag-jorge-jesus-pode-assumir-o-galo","tag-jorge-sampaoli","tag-luxa-fora-do-cruzeiro","tag-luxemburgo-demitido-do-cruzeiro","tag-minas-gerais","tag-novo-tecnico-do-atletico-mineiro","tag-novo-tecnico-do-atletico-mg","tag-novo-tecnico-do-galo","tag-substituto-de-cuca"],"yoast_head":"<!-- This site is optimized with the Yoast SEO plugin v28.3 - https:\/\/yoast.com\/product\/yoast-seo-wordpress\/ -->\n<title>Cuca volta ao comando do Galo - Aconteceu no Vale<\/title>\n<meta name=\"robots\" content=\"index, follow, max-snippet:-1, max-image-preview:large, max-video-preview:-1\" \/>\n<link rel=\"canonical\" href=\"https:\/\/aconteceunovale.com.br\/portal\/?p=189402\" \/>\n<meta property=\"og:locale\" content=\"pt_BR\" \/>\n<meta property=\"og:type\" content=\"article\" \/>\n<meta property=\"og:title\" content=\"Cuca volta ao comando do Galo - Aconteceu no Vale\" \/>\n<meta property=\"og:description\" content=\"O Atl\u00e9tico-MG agiu r\u00e1pido ap\u00f3s a demiss\u00e3o de Antonio &#8220;Turco&#8221; Mohamed e acertou o retorno de Cuca. O treinador de 59 anos, que levou o Galo aos t\u00edtulos do Campeonato Brasileiro e da Copa do Brasil em 2021, foi anunciado neste\u00a0s\u00e1bado\u00a0(23), um dia ap\u00f3s o clube\u00a0definir a sa\u00edda do t\u00e9cnico argentino. Cuca deixou o Atl\u00e9tico [&hellip;]\" \/>\n<meta property=\"og:url\" content=\"https:\/\/aconteceunovale.com.br\/portal\/?p=189402\" \/>\n<meta property=\"og:site_name\" content=\"Aconteceu no Vale\" \/>\n<meta property=\"article:publisher\" content=\"https:\/\/www.facebook.com\/aconteceunovale\/\" \/>\n<meta property=\"article:published_time\" content=\"2022-07-23T20:41:11+00:00\" \/>\n<meta property=\"article:modified_time\" content=\"2022-07-23T20:41:40+00:00\" \/>\n<meta property=\"og:image\" content=\"https:\/\/aconteceunovale.com.br\/portal\/wp-content\/uploads\/2022\/07\/cuca_galo.jpg\" \/>\n\t<meta property=\"og:image:width\" content=\"678\" \/>\n\t<meta property=\"og:image:height\" content=\"406\" \/>\n\t<meta property=\"og:image:type\" content=\"image\/jpeg\" \/>\n<meta name=\"author\" content=\"Reda\u00e7\u00e3o Aconteceu no Vale\" \/>\n<meta name=\"twitter:card\" content=\"summary_large_image\" \/>\n<meta name=\"twitter:creator\" content=\"@noticiadosvales\" \/>\n<meta name=\"twitter:site\" content=\"@noticiadosvales\" \/>\n<meta name=\"twitter:label1\" content=\"Escrito por\" \/>\n\t<meta name=\"twitter:data1\" content=\"Reda\u00e7\u00e3o Aconteceu no Vale\" \/>\n\t<meta name=\"twitter:label2\" content=\"Est. tempo de leitura\" \/>\n\t<meta name=\"twitter:data2\" content=\"2 minutos\" \/>\n<script type=\"application\/ld+json\" class=\"yoast-schema-graph\">{\"@context\":\"https:\\\/\\\/schema.org\",\"@graph\":[{\"@type\":\"Article\",\"@id\":\"https:\\\/\\\/aconteceunovale.com.br\\\/portal\\\/?p=189402#article\",\"isPartOf\":{\"@id\":\"https:\\\/\\\/aconteceunovale.com.br\\\/portal\\\/?p=189402\"},\"author\":{\"name\":\"Reda\u00e7\u00e3o Aconteceu no Vale\",\"@id\":\"https:\\\/\\\/aconteceunovale.com.br\\\/portal\\\/#\\\/schema\\\/person\\\/7d2f26d1483f8a63de73da1ee0754d35\"},\"headline\":\"Cuca volta ao comando do Galo\",\"datePublished\":\"2022-07-23T20:41:11+00:00\",\"dateModified\":\"2022-07-23T20:41:40+00:00\",\"mainEntityOfPage\":{\"@id\":\"https:\\\/\\\/aconteceunovale.com.br\\\/portal\\\/?p=189402\"},\"wordCount\":436,\"commentCount\":0,\"image\":{\"@id\":\"https:\\\/\\\/aconteceunovale.com.br\\\/portal\\\/?p=189402#primaryimage\"},\"thumbnailUrl\":\"https:\\\/\\\/aconteceunovale.com.br\\\/portal\\\/wp-content\\\/uploads\\\/2022\\\/07\\\/cuca_galo.jpg\",\"keywords\":[\"Antonio Mohamed\",\"Atl\u00e9tico\",\"Atl\u00e9tico Mineiro\",\"Atl\u00e9tico-MG\",\"Atl\u00e9tico-MG anuncia substituto de Cuca\",\"Belo Horizonte\",\"bh\",\"Cruzeiro\",\"Cuca deixa o comando t\u00e9cnico do Atl\u00e9tico-MG\",\"Cuca deixa o Galo\",\"Cuca sai do Atl\u00e9tico-MG\",\"Cuca sai do Galo\",\"Cuca volta ao comando do Galo\",\"destaque\",\"El Turco Antonio Mohamed\",\"El Turco no Galo\",\"galo\",\"Jorge Jesus\",\"Jorge Jesus Atl\u00e9tico-MG\",\"Jorge Jesus Galo\",\"Jorge Jesus pode assumir o Galo\",\"Jorge Sampaoli\",\"Luxa fora do Cruzeiro\",\"Luxemburgo demitido do Cruzeiro\",\"Minas Gerais\",\"Novo t\u00e9cnico do Atl\u00e9tico Mineiro\",\"Novo t\u00e9cnico do Atl\u00e9tico-MG\",\"Novo t\u00e9cnico do Galo\",\"Substituto de Cuca\"],\"articleSection\":[\"Brasil\",\"Esportes\",\"Minas Gerais\"],\"inLanguage\":\"pt-BR\",\"potentialAction\":[{\"@type\":\"CommentAction\",\"name\":\"Comment\",\"target\":[\"https:\\\/\\\/aconteceunovale.com.br\\\/portal\\\/?p=189402#respond\"]}]},{\"@type\":\"WebPage\",\"@id\":\"https:\\\/\\\/aconteceunovale.com.br\\\/portal\\\/?p=189402\",\"url\":\"https:\\\/\\\/aconteceunovale.com.br\\\/portal\\\/?p=189402\",\"name\":\"Cuca volta ao comando do Galo - Aconteceu no Vale\",\"isPartOf\":{\"@id\":\"https:\\\/\\\/aconteceunovale.com.br\\\/portal\\\/#website\"},\"primaryImageOfPage\":{\"@id\":\"https:\\\/\\\/aconteceunovale.com.br\\\/portal\\\/?p=189402#primaryimage\"},\"image\":{\"@id\":\"https:\\\/\\\/aconteceunovale.com.br\\\/portal\\\/?p=189402#primaryimage\"},\"thumbnailUrl\":\"https:\\\/\\\/aconteceunovale.com.br\\\/portal\\\/wp-content\\\/uploads\\\/2022\\\/07\\\/cuca_galo.jpg\",\"datePublished\":\"2022-07-23T20:41:11+00:00\",\"dateModified\":\"2022-07-23T20:41:40+00:00\",\"author\":{\"@id\":\"https:\\\/\\\/aconteceunovale.com.br\\\/portal\\\/#\\\/schema\\\/person\\\/7d2f26d1483f8a63de73da1ee0754d35\"},\"breadcrumb\":{\"@id\":\"https:\\\/\\\/aconteceunovale.com.br\\\/portal\\\/?p=189402#breadcrumb\"},\"inLanguage\":\"pt-BR\",\"potentialAction\":[{\"@type\":\"ReadAction\",\"target\":[\"https:\\\/\\\/aconteceunovale.com.br\\\/portal\\\/?p=189402\"]}]},{\"@type\":\"ImageObject\",\"inLanguage\":\"pt-BR\",\"@id\":\"https:\\\/\\\/aconteceunovale.com.br\\\/portal\\\/?p=189402#primaryimage\",\"url\":\"https:\\\/\\\/aconteceunovale.com.br\\\/portal\\\/wp-content\\\/uploads\\\/2022\\\/07\\\/cuca_galo.jpg\",\"contentUrl\":\"https:\\\/\\\/aconteceunovale.com.br\\\/portal\\\/wp-content\\\/uploads\\\/2022\\\/07\\\/cuca_galo.jpg\",\"width\":678,\"height\":406},{\"@type\":\"BreadcrumbList\",\"@id\":\"https:\\\/\\\/aconteceunovale.com.br\\\/portal\\\/?p=189402#breadcrumb\",\"itemListElement\":[{\"@type\":\"ListItem\",\"position\":1,\"name\":\"In\u00edcio\",\"item\":\"https:\\\/\\\/aconteceunovale.com.br\\\/portal\\\/\"},{\"@type\":\"ListItem\",\"position\":2,\"name\":\"Cuca volta ao comando do Galo\"}]},{\"@type\":\"WebSite\",\"@id\":\"https:\\\/\\\/aconteceunovale.com.br\\\/portal\\\/#website\",\"url\":\"https:\\\/\\\/aconteceunovale.com.br\\\/portal\\\/\",\"name\":\"Aconteceu no Vale\",\"description\":\"Portal de Not\u00edcias\",\"potentialAction\":[{\"@type\":\"SearchAction\",\"target\":{\"@type\":\"EntryPoint\",\"urlTemplate\":\"https:\\\/\\\/aconteceunovale.com.br\\\/portal\\\/?s={search_term_string}\"},\"query-input\":{\"@type\":\"PropertyValueSpecification\",\"valueRequired\":true,\"valueName\":\"search_term_string\"}}],\"inLanguage\":\"pt-BR\"},{\"@type\":\"Person\",\"@id\":\"https:\\\/\\\/aconteceunovale.com.br\\\/portal\\\/#\\\/schema\\\/person\\\/7d2f26d1483f8a63de73da1ee0754d35\",\"name\":\"Reda\u00e7\u00e3o Aconteceu no Vale\",\"description\":\"Equipe de reportagem do Aconteceu no Vale, portal de not\u00edcias do Vale do Jequitinhonha, em Minas Gerais. Cobrimos as 51 cidades do Vale desde 2013. Sugest\u00f5es de pauta e pedidos de corre\u00e7\u00e3o: contato@aconteceunovale.com.br\",\"url\":\"https:\\\/\\\/aconteceunovale.com.br\\\/portal\\\/?author=4\"}]}<\/script>\n<!-- \/ Yoast SEO plugin. -->","yoast_head_json":{"title":"Cuca volta ao comando do Galo - Aconteceu no Vale","robots":{"index":"index","follow":"follow","max-snippet":"max-snippet:-1","max-image-preview":"max-image-preview:large","max-video-preview":"max-video-preview:-1"},"canonical":"https:\/\/aconteceunovale.com.br\/portal\/?p=189402","og_locale":"pt_BR","og_type":"article","og_title":"Cuca volta ao comando do Galo - Aconteceu no Vale","og_description":"O Atl\u00e9tico-MG agiu r\u00e1pido ap\u00f3s a demiss\u00e3o de Antonio &#8220;Turco&#8221; Mohamed e acertou o retorno de Cuca. O treinador de 59 anos, que levou o Galo aos t\u00edtulos do Campeonato Brasileiro e da Copa do Brasil em 2021, foi anunciado neste\u00a0s\u00e1bado\u00a0(23), um dia ap\u00f3s o clube\u00a0definir a sa\u00edda do t\u00e9cnico argentino. Cuca deixou o Atl\u00e9tico [&hellip;]","og_url":"https:\/\/aconteceunovale.com.br\/portal\/?p=189402","og_site_name":"Aconteceu no Vale","article_publisher":"https:\/\/www.facebook.com\/aconteceunovale\/","article_published_time":"2022-07-23T20:41:11+00:00","article_modified_time":"2022-07-23T20:41:40+00:00","og_image":[{"width":678,"height":406,"url":"https:\/\/aconteceunovale.com.br\/portal\/wp-content\/uploads\/2022\/07\/cuca_galo.jpg","type":"image\/jpeg"}],"author":"Reda\u00e7\u00e3o Aconteceu no Vale","twitter_card":"summary_large_image","twitter_creator":"@noticiadosvales","twitter_site":"@noticiadosvales","twitter_misc":{"Escrito por":"Reda\u00e7\u00e3o Aconteceu no Vale","Est. tempo de leitura":"2 minutos"},"schema":{"@context":"https:\/\/schema.org","@graph":[{"@type":"Article","@id":"https:\/\/aconteceunovale.com.br\/portal\/?p=189402#article","isPartOf":{"@id":"https:\/\/aconteceunovale.com.br\/portal\/?p=189402"},"author":{"name":"Reda\u00e7\u00e3o Aconteceu no Vale","@id":"https:\/\/aconteceunovale.com.br\/portal\/#\/schema\/person\/7d2f26d1483f8a63de73da1ee0754d35"},"headline":"Cuca volta ao comando do Galo","datePublished":"2022-07-23T20:41:11+00:00","dateModified":"2022-07-23T20:41:40+00:00","mainEntityOfPage":{"@id":"https:\/\/aconteceunovale.com.br\/portal\/?p=189402"},"wordCount":436,"commentCount":0,"image":{"@id":"https:\/\/aconteceunovale.com.br\/portal\/?p=189402#primaryimage"},"thumbnailUrl":"https:\/\/aconteceunovale.com.br\/portal\/wp-content\/uploads\/2022\/07\/cuca_galo.jpg","keywords":["Antonio Mohamed","Atl\u00e9tico","Atl\u00e9tico Mineiro","Atl\u00e9tico-MG","Atl\u00e9tico-MG anuncia substituto de Cuca","Belo Horizonte","bh","Cruzeiro","Cuca deixa o comando t\u00e9cnico do Atl\u00e9tico-MG","Cuca deixa o Galo","Cuca sai do Atl\u00e9tico-MG","Cuca sai do Galo","Cuca volta ao comando do Galo","destaque","El Turco Antonio Mohamed","El Turco no Galo","galo","Jorge Jesus","Jorge Jesus Atl\u00e9tico-MG","Jorge Jesus Galo","Jorge Jesus pode assumir o Galo","Jorge Sampaoli","Luxa fora do Cruzeiro","Luxemburgo demitido do Cruzeiro","Minas Gerais","Novo t\u00e9cnico do Atl\u00e9tico Mineiro","Novo t\u00e9cnico do Atl\u00e9tico-MG","Novo t\u00e9cnico do Galo","Substituto de Cuca"],"articleSection":["Brasil","Esportes","Minas Gerais"],"inLanguage":"pt-BR","potentialAction":[{"@type":"CommentAction","name":"Comment","target":["https:\/\/aconteceunovale.com.br\/portal\/?p=189402#respond"]}]},{"@type":"WebPage","@id":"https:\/\/aconteceunovale.com.br\/portal\/?p=189402","url":"https:\/\/aconteceunovale.com.br\/portal\/?p=189402","name":"Cuca volta ao comando do Galo - Aconteceu no Vale","isPartOf":{"@id":"https:\/\/aconteceunovale.com.br\/portal\/#website"},"primaryImageOfPage":{"@id":"https:\/\/aconteceunovale.com.br\/portal\/?p=189402#primaryimage"},"image":{"@id":"https:\/\/aconteceunovale.com.br\/portal\/?p=189402#primaryimage"},"thumbnailUrl":"https:\/\/aconteceunovale.com.br\/portal\/wp-content\/uploads\/2022\/07\/cuca_galo.jpg","datePublished":"2022-07-23T20:41:11+00:00","dateModified":"2022-07-23T20:41:40+00:00","author":{"@id":"https:\/\/aconteceunovale.com.br\/portal\/#\/schema\/person\/7d2f26d1483f8a63de73da1ee0754d35"},"breadcrumb":{"@id":"https:\/\/aconteceunovale.com.br\/portal\/?p=189402#breadcrumb"},"inLanguage":"pt-BR","potentialAction":[{"@type":"ReadAction","target":["https:\/\/aconteceunovale.com.br\/portal\/?p=189402"]}]},{"@type":"ImageObject","inLanguage":"pt-BR","@id":"https:\/\/aconteceunovale.com.br\/portal\/?p=189402#primaryimage","url":"https:\/\/aconteceunovale.com.br\/portal\/wp-content\/uploads\/2022\/07\/cuca_galo.jpg","contentUrl":"https:\/\/aconteceunovale.com.br\/portal\/wp-content\/uploads\/2022\/07\/cuca_galo.jpg","width":678,"height":406},{"@type":"BreadcrumbList","@id":"https:\/\/aconteceunovale.com.br\/portal\/?p=189402#breadcrumb","itemListElement":[{"@type":"ListItem","position":1,"name":"In\u00edcio","item":"https:\/\/aconteceunovale.com.br\/portal\/"},{"@type":"ListItem","position":2,"name":"Cuca volta ao comando do Galo"}]},{"@type":"WebSite","@id":"https:\/\/aconteceunovale.com.br\/portal\/#website","url":"https:\/\/aconteceunovale.com.br\/portal\/","name":"Aconteceu no Vale","description":"Portal de Not\u00edcias","potentialAction":[{"@type":"SearchAction","target":{"@type":"EntryPoint","urlTemplate":"https:\/\/aconteceunovale.com.br\/portal\/?s={search_term_string}"},"query-input":{"@type":"PropertyValueSpecification","valueRequired":true,"valueName":"search_term_string"}}],"inLanguage":"pt-BR"},{"@type":"Person","@id":"https:\/\/aconteceunovale.com.br\/portal\/#\/schema\/person\/7d2f26d1483f8a63de73da1ee0754d35","name":"Reda\u00e7\u00e3o Aconteceu no Vale","description":"Equipe de reportagem do Aconteceu no Vale, portal de not\u00edcias do Vale do Jequitinhonha, em Minas Gerais. Cobrimos as 51 cidades do Vale desde 2013. Sugest\u00f5es de pauta e pedidos de corre\u00e7\u00e3o: contato@aconteceunovale.com.br","url":"https:\/\/aconteceunovale.com.br\/portal\/?author=4"}]}},"_links":{"self":[{"href":"https:\/\/aconteceunovale.com.br\/portal\/index.php?rest_route=\/wp\/v2\/posts\/189402","targetHints":{"allow":["GET"]}}],"collection":[{"href":"https:\/\/aconteceunovale.com.br\/portal\/index.php?rest_route=\/wp\/v2\/posts"}],"about":[{"href":"https:\/\/aconteceunovale.com.br\/portal\/index.php?rest_route=\/wp\/v2\/types\/post"}],"author":[{"embeddable":true,"href":"https:\/\/aconteceunovale.com.br\/portal\/index.php?rest_route=\/wp\/v2\/users\/4"}],"replies":[{"embeddable":true,"href":"https:\/\/aconteceunovale.com.br\/portal\/index.php?rest_route=%2Fwp%2Fv2%2Fcomments&post=189402"}],"version-history":[{"count":1,"href":"https:\/\/aconteceunovale.com.br\/portal\/index.php?rest_route=\/wp\/v2\/posts\/189402\/revisions"}],"predecessor-version":[{"id":189404,"href":"https:\/\/aconteceunovale.com.br\/portal\/index.php?rest_route=\/wp\/v2\/posts\/189402\/revisions\/189404"}],"wp:featuredmedia":[{"embeddable":true,"href":"https:\/\/aconteceunovale.com.br\/portal\/index.php?rest_route=\/wp\/v2\/media\/189403"}],"wp:attachment":[{"href":"https:\/\/aconteceunovale.com.br\/portal\/index.php?rest_route=%2Fwp%2Fv2%2Fmedia&parent=189402"}],"wp:term":[{"taxonomy":"category","embeddable":true,"href":"https:\/\/aconteceunovale.com.br\/portal\/index.php?rest_route=%2Fwp%2Fv2%2Fcategories&post=189402"},{"taxonomy":"post_tag","embeddable":true,"href":"https:\/\/aconteceunovale.com.br\/portal\/index.php?rest_route=%2Fwp%2Fv2%2Ftags&post=189402"}],"curies":[{"name":"wp","href":"https:\/\/api.w.org\/{rel}","templated":true}]}}