{"id":189387,"date":"2022-07-22T10:44:01","date_gmt":"2022-07-22T13:44:01","guid":{"rendered":"https:\/\/aconteceunovale.com.br\/portal\/?p=189387"},"modified":"2022-07-22T10:45:19","modified_gmt":"2022-07-22T13:45:19","slug":"facebook-renova-feed-principal-para-atrair-usuarios-mais-jovens","status":"publish","type":"post","link":"https:\/\/aconteceunovale.com.br\/portal\/?p=189387","title":{"rendered":"Facebook renova feed principal para atrair usu\u00e1rios mais jovens"},"content":{"rendered":"\n<p class=\"wp-block-paragraph\">A Meta informou nessa quinta-feira (21) que est\u00e1 reformulando o\u00a0<em>feed<\/em>\u00a0principal do Facebook para priorizar novos conte\u00fados, em uma tentativa de estilizar seus aplicativos em linha com o aplicativo rival de v\u00eddeo curto TikTok.<img decoding=\"async\" src=\"https:\/\/agenciabrasil.ebc.com.br\/ebc.png?id=1471933&amp;o=node\"><\/p>\n\n\n\n<p class=\"wp-block-paragraph\">Os executivos do Meta expressaram maior urg\u00eancia nos \u00faltimos meses em aumentar os &#8216;Reels&#8217;, similar ao formato de v\u00eddeo curto do TikTok, que tem sido popular entre usu\u00e1rios mais jovens.<\/p>\n\n\n\n<p class=\"wp-block-paragraph\">A p\u00e1gina principal do feed de not\u00edcias do Facebook que os usu\u00e1rios veem quando abrem o aplicativo come\u00e7ar\u00e1 a apresentar postagens populares de contas que os usu\u00e1rios n\u00e3o seguem, incluindo&nbsp;<em>reels<\/em>&nbsp;e&nbsp;<em>stories<\/em>, disse a Meta em comunicado.<\/p>\n\n\n\n<p class=\"wp-block-paragraph\">O Facebook vai sugerir postagens aos usu\u00e1rios com um sistema de classifica\u00e7\u00e3o de aprendizado de m\u00e1quina e est\u00e1 investindo em intelig\u00eancia artificial para fornecer conte\u00fado recomendado.<\/p>\n\n\n\n<p class=\"wp-block-paragraph\">O&nbsp;<em>feed<\/em>&nbsp;de not\u00edcias atual, com postagens recentes de amigos, p\u00e1ginas e grupos que os usu\u00e1rios escolhem ativamente seguir, ser\u00e1 movido para uma nova guia separada chamada&nbsp;<em>Feeds<\/em>.<\/p>\n\n\n\n<p class=\"wp-block-paragraph\">Os&nbsp;<em>feeds<\/em>&nbsp;incluir\u00e3o an\u00fancios, por\u00e9m a Meta disse que n\u00e3o ter\u00e1 postagens sugeridas para o usu\u00e1rio.<\/p>\n\n\n\n<p class=\"wp-block-paragraph\">Adam Mosseri, chefe do aplicativo Instagram, anunciou testes de uma experi\u00eancia de visualiza\u00e7\u00e3o mais imersiva no estilo TikTok em maio, enquanto o presidente-executivo Mark Zuckerberg disse em abril que a companhia estava fazendo investimentos significativos em intelig\u00eancia artificial e aprendizado de m\u00e1quina para apoiar a abordagem de &#8220;motor de descoberta&#8221;.<\/p>\n\n\n\n<p class=\"wp-block-paragraph\">&#8212;&#8212;&#8212;&#8212;&#8212;&#8212;<br><br><strong>Sabia que o Aconteceu no Vale est\u00e1 tamb\u00e9m no Telegram? <a rel=\"noreferrer noopener\" href=\"https:\/\/t.me\/aconteceunovaleoficial\" target=\"_blank\">Inscreva-se no canal<\/a>.<\/strong><br><br><strong>J\u00e1 curtiu ou seguiu nossas p\u00e1ginas nas redes sociais?\u00a0Receba as not\u00edcias em primeira m\u00e3o:<\/strong><br>\u2022 <a rel=\"noreferrer noopener\" href=\"https:\/\/news.google.com\/publications\/CAAqBwgKMNjklQswi4etAw?hl=pt-BR&amp;gl=BR&amp;ceid=BR%3Apt-419\" target=\"_blank\">Google News<\/a><br>\u2022 <a rel=\"noreferrer noopener\" href=\"https:\/\/www.facebook.com\/aconteceunovale\/\" target=\"_blank\">Facebook<\/a><br>\u2022 <a rel=\"noreferrer noopener\" href=\"https:\/\/twitter.com\/noticiadosvales\" target=\"_blank\">Twitter<\/a><br>\u2022 <a rel=\"noreferrer noopener\" href=\"https:\/\/www.instagram.com\/aconteceunovale\" target=\"_blank\">Instagram<\/a><br>\u2022 <a rel=\"noreferrer noopener\" href=\"https:\/\/www.youtube.com\/AconteceunoValeOficial\" target=\"_blank\">Youtube<\/a><br>\u2022 <a rel=\"noreferrer noopener\" href=\"https:\/\/www.tiktok.com\/@aconteceunovale\" target=\"_blank\">TikTok<\/a><\/p>\n","protected":false},"excerpt":{"rendered":"<p>A Meta informou nessa quinta-feira (21) que est\u00e1 reformulando o\u00a0feed\u00a0principal do Facebook para priorizar novos conte\u00fados, em uma tentativa de estilizar seus aplicativos em linha com o aplicativo rival de v\u00eddeo curto TikTok. Os executivos do Meta expressaram maior urg\u00eancia nos \u00faltimos meses em aumentar os &#8216;Reels&#8217;, similar ao formato de v\u00eddeo curto do TikTok, [&hellip;]<\/p>\n","protected":false},"author":4,"featured_media":127024,"comment_status":"open","ping_status":"closed","sticky":false,"template":"","format":"standard","meta":{"amp_status":"","footnotes":""},"categories":[28848,40247],"tags":[261606,1018,4624,261607,261605,169069,261609,261608],"class_list":["post-189387","post","type-post","status-publish","format-standard","has-post-thumbnail","hentry","category-mundo","category-tecnologia-2","tag-alteracoes-no-facebook","tag-destaque","tag-facebook","tag-facebook-quer-atrair-usuarios-mais-jovens","tag-facebook-renova-feed-principal","tag-mudancas-no-facebook","tag-reels","tag-tiktok"],"yoast_head":"<!-- This site is optimized with the Yoast SEO plugin v28.3 - https:\/\/yoast.com\/product\/yoast-seo-wordpress\/ -->\n<title>Facebook renova feed principal para atrair usu\u00e1rios mais jovens - Aconteceu no Vale<\/title>\n<meta name=\"robots\" content=\"index, follow, max-snippet:-1, max-image-preview:large, max-video-preview:-1\" \/>\n<link rel=\"canonical\" href=\"https:\/\/aconteceunovale.com.br\/portal\/?p=189387\" \/>\n<meta property=\"og:locale\" content=\"pt_BR\" \/>\n<meta property=\"og:type\" content=\"article\" \/>\n<meta property=\"og:title\" content=\"Facebook renova feed principal para atrair usu\u00e1rios mais jovens - Aconteceu no Vale\" \/>\n<meta property=\"og:description\" content=\"A Meta informou nessa quinta-feira (21) que est\u00e1 reformulando o\u00a0feed\u00a0principal do Facebook para priorizar novos conte\u00fados, em uma tentativa de estilizar seus aplicativos em linha com o aplicativo rival de v\u00eddeo curto TikTok. Os executivos do Meta expressaram maior urg\u00eancia nos \u00faltimos meses em aumentar os &#8216;Reels&#8217;, similar ao formato de v\u00eddeo curto do TikTok, [&hellip;]\" \/>\n<meta property=\"og:url\" content=\"https:\/\/aconteceunovale.com.br\/portal\/?p=189387\" \/>\n<meta property=\"og:site_name\" content=\"Aconteceu no Vale\" \/>\n<meta property=\"article:publisher\" content=\"https:\/\/www.facebook.com\/aconteceunovale\/\" \/>\n<meta property=\"article:published_time\" content=\"2022-07-22T13:44:01+00:00\" \/>\n<meta property=\"article:modified_time\" content=\"2022-07-22T13:45:19+00:00\" \/>\n<meta property=\"og:image\" content=\"https:\/\/aconteceunovale.com.br\/portal\/wp-content\/uploads\/2018\/01\/principios_facebook.jpg\" \/>\n\t<meta property=\"og:image:width\" content=\"678\" \/>\n\t<meta property=\"og:image:height\" content=\"381\" \/>\n\t<meta property=\"og:image:type\" content=\"image\/jpeg\" \/>\n<meta name=\"author\" content=\"Reda\u00e7\u00e3o Aconteceu no Vale\" \/>\n<meta name=\"twitter:card\" content=\"summary_large_image\" \/>\n<meta name=\"twitter:creator\" content=\"@noticiadosvales\" \/>\n<meta name=\"twitter:site\" content=\"@noticiadosvales\" \/>\n<meta name=\"twitter:label1\" content=\"Escrito por\" \/>\n\t<meta name=\"twitter:data1\" content=\"Reda\u00e7\u00e3o Aconteceu no Vale\" \/>\n\t<meta name=\"twitter:label2\" content=\"Est. tempo de leitura\" \/>\n\t<meta name=\"twitter:data2\" content=\"1 minuto\" \/>\n<script type=\"application\/ld+json\" class=\"yoast-schema-graph\">{\"@context\":\"https:\\\/\\\/schema.org\",\"@graph\":[{\"@type\":\"Article\",\"@id\":\"https:\\\/\\\/aconteceunovale.com.br\\\/portal\\\/?p=189387#article\",\"isPartOf\":{\"@id\":\"https:\\\/\\\/aconteceunovale.com.br\\\/portal\\\/?p=189387\"},\"author\":{\"name\":\"Reda\u00e7\u00e3o Aconteceu no Vale\",\"@id\":\"https:\\\/\\\/aconteceunovale.com.br\\\/portal\\\/#\\\/schema\\\/person\\\/7d2f26d1483f8a63de73da1ee0754d35\"},\"headline\":\"Facebook renova feed principal para atrair usu\u00e1rios mais jovens\",\"datePublished\":\"2022-07-22T13:44:01+00:00\",\"dateModified\":\"2022-07-22T13:45:19+00:00\",\"mainEntityOfPage\":{\"@id\":\"https:\\\/\\\/aconteceunovale.com.br\\\/portal\\\/?p=189387\"},\"wordCount\":308,\"commentCount\":0,\"image\":{\"@id\":\"https:\\\/\\\/aconteceunovale.com.br\\\/portal\\\/?p=189387#primaryimage\"},\"thumbnailUrl\":\"https:\\\/\\\/aconteceunovale.com.br\\\/portal\\\/wp-content\\\/uploads\\\/2018\\\/01\\\/principios_facebook.jpg\",\"keywords\":[\"Altera\u00e7\u00f5es no Facebook\",\"destaque\",\"Facebook\",\"Facebook quer atrair usu\u00e1rios mais jovens\",\"Facebook renova feed principal\",\"Mudan\u00e7as no Facebook\",\"Reels\",\"TikTok\"],\"articleSection\":[\"Mundo\",\"Tecnologia\"],\"inLanguage\":\"pt-BR\",\"potentialAction\":[{\"@type\":\"CommentAction\",\"name\":\"Comment\",\"target\":[\"https:\\\/\\\/aconteceunovale.com.br\\\/portal\\\/?p=189387#respond\"]}]},{\"@type\":\"WebPage\",\"@id\":\"https:\\\/\\\/aconteceunovale.com.br\\\/portal\\\/?p=189387\",\"url\":\"https:\\\/\\\/aconteceunovale.com.br\\\/portal\\\/?p=189387\",\"name\":\"Facebook renova feed principal para atrair usu\u00e1rios mais jovens - Aconteceu no Vale\",\"isPartOf\":{\"@id\":\"https:\\\/\\\/aconteceunovale.com.br\\\/portal\\\/#website\"},\"primaryImageOfPage\":{\"@id\":\"https:\\\/\\\/aconteceunovale.com.br\\\/portal\\\/?p=189387#primaryimage\"},\"image\":{\"@id\":\"https:\\\/\\\/aconteceunovale.com.br\\\/portal\\\/?p=189387#primaryimage\"},\"thumbnailUrl\":\"https:\\\/\\\/aconteceunovale.com.br\\\/portal\\\/wp-content\\\/uploads\\\/2018\\\/01\\\/principios_facebook.jpg\",\"datePublished\":\"2022-07-22T13:44:01+00:00\",\"dateModified\":\"2022-07-22T13:45:19+00:00\",\"author\":{\"@id\":\"https:\\\/\\\/aconteceunovale.com.br\\\/portal\\\/#\\\/schema\\\/person\\\/7d2f26d1483f8a63de73da1ee0754d35\"},\"breadcrumb\":{\"@id\":\"https:\\\/\\\/aconteceunovale.com.br\\\/portal\\\/?p=189387#breadcrumb\"},\"inLanguage\":\"pt-BR\",\"potentialAction\":[{\"@type\":\"ReadAction\",\"target\":[\"https:\\\/\\\/aconteceunovale.com.br\\\/portal\\\/?p=189387\"]}]},{\"@type\":\"ImageObject\",\"inLanguage\":\"pt-BR\",\"@id\":\"https:\\\/\\\/aconteceunovale.com.br\\\/portal\\\/?p=189387#primaryimage\",\"url\":\"https:\\\/\\\/aconteceunovale.com.br\\\/portal\\\/wp-content\\\/uploads\\\/2018\\\/01\\\/principios_facebook.jpg\",\"contentUrl\":\"https:\\\/\\\/aconteceunovale.com.br\\\/portal\\\/wp-content\\\/uploads\\\/2018\\\/01\\\/principios_facebook.jpg\",\"width\":678,\"height\":381},{\"@type\":\"BreadcrumbList\",\"@id\":\"https:\\\/\\\/aconteceunovale.com.br\\\/portal\\\/?p=189387#breadcrumb\",\"itemListElement\":[{\"@type\":\"ListItem\",\"position\":1,\"name\":\"In\u00edcio\",\"item\":\"https:\\\/\\\/aconteceunovale.com.br\\\/portal\\\/\"},{\"@type\":\"ListItem\",\"position\":2,\"name\":\"Facebook renova feed principal para atrair usu\u00e1rios mais jovens\"}]},{\"@type\":\"WebSite\",\"@id\":\"https:\\\/\\\/aconteceunovale.com.br\\\/portal\\\/#website\",\"url\":\"https:\\\/\\\/aconteceunovale.com.br\\\/portal\\\/\",\"name\":\"Aconteceu no Vale\",\"description\":\"Portal de Not\u00edcias\",\"potentialAction\":[{\"@type\":\"SearchAction\",\"target\":{\"@type\":\"EntryPoint\",\"urlTemplate\":\"https:\\\/\\\/aconteceunovale.com.br\\\/portal\\\/?s={search_term_string}\"},\"query-input\":{\"@type\":\"PropertyValueSpecification\",\"valueRequired\":true,\"valueName\":\"search_term_string\"}}],\"inLanguage\":\"pt-BR\"},{\"@type\":\"Person\",\"@id\":\"https:\\\/\\\/aconteceunovale.com.br\\\/portal\\\/#\\\/schema\\\/person\\\/7d2f26d1483f8a63de73da1ee0754d35\",\"name\":\"Reda\u00e7\u00e3o Aconteceu no Vale\",\"description\":\"Equipe de reportagem do Aconteceu no Vale, portal de not\u00edcias do Vale do Jequitinhonha, em Minas Gerais. Cobrimos as 51 cidades do Vale desde 2013. Sugest\u00f5es de pauta e pedidos de corre\u00e7\u00e3o: contato@aconteceunovale.com.br\",\"url\":\"https:\\\/\\\/aconteceunovale.com.br\\\/portal\\\/?author=4\"}]}<\/script>\n<!-- \/ Yoast SEO plugin. -->","yoast_head_json":{"title":"Facebook renova feed principal para atrair usu\u00e1rios mais jovens - Aconteceu no Vale","robots":{"index":"index","follow":"follow","max-snippet":"max-snippet:-1","max-image-preview":"max-image-preview:large","max-video-preview":"max-video-preview:-1"},"canonical":"https:\/\/aconteceunovale.com.br\/portal\/?p=189387","og_locale":"pt_BR","og_type":"article","og_title":"Facebook renova feed principal para atrair usu\u00e1rios mais jovens - Aconteceu no Vale","og_description":"A Meta informou nessa quinta-feira (21) que est\u00e1 reformulando o\u00a0feed\u00a0principal do Facebook para priorizar novos conte\u00fados, em uma tentativa de estilizar seus aplicativos em linha com o aplicativo rival de v\u00eddeo curto TikTok. Os executivos do Meta expressaram maior urg\u00eancia nos \u00faltimos meses em aumentar os &#8216;Reels&#8217;, similar ao formato de v\u00eddeo curto do TikTok, [&hellip;]","og_url":"https:\/\/aconteceunovale.com.br\/portal\/?p=189387","og_site_name":"Aconteceu no Vale","article_publisher":"https:\/\/www.facebook.com\/aconteceunovale\/","article_published_time":"2022-07-22T13:44:01+00:00","article_modified_time":"2022-07-22T13:45:19+00:00","og_image":[{"width":678,"height":381,"url":"https:\/\/aconteceunovale.com.br\/portal\/wp-content\/uploads\/2018\/01\/principios_facebook.jpg","type":"image\/jpeg"}],"author":"Reda\u00e7\u00e3o Aconteceu no Vale","twitter_card":"summary_large_image","twitter_creator":"@noticiadosvales","twitter_site":"@noticiadosvales","twitter_misc":{"Escrito por":"Reda\u00e7\u00e3o Aconteceu no Vale","Est. tempo de leitura":"1 minuto"},"schema":{"@context":"https:\/\/schema.org","@graph":[{"@type":"Article","@id":"https:\/\/aconteceunovale.com.br\/portal\/?p=189387#article","isPartOf":{"@id":"https:\/\/aconteceunovale.com.br\/portal\/?p=189387"},"author":{"name":"Reda\u00e7\u00e3o Aconteceu no Vale","@id":"https:\/\/aconteceunovale.com.br\/portal\/#\/schema\/person\/7d2f26d1483f8a63de73da1ee0754d35"},"headline":"Facebook renova feed principal para atrair usu\u00e1rios mais jovens","datePublished":"2022-07-22T13:44:01+00:00","dateModified":"2022-07-22T13:45:19+00:00","mainEntityOfPage":{"@id":"https:\/\/aconteceunovale.com.br\/portal\/?p=189387"},"wordCount":308,"commentCount":0,"image":{"@id":"https:\/\/aconteceunovale.com.br\/portal\/?p=189387#primaryimage"},"thumbnailUrl":"https:\/\/aconteceunovale.com.br\/portal\/wp-content\/uploads\/2018\/01\/principios_facebook.jpg","keywords":["Altera\u00e7\u00f5es no Facebook","destaque","Facebook","Facebook quer atrair usu\u00e1rios mais jovens","Facebook renova feed principal","Mudan\u00e7as no Facebook","Reels","TikTok"],"articleSection":["Mundo","Tecnologia"],"inLanguage":"pt-BR","potentialAction":[{"@type":"CommentAction","name":"Comment","target":["https:\/\/aconteceunovale.com.br\/portal\/?p=189387#respond"]}]},{"@type":"WebPage","@id":"https:\/\/aconteceunovale.com.br\/portal\/?p=189387","url":"https:\/\/aconteceunovale.com.br\/portal\/?p=189387","name":"Facebook renova feed principal para atrair usu\u00e1rios mais jovens - Aconteceu no Vale","isPartOf":{"@id":"https:\/\/aconteceunovale.com.br\/portal\/#website"},"primaryImageOfPage":{"@id":"https:\/\/aconteceunovale.com.br\/portal\/?p=189387#primaryimage"},"image":{"@id":"https:\/\/aconteceunovale.com.br\/portal\/?p=189387#primaryimage"},"thumbnailUrl":"https:\/\/aconteceunovale.com.br\/portal\/wp-content\/uploads\/2018\/01\/principios_facebook.jpg","datePublished":"2022-07-22T13:44:01+00:00","dateModified":"2022-07-22T13:45:19+00:00","author":{"@id":"https:\/\/aconteceunovale.com.br\/portal\/#\/schema\/person\/7d2f26d1483f8a63de73da1ee0754d35"},"breadcrumb":{"@id":"https:\/\/aconteceunovale.com.br\/portal\/?p=189387#breadcrumb"},"inLanguage":"pt-BR","potentialAction":[{"@type":"ReadAction","target":["https:\/\/aconteceunovale.com.br\/portal\/?p=189387"]}]},{"@type":"ImageObject","inLanguage":"pt-BR","@id":"https:\/\/aconteceunovale.com.br\/portal\/?p=189387#primaryimage","url":"https:\/\/aconteceunovale.com.br\/portal\/wp-content\/uploads\/2018\/01\/principios_facebook.jpg","contentUrl":"https:\/\/aconteceunovale.com.br\/portal\/wp-content\/uploads\/2018\/01\/principios_facebook.jpg","width":678,"height":381},{"@type":"BreadcrumbList","@id":"https:\/\/aconteceunovale.com.br\/portal\/?p=189387#breadcrumb","itemListElement":[{"@type":"ListItem","position":1,"name":"In\u00edcio","item":"https:\/\/aconteceunovale.com.br\/portal\/"},{"@type":"ListItem","position":2,"name":"Facebook renova feed principal para atrair usu\u00e1rios mais jovens"}]},{"@type":"WebSite","@id":"https:\/\/aconteceunovale.com.br\/portal\/#website","url":"https:\/\/aconteceunovale.com.br\/portal\/","name":"Aconteceu no Vale","description":"Portal de Not\u00edcias","potentialAction":[{"@type":"SearchAction","target":{"@type":"EntryPoint","urlTemplate":"https:\/\/aconteceunovale.com.br\/portal\/?s={search_term_string}"},"query-input":{"@type":"PropertyValueSpecification","valueRequired":true,"valueName":"search_term_string"}}],"inLanguage":"pt-BR"},{"@type":"Person","@id":"https:\/\/aconteceunovale.com.br\/portal\/#\/schema\/person\/7d2f26d1483f8a63de73da1ee0754d35","name":"Reda\u00e7\u00e3o Aconteceu no Vale","description":"Equipe de reportagem do Aconteceu no Vale, portal de not\u00edcias do Vale do Jequitinhonha, em Minas Gerais. Cobrimos as 51 cidades do Vale desde 2013. Sugest\u00f5es de pauta e pedidos de corre\u00e7\u00e3o: contato@aconteceunovale.com.br","url":"https:\/\/aconteceunovale.com.br\/portal\/?author=4"}]}},"_links":{"self":[{"href":"https:\/\/aconteceunovale.com.br\/portal\/index.php?rest_route=\/wp\/v2\/posts\/189387","targetHints":{"allow":["GET"]}}],"collection":[{"href":"https:\/\/aconteceunovale.com.br\/portal\/index.php?rest_route=\/wp\/v2\/posts"}],"about":[{"href":"https:\/\/aconteceunovale.com.br\/portal\/index.php?rest_route=\/wp\/v2\/types\/post"}],"author":[{"embeddable":true,"href":"https:\/\/aconteceunovale.com.br\/portal\/index.php?rest_route=\/wp\/v2\/users\/4"}],"replies":[{"embeddable":true,"href":"https:\/\/aconteceunovale.com.br\/portal\/index.php?rest_route=%2Fwp%2Fv2%2Fcomments&post=189387"}],"version-history":[{"count":1,"href":"https:\/\/aconteceunovale.com.br\/portal\/index.php?rest_route=\/wp\/v2\/posts\/189387\/revisions"}],"predecessor-version":[{"id":189388,"href":"https:\/\/aconteceunovale.com.br\/portal\/index.php?rest_route=\/wp\/v2\/posts\/189387\/revisions\/189388"}],"wp:featuredmedia":[{"embeddable":true,"href":"https:\/\/aconteceunovale.com.br\/portal\/index.php?rest_route=\/wp\/v2\/media\/127024"}],"wp:attachment":[{"href":"https:\/\/aconteceunovale.com.br\/portal\/index.php?rest_route=%2Fwp%2Fv2%2Fmedia&parent=189387"}],"wp:term":[{"taxonomy":"category","embeddable":true,"href":"https:\/\/aconteceunovale.com.br\/portal\/index.php?rest_route=%2Fwp%2Fv2%2Fcategories&post=189387"},{"taxonomy":"post_tag","embeddable":true,"href":"https:\/\/aconteceunovale.com.br\/portal\/index.php?rest_route=%2Fwp%2Fv2%2Ftags&post=189387"}],"curies":[{"name":"wp","href":"https:\/\/api.w.org\/{rel}","templated":true}]}}