{"id":189383,"date":"2022-07-21T23:41:17","date_gmt":"2022-07-22T02:41:17","guid":{"rendered":"https:\/\/aconteceunovale.com.br\/portal\/?p=189383"},"modified":"2022-07-21T23:42:18","modified_gmt":"2022-07-22T02:42:18","slug":"palmeiras-abre-vantagem-na-ponta-do-brasileirao","status":"publish","type":"post","link":"https:\/\/aconteceunovale.com.br\/portal\/?p=189383","title":{"rendered":"Palmeiras abre vantagem na ponta do Brasileir\u00e3o"},"content":{"rendered":"\n<p class=\"wp-block-paragraph\">O Palmeiras aproveitou o\u00a0empate do Atl\u00e9tico-MG, \u00fanico time que poderia ultrapass\u00e1-lo nesta quinta-feira (21), para disparar na lideran\u00e7a do Campeonato Brasileiro. O Verd\u00e3o superou o Am\u00e9rica-MG por 1 a 0 no Independ\u00eancia, em Belo Horizonte, pela 18\u00aa rodada da competi\u00e7\u00e3o.<\/p>\n\n\n\n<figure class=\"wp-block-gallery has-nested-images columns-default is-cropped wp-block-gallery-1 is-layout-flex wp-block-gallery-is-layout-flex\">\n<figure class=\"wp-block-image size-large\"><img loading=\"lazy\" decoding=\"async\" width=\"678\" height=\"406\" data-id=\"189384\" src=\"https:\/\/aconteceunovale.com.br\/portal\/wp-content\/uploads\/2022\/07\/palmeiras_america.jpg\" alt=\"\" class=\"wp-image-189384\" srcset=\"https:\/\/aconteceunovale.com.br\/portal\/wp-content\/uploads\/2022\/07\/palmeiras_america.jpg 678w, https:\/\/aconteceunovale.com.br\/portal\/wp-content\/uploads\/2022\/07\/palmeiras_america-300x180.jpg 300w\" sizes=\"auto, (max-width: 678px) 100vw, 678px\" \/><figcaption><em><sub>Foto: Cesar Greco\/Palmeiras<\/sub><\/em><\/figcaption><\/figure>\n<\/figure>\n\n\n\n<p class=\"wp-block-paragraph\">A equipe paulista foi a 36 pontos, quatro a frente de Corinthians e Galo, que empatou por 1 a 1 com o Cuiab\u00e1, na Arena Pantanal, na capital mato-grossense. Com isso, o time de Abel Ferreira garantiu, com uma rodada de anteced\u00eancia, o simb\u00f3lico t\u00edtulo do primeiro turno do Brasileiro. O Coelho, com a derrota, segue com 19 pontos, abrindo a zona de rebaixamento, na 17\u00aa coloca\u00e7\u00e3o.<\/p>\n\n\n\n<p class=\"wp-block-paragraph\">O primeiro tempo foi equilibrado. O Palmeiras teve a posse da bola por mais tempo (53%), mas o Am\u00e9rica chutou mais vezes (oito a cinco), apesar de cada equipe acertar a meta advers\u00e1ria apenas uma vez. O Verd\u00e3o at\u00e9 balan\u00e7ou as redes, aos 24 minutos, mas o gol de Wesley foi anulado por impedimento do tamb\u00e9m atacante Dudu.<\/p>\n\n\n\n<p class=\"wp-block-paragraph\">O Alviverde teve o controle das a\u00e7\u00f5es na etapa final. A press\u00e3o deu resultado aos 19 minutos, com Gustavo Scarpa. O meia recebeu pela direita e bateu cruzado, colocado, sem chance para o goleiro Matheus Cavichioli. A equipe visitante ainda teve chances de aumentar a vantagem, com o volante Z\u00e9 Rafael e o estreante atacante Flaco Lopez, duas vezes cada, mas o placar n\u00e3o se alterou mais.<\/p>\n\n\n\n<p class=\"wp-block-paragraph\">Os dois times voltam a campo neste domingo (24). O Palmeiras joga \u00e0s 16h (hor\u00e1rio de Bras\u00edlia), no Allianz Parque, em S\u00e3o Paulo, contra o Internacional. Em seguida, \u00e0s 18h, o Am\u00e9rica encara o Atl\u00e9tico-GO no Est\u00e1dio Ant\u00f4nio Accioly, em Goi\u00e2nia. As partidas valem pela 19\u00aa rodada, a \u00faltima do primeiro turno do Brasileiro.<\/p>\n\n\n\n<h2 class=\"wp-block-heading\">Atl\u00e9tico-MG e Cuiab\u00e1 empatam<\/h2>\n\n\n\n<figure class=\"wp-block-gallery has-nested-images columns-default is-cropped wp-block-gallery-2 is-layout-flex wp-block-gallery-is-layout-flex\">\n<figure class=\"wp-block-image size-large\"><img loading=\"lazy\" decoding=\"async\" width=\"678\" height=\"406\" data-id=\"189385\" src=\"https:\/\/aconteceunovale.com.br\/portal\/wp-content\/uploads\/2022\/07\/atletico_cuiaba.jpg\" alt=\"\" class=\"wp-image-189385\" srcset=\"https:\/\/aconteceunovale.com.br\/portal\/wp-content\/uploads\/2022\/07\/atletico_cuiaba.jpg 678w, https:\/\/aconteceunovale.com.br\/portal\/wp-content\/uploads\/2022\/07\/atletico_cuiaba-300x180.jpg 300w\" sizes=\"auto, (max-width: 678px) 100vw, 678px\" \/><figcaption><em><sub>Foto: Pedro Souza\/Atl\u00e9tico-MG<\/sub><\/em><\/figcaption><\/figure>\n<\/figure>\n\n\n\n<p class=\"wp-block-paragraph\">O Atl\u00e9tico-MG tinha a chance de colocar press\u00e3o no Palmeiras, mas n\u00e3o soube aproveit\u00e1-la. Nesta quinta-feira (21), o Galo empatou por 1 a 1 com o Cuiab\u00e1 na Arena Pantanal, na capital mato-grossense, pela 18\u00aa rodada. Os dois gols sa\u00edram nos acr\u00e9scimos do segundo tempo.<img decoding=\"async\" src=\"https:\/\/agenciabrasil.ebc.com.br\/ebc.png?id=1472013&amp;o=node\"><img decoding=\"async\" src=\"https:\/\/agenciabrasil.ebc.com.br\/ebc.gif?id=1472013&amp;o=node\"><\/p>\n\n\n\n<p class=\"wp-block-paragraph\">O Alvinegro foi aos mesmos 32 pontos do vice-l\u00edder Corinthians, mas fica atr\u00e1s, na terceira posi\u00e7\u00e3o, por ter uma vit\u00f3ria a menos. O Dourado continua na 15\u00aa coloca\u00e7\u00e3o, com 20 pontos, pr\u00f3ximo \u00e0 zona de rebaixamento.<\/p>\n\n\n\n<p class=\"wp-block-paragraph\">Apesar de superar os 70% na posse de bola, o Atl\u00e9tico foi menos perigoso que o Cuiab\u00e1 no primeiro tempo. Al\u00e9m de pouco assustar a meta do goleiro Walter, o Galo s\u00f3 n\u00e3o foi para o intervalo atr\u00e1s no placar gra\u00e7as ao zagueiro Igor Rabello. Aos 42 minutos, ele salvou, em cima da linha, um chute do atacante Rodriguinho &#8211; que estava livre &#8211; pr\u00f3ximo \u00e0 pequena \u00e1rea, ap\u00f3s cruzamento do meia Alesson.<\/p>\n\n\n\n<p class=\"wp-block-paragraph\">O cen\u00e1rio pouco mudou na volta do intervalo, tanto que o Dourado quase abriu o placar aos 12 minutos, com Rafael Gava. O meia invadiu a \u00e1rea pela direita e encobriu o goleiro Everson, mas Igor Rabello, novamente, apareceu na linha para evitar o gol. O t\u00e9cnico Turco Mohammed promoveu as estreias do meia Pedrinho e dos atacantes Cristian Pav\u00f3n e Alan Kardec para aproveitar a queda de ritmo do time da casa. Coube ao \u00faltimo colocar os mineiros \u00e0 frente. Aos 48, o lateral Guilherme Arana cruzou rasteiro pela esquerda e Alan Kardec, na pequena \u00e1rea, completou para as redes.<\/p>\n\n\n\n<p class=\"wp-block-paragraph\">A vit\u00f3ria parecia definida a favor dos visitantes, mas o Cuiab\u00e1, no lance seguinte, chegou ao empate. Aos 53 minutos, o meia Gabriel Pirani, outro estreante da noite, aproveitou a sobra na \u00e1rea e finalizou, evitando o trope\u00e7o do Dourado e frustrando as pretens\u00f5es alvinegras.<\/p>\n\n\n\n<p class=\"wp-block-paragraph\">O Atl\u00e9tico encerra o primeiro turno do Brasileiro neste domingo (24), \u00e0s 18h (hor\u00e1rio de Bras\u00edlia), no Mineir\u00e3o, em Belo Horizonte, contra o Corinthians. Na segunda-feira (25), \u00e0s 20h, o Cuiab\u00e1 visita o Coritiba no Est\u00e1dio Couto Pereira, na capital paranaense.<\/p>\n\n\n\n<p class=\"wp-block-paragraph\">&#8212;&#8212;&#8212;&#8212;&#8212;&#8212;<br><br><strong>Sabia que o Aconteceu no Vale est\u00e1 tamb\u00e9m no Telegram? <a rel=\"noreferrer noopener\" href=\"https:\/\/t.me\/aconteceunovaleoficial\" target=\"_blank\">Inscreva-se no canal<\/a>.<\/strong><br><br><strong>J\u00e1 curtiu ou seguiu nossas p\u00e1ginas nas redes sociais?\u00a0Receba as not\u00edcias em primeira m\u00e3o:<\/strong><br>\u2022 <a rel=\"noreferrer noopener\" href=\"https:\/\/news.google.com\/publications\/CAAqBwgKMNjklQswi4etAw?hl=pt-BR&amp;gl=BR&amp;ceid=BR%3Apt-419\" target=\"_blank\">Google News<\/a><br>\u2022 <a rel=\"noreferrer noopener\" href=\"https:\/\/www.facebook.com\/aconteceunovale\/\" target=\"_blank\">Facebook<\/a><br>\u2022 <a rel=\"noreferrer noopener\" href=\"https:\/\/twitter.com\/noticiadosvales\" target=\"_blank\">Twitter<\/a><br>\u2022 <a rel=\"noreferrer noopener\" href=\"https:\/\/www.instagram.com\/aconteceunovale\" target=\"_blank\">Instagram<\/a><br>\u2022 <a rel=\"noreferrer noopener\" href=\"https:\/\/www.youtube.com\/AconteceunoValeOficial\" target=\"_blank\">Youtube<\/a><br>\u2022 <a rel=\"noreferrer noopener\" href=\"https:\/\/www.tiktok.com\/@aconteceunovale\" target=\"_blank\">TikTok<\/a><\/p>\n","protected":false},"excerpt":{"rendered":"<p>O Palmeiras aproveitou o\u00a0empate do Atl\u00e9tico-MG, \u00fanico time que poderia ultrapass\u00e1-lo nesta quinta-feira (21), para disparar na lideran\u00e7a do Campeonato Brasileiro. O Verd\u00e3o superou o Am\u00e9rica-MG por 1 a 0 no Independ\u00eancia, em Belo Horizonte, pela 18\u00aa rodada da competi\u00e7\u00e3o. A equipe paulista foi a 36 pontos, quatro a frente de Corinthians e Galo, que [&hellip;]<\/p>\n","protected":false},"author":4,"featured_media":189384,"comment_status":"open","ping_status":"closed","sticky":false,"template":"","format":"standard","meta":{"amp_status":"","footnotes":""},"categories":[6,59,123],"tags":[34528,16165,75846,12311,2741,40575,194,1017,13044,13043,21507,1018,12312,1093,261604,25960],"class_list":["post-189383","post","type-post","status-publish","format-standard","has-post-thumbnail","hentry","category-br","category-esportes","category-gerais","tag-america","tag-america-mineiro","tag-america-mg","tag-atletico","tag-atletico-mineiro","tag-atletico-mg","tag-belo-horizonte","tag-bh","tag-brasileirao","tag-campeonato-brasileiro","tag-cuiaba","tag-destaque","tag-galo","tag-palmeiras","tag-palmeiras-abre-vantagem-na-ponta-do-brasileirao","tag-serie-a"],"yoast_head":"<!-- This site is optimized with the Yoast SEO plugin v28.3 - https:\/\/yoast.com\/product\/yoast-seo-wordpress\/ -->\n<title>Palmeiras abre vantagem na ponta do Brasileir\u00e3o - Aconteceu no Vale<\/title>\n<meta name=\"robots\" content=\"index, follow, max-snippet:-1, max-image-preview:large, max-video-preview:-1\" \/>\n<link rel=\"canonical\" href=\"https:\/\/aconteceunovale.com.br\/portal\/?p=189383\" \/>\n<meta property=\"og:locale\" content=\"pt_BR\" \/>\n<meta property=\"og:type\" content=\"article\" \/>\n<meta property=\"og:title\" content=\"Palmeiras abre vantagem na ponta do Brasileir\u00e3o - Aconteceu no Vale\" \/>\n<meta property=\"og:description\" content=\"O Palmeiras aproveitou o\u00a0empate do Atl\u00e9tico-MG, \u00fanico time que poderia ultrapass\u00e1-lo nesta quinta-feira (21), para disparar na lideran\u00e7a do Campeonato Brasileiro. O Verd\u00e3o superou o Am\u00e9rica-MG por 1 a 0 no Independ\u00eancia, em Belo Horizonte, pela 18\u00aa rodada da competi\u00e7\u00e3o. A equipe paulista foi a 36 pontos, quatro a frente de Corinthians e Galo, que [&hellip;]\" \/>\n<meta property=\"og:url\" content=\"https:\/\/aconteceunovale.com.br\/portal\/?p=189383\" \/>\n<meta property=\"og:site_name\" content=\"Aconteceu no Vale\" \/>\n<meta property=\"article:publisher\" content=\"https:\/\/www.facebook.com\/aconteceunovale\/\" \/>\n<meta property=\"article:published_time\" content=\"2022-07-22T02:41:17+00:00\" \/>\n<meta property=\"article:modified_time\" content=\"2022-07-22T02:42:18+00:00\" \/>\n<meta property=\"og:image\" content=\"https:\/\/aconteceunovale.com.br\/portal\/wp-content\/uploads\/2022\/07\/palmeiras_america.jpg\" \/>\n\t<meta property=\"og:image:width\" content=\"678\" \/>\n\t<meta property=\"og:image:height\" content=\"406\" \/>\n\t<meta property=\"og:image:type\" content=\"image\/jpeg\" \/>\n<meta name=\"author\" content=\"Reda\u00e7\u00e3o Aconteceu no Vale\" \/>\n<meta name=\"twitter:card\" content=\"summary_large_image\" \/>\n<meta name=\"twitter:creator\" content=\"@noticiadosvales\" \/>\n<meta name=\"twitter:site\" content=\"@noticiadosvales\" \/>\n<meta name=\"twitter:label1\" content=\"Escrito por\" \/>\n\t<meta name=\"twitter:data1\" content=\"Reda\u00e7\u00e3o Aconteceu no Vale\" \/>\n\t<meta name=\"twitter:label2\" content=\"Est. tempo de leitura\" \/>\n\t<meta name=\"twitter:data2\" content=\"4 minutos\" \/>\n<script type=\"application\/ld+json\" class=\"yoast-schema-graph\">{\"@context\":\"https:\\\/\\\/schema.org\",\"@graph\":[{\"@type\":\"Article\",\"@id\":\"https:\\\/\\\/aconteceunovale.com.br\\\/portal\\\/?p=189383#article\",\"isPartOf\":{\"@id\":\"https:\\\/\\\/aconteceunovale.com.br\\\/portal\\\/?p=189383\"},\"author\":{\"name\":\"Reda\u00e7\u00e3o Aconteceu no Vale\",\"@id\":\"https:\\\/\\\/aconteceunovale.com.br\\\/portal\\\/#\\\/schema\\\/person\\\/7d2f26d1483f8a63de73da1ee0754d35\"},\"headline\":\"Palmeiras abre vantagem na ponta do Brasileir\u00e3o\",\"datePublished\":\"2022-07-22T02:41:17+00:00\",\"dateModified\":\"2022-07-22T02:42:18+00:00\",\"mainEntityOfPage\":{\"@id\":\"https:\\\/\\\/aconteceunovale.com.br\\\/portal\\\/?p=189383\"},\"wordCount\":716,\"commentCount\":0,\"image\":{\"@id\":\"https:\\\/\\\/aconteceunovale.com.br\\\/portal\\\/?p=189383#primaryimage\"},\"thumbnailUrl\":\"https:\\\/\\\/aconteceunovale.com.br\\\/portal\\\/wp-content\\\/uploads\\\/2022\\\/07\\\/palmeiras_america.jpg\",\"keywords\":[\"Am\u00e9rica\",\"Am\u00e9rica Mineiro\",\"Am\u00e9rica-MG\",\"Atl\u00e9tico\",\"Atl\u00e9tico Mineiro\",\"Atl\u00e9tico-MG\",\"Belo Horizonte\",\"bh\",\"brasileir\u00e3o\",\"campeonato brasileiro\",\"Cuiab\u00e1\",\"destaque\",\"galo\",\"palmeiras\",\"Palmeiras abre vantagem na ponta do Brasileir\u00e3o\",\"S\u00e9rie A\"],\"articleSection\":[\"Brasil\",\"Esportes\",\"Minas Gerais\"],\"inLanguage\":\"pt-BR\",\"potentialAction\":[{\"@type\":\"CommentAction\",\"name\":\"Comment\",\"target\":[\"https:\\\/\\\/aconteceunovale.com.br\\\/portal\\\/?p=189383#respond\"]}]},{\"@type\":\"WebPage\",\"@id\":\"https:\\\/\\\/aconteceunovale.com.br\\\/portal\\\/?p=189383\",\"url\":\"https:\\\/\\\/aconteceunovale.com.br\\\/portal\\\/?p=189383\",\"name\":\"Palmeiras abre vantagem na ponta do Brasileir\u00e3o - Aconteceu no Vale\",\"isPartOf\":{\"@id\":\"https:\\\/\\\/aconteceunovale.com.br\\\/portal\\\/#website\"},\"primaryImageOfPage\":{\"@id\":\"https:\\\/\\\/aconteceunovale.com.br\\\/portal\\\/?p=189383#primaryimage\"},\"image\":{\"@id\":\"https:\\\/\\\/aconteceunovale.com.br\\\/portal\\\/?p=189383#primaryimage\"},\"thumbnailUrl\":\"https:\\\/\\\/aconteceunovale.com.br\\\/portal\\\/wp-content\\\/uploads\\\/2022\\\/07\\\/palmeiras_america.jpg\",\"datePublished\":\"2022-07-22T02:41:17+00:00\",\"dateModified\":\"2022-07-22T02:42:18+00:00\",\"author\":{\"@id\":\"https:\\\/\\\/aconteceunovale.com.br\\\/portal\\\/#\\\/schema\\\/person\\\/7d2f26d1483f8a63de73da1ee0754d35\"},\"breadcrumb\":{\"@id\":\"https:\\\/\\\/aconteceunovale.com.br\\\/portal\\\/?p=189383#breadcrumb\"},\"inLanguage\":\"pt-BR\",\"potentialAction\":[{\"@type\":\"ReadAction\",\"target\":[\"https:\\\/\\\/aconteceunovale.com.br\\\/portal\\\/?p=189383\"]}]},{\"@type\":\"ImageObject\",\"inLanguage\":\"pt-BR\",\"@id\":\"https:\\\/\\\/aconteceunovale.com.br\\\/portal\\\/?p=189383#primaryimage\",\"url\":\"https:\\\/\\\/aconteceunovale.com.br\\\/portal\\\/wp-content\\\/uploads\\\/2022\\\/07\\\/palmeiras_america.jpg\",\"contentUrl\":\"https:\\\/\\\/aconteceunovale.com.br\\\/portal\\\/wp-content\\\/uploads\\\/2022\\\/07\\\/palmeiras_america.jpg\",\"width\":678,\"height\":406},{\"@type\":\"BreadcrumbList\",\"@id\":\"https:\\\/\\\/aconteceunovale.com.br\\\/portal\\\/?p=189383#breadcrumb\",\"itemListElement\":[{\"@type\":\"ListItem\",\"position\":1,\"name\":\"In\u00edcio\",\"item\":\"https:\\\/\\\/aconteceunovale.com.br\\\/portal\\\/\"},{\"@type\":\"ListItem\",\"position\":2,\"name\":\"Palmeiras abre vantagem na ponta do Brasileir\u00e3o\"}]},{\"@type\":\"WebSite\",\"@id\":\"https:\\\/\\\/aconteceunovale.com.br\\\/portal\\\/#website\",\"url\":\"https:\\\/\\\/aconteceunovale.com.br\\\/portal\\\/\",\"name\":\"Aconteceu no Vale\",\"description\":\"Portal de Not\u00edcias\",\"potentialAction\":[{\"@type\":\"SearchAction\",\"target\":{\"@type\":\"EntryPoint\",\"urlTemplate\":\"https:\\\/\\\/aconteceunovale.com.br\\\/portal\\\/?s={search_term_string}\"},\"query-input\":{\"@type\":\"PropertyValueSpecification\",\"valueRequired\":true,\"valueName\":\"search_term_string\"}}],\"inLanguage\":\"pt-BR\"},{\"@type\":\"Person\",\"@id\":\"https:\\\/\\\/aconteceunovale.com.br\\\/portal\\\/#\\\/schema\\\/person\\\/7d2f26d1483f8a63de73da1ee0754d35\",\"name\":\"Reda\u00e7\u00e3o Aconteceu no Vale\",\"description\":\"Equipe de reportagem do Aconteceu no Vale, portal de not\u00edcias do Vale do Jequitinhonha, em Minas Gerais. Cobrimos as 51 cidades do Vale desde 2013. Sugest\u00f5es de pauta e pedidos de corre\u00e7\u00e3o: contato@aconteceunovale.com.br\",\"url\":\"https:\\\/\\\/aconteceunovale.com.br\\\/portal\\\/?author=4\"}]}<\/script>\n<!-- \/ Yoast SEO plugin. -->","yoast_head_json":{"title":"Palmeiras abre vantagem na ponta do Brasileir\u00e3o - Aconteceu no Vale","robots":{"index":"index","follow":"follow","max-snippet":"max-snippet:-1","max-image-preview":"max-image-preview:large","max-video-preview":"max-video-preview:-1"},"canonical":"https:\/\/aconteceunovale.com.br\/portal\/?p=189383","og_locale":"pt_BR","og_type":"article","og_title":"Palmeiras abre vantagem na ponta do Brasileir\u00e3o - Aconteceu no Vale","og_description":"O Palmeiras aproveitou o\u00a0empate do Atl\u00e9tico-MG, \u00fanico time que poderia ultrapass\u00e1-lo nesta quinta-feira (21), para disparar na lideran\u00e7a do Campeonato Brasileiro. O Verd\u00e3o superou o Am\u00e9rica-MG por 1 a 0 no Independ\u00eancia, em Belo Horizonte, pela 18\u00aa rodada da competi\u00e7\u00e3o. A equipe paulista foi a 36 pontos, quatro a frente de Corinthians e Galo, que [&hellip;]","og_url":"https:\/\/aconteceunovale.com.br\/portal\/?p=189383","og_site_name":"Aconteceu no Vale","article_publisher":"https:\/\/www.facebook.com\/aconteceunovale\/","article_published_time":"2022-07-22T02:41:17+00:00","article_modified_time":"2022-07-22T02:42:18+00:00","og_image":[{"width":678,"height":406,"url":"https:\/\/aconteceunovale.com.br\/portal\/wp-content\/uploads\/2022\/07\/palmeiras_america.jpg","type":"image\/jpeg"}],"author":"Reda\u00e7\u00e3o Aconteceu no Vale","twitter_card":"summary_large_image","twitter_creator":"@noticiadosvales","twitter_site":"@noticiadosvales","twitter_misc":{"Escrito por":"Reda\u00e7\u00e3o Aconteceu no Vale","Est. tempo de leitura":"4 minutos"},"schema":{"@context":"https:\/\/schema.org","@graph":[{"@type":"Article","@id":"https:\/\/aconteceunovale.com.br\/portal\/?p=189383#article","isPartOf":{"@id":"https:\/\/aconteceunovale.com.br\/portal\/?p=189383"},"author":{"name":"Reda\u00e7\u00e3o Aconteceu no Vale","@id":"https:\/\/aconteceunovale.com.br\/portal\/#\/schema\/person\/7d2f26d1483f8a63de73da1ee0754d35"},"headline":"Palmeiras abre vantagem na ponta do Brasileir\u00e3o","datePublished":"2022-07-22T02:41:17+00:00","dateModified":"2022-07-22T02:42:18+00:00","mainEntityOfPage":{"@id":"https:\/\/aconteceunovale.com.br\/portal\/?p=189383"},"wordCount":716,"commentCount":0,"image":{"@id":"https:\/\/aconteceunovale.com.br\/portal\/?p=189383#primaryimage"},"thumbnailUrl":"https:\/\/aconteceunovale.com.br\/portal\/wp-content\/uploads\/2022\/07\/palmeiras_america.jpg","keywords":["Am\u00e9rica","Am\u00e9rica Mineiro","Am\u00e9rica-MG","Atl\u00e9tico","Atl\u00e9tico Mineiro","Atl\u00e9tico-MG","Belo Horizonte","bh","brasileir\u00e3o","campeonato brasileiro","Cuiab\u00e1","destaque","galo","palmeiras","Palmeiras abre vantagem na ponta do Brasileir\u00e3o","S\u00e9rie A"],"articleSection":["Brasil","Esportes","Minas Gerais"],"inLanguage":"pt-BR","potentialAction":[{"@type":"CommentAction","name":"Comment","target":["https:\/\/aconteceunovale.com.br\/portal\/?p=189383#respond"]}]},{"@type":"WebPage","@id":"https:\/\/aconteceunovale.com.br\/portal\/?p=189383","url":"https:\/\/aconteceunovale.com.br\/portal\/?p=189383","name":"Palmeiras abre vantagem na ponta do Brasileir\u00e3o - Aconteceu no Vale","isPartOf":{"@id":"https:\/\/aconteceunovale.com.br\/portal\/#website"},"primaryImageOfPage":{"@id":"https:\/\/aconteceunovale.com.br\/portal\/?p=189383#primaryimage"},"image":{"@id":"https:\/\/aconteceunovale.com.br\/portal\/?p=189383#primaryimage"},"thumbnailUrl":"https:\/\/aconteceunovale.com.br\/portal\/wp-content\/uploads\/2022\/07\/palmeiras_america.jpg","datePublished":"2022-07-22T02:41:17+00:00","dateModified":"2022-07-22T02:42:18+00:00","author":{"@id":"https:\/\/aconteceunovale.com.br\/portal\/#\/schema\/person\/7d2f26d1483f8a63de73da1ee0754d35"},"breadcrumb":{"@id":"https:\/\/aconteceunovale.com.br\/portal\/?p=189383#breadcrumb"},"inLanguage":"pt-BR","potentialAction":[{"@type":"ReadAction","target":["https:\/\/aconteceunovale.com.br\/portal\/?p=189383"]}]},{"@type":"ImageObject","inLanguage":"pt-BR","@id":"https:\/\/aconteceunovale.com.br\/portal\/?p=189383#primaryimage","url":"https:\/\/aconteceunovale.com.br\/portal\/wp-content\/uploads\/2022\/07\/palmeiras_america.jpg","contentUrl":"https:\/\/aconteceunovale.com.br\/portal\/wp-content\/uploads\/2022\/07\/palmeiras_america.jpg","width":678,"height":406},{"@type":"BreadcrumbList","@id":"https:\/\/aconteceunovale.com.br\/portal\/?p=189383#breadcrumb","itemListElement":[{"@type":"ListItem","position":1,"name":"In\u00edcio","item":"https:\/\/aconteceunovale.com.br\/portal\/"},{"@type":"ListItem","position":2,"name":"Palmeiras abre vantagem na ponta do Brasileir\u00e3o"}]},{"@type":"WebSite","@id":"https:\/\/aconteceunovale.com.br\/portal\/#website","url":"https:\/\/aconteceunovale.com.br\/portal\/","name":"Aconteceu no Vale","description":"Portal de Not\u00edcias","potentialAction":[{"@type":"SearchAction","target":{"@type":"EntryPoint","urlTemplate":"https:\/\/aconteceunovale.com.br\/portal\/?s={search_term_string}"},"query-input":{"@type":"PropertyValueSpecification","valueRequired":true,"valueName":"search_term_string"}}],"inLanguage":"pt-BR"},{"@type":"Person","@id":"https:\/\/aconteceunovale.com.br\/portal\/#\/schema\/person\/7d2f26d1483f8a63de73da1ee0754d35","name":"Reda\u00e7\u00e3o Aconteceu no Vale","description":"Equipe de reportagem do Aconteceu no Vale, portal de not\u00edcias do Vale do Jequitinhonha, em Minas Gerais. Cobrimos as 51 cidades do Vale desde 2013. Sugest\u00f5es de pauta e pedidos de corre\u00e7\u00e3o: contato@aconteceunovale.com.br","url":"https:\/\/aconteceunovale.com.br\/portal\/?author=4"}]}},"_links":{"self":[{"href":"https:\/\/aconteceunovale.com.br\/portal\/index.php?rest_route=\/wp\/v2\/posts\/189383","targetHints":{"allow":["GET"]}}],"collection":[{"href":"https:\/\/aconteceunovale.com.br\/portal\/index.php?rest_route=\/wp\/v2\/posts"}],"about":[{"href":"https:\/\/aconteceunovale.com.br\/portal\/index.php?rest_route=\/wp\/v2\/types\/post"}],"author":[{"embeddable":true,"href":"https:\/\/aconteceunovale.com.br\/portal\/index.php?rest_route=\/wp\/v2\/users\/4"}],"replies":[{"embeddable":true,"href":"https:\/\/aconteceunovale.com.br\/portal\/index.php?rest_route=%2Fwp%2Fv2%2Fcomments&post=189383"}],"version-history":[{"count":1,"href":"https:\/\/aconteceunovale.com.br\/portal\/index.php?rest_route=\/wp\/v2\/posts\/189383\/revisions"}],"predecessor-version":[{"id":189386,"href":"https:\/\/aconteceunovale.com.br\/portal\/index.php?rest_route=\/wp\/v2\/posts\/189383\/revisions\/189386"}],"wp:featuredmedia":[{"embeddable":true,"href":"https:\/\/aconteceunovale.com.br\/portal\/index.php?rest_route=\/wp\/v2\/media\/189384"}],"wp:attachment":[{"href":"https:\/\/aconteceunovale.com.br\/portal\/index.php?rest_route=%2Fwp%2Fv2%2Fmedia&parent=189383"}],"wp:term":[{"taxonomy":"category","embeddable":true,"href":"https:\/\/aconteceunovale.com.br\/portal\/index.php?rest_route=%2Fwp%2Fv2%2Fcategories&post=189383"},{"taxonomy":"post_tag","embeddable":true,"href":"https:\/\/aconteceunovale.com.br\/portal\/index.php?rest_route=%2Fwp%2Fv2%2Ftags&post=189383"}],"curies":[{"name":"wp","href":"https:\/\/api.w.org\/{rel}","templated":true}]}}