{"id":189380,"date":"2022-07-21T15:40:53","date_gmt":"2022-07-21T18:40:53","guid":{"rendered":"https:\/\/aconteceunovale.com.br\/portal\/?p=189380"},"modified":"2022-07-21T15:41:41","modified_gmt":"2022-07-21T18:41:41","slug":"pt-oficializa-chapa-lula-alckmin-para-disputar-a-presidencia-do-brasil","status":"publish","type":"post","link":"https:\/\/aconteceunovale.com.br\/portal\/?p=189380","title":{"rendered":"PT oficializa chapa Lula-Alckmin para disputar a Presid\u00eancia do Brasil"},"content":{"rendered":"\n<p class=\"wp-block-paragraph\">O PT e a federa\u00e7\u00e3o partid\u00e1ria Brasil da Esperan\u00e7a (PT, PCdoB e PV) oficializaram hoje (21) a candidatura do ex-presidente da Rep\u00fablica Luiz In\u00e1cio Lula da Silva, para concorrer \u00e0s elei\u00e7\u00f5es presidenciais de outubro. Tamb\u00e9m foi formalizada a participa\u00e7\u00e3o do ex-governador de S\u00e3o Paulo\u00a0Geraldo Alckmin como vice-presidente, na chapa que concorrer\u00e1 a uma vaga no Planalto neste ano.<\/p>\n\n\n\n<figure class=\"wp-block-gallery has-nested-images columns-default is-cropped wp-block-gallery-1 is-layout-flex wp-block-gallery-is-layout-flex\">\n<figure class=\"wp-block-image size-large\"><img loading=\"lazy\" decoding=\"async\" width=\"678\" height=\"406\" data-id=\"189381\" src=\"https:\/\/aconteceunovale.com.br\/portal\/wp-content\/uploads\/2022\/07\/lula_alckmin.jpg\" alt=\"\" class=\"wp-image-189381\" srcset=\"https:\/\/aconteceunovale.com.br\/portal\/wp-content\/uploads\/2022\/07\/lula_alckmin.jpg 678w, https:\/\/aconteceunovale.com.br\/portal\/wp-content\/uploads\/2022\/07\/lula_alckmin-300x180.jpg 300w\" sizes=\"auto, (max-width: 678px) 100vw, 678px\" \/><figcaption><em><sub>Conven\u00e7\u00e3o do PT em S\u00e3o Paulo &#8211; Foto: Rovena Rosa\/Ag\u00eancia Brasil<\/sub><\/em><\/figcaption><\/figure>\n<\/figure>\n\n\n\n<p class=\"wp-block-paragraph\">Durante a conven\u00e7\u00e3o partid\u00e1ria, que ocorreu a portas fechadas em um hotel na capital paulista, o PT aprovou ainda a coliga\u00e7\u00e3o com o PSB, Solidariedade e a federa\u00e7\u00e3o PSOL-Rede. Lula e Alckmin n\u00e3o participaram do evento, porque estavam cumprindo agenda no Recife.&nbsp;&#8220;Aprovamos nossa coliga\u00e7\u00e3o de sete partidos e tamb\u00e9m delegamos \u00e0 Executiva Nacional da federa\u00e7\u00e3o poderes para discuss\u00e3o com outros partidos que possam querer integrar nossa coliga\u00e7\u00e3o&#8221;, disse a presidente nacional do PT, Gleisi Hoffmann.<\/p>\n\n\n\n<p class=\"wp-block-paragraph\">Segundo ela, no encontro, tamb\u00e9m foram&nbsp;discutidas a conjuntura pol\u00edtica atual do pa\u00eds e a import\u00e2ncia da constru\u00e7\u00e3o de uma unidade no campo pol\u00edtico que o grupo representa. &#8220;E \u00f3bvio que tiramos como meta a amplia\u00e7\u00e3o desse movimento pol\u00edtico. O momento que vivemos no pa\u00eds \u00e9 muito dif\u00edcil e essa n\u00e3o \u00e9 uma elei\u00e7\u00e3o normal como as outras. Esta elei\u00e7\u00e3o traz elementos duros para a democracia brasileira.&#8221;<\/p>\n\n\n\n<h2 class=\"wp-block-heading\">Perfil<\/h2>\n\n\n\n<p class=\"wp-block-paragraph\">Luiz In\u00e1cio Lula da Silva, de 76 anos, nasceu em Garanhuns (PE) e iniciou sua trajet\u00f3ria pol\u00edtica como sindicalista em 1966. Foi presidente da Rep\u00fablica por dois mandatos a partir de 2003, depois de ser eleito em 2002, em disputa no segundo turno das elei\u00e7\u00f5es com Jos\u00e9 Serra. Em 2006, Lula&nbsp;venceu Geraldo Alckmin e foi reeleito ao cargo. A primeira vez que disputou a Presid\u00eancia foi em 1989, sendo derrotado por Fernando Collor de Melo. Tentou mais duas vezes, em 1994 e 1998, quando perdeu para&nbsp;Fernando Henrique Cardoso nas duas tentativas.<\/p>\n\n\n\n<p class=\"wp-block-paragraph\">Em 2017, o ex-presidente foi condenado a nove anos e seis meses de pris\u00e3o por corrup\u00e7\u00e3o e lavagem de dinheiro. Em 2018, teve a pris\u00e3o decretada pelo ent\u00e3o juiz Sergio Moro. Em 2021, o ministro do Supremo Tribunal Federal (STF) Edson Fachin anulou as condena\u00e7\u00f5es, por entender que a 13\u00aa Vara Federal em Curitiba n\u00e3o tinha compet\u00eancia legal para julgar as acusa\u00e7\u00f5es, tornando Lula eleg\u00edvel. No mesmo ano, o plen\u00e1rio do Supremo confirmou a decis\u00e3o.<\/p>\n\n\n\n<p class=\"wp-block-paragraph\">Geraldo Alckmin, que nasceu em Pindamonhangaba, no interior paulista, tem 68 anos, \u00e9 m\u00e9dico e professor. Foi governador de S\u00e3o Paulo de 2001 a 2006 e de 2011 a 2018, comandando o governo paulista por mais tempo desde a redemocratiza\u00e7\u00e3o do Brasil. Atualmente \u00e9 professor universit\u00e1rio no curso de medicina da Universidade Nove de Julho e membro da Academia de Medicina de S\u00e3o Paulo.<\/p>\n\n\n\n<p class=\"wp-block-paragraph\">&#8212;&#8212;&#8212;&#8212;&#8212;&#8212;<br><br><strong>Sabia que o Aconteceu no Vale est\u00e1 tamb\u00e9m no Telegram? <a rel=\"noreferrer noopener\" href=\"https:\/\/t.me\/aconteceunovaleoficial\" target=\"_blank\">Inscreva-se no canal<\/a>.<\/strong><br><br><strong>J\u00e1 curtiu ou seguiu nossas p\u00e1ginas nas redes sociais?\u00a0Receba as not\u00edcias em primeira m\u00e3o:<\/strong><br>\u2022 <a rel=\"noreferrer noopener\" href=\"https:\/\/news.google.com\/publications\/CAAqBwgKMNjklQswi4etAw?hl=pt-BR&amp;gl=BR&amp;ceid=BR%3Apt-419\" target=\"_blank\">Google News<\/a><br>\u2022 <a rel=\"noreferrer noopener\" href=\"https:\/\/www.facebook.com\/aconteceunovale\/\" target=\"_blank\">Facebook<\/a><br>\u2022 <a rel=\"noreferrer noopener\" href=\"https:\/\/twitter.com\/noticiadosvales\" target=\"_blank\">Twitter<\/a><br>\u2022 <a rel=\"noreferrer noopener\" href=\"https:\/\/www.instagram.com\/aconteceunovale\" target=\"_blank\">Instagram<\/a><br>\u2022 <a rel=\"noreferrer noopener\" href=\"https:\/\/www.youtube.com\/AconteceunoValeOficial\" target=\"_blank\">Youtube<\/a><br>\u2022 <a rel=\"noreferrer noopener\" href=\"https:\/\/www.tiktok.com\/@aconteceunovale\" target=\"_blank\">TikTok<\/a><\/p>\n","protected":false},"excerpt":{"rendered":"<p>O PT e a federa\u00e7\u00e3o partid\u00e1ria Brasil da Esperan\u00e7a (PT, PCdoB e PV) oficializaram hoje (21) a candidatura do ex-presidente da Rep\u00fablica Luiz In\u00e1cio Lula da Silva, para concorrer \u00e0s elei\u00e7\u00f5es presidenciais de outubro. Tamb\u00e9m foi formalizada a participa\u00e7\u00e3o do ex-governador de S\u00e3o Paulo\u00a0Geraldo Alckmin como vice-presidente, na chapa que concorrer\u00e1 a uma vaga no [&hellip;]<\/p>\n","protected":false},"author":4,"featured_media":189381,"comment_status":"open","ping_status":"closed","sticky":false,"template":"","format":"standard","meta":{"amp_status":"","footnotes":""},"categories":[6,249933,40240],"tags":[50262,260369,1018,252238,64257,14372,260367,260368,125090,14124,7147,13894,260366,758,261603],"class_list":["post-189380","post","type-post","status-publish","format-standard","has-post-thumbnail","hentry","category-br","category-eleicoes-2022","category-politica","tag-alckmin","tag-chapa-pt-psb","tag-destaque","tag-eleicoes-2022","tag-eleicoes-presidenciais","tag-geraldo-alckmin","tag-geraldo-alckmin-vice-de-lula","tag-geraldo-alckmin-vice-do-pt","tag-gleisi-hoffmann","tag-luiz-inacio-lula-da-silva","tag-lula","tag-psb","tag-psb-formaliza-indicacao-de-geraldo-alckmin-como-vice-na-chapa-de-lula","tag-pt","tag-pt-oficializa-chapa-lula-alckmin-para-disputar-a-presidencia-do-brasil"],"yoast_head":"<!-- This site is optimized with the Yoast SEO plugin v28.3 - https:\/\/yoast.com\/product\/yoast-seo-wordpress\/ -->\n<title>PT oficializa chapa Lula-Alckmin para disputar a Presid\u00eancia do Brasil - Aconteceu no Vale<\/title>\n<meta name=\"robots\" content=\"index, follow, max-snippet:-1, max-image-preview:large, max-video-preview:-1\" \/>\n<link rel=\"canonical\" href=\"https:\/\/aconteceunovale.com.br\/portal\/?p=189380\" \/>\n<meta property=\"og:locale\" content=\"pt_BR\" \/>\n<meta property=\"og:type\" content=\"article\" \/>\n<meta property=\"og:title\" content=\"PT oficializa chapa Lula-Alckmin para disputar a Presid\u00eancia do Brasil - Aconteceu no Vale\" \/>\n<meta property=\"og:description\" content=\"O PT e a federa\u00e7\u00e3o partid\u00e1ria Brasil da Esperan\u00e7a (PT, PCdoB e PV) oficializaram hoje (21) a candidatura do ex-presidente da Rep\u00fablica Luiz In\u00e1cio Lula da Silva, para concorrer \u00e0s elei\u00e7\u00f5es presidenciais de outubro. Tamb\u00e9m foi formalizada a participa\u00e7\u00e3o do ex-governador de S\u00e3o Paulo\u00a0Geraldo Alckmin como vice-presidente, na chapa que concorrer\u00e1 a uma vaga no [&hellip;]\" \/>\n<meta property=\"og:url\" content=\"https:\/\/aconteceunovale.com.br\/portal\/?p=189380\" \/>\n<meta property=\"og:site_name\" content=\"Aconteceu no Vale\" \/>\n<meta property=\"article:publisher\" content=\"https:\/\/www.facebook.com\/aconteceunovale\/\" \/>\n<meta property=\"article:published_time\" content=\"2022-07-21T18:40:53+00:00\" \/>\n<meta property=\"article:modified_time\" content=\"2022-07-21T18:41:41+00:00\" \/>\n<meta property=\"og:image\" content=\"https:\/\/aconteceunovale.com.br\/portal\/wp-content\/uploads\/2022\/07\/lula_alckmin.jpg\" \/>\n\t<meta property=\"og:image:width\" content=\"678\" \/>\n\t<meta property=\"og:image:height\" content=\"406\" \/>\n\t<meta property=\"og:image:type\" content=\"image\/jpeg\" \/>\n<meta name=\"author\" content=\"Reda\u00e7\u00e3o Aconteceu no Vale\" \/>\n<meta name=\"twitter:card\" content=\"summary_large_image\" \/>\n<meta name=\"twitter:creator\" content=\"@noticiadosvales\" \/>\n<meta name=\"twitter:site\" content=\"@noticiadosvales\" \/>\n<meta name=\"twitter:label1\" content=\"Escrito por\" \/>\n\t<meta name=\"twitter:data1\" content=\"Reda\u00e7\u00e3o Aconteceu no Vale\" \/>\n\t<meta name=\"twitter:label2\" content=\"Est. tempo de leitura\" \/>\n\t<meta name=\"twitter:data2\" content=\"3 minutos\" \/>\n<script type=\"application\/ld+json\" class=\"yoast-schema-graph\">{\"@context\":\"https:\\\/\\\/schema.org\",\"@graph\":[{\"@type\":\"Article\",\"@id\":\"https:\\\/\\\/aconteceunovale.com.br\\\/portal\\\/?p=189380#article\",\"isPartOf\":{\"@id\":\"https:\\\/\\\/aconteceunovale.com.br\\\/portal\\\/?p=189380\"},\"author\":{\"name\":\"Reda\u00e7\u00e3o Aconteceu no Vale\",\"@id\":\"https:\\\/\\\/aconteceunovale.com.br\\\/portal\\\/#\\\/schema\\\/person\\\/7d2f26d1483f8a63de73da1ee0754d35\"},\"headline\":\"PT oficializa chapa Lula-Alckmin para disputar a Presid\u00eancia do Brasil\",\"datePublished\":\"2022-07-21T18:40:53+00:00\",\"dateModified\":\"2022-07-21T18:41:41+00:00\",\"mainEntityOfPage\":{\"@id\":\"https:\\\/\\\/aconteceunovale.com.br\\\/portal\\\/?p=189380\"},\"wordCount\":536,\"commentCount\":0,\"image\":{\"@id\":\"https:\\\/\\\/aconteceunovale.com.br\\\/portal\\\/?p=189380#primaryimage\"},\"thumbnailUrl\":\"https:\\\/\\\/aconteceunovale.com.br\\\/portal\\\/wp-content\\\/uploads\\\/2022\\\/07\\\/lula_alckmin.jpg\",\"keywords\":[\"Alckmin\",\"Chapa PT PSB\",\"destaque\",\"Elei\u00e7\u00f5es 2022\",\"elei\u00e7\u00f5es presidenciais\",\"Geraldo Alckmin\",\"Geraldo Alckmin vice de Lula\",\"Geraldo Alckmin vice do PT\",\"Gleisi Hoffmann\",\"Luiz In\u00e1cio Lula da Silva\",\"Lula\",\"PSB\",\"PSB formaliza indica\u00e7\u00e3o de Geraldo Alckmin como vice na chapa de Lula\",\"PT\",\"PT oficializa chapa Lula-Alckmin para disputar a Presid\u00eancia do Brasil\"],\"articleSection\":[\"Brasil\",\"Elei\u00e7\u00f5es 2022\",\"Pol\u00edtica\"],\"inLanguage\":\"pt-BR\",\"potentialAction\":[{\"@type\":\"CommentAction\",\"name\":\"Comment\",\"target\":[\"https:\\\/\\\/aconteceunovale.com.br\\\/portal\\\/?p=189380#respond\"]}]},{\"@type\":\"WebPage\",\"@id\":\"https:\\\/\\\/aconteceunovale.com.br\\\/portal\\\/?p=189380\",\"url\":\"https:\\\/\\\/aconteceunovale.com.br\\\/portal\\\/?p=189380\",\"name\":\"PT oficializa chapa Lula-Alckmin para disputar a Presid\u00eancia do Brasil - Aconteceu no Vale\",\"isPartOf\":{\"@id\":\"https:\\\/\\\/aconteceunovale.com.br\\\/portal\\\/#website\"},\"primaryImageOfPage\":{\"@id\":\"https:\\\/\\\/aconteceunovale.com.br\\\/portal\\\/?p=189380#primaryimage\"},\"image\":{\"@id\":\"https:\\\/\\\/aconteceunovale.com.br\\\/portal\\\/?p=189380#primaryimage\"},\"thumbnailUrl\":\"https:\\\/\\\/aconteceunovale.com.br\\\/portal\\\/wp-content\\\/uploads\\\/2022\\\/07\\\/lula_alckmin.jpg\",\"datePublished\":\"2022-07-21T18:40:53+00:00\",\"dateModified\":\"2022-07-21T18:41:41+00:00\",\"author\":{\"@id\":\"https:\\\/\\\/aconteceunovale.com.br\\\/portal\\\/#\\\/schema\\\/person\\\/7d2f26d1483f8a63de73da1ee0754d35\"},\"breadcrumb\":{\"@id\":\"https:\\\/\\\/aconteceunovale.com.br\\\/portal\\\/?p=189380#breadcrumb\"},\"inLanguage\":\"pt-BR\",\"potentialAction\":[{\"@type\":\"ReadAction\",\"target\":[\"https:\\\/\\\/aconteceunovale.com.br\\\/portal\\\/?p=189380\"]}]},{\"@type\":\"ImageObject\",\"inLanguage\":\"pt-BR\",\"@id\":\"https:\\\/\\\/aconteceunovale.com.br\\\/portal\\\/?p=189380#primaryimage\",\"url\":\"https:\\\/\\\/aconteceunovale.com.br\\\/portal\\\/wp-content\\\/uploads\\\/2022\\\/07\\\/lula_alckmin.jpg\",\"contentUrl\":\"https:\\\/\\\/aconteceunovale.com.br\\\/portal\\\/wp-content\\\/uploads\\\/2022\\\/07\\\/lula_alckmin.jpg\",\"width\":678,\"height\":406,\"caption\":\"Conven\u00e7\u00e3o do PT em S\u00e3o Paulo\"},{\"@type\":\"BreadcrumbList\",\"@id\":\"https:\\\/\\\/aconteceunovale.com.br\\\/portal\\\/?p=189380#breadcrumb\",\"itemListElement\":[{\"@type\":\"ListItem\",\"position\":1,\"name\":\"In\u00edcio\",\"item\":\"https:\\\/\\\/aconteceunovale.com.br\\\/portal\\\/\"},{\"@type\":\"ListItem\",\"position\":2,\"name\":\"PT oficializa chapa Lula-Alckmin para disputar a Presid\u00eancia do Brasil\"}]},{\"@type\":\"WebSite\",\"@id\":\"https:\\\/\\\/aconteceunovale.com.br\\\/portal\\\/#website\",\"url\":\"https:\\\/\\\/aconteceunovale.com.br\\\/portal\\\/\",\"name\":\"Aconteceu no Vale\",\"description\":\"Portal de Not\u00edcias\",\"potentialAction\":[{\"@type\":\"SearchAction\",\"target\":{\"@type\":\"EntryPoint\",\"urlTemplate\":\"https:\\\/\\\/aconteceunovale.com.br\\\/portal\\\/?s={search_term_string}\"},\"query-input\":{\"@type\":\"PropertyValueSpecification\",\"valueRequired\":true,\"valueName\":\"search_term_string\"}}],\"inLanguage\":\"pt-BR\"},{\"@type\":\"Person\",\"@id\":\"https:\\\/\\\/aconteceunovale.com.br\\\/portal\\\/#\\\/schema\\\/person\\\/7d2f26d1483f8a63de73da1ee0754d35\",\"name\":\"Reda\u00e7\u00e3o Aconteceu no Vale\",\"description\":\"Equipe de reportagem do Aconteceu no Vale, portal de not\u00edcias do Vale do Jequitinhonha, em Minas Gerais. Cobrimos as 51 cidades do Vale desde 2013. Sugest\u00f5es de pauta e pedidos de corre\u00e7\u00e3o: contato@aconteceunovale.com.br\",\"url\":\"https:\\\/\\\/aconteceunovale.com.br\\\/portal\\\/?author=4\"}]}<\/script>\n<!-- \/ Yoast SEO plugin. -->","yoast_head_json":{"title":"PT oficializa chapa Lula-Alckmin para disputar a Presid\u00eancia do Brasil - Aconteceu no Vale","robots":{"index":"index","follow":"follow","max-snippet":"max-snippet:-1","max-image-preview":"max-image-preview:large","max-video-preview":"max-video-preview:-1"},"canonical":"https:\/\/aconteceunovale.com.br\/portal\/?p=189380","og_locale":"pt_BR","og_type":"article","og_title":"PT oficializa chapa Lula-Alckmin para disputar a Presid\u00eancia do Brasil - Aconteceu no Vale","og_description":"O PT e a federa\u00e7\u00e3o partid\u00e1ria Brasil da Esperan\u00e7a (PT, PCdoB e PV) oficializaram hoje (21) a candidatura do ex-presidente da Rep\u00fablica Luiz In\u00e1cio Lula da Silva, para concorrer \u00e0s elei\u00e7\u00f5es presidenciais de outubro. Tamb\u00e9m foi formalizada a participa\u00e7\u00e3o do ex-governador de S\u00e3o Paulo\u00a0Geraldo Alckmin como vice-presidente, na chapa que concorrer\u00e1 a uma vaga no [&hellip;]","og_url":"https:\/\/aconteceunovale.com.br\/portal\/?p=189380","og_site_name":"Aconteceu no Vale","article_publisher":"https:\/\/www.facebook.com\/aconteceunovale\/","article_published_time":"2022-07-21T18:40:53+00:00","article_modified_time":"2022-07-21T18:41:41+00:00","og_image":[{"width":678,"height":406,"url":"https:\/\/aconteceunovale.com.br\/portal\/wp-content\/uploads\/2022\/07\/lula_alckmin.jpg","type":"image\/jpeg"}],"author":"Reda\u00e7\u00e3o Aconteceu no Vale","twitter_card":"summary_large_image","twitter_creator":"@noticiadosvales","twitter_site":"@noticiadosvales","twitter_misc":{"Escrito por":"Reda\u00e7\u00e3o Aconteceu no Vale","Est. tempo de leitura":"3 minutos"},"schema":{"@context":"https:\/\/schema.org","@graph":[{"@type":"Article","@id":"https:\/\/aconteceunovale.com.br\/portal\/?p=189380#article","isPartOf":{"@id":"https:\/\/aconteceunovale.com.br\/portal\/?p=189380"},"author":{"name":"Reda\u00e7\u00e3o Aconteceu no Vale","@id":"https:\/\/aconteceunovale.com.br\/portal\/#\/schema\/person\/7d2f26d1483f8a63de73da1ee0754d35"},"headline":"PT oficializa chapa Lula-Alckmin para disputar a Presid\u00eancia do Brasil","datePublished":"2022-07-21T18:40:53+00:00","dateModified":"2022-07-21T18:41:41+00:00","mainEntityOfPage":{"@id":"https:\/\/aconteceunovale.com.br\/portal\/?p=189380"},"wordCount":536,"commentCount":0,"image":{"@id":"https:\/\/aconteceunovale.com.br\/portal\/?p=189380#primaryimage"},"thumbnailUrl":"https:\/\/aconteceunovale.com.br\/portal\/wp-content\/uploads\/2022\/07\/lula_alckmin.jpg","keywords":["Alckmin","Chapa PT PSB","destaque","Elei\u00e7\u00f5es 2022","elei\u00e7\u00f5es presidenciais","Geraldo Alckmin","Geraldo Alckmin vice de Lula","Geraldo Alckmin vice do PT","Gleisi Hoffmann","Luiz In\u00e1cio Lula da Silva","Lula","PSB","PSB formaliza indica\u00e7\u00e3o de Geraldo Alckmin como vice na chapa de Lula","PT","PT oficializa chapa Lula-Alckmin para disputar a Presid\u00eancia do Brasil"],"articleSection":["Brasil","Elei\u00e7\u00f5es 2022","Pol\u00edtica"],"inLanguage":"pt-BR","potentialAction":[{"@type":"CommentAction","name":"Comment","target":["https:\/\/aconteceunovale.com.br\/portal\/?p=189380#respond"]}]},{"@type":"WebPage","@id":"https:\/\/aconteceunovale.com.br\/portal\/?p=189380","url":"https:\/\/aconteceunovale.com.br\/portal\/?p=189380","name":"PT oficializa chapa Lula-Alckmin para disputar a Presid\u00eancia do Brasil - Aconteceu no Vale","isPartOf":{"@id":"https:\/\/aconteceunovale.com.br\/portal\/#website"},"primaryImageOfPage":{"@id":"https:\/\/aconteceunovale.com.br\/portal\/?p=189380#primaryimage"},"image":{"@id":"https:\/\/aconteceunovale.com.br\/portal\/?p=189380#primaryimage"},"thumbnailUrl":"https:\/\/aconteceunovale.com.br\/portal\/wp-content\/uploads\/2022\/07\/lula_alckmin.jpg","datePublished":"2022-07-21T18:40:53+00:00","dateModified":"2022-07-21T18:41:41+00:00","author":{"@id":"https:\/\/aconteceunovale.com.br\/portal\/#\/schema\/person\/7d2f26d1483f8a63de73da1ee0754d35"},"breadcrumb":{"@id":"https:\/\/aconteceunovale.com.br\/portal\/?p=189380#breadcrumb"},"inLanguage":"pt-BR","potentialAction":[{"@type":"ReadAction","target":["https:\/\/aconteceunovale.com.br\/portal\/?p=189380"]}]},{"@type":"ImageObject","inLanguage":"pt-BR","@id":"https:\/\/aconteceunovale.com.br\/portal\/?p=189380#primaryimage","url":"https:\/\/aconteceunovale.com.br\/portal\/wp-content\/uploads\/2022\/07\/lula_alckmin.jpg","contentUrl":"https:\/\/aconteceunovale.com.br\/portal\/wp-content\/uploads\/2022\/07\/lula_alckmin.jpg","width":678,"height":406,"caption":"Conven\u00e7\u00e3o do PT em S\u00e3o Paulo"},{"@type":"BreadcrumbList","@id":"https:\/\/aconteceunovale.com.br\/portal\/?p=189380#breadcrumb","itemListElement":[{"@type":"ListItem","position":1,"name":"In\u00edcio","item":"https:\/\/aconteceunovale.com.br\/portal\/"},{"@type":"ListItem","position":2,"name":"PT oficializa chapa Lula-Alckmin para disputar a Presid\u00eancia do Brasil"}]},{"@type":"WebSite","@id":"https:\/\/aconteceunovale.com.br\/portal\/#website","url":"https:\/\/aconteceunovale.com.br\/portal\/","name":"Aconteceu no Vale","description":"Portal de Not\u00edcias","potentialAction":[{"@type":"SearchAction","target":{"@type":"EntryPoint","urlTemplate":"https:\/\/aconteceunovale.com.br\/portal\/?s={search_term_string}"},"query-input":{"@type":"PropertyValueSpecification","valueRequired":true,"valueName":"search_term_string"}}],"inLanguage":"pt-BR"},{"@type":"Person","@id":"https:\/\/aconteceunovale.com.br\/portal\/#\/schema\/person\/7d2f26d1483f8a63de73da1ee0754d35","name":"Reda\u00e7\u00e3o Aconteceu no Vale","description":"Equipe de reportagem do Aconteceu no Vale, portal de not\u00edcias do Vale do Jequitinhonha, em Minas Gerais. Cobrimos as 51 cidades do Vale desde 2013. Sugest\u00f5es de pauta e pedidos de corre\u00e7\u00e3o: contato@aconteceunovale.com.br","url":"https:\/\/aconteceunovale.com.br\/portal\/?author=4"}]}},"_links":{"self":[{"href":"https:\/\/aconteceunovale.com.br\/portal\/index.php?rest_route=\/wp\/v2\/posts\/189380","targetHints":{"allow":["GET"]}}],"collection":[{"href":"https:\/\/aconteceunovale.com.br\/portal\/index.php?rest_route=\/wp\/v2\/posts"}],"about":[{"href":"https:\/\/aconteceunovale.com.br\/portal\/index.php?rest_route=\/wp\/v2\/types\/post"}],"author":[{"embeddable":true,"href":"https:\/\/aconteceunovale.com.br\/portal\/index.php?rest_route=\/wp\/v2\/users\/4"}],"replies":[{"embeddable":true,"href":"https:\/\/aconteceunovale.com.br\/portal\/index.php?rest_route=%2Fwp%2Fv2%2Fcomments&post=189380"}],"version-history":[{"count":1,"href":"https:\/\/aconteceunovale.com.br\/portal\/index.php?rest_route=\/wp\/v2\/posts\/189380\/revisions"}],"predecessor-version":[{"id":189382,"href":"https:\/\/aconteceunovale.com.br\/portal\/index.php?rest_route=\/wp\/v2\/posts\/189380\/revisions\/189382"}],"wp:featuredmedia":[{"embeddable":true,"href":"https:\/\/aconteceunovale.com.br\/portal\/index.php?rest_route=\/wp\/v2\/media\/189381"}],"wp:attachment":[{"href":"https:\/\/aconteceunovale.com.br\/portal\/index.php?rest_route=%2Fwp%2Fv2%2Fmedia&parent=189380"}],"wp:term":[{"taxonomy":"category","embeddable":true,"href":"https:\/\/aconteceunovale.com.br\/portal\/index.php?rest_route=%2Fwp%2Fv2%2Fcategories&post=189380"},{"taxonomy":"post_tag","embeddable":true,"href":"https:\/\/aconteceunovale.com.br\/portal\/index.php?rest_route=%2Fwp%2Fv2%2Ftags&post=189380"}],"curies":[{"name":"wp","href":"https:\/\/api.w.org\/{rel}","templated":true}]}}