{"id":189335,"date":"2022-07-05T22:15:03","date_gmt":"2022-07-06T01:15:03","guid":{"rendered":"https:\/\/aconteceunovale.com.br\/portal\/?p=189335"},"modified":"2022-07-05T22:15:42","modified_gmt":"2022-07-06T01:15:42","slug":"justica-eleitoral-convoca-mesarios-que-vao-trabalhar-nas-eleicoes","status":"publish","type":"post","link":"https:\/\/aconteceunovale.com.br\/portal\/?p=189335","title":{"rendered":"Justi\u00e7a Eleitoral convoca mes\u00e1rios que v\u00e3o trabalhar nas elei\u00e7\u00f5es"},"content":{"rendered":"\n<p class=\"wp-block-paragraph\">A Justi\u00e7a Eleitoral come\u00e7ou a convocar\u00a0hoje\u00a0(5) os mes\u00e1rios que v\u00e3o trabalhar nas elei\u00e7\u00f5es\u00a0de outubro. No pleito deste ano, cerca de 2 milh\u00f5es v\u00e3o colaborar com o atendimento ao eleitor nas se\u00e7\u00f5es eleitorais, nos postos de justificativa e no apoio log\u00edstico no primeiro e segundo turnos.<\/p>\n\n\n\n<p class=\"wp-block-paragraph\">As pessoas que se inscreveram para trabalhar como mes\u00e1rios ou que foram convocados para prestar o servi\u00e7o no dia da elei\u00e7\u00e3o v\u00e3o receber um documento oficial da Justi\u00e7a Eleitoral de forma f\u00edsica ou por aplicativo de mensagem e e-mail. O crit\u00e9rio de comunica\u00e7\u00e3o ser\u00e1 estabelecido por cada tribunal regional eleitoral (TRE).&nbsp;<\/p>\n\n\n\n<p class=\"wp-block-paragraph\">Ap\u00f3s a convoca\u00e7\u00e3o, os mes\u00e1rios passar\u00e3o por um treinamento virtual, no qual receber\u00e3o informa\u00e7\u00f5es sobre os procedimentos que dever\u00e3o ser adotados durante a vota\u00e7\u00e3o e solu\u00e7\u00f5es para eventuais problemas que podem surgir.&nbsp;<\/p>\n\n\n\n<p class=\"wp-block-paragraph\">Eleitores menores de 18 anos n\u00e3o podem ser mes\u00e1rios, al\u00e9m de parentes de candidatos, integrantes de partidos pol\u00edticos, ocupantes de cargos de confian\u00e7a no Poder Executivo e servidores da Justi\u00e7a Eleitoral.&nbsp;<\/p>\n\n\n\n<p class=\"wp-block-paragraph\">O primeiro turno ser\u00e1 realizado no dia&nbsp;2 de outubro, quando os eleitores v\u00e3o \u00e0s urnas para eleger o presidente da Rep\u00fablica, governadores, senadores, deputados federais, estaduais e distritais.<\/p>\n\n\n\n<p class=\"wp-block-paragraph\">Eventual segundo turno\u00a0 para a disputa presidencial e aos governos estaduais ser\u00e1 em\u00a030 de outubro.\u00a0<\/p>\n\n\n\n<p class=\"wp-block-paragraph\">&#8212;&#8212;&#8212;&#8212;&#8212;&#8212;<br><br><strong>Sabia que o Aconteceu no Vale est\u00e1 tamb\u00e9m no Telegram? <a rel=\"noreferrer noopener\" href=\"https:\/\/t.me\/aconteceunovaleoficial\" target=\"_blank\">Inscreva-se no canal<\/a>.<\/strong><br><br><strong>J\u00e1 curtiu ou seguiu nossas p\u00e1ginas nas redes sociais?\u00a0Receba as not\u00edcias em primeira m\u00e3o:<\/strong><br>\u2022 <a rel=\"noreferrer noopener\" href=\"https:\/\/news.google.com\/publications\/CAAqBwgKMNjklQswi4etAw?hl=pt-BR&amp;gl=BR&amp;ceid=BR%3Apt-419\" target=\"_blank\">Google News<\/a><br>\u2022 <a rel=\"noreferrer noopener\" href=\"https:\/\/www.facebook.com\/aconteceunovale\/\" target=\"_blank\">Facebook<\/a><br>\u2022 <a rel=\"noreferrer noopener\" href=\"https:\/\/twitter.com\/noticiadosvales\" target=\"_blank\">Twitter<\/a><br>\u2022 <a rel=\"noreferrer noopener\" href=\"https:\/\/www.instagram.com\/aconteceunovale\" target=\"_blank\">Instagram<\/a><br>\u2022 <a rel=\"noreferrer noopener\" href=\"https:\/\/www.youtube.com\/AconteceunoValeOficial\" target=\"_blank\">Youtube<\/a><br>\u2022 <a rel=\"noreferrer noopener\" href=\"https:\/\/www.tiktok.com\/@aconteceunovale\" target=\"_blank\">TikTok<\/a><\/p>\n","protected":false},"excerpt":{"rendered":"<p>A Justi\u00e7a Eleitoral come\u00e7ou a convocar\u00a0hoje\u00a0(5) os mes\u00e1rios que v\u00e3o trabalhar nas elei\u00e7\u00f5es\u00a0de outubro. No pleito deste ano, cerca de 2 milh\u00f5es v\u00e3o colaborar com o atendimento ao eleitor nas se\u00e7\u00f5es eleitorais, nos postos de justificativa e no apoio log\u00edstico no primeiro e segundo turnos. As pessoas que se inscreveram para trabalhar como mes\u00e1rios ou [&hellip;]<\/p>\n","protected":false},"author":4,"featured_media":182835,"comment_status":"open","ping_status":"closed","sticky":false,"template":"","format":"standard","meta":{"amp_status":"","footnotes":""},"categories":[6,249933,40240],"tags":[261555,1018,252238,17165,261553,261554,115951,267],"class_list":["post-189335","post","type-post","status-publish","format-standard","has-post-thumbnail","hentry","category-br","category-eleicoes-2022","category-politica","tag-convocacao-de-mesarios-para-as-eleicoes-2022","tag-destaque","tag-eleicoes-2022","tag-justica-eleitoral","tag-justica-eleitoral-convoca-mesarios-que-vao-trabalhar-nas-eleicoes","tag-mesarios-eleicoes-2022","tag-tre-mg","tag-tse"],"yoast_head":"<!-- This site is optimized with the Yoast SEO plugin v28.3 - https:\/\/yoast.com\/product\/yoast-seo-wordpress\/ -->\n<title>Justi\u00e7a Eleitoral convoca mes\u00e1rios que v\u00e3o trabalhar nas elei\u00e7\u00f5es - Aconteceu no Vale<\/title>\n<meta name=\"robots\" content=\"index, follow, max-snippet:-1, max-image-preview:large, max-video-preview:-1\" \/>\n<link rel=\"canonical\" href=\"https:\/\/aconteceunovale.com.br\/portal\/?p=189335\" \/>\n<meta property=\"og:locale\" content=\"pt_BR\" \/>\n<meta property=\"og:type\" content=\"article\" \/>\n<meta property=\"og:title\" content=\"Justi\u00e7a Eleitoral convoca mes\u00e1rios que v\u00e3o trabalhar nas elei\u00e7\u00f5es - Aconteceu no Vale\" \/>\n<meta property=\"og:description\" content=\"A Justi\u00e7a Eleitoral come\u00e7ou a convocar\u00a0hoje\u00a0(5) os mes\u00e1rios que v\u00e3o trabalhar nas elei\u00e7\u00f5es\u00a0de outubro. No pleito deste ano, cerca de 2 milh\u00f5es v\u00e3o colaborar com o atendimento ao eleitor nas se\u00e7\u00f5es eleitorais, nos postos de justificativa e no apoio log\u00edstico no primeiro e segundo turnos. As pessoas que se inscreveram para trabalhar como mes\u00e1rios ou [&hellip;]\" \/>\n<meta property=\"og:url\" content=\"https:\/\/aconteceunovale.com.br\/portal\/?p=189335\" \/>\n<meta property=\"og:site_name\" content=\"Aconteceu no Vale\" \/>\n<meta property=\"article:publisher\" content=\"https:\/\/www.facebook.com\/aconteceunovale\/\" \/>\n<meta property=\"article:published_time\" content=\"2022-07-06T01:15:03+00:00\" \/>\n<meta property=\"article:modified_time\" content=\"2022-07-06T01:15:42+00:00\" \/>\n<meta property=\"og:image\" content=\"https:\/\/aconteceunovale.com.br\/portal\/wp-content\/uploads\/2021\/10\/urna_eletronica.jpg\" \/>\n\t<meta property=\"og:image:width\" content=\"678\" \/>\n\t<meta property=\"og:image:height\" content=\"406\" \/>\n\t<meta property=\"og:image:type\" content=\"image\/jpeg\" \/>\n<meta name=\"author\" content=\"Reda\u00e7\u00e3o Aconteceu no Vale\" \/>\n<meta name=\"twitter:card\" content=\"summary_large_image\" \/>\n<meta name=\"twitter:creator\" content=\"@noticiadosvales\" \/>\n<meta name=\"twitter:site\" content=\"@noticiadosvales\" \/>\n<meta name=\"twitter:label1\" content=\"Escrito por\" \/>\n\t<meta name=\"twitter:data1\" content=\"Reda\u00e7\u00e3o Aconteceu no Vale\" \/>\n\t<meta name=\"twitter:label2\" content=\"Est. tempo de leitura\" \/>\n\t<meta name=\"twitter:data2\" content=\"1 minuto\" \/>\n<script type=\"application\/ld+json\" class=\"yoast-schema-graph\">{\"@context\":\"https:\\\/\\\/schema.org\",\"@graph\":[{\"@type\":\"Article\",\"@id\":\"https:\\\/\\\/aconteceunovale.com.br\\\/portal\\\/?p=189335#article\",\"isPartOf\":{\"@id\":\"https:\\\/\\\/aconteceunovale.com.br\\\/portal\\\/?p=189335\"},\"author\":{\"name\":\"Reda\u00e7\u00e3o Aconteceu no Vale\",\"@id\":\"https:\\\/\\\/aconteceunovale.com.br\\\/portal\\\/#\\\/schema\\\/person\\\/7d2f26d1483f8a63de73da1ee0754d35\"},\"headline\":\"Justi\u00e7a Eleitoral convoca mes\u00e1rios que v\u00e3o trabalhar nas elei\u00e7\u00f5es\",\"datePublished\":\"2022-07-06T01:15:03+00:00\",\"dateModified\":\"2022-07-06T01:15:42+00:00\",\"mainEntityOfPage\":{\"@id\":\"https:\\\/\\\/aconteceunovale.com.br\\\/portal\\\/?p=189335\"},\"wordCount\":293,\"commentCount\":0,\"image\":{\"@id\":\"https:\\\/\\\/aconteceunovale.com.br\\\/portal\\\/?p=189335#primaryimage\"},\"thumbnailUrl\":\"https:\\\/\\\/aconteceunovale.com.br\\\/portal\\\/wp-content\\\/uploads\\\/2021\\\/10\\\/urna_eletronica.jpg\",\"keywords\":[\"Convoca\u00e7\u00e3o de mes\u00e1rios para as elei\u00e7\u00f5es 2022\",\"destaque\",\"Elei\u00e7\u00f5es 2022\",\"Justi\u00e7a Eleitoral\",\"Justi\u00e7a Eleitoral convoca mes\u00e1rios que v\u00e3o trabalhar nas elei\u00e7\u00f5es\",\"Mes\u00e1rios elei\u00e7\u00f5es 2022\",\"TRE-MG\",\"TSE\"],\"articleSection\":[\"Brasil\",\"Elei\u00e7\u00f5es 2022\",\"Pol\u00edtica\"],\"inLanguage\":\"pt-BR\",\"potentialAction\":[{\"@type\":\"CommentAction\",\"name\":\"Comment\",\"target\":[\"https:\\\/\\\/aconteceunovale.com.br\\\/portal\\\/?p=189335#respond\"]}]},{\"@type\":\"WebPage\",\"@id\":\"https:\\\/\\\/aconteceunovale.com.br\\\/portal\\\/?p=189335\",\"url\":\"https:\\\/\\\/aconteceunovale.com.br\\\/portal\\\/?p=189335\",\"name\":\"Justi\u00e7a Eleitoral convoca mes\u00e1rios que v\u00e3o trabalhar nas elei\u00e7\u00f5es - Aconteceu no Vale\",\"isPartOf\":{\"@id\":\"https:\\\/\\\/aconteceunovale.com.br\\\/portal\\\/#website\"},\"primaryImageOfPage\":{\"@id\":\"https:\\\/\\\/aconteceunovale.com.br\\\/portal\\\/?p=189335#primaryimage\"},\"image\":{\"@id\":\"https:\\\/\\\/aconteceunovale.com.br\\\/portal\\\/?p=189335#primaryimage\"},\"thumbnailUrl\":\"https:\\\/\\\/aconteceunovale.com.br\\\/portal\\\/wp-content\\\/uploads\\\/2021\\\/10\\\/urna_eletronica.jpg\",\"datePublished\":\"2022-07-06T01:15:03+00:00\",\"dateModified\":\"2022-07-06T01:15:42+00:00\",\"author\":{\"@id\":\"https:\\\/\\\/aconteceunovale.com.br\\\/portal\\\/#\\\/schema\\\/person\\\/7d2f26d1483f8a63de73da1ee0754d35\"},\"breadcrumb\":{\"@id\":\"https:\\\/\\\/aconteceunovale.com.br\\\/portal\\\/?p=189335#breadcrumb\"},\"inLanguage\":\"pt-BR\",\"potentialAction\":[{\"@type\":\"ReadAction\",\"target\":[\"https:\\\/\\\/aconteceunovale.com.br\\\/portal\\\/?p=189335\"]}]},{\"@type\":\"ImageObject\",\"inLanguage\":\"pt-BR\",\"@id\":\"https:\\\/\\\/aconteceunovale.com.br\\\/portal\\\/?p=189335#primaryimage\",\"url\":\"https:\\\/\\\/aconteceunovale.com.br\\\/portal\\\/wp-content\\\/uploads\\\/2021\\\/10\\\/urna_eletronica.jpg\",\"contentUrl\":\"https:\\\/\\\/aconteceunovale.com.br\\\/portal\\\/wp-content\\\/uploads\\\/2021\\\/10\\\/urna_eletronica.jpg\",\"width\":678,\"height\":406,\"caption\":\"TSE - Tribunal Superior Eleitoral Urna eletr\u00f4nica\"},{\"@type\":\"BreadcrumbList\",\"@id\":\"https:\\\/\\\/aconteceunovale.com.br\\\/portal\\\/?p=189335#breadcrumb\",\"itemListElement\":[{\"@type\":\"ListItem\",\"position\":1,\"name\":\"In\u00edcio\",\"item\":\"https:\\\/\\\/aconteceunovale.com.br\\\/portal\\\/\"},{\"@type\":\"ListItem\",\"position\":2,\"name\":\"Justi\u00e7a Eleitoral convoca mes\u00e1rios que v\u00e3o trabalhar nas elei\u00e7\u00f5es\"}]},{\"@type\":\"WebSite\",\"@id\":\"https:\\\/\\\/aconteceunovale.com.br\\\/portal\\\/#website\",\"url\":\"https:\\\/\\\/aconteceunovale.com.br\\\/portal\\\/\",\"name\":\"Aconteceu no Vale\",\"description\":\"Portal de Not\u00edcias\",\"potentialAction\":[{\"@type\":\"SearchAction\",\"target\":{\"@type\":\"EntryPoint\",\"urlTemplate\":\"https:\\\/\\\/aconteceunovale.com.br\\\/portal\\\/?s={search_term_string}\"},\"query-input\":{\"@type\":\"PropertyValueSpecification\",\"valueRequired\":true,\"valueName\":\"search_term_string\"}}],\"inLanguage\":\"pt-BR\"},{\"@type\":\"Person\",\"@id\":\"https:\\\/\\\/aconteceunovale.com.br\\\/portal\\\/#\\\/schema\\\/person\\\/7d2f26d1483f8a63de73da1ee0754d35\",\"name\":\"Reda\u00e7\u00e3o Aconteceu no Vale\",\"description\":\"Equipe de reportagem do Aconteceu no Vale, portal de not\u00edcias do Vale do Jequitinhonha, em Minas Gerais. Cobrimos as 51 cidades do Vale desde 2013. Sugest\u00f5es de pauta e pedidos de corre\u00e7\u00e3o: contato@aconteceunovale.com.br\",\"url\":\"https:\\\/\\\/aconteceunovale.com.br\\\/portal\\\/?author=4\"}]}<\/script>\n<!-- \/ Yoast SEO plugin. -->","yoast_head_json":{"title":"Justi\u00e7a Eleitoral convoca mes\u00e1rios que v\u00e3o trabalhar nas elei\u00e7\u00f5es - Aconteceu no Vale","robots":{"index":"index","follow":"follow","max-snippet":"max-snippet:-1","max-image-preview":"max-image-preview:large","max-video-preview":"max-video-preview:-1"},"canonical":"https:\/\/aconteceunovale.com.br\/portal\/?p=189335","og_locale":"pt_BR","og_type":"article","og_title":"Justi\u00e7a Eleitoral convoca mes\u00e1rios que v\u00e3o trabalhar nas elei\u00e7\u00f5es - Aconteceu no Vale","og_description":"A Justi\u00e7a Eleitoral come\u00e7ou a convocar\u00a0hoje\u00a0(5) os mes\u00e1rios que v\u00e3o trabalhar nas elei\u00e7\u00f5es\u00a0de outubro. No pleito deste ano, cerca de 2 milh\u00f5es v\u00e3o colaborar com o atendimento ao eleitor nas se\u00e7\u00f5es eleitorais, nos postos de justificativa e no apoio log\u00edstico no primeiro e segundo turnos. As pessoas que se inscreveram para trabalhar como mes\u00e1rios ou [&hellip;]","og_url":"https:\/\/aconteceunovale.com.br\/portal\/?p=189335","og_site_name":"Aconteceu no Vale","article_publisher":"https:\/\/www.facebook.com\/aconteceunovale\/","article_published_time":"2022-07-06T01:15:03+00:00","article_modified_time":"2022-07-06T01:15:42+00:00","og_image":[{"width":678,"height":406,"url":"https:\/\/aconteceunovale.com.br\/portal\/wp-content\/uploads\/2021\/10\/urna_eletronica.jpg","type":"image\/jpeg"}],"author":"Reda\u00e7\u00e3o Aconteceu no Vale","twitter_card":"summary_large_image","twitter_creator":"@noticiadosvales","twitter_site":"@noticiadosvales","twitter_misc":{"Escrito por":"Reda\u00e7\u00e3o Aconteceu no Vale","Est. tempo de leitura":"1 minuto"},"schema":{"@context":"https:\/\/schema.org","@graph":[{"@type":"Article","@id":"https:\/\/aconteceunovale.com.br\/portal\/?p=189335#article","isPartOf":{"@id":"https:\/\/aconteceunovale.com.br\/portal\/?p=189335"},"author":{"name":"Reda\u00e7\u00e3o Aconteceu no Vale","@id":"https:\/\/aconteceunovale.com.br\/portal\/#\/schema\/person\/7d2f26d1483f8a63de73da1ee0754d35"},"headline":"Justi\u00e7a Eleitoral convoca mes\u00e1rios que v\u00e3o trabalhar nas elei\u00e7\u00f5es","datePublished":"2022-07-06T01:15:03+00:00","dateModified":"2022-07-06T01:15:42+00:00","mainEntityOfPage":{"@id":"https:\/\/aconteceunovale.com.br\/portal\/?p=189335"},"wordCount":293,"commentCount":0,"image":{"@id":"https:\/\/aconteceunovale.com.br\/portal\/?p=189335#primaryimage"},"thumbnailUrl":"https:\/\/aconteceunovale.com.br\/portal\/wp-content\/uploads\/2021\/10\/urna_eletronica.jpg","keywords":["Convoca\u00e7\u00e3o de mes\u00e1rios para as elei\u00e7\u00f5es 2022","destaque","Elei\u00e7\u00f5es 2022","Justi\u00e7a Eleitoral","Justi\u00e7a Eleitoral convoca mes\u00e1rios que v\u00e3o trabalhar nas elei\u00e7\u00f5es","Mes\u00e1rios elei\u00e7\u00f5es 2022","TRE-MG","TSE"],"articleSection":["Brasil","Elei\u00e7\u00f5es 2022","Pol\u00edtica"],"inLanguage":"pt-BR","potentialAction":[{"@type":"CommentAction","name":"Comment","target":["https:\/\/aconteceunovale.com.br\/portal\/?p=189335#respond"]}]},{"@type":"WebPage","@id":"https:\/\/aconteceunovale.com.br\/portal\/?p=189335","url":"https:\/\/aconteceunovale.com.br\/portal\/?p=189335","name":"Justi\u00e7a Eleitoral convoca mes\u00e1rios que v\u00e3o trabalhar nas elei\u00e7\u00f5es - Aconteceu no Vale","isPartOf":{"@id":"https:\/\/aconteceunovale.com.br\/portal\/#website"},"primaryImageOfPage":{"@id":"https:\/\/aconteceunovale.com.br\/portal\/?p=189335#primaryimage"},"image":{"@id":"https:\/\/aconteceunovale.com.br\/portal\/?p=189335#primaryimage"},"thumbnailUrl":"https:\/\/aconteceunovale.com.br\/portal\/wp-content\/uploads\/2021\/10\/urna_eletronica.jpg","datePublished":"2022-07-06T01:15:03+00:00","dateModified":"2022-07-06T01:15:42+00:00","author":{"@id":"https:\/\/aconteceunovale.com.br\/portal\/#\/schema\/person\/7d2f26d1483f8a63de73da1ee0754d35"},"breadcrumb":{"@id":"https:\/\/aconteceunovale.com.br\/portal\/?p=189335#breadcrumb"},"inLanguage":"pt-BR","potentialAction":[{"@type":"ReadAction","target":["https:\/\/aconteceunovale.com.br\/portal\/?p=189335"]}]},{"@type":"ImageObject","inLanguage":"pt-BR","@id":"https:\/\/aconteceunovale.com.br\/portal\/?p=189335#primaryimage","url":"https:\/\/aconteceunovale.com.br\/portal\/wp-content\/uploads\/2021\/10\/urna_eletronica.jpg","contentUrl":"https:\/\/aconteceunovale.com.br\/portal\/wp-content\/uploads\/2021\/10\/urna_eletronica.jpg","width":678,"height":406,"caption":"TSE - Tribunal Superior Eleitoral Urna eletr\u00f4nica"},{"@type":"BreadcrumbList","@id":"https:\/\/aconteceunovale.com.br\/portal\/?p=189335#breadcrumb","itemListElement":[{"@type":"ListItem","position":1,"name":"In\u00edcio","item":"https:\/\/aconteceunovale.com.br\/portal\/"},{"@type":"ListItem","position":2,"name":"Justi\u00e7a Eleitoral convoca mes\u00e1rios que v\u00e3o trabalhar nas elei\u00e7\u00f5es"}]},{"@type":"WebSite","@id":"https:\/\/aconteceunovale.com.br\/portal\/#website","url":"https:\/\/aconteceunovale.com.br\/portal\/","name":"Aconteceu no Vale","description":"Portal de Not\u00edcias","potentialAction":[{"@type":"SearchAction","target":{"@type":"EntryPoint","urlTemplate":"https:\/\/aconteceunovale.com.br\/portal\/?s={search_term_string}"},"query-input":{"@type":"PropertyValueSpecification","valueRequired":true,"valueName":"search_term_string"}}],"inLanguage":"pt-BR"},{"@type":"Person","@id":"https:\/\/aconteceunovale.com.br\/portal\/#\/schema\/person\/7d2f26d1483f8a63de73da1ee0754d35","name":"Reda\u00e7\u00e3o Aconteceu no Vale","description":"Equipe de reportagem do Aconteceu no Vale, portal de not\u00edcias do Vale do Jequitinhonha, em Minas Gerais. Cobrimos as 51 cidades do Vale desde 2013. Sugest\u00f5es de pauta e pedidos de corre\u00e7\u00e3o: contato@aconteceunovale.com.br","url":"https:\/\/aconteceunovale.com.br\/portal\/?author=4"}]}},"_links":{"self":[{"href":"https:\/\/aconteceunovale.com.br\/portal\/index.php?rest_route=\/wp\/v2\/posts\/189335","targetHints":{"allow":["GET"]}}],"collection":[{"href":"https:\/\/aconteceunovale.com.br\/portal\/index.php?rest_route=\/wp\/v2\/posts"}],"about":[{"href":"https:\/\/aconteceunovale.com.br\/portal\/index.php?rest_route=\/wp\/v2\/types\/post"}],"author":[{"embeddable":true,"href":"https:\/\/aconteceunovale.com.br\/portal\/index.php?rest_route=\/wp\/v2\/users\/4"}],"replies":[{"embeddable":true,"href":"https:\/\/aconteceunovale.com.br\/portal\/index.php?rest_route=%2Fwp%2Fv2%2Fcomments&post=189335"}],"version-history":[{"count":1,"href":"https:\/\/aconteceunovale.com.br\/portal\/index.php?rest_route=\/wp\/v2\/posts\/189335\/revisions"}],"predecessor-version":[{"id":189336,"href":"https:\/\/aconteceunovale.com.br\/portal\/index.php?rest_route=\/wp\/v2\/posts\/189335\/revisions\/189336"}],"wp:featuredmedia":[{"embeddable":true,"href":"https:\/\/aconteceunovale.com.br\/portal\/index.php?rest_route=\/wp\/v2\/media\/182835"}],"wp:attachment":[{"href":"https:\/\/aconteceunovale.com.br\/portal\/index.php?rest_route=%2Fwp%2Fv2%2Fmedia&parent=189335"}],"wp:term":[{"taxonomy":"category","embeddable":true,"href":"https:\/\/aconteceunovale.com.br\/portal\/index.php?rest_route=%2Fwp%2Fv2%2Fcategories&post=189335"},{"taxonomy":"post_tag","embeddable":true,"href":"https:\/\/aconteceunovale.com.br\/portal\/index.php?rest_route=%2Fwp%2Fv2%2Ftags&post=189335"}],"curies":[{"name":"wp","href":"https:\/\/api.w.org\/{rel}","templated":true}]}}