{"id":189329,"date":"2022-07-05T22:00:12","date_gmt":"2022-07-06T01:00:12","guid":{"rendered":"https:\/\/aconteceunovale.com.br\/portal\/?p=189329"},"modified":"2022-07-05T22:01:55","modified_gmt":"2022-07-06T01:01:55","slug":"gabriel-monteiro-vira-reu-por-assedio-sexual-a-ex-assessora","status":"publish","type":"post","link":"https:\/\/aconteceunovale.com.br\/portal\/?p=189329","title":{"rendered":"Gabriel Monteiro vira r\u00e9u por ass\u00e9dio sexual a ex-assessora"},"content":{"rendered":"\n<p>O vereador e\u00a0<em>youtuber<\/em>\u00a0Gabriel Monteiro (PL) virou r\u00e9u no processo em que \u00e9 investigado pelos crimes de importuna\u00e7\u00e3o e ass\u00e9dio sexual contra uma ex-assessora, de 26 anos de idade. A den\u00fancia do Minist\u00e9rio P\u00fablico estadual foi recebida pela Justi\u00e7a no dia 20 deste m\u00eas. De acordo com o Tribunal de Justi\u00e7a do Rio, \u201co processo corre em segredo de Justi\u00e7a, por se tratar de um crime de viol\u00eancia sexual. Nestes casos deve-se preservar a identidade da v\u00edtima.&#8221;<\/p>\n\n\n\n<figure class=\"wp-block-gallery has-nested-images columns-default is-cropped wp-block-gallery-1 is-layout-flex wp-block-gallery-is-layout-flex\">\n<figure class=\"wp-block-image size-large\"><img loading=\"lazy\" decoding=\"async\" width=\"678\" height=\"406\" data-id=\"189330\" src=\"https:\/\/aconteceunovale.com.br\/portal\/wp-content\/uploads\/2022\/07\/gabriel_monteiro.jpg\" alt=\"\" class=\"wp-image-189330\" srcset=\"https:\/\/aconteceunovale.com.br\/portal\/wp-content\/uploads\/2022\/07\/gabriel_monteiro.jpg 678w, https:\/\/aconteceunovale.com.br\/portal\/wp-content\/uploads\/2022\/07\/gabriel_monteiro-300x180.jpg 300w\" sizes=\"auto, (max-width: 678px) 100vw, 678px\" \/><figcaption><em><sub>Foto: Fernando Fraz\u00e3o\/Ag\u00eancia Brasil<\/sub><\/em><\/figcaption><\/figure>\n<\/figure>\n\n\n\n<p>Este \u00e9 o segundo processo, em que Monteiro se torna r\u00e9u. No primeiro caso ele \u00e9 acusado de filmar rela\u00e7\u00e3o sexual com uma adolescente de 15 anos e divulgar em suas redes sociais.<\/p>\n\n\n\n<p>A segunda den\u00fancia foi feita com base no inqu\u00e9rito da Delegacia de Atendimento \u00e0 Mulher (Deam) da Pol\u00edcia Civil, em Jacarepagu\u00e1, e apresentada pela 2\u00aa Promotoria de Justi\u00e7a de Investiga\u00e7\u00e3o Penal Territorial da zona sul e Barra da Tijuca.<\/p>\n\n\n\n<p>Ex-policial militar, expulso da corpora\u00e7\u00e3o, Gabriel Monteiro est\u00e1 em seu primeiro mandato e foi o terceiro vereador mais votado do Rio de Janeiro nas \u00faltimas elei\u00e7\u00f5es municipais. Ele \u00e9 alvo de den\u00fancias de estupro, ass\u00e9dio sexual e moral e por forjar v\u00eddeos na internet. As den\u00fancias foram reveladas em reportagem do programa&nbsp;<em>Fant\u00e1stico<\/em>, da&nbsp;<em>TV Globo<\/em>, no fim de mar\u00e7o.<\/p>\n\n\n\n<p>Em nota, a defesa do vereador Gabriel Monteiro reafirma \u201cque a den\u00fancia foi realizada por ex-assessores do parlamentar que j\u00e1 confirmaram trabalhar para a m\u00e1fia do reboque em depoimento no Conselho de \u00c9tica da C\u00e2mara e que, na ocasi\u00e3o, outros funcion\u00e1rios estavam dentro do carro com a suposta v\u00edtima e desmentiram na delegacia sua vers\u00e3o de ass\u00e9dio. Vale ressaltar ainda que a mesma s\u00f3 registrou a ocorr\u00eancia horas antes da reportagem do&nbsp;<em>Fant\u00e1stico<\/em>&nbsp;ir ao ar\u201d.<\/p>\n\n\n\n<p>Monteiro virou r\u00e9u na Justi\u00e7a do Rio de Janeiro, pela primeira vez, em maio, acusado de filmar rela\u00e7\u00e3o sexual com uma adolescente, de 15 anos, que ele conheceu na academia de gin\u00e1stica do condom\u00ednio onde mora, no Recreio dos Bandeirantes. O vereador responde a processo no Conselho de \u00c9tica da C\u00e2mara Municipal do Rio de Janeiro por quebra de decoro parlamentar, que pode levar \u00e0 cassa\u00e7\u00e3o do mandato.<\/p>\n\n\n\n<h2 class=\"wp-block-heading\">T\u00e9rmino dos depoimentos<\/h2>\n\n\n\n<p>O Conselho de \u00c9tica e Decoro Parlamentar da C\u00e2mara Municipal do Rio finalizou no dia 23 do m\u00eas passado, a fase de oitivas no processo que apura poss\u00edvel quebra de decoro pelo vereador Gabriel Monteiro (PL) com o depoimento do parlamentar. O conselho agora volta a se reunir em agosto, ap\u00f3s o recesso parlamentar de julho, quando ser\u00e1 apresentado o relat\u00f3rio final.<\/p>\n\n\n\n<p>O presidente do colegiado, vereador Alexandre Isquierdo (Uni\u00e3o) informou que em toda a fase instrut\u00f3ria o conselho conduziu o processo com imparcialidade, responsabilidade e de maneira c\u00e9lere. Tudo isso tendo em vista a busca pela verdade e dando espa\u00e7o de ampla defesa ao parlamentar.&nbsp;<\/p>\n\n\n\n<p>\u201cConclu\u00edmos em 73 dias essa primeira fase. Foram 12 oitivas, ouvimos oito testemunhas de defesa e, pode-se assim dizer, quatro testemunhas de acusa\u00e7\u00e3o. N\u00f3s vamos paralisar os trabalhos do Conselho de \u00c9tica, tendo em vista o recesso parlamentar. Retornaremos na primeira semana de agosto e no primeiro dia \u00fatil de trabalho da C\u00e2mara, o conselho vai se reunir. Na ocasi\u00e3o, o relator desse processo, o vereador Chico Alencar, apresentar\u00e1 o seu relat\u00f3rio final e assim o far\u00e1 de forma p\u00fablica aos vereadores. Vamos aguardar os cinco dias das alega\u00e7\u00f5es finais, do parecer da defesa. Feito isso, o Conselho de \u00c9tica vai se reunir novamente para votar internamente o relat\u00f3rio do vereador Chico Alencar\u201d, explicou o vereador.<\/p>\n\n\n\n<p>Relator do processo \u00e9tico-disciplinar, o vereador Chico Alencar (PSOL) fez um breve relato sobre os depoimentos. \u201cEsse conselho age com muita dedica\u00e7\u00e3o e seriedade. O papel do relator agora \u00e9 compulsar todos os depoimentos a partir do eixo da representa\u00e7\u00e3o que foi elaborada pelo pr\u00f3prio Conselho de \u00c9tica. Eu poderia destacar apenas v\u00e1rias contradi\u00e7\u00f5es nesses depoimentos todos, especificamente hoje nessa fala do vereador, que \u00e9 o representado no caso\u201d, avaliou Alencar.<\/p>\n\n\n\n<h2 class=\"wp-block-heading\">Pr\u00f3ximos passos<\/h2>\n\n\n\n<p>Finalizada a instru\u00e7\u00e3o, com a volta dos trabalhos em agosto, o relator d\u00e1 parecer concluindo pela proced\u00eancia da representa\u00e7\u00e3o ou pelo seu arquivamento. Caso o parecer seja pela proced\u00eancia da den\u00fancia, \u00e9 aberto prazo de cinco dias para apresenta\u00e7\u00e3o de alega\u00e7\u00f5es finais pela defesa do acusado.<\/p>\n\n\n\n<p>Em seguida, o parecer do relator ser\u00e1 submetido \u00e0 delibera\u00e7\u00e3o do Conselho de \u00c9tica em at\u00e9 cinco dias \u00fateis, considerando-se aprovado se obtiver a maioria absoluta dos votos dos seus integrantes.<\/p>\n\n\n\n<p>Conclu\u00edda a tramita\u00e7\u00e3o no conselho, com parecer favor\u00e1vel \u00e0 den\u00fancia, o processo \u00e9 encaminhado \u00e0 Mesa Diretora e inclu\u00eddo na Ordem do Dia.<\/p>\n\n\n\n<p>A puni\u00e7\u00e3o \u00e9 deliberada em vota\u00e7\u00e3o aberta no plen\u00e1rio da C\u00e2mara dos Vereadores, com direito a fala dos parlamentares e da defesa durante a sess\u00e3o. A cassa\u00e7\u00e3o do parlamentar \u00e9 decidida por dois ter\u00e7os dos vereadores (34 votos), de um total de 51 parlamentares, ou por maioria absoluta, quando Gabriel Monteiro sofrer\u00e1 apenas suspens\u00e3o do mandato.<\/p>\n\n\n\n<p>&#8212;&#8212;&#8212;&#8212;&#8212;&#8212;<br><br><strong>Sabia que o Aconteceu no Vale est\u00e1 tamb\u00e9m no Telegram? <a rel=\"noreferrer noopener\" href=\"https:\/\/t.me\/aconteceunovaleoficial\" target=\"_blank\">Inscreva-se no canal<\/a>.<\/strong><br><br><strong>J\u00e1 curtiu ou seguiu nossas p\u00e1ginas nas redes sociais?\u00a0Receba as not\u00edcias em primeira m\u00e3o:<\/strong><br>\u2022 <a rel=\"noreferrer noopener\" href=\"https:\/\/news.google.com\/publications\/CAAqBwgKMNjklQswi4etAw?hl=pt-BR&amp;gl=BR&amp;ceid=BR%3Apt-419\" target=\"_blank\">Google News<\/a><br>\u2022 <a rel=\"noreferrer noopener\" href=\"https:\/\/www.facebook.com\/aconteceunovale\/\" target=\"_blank\">Facebook<\/a><br>\u2022 <a rel=\"noreferrer noopener\" href=\"https:\/\/twitter.com\/noticiadosvales\" target=\"_blank\">Twitter<\/a><br>\u2022 <a rel=\"noreferrer noopener\" href=\"https:\/\/www.instagram.com\/aconteceunovale\" target=\"_blank\">Instagram<\/a><br>\u2022 <a rel=\"noreferrer noopener\" href=\"https:\/\/www.youtube.com\/AconteceunoValeOficial\" target=\"_blank\">Youtube<\/a><br>\u2022 <a rel=\"noreferrer noopener\" href=\"https:\/\/www.tiktok.com\/@aconteceunovale\" target=\"_blank\">TikTok<\/a><\/p>\n","protected":false},"excerpt":{"rendered":"<p>O vereador e\u00a0youtuber\u00a0Gabriel Monteiro (PL) virou r\u00e9u no processo em que \u00e9 investigado pelos crimes de importuna\u00e7\u00e3o e ass\u00e9dio sexual contra uma ex-assessora, de 26 anos de idade. A den\u00fancia do Minist\u00e9rio P\u00fablico estadual foi recebida pela Justi\u00e7a no dia 20 deste m\u00eas. De acordo com o Tribunal de Justi\u00e7a do Rio, \u201co processo corre [&hellip;]<\/p>\n","protected":false},"author":4,"featured_media":189330,"comment_status":"open","ping_status":"closed","sticky":false,"template":"","format":"standard","meta":{"amp_status":"","footnotes":""},"categories":[6,40240],"tags":[1018,260394,261548,96508,243991,243467,260393,260395],"class_list":["post-189329","post","type-post","status-publish","format-standard","has-post-thumbnail","hentry","category-br","category-politica-2","tag-destaque","tag-gabriel-monteiro","tag-gabriel-monteiro-vira-reu-por-assedio-sexual-a-ex-assessora","tag-mprj","tag-partido-liberal","tag-pl","tag-vereador-e-denunciado-por-filmar-relacao-com-adolescente","tag-vereador-gabriel-monteiro"],"_links":{"self":[{"href":"https:\/\/aconteceunovale.com.br\/portal\/index.php?rest_route=\/wp\/v2\/posts\/189329","targetHints":{"allow":["GET"]}}],"collection":[{"href":"https:\/\/aconteceunovale.com.br\/portal\/index.php?rest_route=\/wp\/v2\/posts"}],"about":[{"href":"https:\/\/aconteceunovale.com.br\/portal\/index.php?rest_route=\/wp\/v2\/types\/post"}],"author":[{"embeddable":true,"href":"https:\/\/aconteceunovale.com.br\/portal\/index.php?rest_route=\/wp\/v2\/users\/4"}],"replies":[{"embeddable":true,"href":"https:\/\/aconteceunovale.com.br\/portal\/index.php?rest_route=%2Fwp%2Fv2%2Fcomments&post=189329"}],"version-history":[{"count":1,"href":"https:\/\/aconteceunovale.com.br\/portal\/index.php?rest_route=\/wp\/v2\/posts\/189329\/revisions"}],"predecessor-version":[{"id":189331,"href":"https:\/\/aconteceunovale.com.br\/portal\/index.php?rest_route=\/wp\/v2\/posts\/189329\/revisions\/189331"}],"wp:featuredmedia":[{"embeddable":true,"href":"https:\/\/aconteceunovale.com.br\/portal\/index.php?rest_route=\/wp\/v2\/media\/189330"}],"wp:attachment":[{"href":"https:\/\/aconteceunovale.com.br\/portal\/index.php?rest_route=%2Fwp%2Fv2%2Fmedia&parent=189329"}],"wp:term":[{"taxonomy":"category","embeddable":true,"href":"https:\/\/aconteceunovale.com.br\/portal\/index.php?rest_route=%2Fwp%2Fv2%2Fcategories&post=189329"},{"taxonomy":"post_tag","embeddable":true,"href":"https:\/\/aconteceunovale.com.br\/portal\/index.php?rest_route=%2Fwp%2Fv2%2Ftags&post=189329"}],"curies":[{"name":"wp","href":"https:\/\/api.w.org\/{rel}","templated":true}]}}