{"id":189323,"date":"2022-07-05T21:53:02","date_gmt":"2022-07-06T00:53:02","guid":{"rendered":"https:\/\/aconteceunovale.com.br\/portal\/?p=189323"},"modified":"2022-07-05T21:53:55","modified_gmt":"2022-07-06T00:53:55","slug":"galo-esta-nas-quartas-da-copa-libertadores","status":"publish","type":"post","link":"https:\/\/aconteceunovale.com.br\/portal\/?p=189323","title":{"rendered":"Galo est\u00e1 nas quartas da Copa Libertadores"},"content":{"rendered":"\n<p>O Atl\u00e9tico-MG se classificou para as quartas de final da Copa Libertadores ao derrotar o Emelec (Equador) por 1 a 0, na noite desta ter\u00e7a-feira (5\/7\/2022) no est\u00e1dio do Mineir\u00e3o, em partida na qual o atacante Hulk foi decisivo.<\/p>\n\n\n\n<figure class=\"wp-block-gallery has-nested-images columns-default is-cropped wp-block-gallery-1 is-layout-flex wp-block-gallery-is-layout-flex\">\n<figure class=\"wp-block-image size-large\"><img loading=\"lazy\" decoding=\"async\" width=\"675\" height=\"450\" data-id=\"189324\" src=\"https:\/\/aconteceunovale.com.br\/portal\/wp-content\/uploads\/2022\/07\/hulk_emelec.jpg\" alt=\"\" class=\"wp-image-189324\" srcset=\"https:\/\/aconteceunovale.com.br\/portal\/wp-content\/uploads\/2022\/07\/hulk_emelec.jpg 675w, https:\/\/aconteceunovale.com.br\/portal\/wp-content\/uploads\/2022\/07\/hulk_emelec-300x200.jpg 300w, https:\/\/aconteceunovale.com.br\/portal\/wp-content\/uploads\/2022\/07\/hulk_emelec-630x420.jpg 630w\" sizes=\"auto, (max-width: 675px) 100vw, 675px\" \/><figcaption><em><sub>Hulk marcou o gol da vit\u00f3ria &#8211; Foto: Bruno Sousa \/ Atl\u00e9tico-MG<\/sub><\/em><\/figcaption><\/figure>\n<\/figure>\n\n\n\n<p>O Galo avan\u00e7ou na competi\u00e7\u00e3o porque na ida das oitavas, na \u00faltima semana no Equador, ficou no 1 a 1 com o Emelec. Na pr\u00f3xima fase o time mineiro enfrenta quem passar entre Palmeiras e Cerro Porte\u00f1o (Paraguai). O Verd\u00e3o venceu a partida de ida por 3 a 0<\/p>\n\n\n\n<p>Apoiada por mais de 56 mil torcedores, a equipe dirigida pelo t\u00e9cnico Antonio Mohamed come\u00e7ou comandando as a\u00e7\u00f5es na etapa inicial, mas n\u00e3o conseguiu oportunidades claras de marcar diante dos equatorianos, que se fecharam na defesa.<\/p>\n\n\n\n<p>O segundo tempo teve um roteiro parecido, um Emelec fechado que deu poucos espa\u00e7os para o Galo criar oportunidades. Assim, a partida acabou decidida em uma jogada de bola parada. Aos 32 minutos o juiz marcou p\u00eanalti quando Vargas cruzou e a bola acabou desviando no bra\u00e7o de Guevara dentro da \u00e1rea.<\/p>\n\n\n\n<p>Um minuto depois Hulk foi para a cobran\u00e7a e n\u00e3o falhou (vale lembrar que na \u00faltima semana o camisa 7 desperdi\u00e7ou uma penalidade m\u00e1xima diante dos equatorianos). Com este tento o atacante passou a dividir com J\u00f4 o posto de maior artilheiro do Atl\u00e9tico-MG na hist\u00f3ria da Libertadores, com 11 gols.<\/p>\n\n\n\n<p>Ap\u00f3s garantir a classifica\u00e7\u00e3o na competi\u00e7\u00e3o continental, o Galo se concentra no Brasileira, onde enfrenta o S\u00e3o Paulo no pr\u00f3ximo domingo (10).<\/p>\n\n\n\n<p>&#8212;&#8212;&#8212;&#8212;&#8212;&#8212;<br><br><strong>Sabia que o Aconteceu no Vale est\u00e1 tamb\u00e9m no Telegram? <a rel=\"noreferrer noopener\" href=\"https:\/\/t.me\/aconteceunovaleoficial\" target=\"_blank\">Inscreva-se no canal<\/a>.<\/strong><br><br><strong>J\u00e1 curtiu ou seguiu nossas p\u00e1ginas nas redes sociais?\u00a0Receba as not\u00edcias em primeira m\u00e3o:<\/strong><br>\u2022 <a rel=\"noreferrer noopener\" href=\"https:\/\/news.google.com\/publications\/CAAqBwgKMNjklQswi4etAw?hl=pt-BR&amp;gl=BR&amp;ceid=BR%3Apt-419\" target=\"_blank\">Google News<\/a><br>\u2022 <a rel=\"noreferrer noopener\" href=\"https:\/\/www.facebook.com\/aconteceunovale\/\" target=\"_blank\">Facebook<\/a><br>\u2022 <a rel=\"noreferrer noopener\" href=\"https:\/\/twitter.com\/noticiadosvales\" target=\"_blank\">Twitter<\/a><br>\u2022 <a rel=\"noreferrer noopener\" href=\"https:\/\/www.instagram.com\/aconteceunovale\" target=\"_blank\">Instagram<\/a><br>\u2022 <a rel=\"noreferrer noopener\" href=\"https:\/\/www.youtube.com\/AconteceunoValeOficial\" target=\"_blank\">Youtube<\/a><br>\u2022 <a rel=\"noreferrer noopener\" href=\"https:\/\/www.tiktok.com\/@aconteceunovale\" target=\"_blank\">TikTok<\/a><\/p>\n","protected":false},"excerpt":{"rendered":"<p>O Atl\u00e9tico-MG se classificou para as quartas de final da Copa Libertadores ao derrotar o Emelec (Equador) por 1 a 0, na noite desta ter\u00e7a-feira (5\/7\/2022) no est\u00e1dio do Mineir\u00e3o, em partida na qual o atacante Hulk foi decisivo. O Galo avan\u00e7ou na competi\u00e7\u00e3o porque na ida das oitavas, na \u00faltima semana no Equador, ficou [&hellip;]<\/p>\n","protected":false},"author":4,"featured_media":189324,"comment_status":"open","ping_status":"closed","sticky":false,"template":"","format":"standard","meta":{"amp_status":"","footnotes":""},"categories":[6,59,123,28848],"tags":[12311,2741,40575,194,1017,4785,35552,1018,260939,74991,261542,132685,261543,34438,40917,131,16500,34071],"class_list":["post-189323","post","type-post","status-publish","format-standard","has-post-thumbnail","hentry","category-br","category-sports","category-gerais","category-mundo","tag-atletico","tag-atletico-mineiro","tag-atletico-mg","tag-belo-horizonte","tag-bh","tag-brasil","tag-copa-libertadores","tag-destaque","tag-emelec","tag-equador","tag-galo-esta-nas-quartas-da-copa-libertadores","tag-hulk","tag-hulk-coloca-o-galo-nas-quartas-da-libertadores","tag-libertadores","tag-mg","tag-minas-gerais","tag-mineirao","tag-taca-libertadores"],"_links":{"self":[{"href":"https:\/\/aconteceunovale.com.br\/portal\/index.php?rest_route=\/wp\/v2\/posts\/189323","targetHints":{"allow":["GET"]}}],"collection":[{"href":"https:\/\/aconteceunovale.com.br\/portal\/index.php?rest_route=\/wp\/v2\/posts"}],"about":[{"href":"https:\/\/aconteceunovale.com.br\/portal\/index.php?rest_route=\/wp\/v2\/types\/post"}],"author":[{"embeddable":true,"href":"https:\/\/aconteceunovale.com.br\/portal\/index.php?rest_route=\/wp\/v2\/users\/4"}],"replies":[{"embeddable":true,"href":"https:\/\/aconteceunovale.com.br\/portal\/index.php?rest_route=%2Fwp%2Fv2%2Fcomments&post=189323"}],"version-history":[{"count":1,"href":"https:\/\/aconteceunovale.com.br\/portal\/index.php?rest_route=\/wp\/v2\/posts\/189323\/revisions"}],"predecessor-version":[{"id":189325,"href":"https:\/\/aconteceunovale.com.br\/portal\/index.php?rest_route=\/wp\/v2\/posts\/189323\/revisions\/189325"}],"wp:featuredmedia":[{"embeddable":true,"href":"https:\/\/aconteceunovale.com.br\/portal\/index.php?rest_route=\/wp\/v2\/media\/189324"}],"wp:attachment":[{"href":"https:\/\/aconteceunovale.com.br\/portal\/index.php?rest_route=%2Fwp%2Fv2%2Fmedia&parent=189323"}],"wp:term":[{"taxonomy":"category","embeddable":true,"href":"https:\/\/aconteceunovale.com.br\/portal\/index.php?rest_route=%2Fwp%2Fv2%2Fcategories&post=189323"},{"taxonomy":"post_tag","embeddable":true,"href":"https:\/\/aconteceunovale.com.br\/portal\/index.php?rest_route=%2Fwp%2Fv2%2Ftags&post=189323"}],"curies":[{"name":"wp","href":"https:\/\/api.w.org\/{rel}","templated":true}]}}