{"id":189306,"date":"2022-07-01T20:36:16","date_gmt":"2022-07-01T23:36:16","guid":{"rendered":"https:\/\/aconteceunovale.com.br\/portal\/?p=189306"},"modified":"2022-07-04T10:38:14","modified_gmt":"2022-07-04T13:38:14","slug":"cronograma-capilar-como-montar-o-seu","status":"publish","type":"post","link":"https:\/\/aconteceunovale.com.br\/portal\/?p=189306","title":{"rendered":"Cronograma capilar: como montar o seu?"},"content":{"rendered":"\n<h3 class=\"has-text-align-center wp-block-heading\"><em>O cronograma capilar \u00e9 uma maneira de organiza\u00e7\u00e3o em forma de calend\u00e1rio que separa os processos de hidrata\u00e7\u00e3o, nutri\u00e7\u00e3o e reconstru\u00e7\u00e3o dos cabelos; saiba mais<\/em><\/h3>\n\n\n\n<figure class=\"wp-block-gallery has-nested-images columns-default is-cropped wp-block-gallery-1 is-layout-flex wp-block-gallery-is-layout-flex\">\n<figure class=\"wp-block-image size-large\"><img loading=\"lazy\" decoding=\"async\" width=\"662\" height=\"450\" data-id=\"189307\" src=\"https:\/\/aconteceunovale.com.br\/portal\/wp-content\/uploads\/2022\/07\/cabelos_cacheados.jpeg\" alt=\"\" class=\"wp-image-189307\" srcset=\"https:\/\/aconteceunovale.com.br\/portal\/wp-content\/uploads\/2022\/07\/cabelos_cacheados.jpeg 662w, https:\/\/aconteceunovale.com.br\/portal\/wp-content\/uploads\/2022\/07\/cabelos_cacheados-300x204.jpeg 300w, https:\/\/aconteceunovale.com.br\/portal\/wp-content\/uploads\/2022\/07\/cabelos_cacheados-618x420.jpeg 618w\" sizes=\"auto, (max-width: 662px) 100vw, 662px\" \/><figcaption><em><sub>Cr\u00e9ditos: Divulga\u00e7\u00e3o<\/sub><\/em><\/figcaption><\/figure>\n<\/figure>\n\n\n\n<p>Sabemos que os cabelos, como qualquer outra parte do nosso corpo, precisam de cuidados, mas muitas vezes n\u00e3o temos condi\u00e7\u00f5es de realizar todos os procedimentos necess\u00e1rios para dar a devida aten\u00e7\u00e3o aos nossos cabelos nos sal\u00f5es de beleza.<\/p>\n\n\n\n<p>Tendo isso em vista, um grande aliado aos cuidados dos cabelos em casa \u00e9 o cronograma capilar. O cronograma capilar \u00e9 uma maneira de organiza\u00e7\u00e3o em forma de calend\u00e1rio que separa os processos de hidrata\u00e7\u00e3o, nutri\u00e7\u00e3o e reconstru\u00e7\u00e3o dos cabelos a partir de m\u00e1scaras de tratamento por semana dentro do per\u00edodo de um m\u00eas.<\/p>\n\n\n\n<p>Para saber qual etapa do tratamento realizar durante a semana, \u00e9 necess\u00e1rio a intercala\u00e7\u00e3o desses 3 processos, levando em considera\u00e7\u00e3o o seu tipo de cabelo e sua necessidade naquele momento.<\/p>\n\n\n\n<p><strong>HIDRATA\u00c7\u00c3O<\/strong><\/p>\n\n\n\n<p>A hidrata\u00e7\u00e3o \u00e9 respons\u00e1vel por manter a quantidade de \u00e1gua necess\u00e1ria no fio, combatendo assim, o ressecamento, garantindo o brilho e o movimento dos fios. Essa etapa deve ser a mais frequente dentro do seu cronograma. Os componentes mais hidratantes que podem ser encontrados nas m\u00e1scaras de tratamento s\u00e3o: d-pantenol, \u00f3leo de coco, babosa, aloe vera e extratos vegetais.<\/p>\n\n\n\n<p><strong>NUTRI\u00c7\u00c3O<\/strong><\/p>\n\n\n\n<p>A nutri\u00e7\u00e3o tamb\u00e9m \u00e9 uma parte muito importante no cuidado capilar. Ela fica respons\u00e1vel de realizar a reposi\u00e7\u00e3o de nutrientes, prote\u00ednas e lip\u00eddios aos fios. Ela garante a prote\u00e7\u00e3o, for\u00e7a e selagem dos fios, combatendo as pontas duplas. Os ativos que cont\u00e9m essa pot\u00eancia s\u00e3o: \u00f3leo de r\u00edcino, de coco ou de argan.<\/p>\n\n\n\n<p><strong>RECONSTRU\u00c7\u00c3O<\/strong><\/p>\n\n\n\n<p>J\u00e1 a reconstru\u00e7\u00e3o, \u00e9 recomendada para combater a quebra e a porosidade dos cabelos, principalmente de cabelos que cont\u00e9m alguma qu\u00edmica. Essa etapa rep\u00f5e a massa do seu cabelo, deixando-o mais encorpado. Essa fase do <a rel=\"noreferrer noopener\" href=\"https:\/\/www.salonline.com.br\/cronograma-capilar\" target=\"_blank\"><strong>cronograma capilar<\/strong><\/a> \u00e9 a que deve ter menor quantidade por ser um processo mais intenso e o abuso desse processo pode trazer danos. Os componentes que possuem essa caracter\u00edstica s\u00e3o: queratina, col\u00e1geno, arginina e ciste\u00edna. Sabendo de todas essas informa\u00e7\u00f5es, voc\u00ea consegue realizar todas as etapas propostas em casa com apenas 3 m\u00e1scaras de tratamento, garantindo o cuidado necess\u00e1rio com seu cabelo.<\/p>\n\n\n\n<p>\u00c9 importante ressaltar que para montagem do seu cronograma capilar \u00e9 de sua responsabilidade o contato com o profissional que cuida de seu cabelo, para que assim ele lhe auxilie, permitindo que voc\u00ea realize com seguran\u00e7a os tratamentos em casa.<\/p>\n","protected":false},"excerpt":{"rendered":"<p>O cronograma capilar \u00e9 uma maneira de organiza\u00e7\u00e3o em forma de calend\u00e1rio que separa os processos de hidrata\u00e7\u00e3o, nutri\u00e7\u00e3o e reconstru\u00e7\u00e3o dos cabelos; saiba mais Sabemos que os cabelos, como qualquer outra parte do nosso corpo, precisam de cuidados, mas muitas vezes n\u00e3o temos condi\u00e7\u00f5es de realizar todos os procedimentos necess\u00e1rios para dar a devida [&hellip;]<\/p>\n","protected":false},"author":4,"featured_media":189307,"comment_status":"open","ping_status":"closed","sticky":false,"template":"","format":"standard","meta":{"amp_status":"","footnotes":""},"categories":[40242],"tags":[261523,261516,261520,261517,261521,261518,261519,261524,261522],"class_list":["post-189306","post","type-post","status-publish","format-standard","has-post-thumbnail","hentry","category-saude-2","tag-cabelo","tag-cronograma-capilar","tag-hidratacao-capilar","tag-hidratacao-de-cabelo","tag-nutricao-capilar","tag-nutricao-de-cabelo","tag-reconstrucao-capilar","tag-saude-do-cabelo","tag-tratamento-de-cabelos"],"_links":{"self":[{"href":"https:\/\/aconteceunovale.com.br\/portal\/index.php?rest_route=\/wp\/v2\/posts\/189306","targetHints":{"allow":["GET"]}}],"collection":[{"href":"https:\/\/aconteceunovale.com.br\/portal\/index.php?rest_route=\/wp\/v2\/posts"}],"about":[{"href":"https:\/\/aconteceunovale.com.br\/portal\/index.php?rest_route=\/wp\/v2\/types\/post"}],"author":[{"embeddable":true,"href":"https:\/\/aconteceunovale.com.br\/portal\/index.php?rest_route=\/wp\/v2\/users\/4"}],"replies":[{"embeddable":true,"href":"https:\/\/aconteceunovale.com.br\/portal\/index.php?rest_route=%2Fwp%2Fv2%2Fcomments&post=189306"}],"version-history":[{"count":1,"href":"https:\/\/aconteceunovale.com.br\/portal\/index.php?rest_route=\/wp\/v2\/posts\/189306\/revisions"}],"predecessor-version":[{"id":189308,"href":"https:\/\/aconteceunovale.com.br\/portal\/index.php?rest_route=\/wp\/v2\/posts\/189306\/revisions\/189308"}],"wp:featuredmedia":[{"embeddable":true,"href":"https:\/\/aconteceunovale.com.br\/portal\/index.php?rest_route=\/wp\/v2\/media\/189307"}],"wp:attachment":[{"href":"https:\/\/aconteceunovale.com.br\/portal\/index.php?rest_route=%2Fwp%2Fv2%2Fmedia&parent=189306"}],"wp:term":[{"taxonomy":"category","embeddable":true,"href":"https:\/\/aconteceunovale.com.br\/portal\/index.php?rest_route=%2Fwp%2Fv2%2Fcategories&post=189306"},{"taxonomy":"post_tag","embeddable":true,"href":"https:\/\/aconteceunovale.com.br\/portal\/index.php?rest_route=%2Fwp%2Fv2%2Ftags&post=189306"}],"curies":[{"name":"wp","href":"https:\/\/api.w.org\/{rel}","templated":true}]}}