{"id":189280,"date":"2022-06-27T22:26:56","date_gmt":"2022-06-28T01:26:56","guid":{"rendered":"https:\/\/aconteceunovale.com.br\/portal\/?p=189280"},"modified":"2022-06-27T22:27:11","modified_gmt":"2022-06-28T01:27:11","slug":"cientistas-identificam-nova-especie-de-barbeiro","status":"publish","type":"post","link":"https:\/\/aconteceunovale.com.br\/portal\/?p=189280","title":{"rendered":"Cientistas identificam nova esp\u00e9cie de barbeiro"},"content":{"rendered":"\n<p>Cientistas liderados por pesquisadores do Instituto Oswaldo Cruz (IOC\/Fiocruz) descobriram uma nova esp\u00e9cie de barbeiro, que tamb\u00e9m \u00e9 capaz de transmitir o protozo\u00e1rio Trypanosoma cruzi, causador da doen\u00e7a de Chagas. A amostra que permitiu a descoberta foi coletada em 2004 na regi\u00e3o de La Paz, capital da Bol\u00edvia.<\/p>\n\n\n\n<figure class=\"wp-block-gallery has-nested-images columns-default is-cropped wp-block-gallery-1 is-layout-flex wp-block-gallery-is-layout-flex\">\n<figure class=\"wp-block-image size-large\"><img loading=\"lazy\" decoding=\"async\" width=\"678\" height=\"406\" data-id=\"189281\" src=\"https:\/\/aconteceunovale.com.br\/portal\/wp-content\/uploads\/2022\/06\/barbeiro.jpg\" alt=\"\" class=\"wp-image-189281\" srcset=\"https:\/\/aconteceunovale.com.br\/portal\/wp-content\/uploads\/2022\/06\/barbeiro.jpg 678w, https:\/\/aconteceunovale.com.br\/portal\/wp-content\/uploads\/2022\/06\/barbeiro-300x180.jpg 300w\" sizes=\"auto, (max-width: 678px) 100vw, 678px\" \/><figcaption><em><sub>Foto: Divulga\u00e7\u00e3o \/ Fiocruz<\/sub><\/em><\/figcaption><\/figure>\n<\/figure>\n\n\n\n<p>A identifica\u00e7\u00e3o da esp\u00e9cie, batizada de Panstrongylus noireaui, ocorreu ap\u00f3s um estudo da Universidade da Rep\u00fablica do Uruguai ter constatado diferen\u00e7as gen\u00e9ticas e moleculares de esp\u00e9cimes que at\u00e9 ent\u00e3o estavam descritos como da esp\u00e9cie Panstrongylus rufotuberculatus, j\u00e1 conhecida pela comunidade cient\u00edfica. Ambas pertencem \u00e0 subfam\u00edlia dos triatom\u00edneos, insetos popularmente conhecidos como barbeiros.<\/p>\n\n\n\n<p>Apesar de as duas esp\u00e9cies serem muito parecidas, ap\u00f3s a an\u00e1lise gen\u00e9tica foi realizada uma observa\u00e7\u00e3o mais detalhada em que foi poss\u00edvel perceber tamb\u00e9m uma pequena distin\u00e7\u00e3o nas genit\u00e1lias dos exemplares machos.<\/p>\n\n\n\n<p>O chefe do Laborat\u00f3rio Nacional e Internacional de Refer\u00eancia em Taxonomia de Triatom\u00edneos do IOC, Cleber Galv\u00e3o, explicou que, por ser muito pequena, a diferen\u00e7a s\u00f3 se tornou vis\u00edvel ap\u00f3s uma dissec\u00e7\u00e3o dos esp\u00e9cimes. &#8220;Podemos dizer que elas s\u00e3o esp\u00e9cies irm\u00e3s, que em algum momento tiveram um ancestral comum&#8221;.<\/p>\n\n\n\n<p>A escolha do nome da nova esp\u00e9cie presta homenagem ao pesquisador franc\u00eas Fran\u00e7ois Noireau, que morreu em 2011. Segundo a Fiocruz, Noireau atuou como professor do Institut de Recherche Pour Le D\u00e9veloppement, na Fran\u00e7a, e colaborou em diversas atividades no estudo de insetos no IOC.<\/p>\n\n\n\n<p>A descoberta foi publicada em um artigo no peri\u00f3dico cient\u00edfico\u00a0<em>Zookeys<\/em>. Participaram da identifica\u00e7\u00e3o H\u00e9lcio Reinaldo Gil Santana, do Laborat\u00f3rio de Diptera do IOC; Tamara Chavez, do Instituto Nacional de Laborat\u00f3rios de Sa\u00fade da Bol\u00edvia, e Sebasti\u00e1n Pita e Francisco Panzera, ambos da Universidade da Rep\u00fablica do Uruguai.<\/p>\n\n\n\n<p>&#8212;&#8212;&#8212;&#8212;&#8212;&#8212;<br><br><strong>Sabia que o Aconteceu no Vale est\u00e1 tamb\u00e9m no Telegram? <a rel=\"noreferrer noopener\" href=\"https:\/\/t.me\/aconteceunovaleoficial\" target=\"_blank\">Inscreva-se no canal<\/a>.<\/strong><br><br><strong>J\u00e1 curtiu ou seguiu nossas p\u00e1ginas nas redes sociais?\u00a0Receba as not\u00edcias em primeira m\u00e3o:<\/strong><br>\u2022 <a rel=\"noreferrer noopener\" href=\"https:\/\/news.google.com\/publications\/CAAqBwgKMNjklQswi4etAw?hl=pt-BR&amp;gl=BR&amp;ceid=BR%3Apt-419\" target=\"_blank\">Google News<\/a><br>\u2022 <a rel=\"noreferrer noopener\" href=\"https:\/\/www.facebook.com\/aconteceunovale\/\" target=\"_blank\">Facebook<\/a><br>\u2022 <a rel=\"noreferrer noopener\" href=\"https:\/\/twitter.com\/noticiadosvales\" target=\"_blank\">Twitter<\/a><br>\u2022 <a rel=\"noreferrer noopener\" href=\"https:\/\/www.instagram.com\/aconteceunovale\" target=\"_blank\">Instagram<\/a><br>\u2022 <a rel=\"noreferrer noopener\" href=\"https:\/\/www.youtube.com\/AconteceunoValeOficial\" target=\"_blank\">Youtube<\/a><br>\u2022 <a rel=\"noreferrer noopener\" href=\"https:\/\/www.tiktok.com\/@aconteceunovale\" target=\"_blank\">TikTok<\/a><\/p>\n","protected":false},"excerpt":{"rendered":"<p>Cientistas liderados por pesquisadores do Instituto Oswaldo Cruz (IOC\/Fiocruz) descobriram uma nova esp\u00e9cie de barbeiro, que tamb\u00e9m \u00e9 capaz de transmitir o protozo\u00e1rio Trypanosoma cruzi, causador da doen\u00e7a de Chagas. A amostra que permitiu a descoberta foi coletada em 2004 na regi\u00e3o de La Paz, capital da Bol\u00edvia. A identifica\u00e7\u00e3o da esp\u00e9cie, batizada de Panstrongylus [&hellip;]<\/p>\n","protected":false},"author":4,"featured_media":189281,"comment_status":"open","ping_status":"closed","sticky":false,"template":"","format":"standard","meta":{"amp_status":"","footnotes":""},"categories":[6,28848,40242],"tags":[261485,16736,261483,1018,46070,24222,127908,261484,261486,46079],"class_list":["post-189280","post","type-post","status-publish","format-standard","has-post-thumbnail","hentry","category-br","category-mundo","category-saude-2","tag-barbeiro","tag-bolivia","tag-cientistas-identificam-nova-especie-de-barbeiro","tag-destaque","tag-doenca-de-chagas","tag-fiocruz","tag-la-paz","tag-nova-especie-de-barbeiro","tag-panstrongylus-noireaui","tag-trypanosoma-cruzi"],"_links":{"self":[{"href":"https:\/\/aconteceunovale.com.br\/portal\/index.php?rest_route=\/wp\/v2\/posts\/189280","targetHints":{"allow":["GET"]}}],"collection":[{"href":"https:\/\/aconteceunovale.com.br\/portal\/index.php?rest_route=\/wp\/v2\/posts"}],"about":[{"href":"https:\/\/aconteceunovale.com.br\/portal\/index.php?rest_route=\/wp\/v2\/types\/post"}],"author":[{"embeddable":true,"href":"https:\/\/aconteceunovale.com.br\/portal\/index.php?rest_route=\/wp\/v2\/users\/4"}],"replies":[{"embeddable":true,"href":"https:\/\/aconteceunovale.com.br\/portal\/index.php?rest_route=%2Fwp%2Fv2%2Fcomments&post=189280"}],"version-history":[{"count":1,"href":"https:\/\/aconteceunovale.com.br\/portal\/index.php?rest_route=\/wp\/v2\/posts\/189280\/revisions"}],"predecessor-version":[{"id":189282,"href":"https:\/\/aconteceunovale.com.br\/portal\/index.php?rest_route=\/wp\/v2\/posts\/189280\/revisions\/189282"}],"wp:featuredmedia":[{"embeddable":true,"href":"https:\/\/aconteceunovale.com.br\/portal\/index.php?rest_route=\/wp\/v2\/media\/189281"}],"wp:attachment":[{"href":"https:\/\/aconteceunovale.com.br\/portal\/index.php?rest_route=%2Fwp%2Fv2%2Fmedia&parent=189280"}],"wp:term":[{"taxonomy":"category","embeddable":true,"href":"https:\/\/aconteceunovale.com.br\/portal\/index.php?rest_route=%2Fwp%2Fv2%2Fcategories&post=189280"},{"taxonomy":"post_tag","embeddable":true,"href":"https:\/\/aconteceunovale.com.br\/portal\/index.php?rest_route=%2Fwp%2Fv2%2Ftags&post=189280"}],"curies":[{"name":"wp","href":"https:\/\/api.w.org\/{rel}","templated":true}]}}