{"id":189201,"date":"2022-06-11T20:40:27","date_gmt":"2022-06-11T23:40:27","guid":{"rendered":"https:\/\/aconteceunovale.com.br\/portal\/?p=189201"},"modified":"2022-06-11T20:45:19","modified_gmt":"2022-06-11T23:45:19","slug":"sao-paulo-confirma-segundo-caso-de-variola-dos-macacos","status":"publish","type":"post","link":"https:\/\/aconteceunovale.com.br\/portal\/?p=189201","title":{"rendered":"S\u00e3o Paulo confirma segundo caso de var\u00edola dos macacos"},"content":{"rendered":"\n<p>A Secretaria de Sa\u00fade de S\u00e3o Paulo confirmou hoje (11) o segundo caso de var\u00edola dos macacos, no estado. A doen\u00e7a foi detectada em um homem, de 29 anos, que est\u00e1 isolado em sua resid\u00eancia em Vinhedo, no interior do estado.<\/p>\n\n\n\n<p>De acordo com a Secretaria de Sa\u00fade, o caso \u00e9 considerado importado, porque o homem tem hist\u00f3rico de viagem \u00e0 Portugal e Espanha. Ele teve os primeiros sintomas ainda na Europa. O resultado positivo foi confirmado por um laborat\u00f3rio espanhol ap\u00f3s o desembarque no Brasil, que ocorreu na \u00faltima quarta-feira (8).&nbsp;<\/p>\n\n\n\n<p>Em nota, o Minist\u00e9rio da Sa\u00fade informou que novas amostras do paciente foram coletadas e ser\u00e3o analisadas pelo Instituto Adolfo Lutz, em S\u00e3o Paulo.<\/p>\n\n\n\n<p>Na \u00faltima quinta-feira (9), o\u00a0governo paulista confirmou o primeiro caso no pa\u00eds: um morador da capital paulista que est\u00e1 internado no Instituto de Infectologia Em\u00edlio Ribas, com boa evolu\u00e7\u00e3o do quadro cl\u00ednico.<\/p>\n\n\n\n<h2 class=\"wp-block-heading\">Transmiss\u00e3o<\/h2>\n\n\n\n<p>A var\u00edola dos macacos, em ingl\u00eas,&nbsp;<em>monkeypox<\/em>, \u00e9 uma doen\u00e7a viral rara transmitida pelo contato pr\u00f3ximo com uma pessoa infectada e com les\u00f5es de pele. O contato pode ser por abra\u00e7o, beijo, massagens ou rela\u00e7\u00f5es sexuais. A doen\u00e7a tamb\u00e9m \u00e9 transmitida por secre\u00e7\u00f5es respirat\u00f3rias.&nbsp;<\/p>\n\n\n\n<p>A doen\u00e7a pode ser transmitida ainda pelo contato com objetos, tecidos (roupas, roupas de cama ou toalhas) e superf\u00edcies que foram utilizadas pelo doente. N\u00e3o h\u00e1 tratamento espec\u00edfico contra a doen\u00e7a, mas os quadros cl\u00ednicos costumam ser leves, sendo necess\u00e1rio o cuidado e observa\u00e7\u00e3o das les\u00f5es.<\/p>\n\n\n\n<p>De acordo com a Secretaria de Sa\u00fade, os primeiros sintomas podem ser febre, dor de cabe\u00e7a, dores musculares e nas costas, linfonodos inchados, calafrios ou cansa\u00e7o. De um a tr\u00eas dias ap\u00f3s o in\u00edcio dos sintomas, as pessoas desenvolvem les\u00f5es de pele, geralmente na boca, p\u00e9s, peito, rosto e ou regi\u00f5es genitais.<\/p>\n\n\n\n<p>Para a preven\u00e7\u00e3o, deve-se evitar o contato pr\u00f3ximo com a pessoa doente at\u00e9 que todas as feridas tenham cicatrizado, assim como com qualquer material que tenha sido utilizado pelo infectado. Tamb\u00e9m \u00e9 importante a higieniza\u00e7\u00e3o das m\u00e3os, lavando-as com \u00e1gua e sab\u00e3o ou utilizando \u00e1lcool gel.<\/p>\n\n\n\n<h2 class=\"wp-block-heading\">Medidas de controle<\/h2>\n\n\n\n<p>De acordo com o Minist\u00e9rio da Sa\u00fade, medidas de controle foram adotadas de forma imediata, como isolamento e rastreamento de contatos em voo internacional, com o apoio da Ag\u00eancia Nacional de Vigil\u00e2ncia Sanit\u00e1ria (Anvisa). &#8220;Foram identificados tr\u00eas pessoas que est\u00e3o sendo contatadas para orienta\u00e7\u00f5es e monitoramento&#8221;, diz a nota.<\/p>\n\n\n\n<p>O Minist\u00e9rio da Sa\u00fade ressalta ainda que a pasta estabeleceu, desde 23 de maio de 2022, uma\u00a0<a href=\"https:\/\/www.gov.br\/saude\/pt-br\/composicao\/svs\/resposta-a-emergencias\/sala-de-situacao-de-saude\/sala-de-situacao-de-monkeypox\" target=\"_blank\" rel=\"noreferrer noopener\">Sala de Situa\u00e7\u00e3o<\/a>\u00a0para monitorar o cen\u00e1rio do v\u00edrus, no Brasil. &#8220;A medida tem como objetivo divulgar de maneira r\u00e1pida e eficaz as orienta\u00e7\u00f5es para resposta ao evento de sa\u00fade p\u00fablica, bem como direcionar as a\u00e7\u00f5es de vigil\u00e2ncia quanto \u00e0 defini\u00e7\u00e3o de caso, processo de notifica\u00e7\u00e3o, fluxo laboratorial e investiga\u00e7\u00e3o epidemiol\u00f3gica no pa\u00eds&#8221;, destacou.<\/p>\n\n\n\n<p>&#8212;&#8212;&#8212;&#8212;&#8212;&#8212;<br><br><strong>Sabia que o Aconteceu no Vale est\u00e1 tamb\u00e9m no Telegram? <a rel=\"noreferrer noopener\" href=\"https:\/\/t.me\/aconteceunovaleoficial\" target=\"_blank\">Inscreva-se no canal<\/a>.<\/strong><br><br><strong>J\u00e1 curtiu ou seguiu nossas p\u00e1ginas nas redes sociais?\u00a0Receba as not\u00edcias em primeira m\u00e3o:<\/strong><br>\u2022 <a rel=\"noreferrer noopener\" href=\"https:\/\/news.google.com\/publications\/CAAqBwgKMNjklQswi4etAw?hl=pt-BR&amp;gl=BR&amp;ceid=BR%3Apt-419\" target=\"_blank\">Google News<\/a><br>\u2022 <a rel=\"noreferrer noopener\" href=\"https:\/\/www.facebook.com\/aconteceunovale\/\" target=\"_blank\">Facebook<\/a><br>\u2022 <a rel=\"noreferrer noopener\" href=\"https:\/\/twitter.com\/noticiadosvales\" target=\"_blank\">Twitter<\/a><br>\u2022 <a rel=\"noreferrer noopener\" href=\"https:\/\/www.instagram.com\/aconteceunovale\" target=\"_blank\">Instagram<\/a><br>\u2022 <a rel=\"noreferrer noopener\" href=\"https:\/\/www.youtube.com\/AconteceunoValeOficial\" target=\"_blank\">Youtube<\/a><br>\u2022 <a rel=\"noreferrer noopener\" href=\"https:\/\/www.tiktok.com\/@aconteceunovale\" target=\"_blank\">TikTok<\/a><\/p>\n","protected":false},"excerpt":{"rendered":"<p>A Secretaria de Sa\u00fade de S\u00e3o Paulo confirmou hoje (11) o segundo caso de var\u00edola dos macacos, no estado. A doen\u00e7a foi detectada em um homem, de 29 anos, que est\u00e1 isolado em sua resid\u00eancia em Vinhedo, no interior do estado. De acordo com a Secretaria de Sa\u00fade, o caso \u00e9 considerado importado, porque o [&hellip;]<\/p>\n","protected":false},"author":4,"featured_media":189202,"comment_status":"open","ping_status":"closed","sticky":false,"template":"","format":"standard","meta":{"amp_status":"","footnotes":""},"categories":[6,28848,40242],"tags":[261325,261349,261328,261350,261322,1018,261319,261326,261321,43376,261320,261327,261330,261404,261323,261351,261329,261289,261324],"class_list":["post-189201","post","type-post","status-publish","format-standard","has-post-thumbnail","hentry","category-br","category-mundo","category-saude-2","tag-andre-bon","tag-brasil-monitora-dois-casos-suspeitos-de-variola-dos-macacos","tag-casos-da-variola-dos-macacos","tag-casos-suspeitos-de-variola-dos-macacos-no-brasil","tag-dados-sobre-variola-dos-macacos","tag-destaque","tag-entenda-o-que-e-a-variola-dos-macacos","tag-historico-da-variola-dos-macacos","tag-informacoes-sobre-variola-dos-macacos","tag-instituto-butantan","tag-o-que-e-a-variola-dos-macacos","tag-ocorrencia-de-casos-da-variola-dos-macacos","tag-prevencao-da-variola-dos-macacos","tag-sao-paulo-confirma-segundo-caso-de-variola-dos-macacos","tag-sobre-variola-dos-macacos","tag-suspeita-de-variola-dos-macacos-no-brasil","tag-transmissao-da-variola-dos-macacos","tag-variola-dos-macacos","tag-virus-da-variola-dos-macacos"],"_links":{"self":[{"href":"https:\/\/aconteceunovale.com.br\/portal\/index.php?rest_route=\/wp\/v2\/posts\/189201","targetHints":{"allow":["GET"]}}],"collection":[{"href":"https:\/\/aconteceunovale.com.br\/portal\/index.php?rest_route=\/wp\/v2\/posts"}],"about":[{"href":"https:\/\/aconteceunovale.com.br\/portal\/index.php?rest_route=\/wp\/v2\/types\/post"}],"author":[{"embeddable":true,"href":"https:\/\/aconteceunovale.com.br\/portal\/index.php?rest_route=\/wp\/v2\/users\/4"}],"replies":[{"embeddable":true,"href":"https:\/\/aconteceunovale.com.br\/portal\/index.php?rest_route=%2Fwp%2Fv2%2Fcomments&post=189201"}],"version-history":[{"count":1,"href":"https:\/\/aconteceunovale.com.br\/portal\/index.php?rest_route=\/wp\/v2\/posts\/189201\/revisions"}],"predecessor-version":[{"id":189203,"href":"https:\/\/aconteceunovale.com.br\/portal\/index.php?rest_route=\/wp\/v2\/posts\/189201\/revisions\/189203"}],"wp:featuredmedia":[{"embeddable":true,"href":"https:\/\/aconteceunovale.com.br\/portal\/index.php?rest_route=\/wp\/v2\/media\/189202"}],"wp:attachment":[{"href":"https:\/\/aconteceunovale.com.br\/portal\/index.php?rest_route=%2Fwp%2Fv2%2Fmedia&parent=189201"}],"wp:term":[{"taxonomy":"category","embeddable":true,"href":"https:\/\/aconteceunovale.com.br\/portal\/index.php?rest_route=%2Fwp%2Fv2%2Fcategories&post=189201"},{"taxonomy":"post_tag","embeddable":true,"href":"https:\/\/aconteceunovale.com.br\/portal\/index.php?rest_route=%2Fwp%2Fv2%2Ftags&post=189201"}],"curies":[{"name":"wp","href":"https:\/\/api.w.org\/{rel}","templated":true}]}}