{"id":189199,"date":"2022-06-07T23:02:51","date_gmt":"2022-06-08T02:02:51","guid":{"rendered":"https:\/\/aconteceunovale.com.br\/portal\/?p=189199"},"modified":"2022-06-07T23:03:23","modified_gmt":"2022-06-08T02:03:23","slug":"identificada-a-266a-vitima-da-tragedia-em-brumadinho","status":"publish","type":"post","link":"https:\/\/aconteceunovale.com.br\/portal\/?p=189199","title":{"rendered":"Identificada a 266\u00aa v\u00edtima da trag\u00e9dia em Brumadinho"},"content":{"rendered":"\n<p>A Pol\u00edcia Civil de Minas Gerais (PCMG) identificou, hoje (7), mais um corpo resgatado na regi\u00e3o atingida pelo rompimento da barragem da Vale em Brumadinho (MG), ocorrido em 2019. Trata-se de Ol\u00edmpio Gomes Pinto, que tinha 56 anos de idade quando aconteceu a trag\u00e9dia. Ele era funcion\u00e1rio de uma empresa contratada pela mineradora e atuava na presta\u00e7\u00e3o de servi\u00e7os de auxiliar de sondagem.<\/p>\n\n\n\n<p>O corpo de Ol\u00edmpio havia sido encontrado no dia 14 de abril pelo Corpo de Bombeiros de Minas Gerais. Ele \u00e9 a 266\u00aa v\u00edtima identificada, o que foi poss\u00edvel por meio de uma an\u00e1lise gen\u00e9tica. Passados mais de tr\u00eas anos da trag\u00e9dia, as buscas continuam. Das 270 pessoas que perderam suas vidas, quatro ainda n\u00e3o foram localizadas.<\/p>\n\n\n\n<p>Al\u00e9m das mortes, a avalanche de rejeitos liberada no rompimento da barragem causou destrui\u00e7\u00e3o de comunidades, degrada\u00e7\u00e3o ambiental e polui\u00e7\u00e3o do Rio Paraopeba. Desde o epis\u00f3dio, as opera\u00e7\u00f5es de busca do Corpo de Bombeiros sofreram apenas duas paralisa\u00e7\u00f5es, ambas devido \u00e0s restri\u00e7\u00f5es impostas nos momentos de agravamento da pandemia da covid-19.<\/p>\n\n\n\n<p>Os esfor\u00e7os s\u00e3o acompanhados de perto pela Associa\u00e7\u00e3o dos Familiares de V\u00edtimas e Atingidos (Avabrum), criada pelos familiares dos mortos na trag\u00e9dia. A entidade contabiliza 272 mortes na trag\u00e9dia porque inclui na conta os beb\u00eas de duas v\u00edtimas que estavam gr\u00e1vidas.<\/p>\n\n\n\n<p>Ap\u00f3s o an\u00fancio da identifica\u00e7\u00e3o do corpo de Ol\u00edmpio, a Avabrum manifestou, pelas redes sociais, solidariedade aos seus familiares. &#8220;Cada enterro, uma lembran\u00e7a. Cada lembran\u00e7a, uma mem\u00f3ria. Cada mem\u00f3ria, uma dor! Seguimos firmes e lutando para que todas as joias sejam encontradas e para que todos os familiares tenham o alento do encontro. Ol\u00edmpio Gomes, presente! Juntos somos mais fortes. Nossa joias seguem vivas em n\u00f3s e em nossas a\u00e7\u00f5es&#8221;, registra a mensagem.<\/p>\n\n\n\n<h2 class=\"wp-block-heading\">Processo criminal<\/h2>\n\n\n\n<p>Ontem (6), o ministro do Superior Tribunal Federal (STF), Edson Fachin, aceitou um recurso do Minist\u00e9rio P\u00fablico de Minas Gerais (MPMG) e devolveu o processo criminal para a Justi\u00e7a de Minas Gerais.\u00a0Ele anulou um ac\u00f3rd\u00e3o publicado em outubro\u00a0do ano passado pela Sexta Turma do Superior Tribunal de Justi\u00e7a (STJ), determinando a federaliza\u00e7\u00e3o do caso.<\/p>\n\n\n\n<p>Se prevalecesse o entendimento do STJ, o processo criminal voltaria \u00e0 estaca zero e o MPMG ficaria sem poder atuar no caso, papel que caberia ao Minist\u00e9rio P\u00fablico Federal (MPF). Com a decis\u00e3o de Fachin, o julgamento do caso na Justi\u00e7a estadual ser\u00e1 retomado do ponto onde parou em outubro do ano passado e todos os atos decis\u00f3rios at\u00e9 ent\u00e3o praticados foram restabelecidos.<\/p>\n\n\n\n<p>O processo criminal foi instaurado com base em uma den\u00fancia do MPMG apresentada em fevereiro de 2020, pouco mais de um ano ap\u00f3s a trag\u00e9dia. Foram responsabilizados 11 funcion\u00e1rios da Vale e cinco da T\u00fcv S\u00fcd, consultoria alem\u00e3 que assinou o laudo de estabilidade da estrutura que se rompeu. Eles respondem por homic\u00eddio doloso e diferentes crimes ambientais. As duas empresas tamb\u00e9m s\u00e3o julgadas.<\/p>\n\n\n\n<p>Diante da complexidade do caso, a tramita\u00e7\u00e3o do processo seguia um ritmo lento. Apenas em setembro do ano passado havia sido finalmente aberto prazo para que os r\u00e9us apresentassem suas defesas. Como a den\u00fancia \u00e9 extensa, a ju\u00edza Renata Nascimento Borges deu a eles 90 dias. Ela tamb\u00e9m havia concordado que os esp\u00f3lios de 36 v\u00edtimas atuassem como assistentes da acusa\u00e7\u00e3o.<\/p>\n\n\n\n<p>A expectativa do MPMG \u00e9 de que a instru\u00e7\u00e3o do processo ocorra nos pr\u00f3ximos meses. &#8220;Os processos envolvendo crimes dolosos contra a vida s\u00e3o processos de duas fases. A primeira fase de instru\u00e7\u00e3o perante o juiz de direito. Ao final, o juiz se convencendo de que h\u00e1 ind\u00edcios suficientes de que aquelas pessoas acusadas s\u00e3o autoras do crime, o processo \u00e9 remetido para o tribunal popular, formado por sete jurados&#8221;, explica Alderico de Carvalho, procurador de Justi\u00e7a do MPMG.<\/p>\n\n\n\n<p>&#8212;&#8212;&#8212;&#8212;&#8212;&#8212;<br><br><strong>Sabia que o Aconteceu no Vale est\u00e1 tamb\u00e9m no Telegram? <a rel=\"noreferrer noopener\" href=\"https:\/\/t.me\/aconteceunovaleoficial\" target=\"_blank\">Inscreva-se no canal<\/a>.<\/strong><br><br><strong>J\u00e1 curtiu ou seguiu nossas p\u00e1ginas nas redes sociais?\u00a0Receba as not\u00edcias em primeira m\u00e3o:<\/strong><br>\u2022 <a rel=\"noreferrer noopener\" href=\"https:\/\/news.google.com\/publications\/CAAqBwgKMNjklQswi4etAw?hl=pt-BR&amp;gl=BR&amp;ceid=BR%3Apt-419\" target=\"_blank\">Google News<\/a><br>\u2022 <a rel=\"noreferrer noopener\" href=\"https:\/\/www.facebook.com\/aconteceunovale\/\" target=\"_blank\">Facebook<\/a><br>\u2022 <a rel=\"noreferrer noopener\" href=\"https:\/\/twitter.com\/noticiadosvales\" target=\"_blank\">Twitter<\/a><br>\u2022 <a rel=\"noreferrer noopener\" href=\"https:\/\/www.instagram.com\/aconteceunovale\" target=\"_blank\">Instagram<\/a><br>\u2022 <a rel=\"noreferrer noopener\" href=\"https:\/\/www.youtube.com\/AconteceunoValeOficial\" target=\"_blank\">Youtube<\/a><br>\u2022 <a rel=\"noreferrer noopener\" href=\"https:\/\/www.tiktok.com\/@aconteceunovale\" target=\"_blank\">TikTok<\/a><\/p>\n","protected":false},"excerpt":{"rendered":"<p>A Pol\u00edcia Civil de Minas Gerais (PCMG) identificou, hoje (7), mais um corpo resgatado na regi\u00e3o atingida pelo rompimento da barragem da Vale em Brumadinho (MG), ocorrido em 2019. Trata-se de Ol\u00edmpio Gomes Pinto, que tinha 56 anos de idade quando aconteceu a trag\u00e9dia. Ele era funcion\u00e1rio de uma empresa contratada pela mineradora e atuava [&hellip;]<\/p>\n","protected":false},"author":4,"featured_media":188919,"comment_status":"open","ping_status":"closed","sticky":false,"template":"","format":"standard","meta":{"amp_status":"","footnotes":""},"categories":[123],"tags":[3679,29660,1018,261403,261093,261092,604,261091,192688,198826,201543],"class_list":["post-189199","post","type-post","status-publish","format-standard","has-post-thumbnail","hentry","category-gerais","tag-brumadinho","tag-cbmmg","tag-destaque","tag-identificada-a-266a-vitima-da-tragedia-em-brumadinho","tag-luiz-felipe-alves","tag-ossada-encontrada-em-brumadinho","tag-pcmg","tag-policia-civil-identifica-ossada-encontrada-em-brumadinho","tag-rompimento-de-barragem-em-brumadinho","tag-tragedia-de-brumadinho","tag-vitimas-de-brumadinho"],"_links":{"self":[{"href":"https:\/\/aconteceunovale.com.br\/portal\/index.php?rest_route=\/wp\/v2\/posts\/189199","targetHints":{"allow":["GET"]}}],"collection":[{"href":"https:\/\/aconteceunovale.com.br\/portal\/index.php?rest_route=\/wp\/v2\/posts"}],"about":[{"href":"https:\/\/aconteceunovale.com.br\/portal\/index.php?rest_route=\/wp\/v2\/types\/post"}],"author":[{"embeddable":true,"href":"https:\/\/aconteceunovale.com.br\/portal\/index.php?rest_route=\/wp\/v2\/users\/4"}],"replies":[{"embeddable":true,"href":"https:\/\/aconteceunovale.com.br\/portal\/index.php?rest_route=%2Fwp%2Fv2%2Fcomments&post=189199"}],"version-history":[{"count":1,"href":"https:\/\/aconteceunovale.com.br\/portal\/index.php?rest_route=\/wp\/v2\/posts\/189199\/revisions"}],"predecessor-version":[{"id":189200,"href":"https:\/\/aconteceunovale.com.br\/portal\/index.php?rest_route=\/wp\/v2\/posts\/189199\/revisions\/189200"}],"wp:featuredmedia":[{"embeddable":true,"href":"https:\/\/aconteceunovale.com.br\/portal\/index.php?rest_route=\/wp\/v2\/media\/188919"}],"wp:attachment":[{"href":"https:\/\/aconteceunovale.com.br\/portal\/index.php?rest_route=%2Fwp%2Fv2%2Fmedia&parent=189199"}],"wp:term":[{"taxonomy":"category","embeddable":true,"href":"https:\/\/aconteceunovale.com.br\/portal\/index.php?rest_route=%2Fwp%2Fv2%2Fcategories&post=189199"},{"taxonomy":"post_tag","embeddable":true,"href":"https:\/\/aconteceunovale.com.br\/portal\/index.php?rest_route=%2Fwp%2Fv2%2Ftags&post=189199"}],"curies":[{"name":"wp","href":"https:\/\/api.w.org\/{rel}","templated":true}]}}